{"id":54592,"date":"2015-11-29T23:15:00","date_gmt":"2015-11-30T02:15:00","guid":{"rendered":"http:\/\/www.gentedebasquet.com.ar\/?p=54592"},"modified":"2015-11-29T23:15:00","modified_gmt":"2015-11-30T02:15:00","slug":"tablas-caldeadas","status":"publish","type":"post","link":"https:\/\/gentedebasquet.com.ar\/sitio\/2015\/11\/29\/tablas-caldeadas\/","title":{"rendered":"Tablas caldeadas"},"content":{"rendered":"<p><b>Tras dos horas y media de juego, Argentino se impuso en suplementario (88-88) a Pac\u00edfico por 107 a 100, igualando la serie de Semifinales del Torneo Oficial de Segunda (1-1).\u00a0 En el conjunto de Mario Errazu, hubo cuatro jugadores en doble d\u00edgito, sobresaliendo Bruno Aceituno (20 puntos, 4-7 en t3) Sebasti\u00e1n Susbielles (19, 14-15 en t1) y Juan Franco Di Meglio (tambi\u00e9n 19, con 3-5 en t3).\u00a0 En el verde no bast\u00f3 con las producciones de Ezequiel Meneses (24, 7-12 en t2) Fernando Bonino (21 y 15 rebotes) y Joaqu\u00edn Larrandart (tambi\u00e9n 21).<\/b><\/p>\n<p>La serie entre Argentino y Pac\u00edfico tom\u00f3 un tono m\u00e1s que interesante, porque luego de un picante y friccionado encuentro (78 faltas en total, entre ambos equipos), el albiceleste logr\u00f3 redimir el punto en el suplementario, luego de ceder una ventaja de 19 unidades en el 3C (45-64), y de incre\u00edblemente regalar el empate a Pac\u00edfico luego de fallar en un box out que permiti\u00f3 los libres de la igualdad.<\/p>\n<p>Pero vayamos por partes.\u00a0 La primera ventaja fue del verde en 7m del 1C (17-11), apostando a correr r\u00e1pido las transiciones a partir de paradas defensivas, \u00a0mediante un activo comienzo ofensivo de Joaqu\u00edn Larrandart (7) obligando a sacar del poste bajo a la defensa de Mallemaci y ganando en el 1v1.\u00a0 Pero jugando mejor estacionado, y gracias al juego de media distancia de Bruni (4), Argentino se arrim\u00f3 al cierre del per\u00edodo (18-16).<\/p>\n<p>Los de Errazu se amigaron con el tiro a larga distancia en el 2C (2-5), gracias a triples de Di Meglio y Lucchetti, y por primera en la noche conocieron el doble d\u00edgito de ventaja (23-33 en casi 7m).\u00a0 Sin embargo, Pac\u00edfico, atacando el aro mediante Meneses y nuevamente Larrandart (4 cada uno) volvi\u00f3 a acercarse en el electr\u00f3nico al descanso largo (37-42).<\/p>\n<p>En la reanudaci\u00f3n, Argentino continu\u00f3 apostando por circular la bola en el per\u00edmetro, y nuevamente, gracias a una andanada de triples (dos de Di Meglio, en su mejor momento de la noche, y uno de Aceituno), le sac\u00f3 a Pac\u00edfico la ventaja m\u00e1xima de todo el partido (45-64).\u00a0 No obstante, el verde respondi\u00f3 tambi\u00e9n desde los 6,75, y gracias a un gran cierre de segmento de Meneses (un triple y una jugada de doble y falta), el verde una vez m\u00e1s achic\u00f3 distancias (61-67) mediante un parcial de 18-5 en los \u00faltimos 4m13 del 3C.<\/p>\n<p>Le llev\u00f3 4m30 del ep\u00edlogo a Pac\u00edfico empatar el encuentro.\u00a0 Y ello fue gracias a un fenomenal ingreso de Facundo Wattson (11 en el segmento) que tuvo dos triples al hilo y una jugada de doble y falta.\u00a0 A partir de all\u00ed, Pac\u00edfico continu\u00f3 atacando el aro mediante Meneses (10 en el per\u00edodo) mientras que Argentino sac\u00f3 r\u00e9dito a partir de los viajes de Susbielles \u00a0a la l\u00ednea de caridad (10-11).\u00a0 As\u00ed fue que el albiceleste lleg\u00f3 con ventaja de 4 (84-88) a falta de 17 segundos, luego de una p\u00e9rdida de Meneses.\u00a0 Pero fue el propio Ezequiel el que atac\u00f3 el canasto, convirti\u00f3 y recibi\u00f3 falta.\u00a0 El base de Pac\u00edfico malogr\u00f3 su libre adicional, pero incre\u00edblemente Argentino fall\u00f3 en el box out y concedi\u00f3 el rebote ofensivo al verde.\u00a0Luego de triple fallado por Bonino, Meneses recogi\u00f3 otro tablero, volvi\u00f3 a recibir falta e igual\u00f3 el encuentro desde la l\u00ednea. Overtime.<\/p>\n<p>Meneses continu\u00f3 siendo el foco ofensivo de Pac\u00edfico en la pr\u00f3rroga.\u00a0 Pero fue una bomba de Aceituno, en 2m (93-94), la que comenz\u00f3 a destrabarle el cotejo a los de Errazu.\u00a0 Porque Pac\u00edfico, ya sin 3 jugadores claves en cancha (Gonz\u00e1lez, Larrandart y Wattson) comenz\u00f3 a quedarse sin ideas en ataque, a la par que Lucchetti comenz\u00f3 le dio r\u00e9dito al goleo visitante desde la l\u00ednea (7-8), d\u00e1ndole ventaja de 6 a Argentino a falta de 28s, sellando el resultado.<\/p>\n<p>&nbsp;<\/p>\n<p>[youtube]https:\/\/youtu.be\/R9IqLxggkOo[\/youtube]<\/p>\n<p>&nbsp;<\/p>\n<p><b>S\u00edntesis| <\/b>Segunda Divisi\u00f3n \u2013 Oficial \u2013 Semifinales \u2013 Juego #2<\/p>\n<p><b>Pac\u00edfico 100: <\/b>Ezequiel Meneses 24, Manuel Sacrist\u00e1n 9, Fernando Bonino 21, Mauricio Gonz\u00e1lez 8 (x), Joaqu\u00edn Larrandart 21 (x) (FI); Mauro Richotti 2, Manuel Maina 0, Jes\u00fas Ruiz 0, Facundo Wattson 11 (x), Carlos Ruiz 4 (x).\u00a0 D.T: Pablo Kooistra.<\/p>\n<p><b>Argentino 107: <\/b>Sebasti\u00e1n Susbielles 19 (x), Nicol\u00e1s Antonelli 1, Bruno Aceituno 20, Guillermo Mallemaci 7, Luciano Mussini 8 (x) (FI); Tom\u00e1s Bruni 6 (x), C\u00e9sar Massa 9, Juan Franco Di Meglio 19 (x), I\u00f1aki Errazu 2, Lucas Lucchetti 16.\u00a0 D.T: Mario Errazu.<\/p>\n<p><b>Parciales: <\/b>18-16, 37-42 (19-26), 61-69 (24-27), 88-88 (27-19).<\/p>\n<p><b>Suplementario: <\/b>100-107 (12-19).<\/p>\n<p><b>\u00c1rbitros: <\/b>Horacio Sed\u00e1n \u2013 Mauro Reyes.<\/p>\n<p><b>Estadio: <\/b>William Harding Green (Pac\u00edfico).<\/p>\n<p><a class=\"modalf iframe\" title=\"Planilla\" href=\"https:\/\/docs.google.com\/spreadsheets\/d\/1Qt1-7KWWq-P1OcS_kNMJsPrPkCROB9vBqLwYL1FI3_c\/pubhtml\" target=\"_blank\" rel=\"noopener\">Ver Planilla<\/a><\/p>\n<p><b>Serie:\u00a0<\/b>1-1.<\/p>\n<p><b>Fotos:\u00a0<\/b>Mauro Gustavo Giovannini.<\/p>\n<p>&nbsp;<\/p>\n<h6 style=\"text-align: center;\">Alta temperatura<\/h6>\n<p>El segundo punto entre Pac\u00edfico y Argentino dej\u00f3 bastante tela para cortar, y no s\u00f3lo en lo estrictamente deportivo. \u00a0Una situaci\u00f3n peculiar se dio en el cierre del tiempo reglamentario. Luego de los libres de Meneses que igualaron el encuentro (88-88), a falta de dos segundos, la mesa de control le concedi\u00f3 tiempo muerto a Mario Errazu, cuando Argentino ya no contaba con esa posibilidad. Eso le permiti\u00f3 al albiceleste armar su \u00faltima ofensiva, que result\u00f3 infructuosa. Al parecer, previamente se otorg\u00f3 un minuto (al visitante) sin que ning\u00fan equipo lo haya pedido.<\/p>\n<p>El segundo acontecimiento se dio ni bien finaliz\u00f3 el cotejo, cuando tanto Nicol\u00e1s Antonelli como Pablo Kooistra, se acercaron a Horacio Sed\u00e1n reclamando -al parecer- la cantidad de faltas cometidas (Antonelli por sus individuales, Kooistra por perder a cuatro jugadores por acumulaci\u00f3n de infracciones) que el colegiado dict\u00f3.\u00a0Seg\u00fan dijo en el momento el juez principal, ambos ser\u00edan informados.<\/p>\n","protected":false},"excerpt":{"rendered":"<p>En un partido caliente, Argentino igual\u00f3 la serie ante Pac\u00edfico en TS: 107 a 100<\/p>\n","protected":false},"author":1,"featured_media":54593,"comment_status":"closed","ping_status":"open","sticky":false,"template":"","format":"standard","meta":{"jnews-multi-image_gallery":[],"jnews_single_post":[],"jnews_primary_category":[],"footnotes":""},"categories":[25,101],"tags":[4,611,607,660,577,211,693,361,17,588],"class_list":["post-54592","post","type-post","status-publish","format-standard","has-post-thumbnail","hentry","category-segunda","category-slide","tag-argentino","tag-bruno-aceituno","tag-ezequiel-meneses","tag-facundo-wattson","tag-fernando-bonino","tag-joaquin-larrandart","tag-juan-franco-di-meglio","tag-lucas-lucchetti","tag-pacifico","tag-sebastian-susbielles"],"yoast_head":"<!-- This site is optimized with the Yoast SEO plugin v27.4 - https:\/\/yoast.com\/product\/yoast-seo-wordpress\/ -->\n<title>Tablas caldeadas - Gente de B\u00e1squet<\/title>\n<meta name=\"robots\" content=\"index, follow, max-snippet:-1, max-image-preview:large, max-video-preview:-1\" \/>\n<link rel=\"canonical\" href=\"https:\/\/gentedebasquet.com.ar\/sitio\/2015\/11\/29\/tablas-caldeadas\/\" \/>\n<meta property=\"og:locale\" content=\"es_ES\" \/>\n<meta property=\"og:type\" content=\"article\" \/>\n<meta property=\"og:title\" content=\"Tablas caldeadas - Gente de B\u00e1squet\" \/>\n<meta property=\"og:description\" content=\"En un partido caliente, Argentino igual\u00f3 la serie ante Pac\u00edfico en TS: 107 a 100\" \/>\n<meta property=\"og:url\" content=\"https:\/\/gentedebasquet.com.ar\/sitio\/2015\/11\/29\/tablas-caldeadas\/\" \/>\n<meta property=\"og:site_name\" content=\"Gente de B\u00e1squet\" \/>\n<meta property=\"article:published_time\" content=\"2015-11-30T02:15:00+00:00\" \/>\n<meta property=\"og:image\" content=\"https:\/\/gentedebasquet.com.ar\/sitio\/wp-content\/uploads\/2015\/11\/Pacifico-Argentino-Aceituno.jpg\" \/>\n\t<meta property=\"og:image:width\" content=\"690\" \/>\n\t<meta property=\"og:image:height\" content=\"319\" \/>\n\t<meta property=\"og:image:type\" content=\"image\/jpeg\" \/>\n<meta name=\"author\" content=\"Gente de B\u00e1squet\" \/>\n<meta name=\"twitter:card\" content=\"summary_large_image\" \/>\n<meta name=\"twitter:label1\" content=\"Escrito por\" \/>\n\t<meta name=\"twitter:data1\" content=\"Gente de B\u00e1squet\" \/>\n\t<meta name=\"twitter:label2\" content=\"Tiempo de lectura\" \/>\n\t<meta name=\"twitter:data2\" content=\"5 minutos\" \/>\n<script type=\"application\/ld+json\" class=\"yoast-schema-graph\">{\"@context\":\"https:\\\/\\\/schema.org\",\"@graph\":[{\"@type\":\"Article\",\"@id\":\"https:\\\/\\\/gentedebasquet.com.ar\\\/sitio\\\/2015\\\/11\\\/29\\\/tablas-caldeadas\\\/#article\",\"isPartOf\":{\"@id\":\"https:\\\/\\\/gentedebasquet.com.ar\\\/sitio\\\/2015\\\/11\\\/29\\\/tablas-caldeadas\\\/\"},\"author\":{\"name\":\"Gente de B\u00e1squet\",\"@id\":\"https:\\\/\\\/gentedebasquet.com.ar\\\/sitio\\\/#\\\/schema\\\/person\\\/ca0b63bbb977369988a7bbbdc519943a\"},\"headline\":\"Tablas caldeadas\",\"datePublished\":\"2015-11-30T02:15:00+00:00\",\"mainEntityOfPage\":{\"@id\":\"https:\\\/\\\/gentedebasquet.com.ar\\\/sitio\\\/2015\\\/11\\\/29\\\/tablas-caldeadas\\\/\"},\"wordCount\":930,\"image\":{\"@id\":\"https:\\\/\\\/gentedebasquet.com.ar\\\/sitio\\\/2015\\\/11\\\/29\\\/tablas-caldeadas\\\/#primaryimage\"},\"thumbnailUrl\":\"https:\\\/\\\/gentedebasquet.com.ar\\\/sitio\\\/wp-content\\\/uploads\\\/2015\\\/11\\\/Pacifico-Argentino-Aceituno.jpg\",\"keywords\":[\"Argentino\",\"Bruno Aceituno\",\"Ezequiel Meneses\",\"Facundo Wattson\",\"Fernando Bonino\",\"Joaqu\u00edn Larrandart\",\"Juan Franco Di Meglio\",\"Lucas Lucchetti\",\"Pacifico\",\"Sebasti\u00e1n Susbielles\"],\"articleSection\":[\"Segunda\",\"Slide\"],\"inLanguage\":\"es\"},{\"@type\":\"WebPage\",\"@id\":\"https:\\\/\\\/gentedebasquet.com.ar\\\/sitio\\\/2015\\\/11\\\/29\\\/tablas-caldeadas\\\/\",\"url\":\"https:\\\/\\\/gentedebasquet.com.ar\\\/sitio\\\/2015\\\/11\\\/29\\\/tablas-caldeadas\\\/\",\"name\":\"Tablas caldeadas - Gente de B\u00e1squet\",\"isPartOf\":{\"@id\":\"https:\\\/\\\/gentedebasquet.com.ar\\\/sitio\\\/#website\"},\"primaryImageOfPage\":{\"@id\":\"https:\\\/\\\/gentedebasquet.com.ar\\\/sitio\\\/2015\\\/11\\\/29\\\/tablas-caldeadas\\\/#primaryimage\"},\"image\":{\"@id\":\"https:\\\/\\\/gentedebasquet.com.ar\\\/sitio\\\/2015\\\/11\\\/29\\\/tablas-caldeadas\\\/#primaryimage\"},\"thumbnailUrl\":\"https:\\\/\\\/gentedebasquet.com.ar\\\/sitio\\\/wp-content\\\/uploads\\\/2015\\\/11\\\/Pacifico-Argentino-Aceituno.jpg\",\"datePublished\":\"2015-11-30T02:15:00+00:00\",\"author\":{\"@id\":\"https:\\\/\\\/gentedebasquet.com.ar\\\/sitio\\\/#\\\/schema\\\/person\\\/ca0b63bbb977369988a7bbbdc519943a\"},\"breadcrumb\":{\"@id\":\"https:\\\/\\\/gentedebasquet.com.ar\\\/sitio\\\/2015\\\/11\\\/29\\\/tablas-caldeadas\\\/#breadcrumb\"},\"inLanguage\":\"es\",\"potentialAction\":[{\"@type\":\"ReadAction\",\"target\":[\"https:\\\/\\\/gentedebasquet.com.ar\\\/sitio\\\/2015\\\/11\\\/29\\\/tablas-caldeadas\\\/\"]}]},{\"@type\":\"ImageObject\",\"inLanguage\":\"es\",\"@id\":\"https:\\\/\\\/gentedebasquet.com.ar\\\/sitio\\\/2015\\\/11\\\/29\\\/tablas-caldeadas\\\/#primaryimage\",\"url\":\"https:\\\/\\\/gentedebasquet.com.ar\\\/sitio\\\/wp-content\\\/uploads\\\/2015\\\/11\\\/Pacifico-Argentino-Aceituno.jpg\",\"contentUrl\":\"https:\\\/\\\/gentedebasquet.com.ar\\\/sitio\\\/wp-content\\\/uploads\\\/2015\\\/11\\\/Pacifico-Argentino-Aceituno.jpg\",\"width\":690,\"height\":319},{\"@type\":\"BreadcrumbList\",\"@id\":\"https:\\\/\\\/gentedebasquet.com.ar\\\/sitio\\\/2015\\\/11\\\/29\\\/tablas-caldeadas\\\/#breadcrumb\",\"itemListElement\":[{\"@type\":\"ListItem\",\"position\":1,\"name\":\"Portada\",\"item\":\"https:\\\/\\\/gentedebasquet.com.ar\\\/sitio\\\/\"},{\"@type\":\"ListItem\",\"position\":2,\"name\":\"Tablas caldeadas\"}]},{\"@type\":\"WebSite\",\"@id\":\"https:\\\/\\\/gentedebasquet.com.ar\\\/sitio\\\/#website\",\"url\":\"https:\\\/\\\/gentedebasquet.com.ar\\\/sitio\\\/\",\"name\":\"Gente de B\u00e1squet\",\"description\":\"La revista del basquet de Bah\u00eda Blanca\",\"potentialAction\":[{\"@type\":\"SearchAction\",\"target\":{\"@type\":\"EntryPoint\",\"urlTemplate\":\"https:\\\/\\\/gentedebasquet.com.ar\\\/sitio\\\/?s={search_term_string}\"},\"query-input\":{\"@type\":\"PropertyValueSpecification\",\"valueRequired\":true,\"valueName\":\"search_term_string\"}}],\"inLanguage\":\"es\"},{\"@type\":\"Person\",\"@id\":\"https:\\\/\\\/gentedebasquet.com.ar\\\/sitio\\\/#\\\/schema\\\/person\\\/ca0b63bbb977369988a7bbbdc519943a\",\"name\":\"Gente de B\u00e1squet\",\"image\":{\"@type\":\"ImageObject\",\"inLanguage\":\"es\",\"@id\":\"https:\\\/\\\/secure.gravatar.com\\\/avatar\\\/7f2c48bdc33b30088f941fb6082e555f2874c98e20cb159d7b92b50eadfce793?s=96&d=mm&r=g\",\"url\":\"https:\\\/\\\/secure.gravatar.com\\\/avatar\\\/7f2c48bdc33b30088f941fb6082e555f2874c98e20cb159d7b92b50eadfce793?s=96&d=mm&r=g\",\"contentUrl\":\"https:\\\/\\\/secure.gravatar.com\\\/avatar\\\/7f2c48bdc33b30088f941fb6082e555f2874c98e20cb159d7b92b50eadfce793?s=96&d=mm&r=g\",\"caption\":\"Gente de B\u00e1squet\"},\"sameAs\":[\"http:\\\/\\\/gentedebasquet.com.ar\\\/sitio\"],\"url\":\"https:\\\/\\\/gentedebasquet.com.ar\\\/sitio\\\/author\\\/ulises\\\/\"}]}<\/script>\n<!-- \/ Yoast SEO plugin. -->","yoast_head_json":{"title":"Tablas caldeadas - Gente de B\u00e1squet","robots":{"index":"index","follow":"follow","max-snippet":"max-snippet:-1","max-image-preview":"max-image-preview:large","max-video-preview":"max-video-preview:-1"},"canonical":"https:\/\/gentedebasquet.com.ar\/sitio\/2015\/11\/29\/tablas-caldeadas\/","og_locale":"es_ES","og_type":"article","og_title":"Tablas caldeadas - Gente de B\u00e1squet","og_description":"En un partido caliente, Argentino igual\u00f3 la serie ante Pac\u00edfico en TS: 107 a 100","og_url":"https:\/\/gentedebasquet.com.ar\/sitio\/2015\/11\/29\/tablas-caldeadas\/","og_site_name":"Gente de B\u00e1squet","article_published_time":"2015-11-30T02:15:00+00:00","og_image":[{"width":690,"height":319,"url":"https:\/\/gentedebasquet.com.ar\/sitio\/wp-content\/uploads\/2015\/11\/Pacifico-Argentino-Aceituno.jpg","type":"image\/jpeg"}],"author":"Gente de B\u00e1squet","twitter_card":"summary_large_image","twitter_misc":{"Escrito por":"Gente de B\u00e1squet","Tiempo de lectura":"5 minutos"},"schema":{"@context":"https:\/\/schema.org","@graph":[{"@type":"Article","@id":"https:\/\/gentedebasquet.com.ar\/sitio\/2015\/11\/29\/tablas-caldeadas\/#article","isPartOf":{"@id":"https:\/\/gentedebasquet.com.ar\/sitio\/2015\/11\/29\/tablas-caldeadas\/"},"author":{"name":"Gente de B\u00e1squet","@id":"https:\/\/gentedebasquet.com.ar\/sitio\/#\/schema\/person\/ca0b63bbb977369988a7bbbdc519943a"},"headline":"Tablas caldeadas","datePublished":"2015-11-30T02:15:00+00:00","mainEntityOfPage":{"@id":"https:\/\/gentedebasquet.com.ar\/sitio\/2015\/11\/29\/tablas-caldeadas\/"},"wordCount":930,"image":{"@id":"https:\/\/gentedebasquet.com.ar\/sitio\/2015\/11\/29\/tablas-caldeadas\/#primaryimage"},"thumbnailUrl":"https:\/\/gentedebasquet.com.ar\/sitio\/wp-content\/uploads\/2015\/11\/Pacifico-Argentino-Aceituno.jpg","keywords":["Argentino","Bruno Aceituno","Ezequiel Meneses","Facundo Wattson","Fernando Bonino","Joaqu\u00edn Larrandart","Juan Franco Di Meglio","Lucas Lucchetti","Pacifico","Sebasti\u00e1n Susbielles"],"articleSection":["Segunda","Slide"],"inLanguage":"es"},{"@type":"WebPage","@id":"https:\/\/gentedebasquet.com.ar\/sitio\/2015\/11\/29\/tablas-caldeadas\/","url":"https:\/\/gentedebasquet.com.ar\/sitio\/2015\/11\/29\/tablas-caldeadas\/","name":"Tablas caldeadas - Gente de B\u00e1squet","isPartOf":{"@id":"https:\/\/gentedebasquet.com.ar\/sitio\/#website"},"primaryImageOfPage":{"@id":"https:\/\/gentedebasquet.com.ar\/sitio\/2015\/11\/29\/tablas-caldeadas\/#primaryimage"},"image":{"@id":"https:\/\/gentedebasquet.com.ar\/sitio\/2015\/11\/29\/tablas-caldeadas\/#primaryimage"},"thumbnailUrl":"https:\/\/gentedebasquet.com.ar\/sitio\/wp-content\/uploads\/2015\/11\/Pacifico-Argentino-Aceituno.jpg","datePublished":"2015-11-30T02:15:00+00:00","author":{"@id":"https:\/\/gentedebasquet.com.ar\/sitio\/#\/schema\/person\/ca0b63bbb977369988a7bbbdc519943a"},"breadcrumb":{"@id":"https:\/\/gentedebasquet.com.ar\/sitio\/2015\/11\/29\/tablas-caldeadas\/#breadcrumb"},"inLanguage":"es","potentialAction":[{"@type":"ReadAction","target":["https:\/\/gentedebasquet.com.ar\/sitio\/2015\/11\/29\/tablas-caldeadas\/"]}]},{"@type":"ImageObject","inLanguage":"es","@id":"https:\/\/gentedebasquet.com.ar\/sitio\/2015\/11\/29\/tablas-caldeadas\/#primaryimage","url":"https:\/\/gentedebasquet.com.ar\/sitio\/wp-content\/uploads\/2015\/11\/Pacifico-Argentino-Aceituno.jpg","contentUrl":"https:\/\/gentedebasquet.com.ar\/sitio\/wp-content\/uploads\/2015\/11\/Pacifico-Argentino-Aceituno.jpg","width":690,"height":319},{"@type":"BreadcrumbList","@id":"https:\/\/gentedebasquet.com.ar\/sitio\/2015\/11\/29\/tablas-caldeadas\/#breadcrumb","itemListElement":[{"@type":"ListItem","position":1,"name":"Portada","item":"https:\/\/gentedebasquet.com.ar\/sitio\/"},{"@type":"ListItem","position":2,"name":"Tablas caldeadas"}]},{"@type":"WebSite","@id":"https:\/\/gentedebasquet.com.ar\/sitio\/#website","url":"https:\/\/gentedebasquet.com.ar\/sitio\/","name":"Gente de B\u00e1squet","description":"La revista del basquet de Bah\u00eda Blanca","potentialAction":[{"@type":"SearchAction","target":{"@type":"EntryPoint","urlTemplate":"https:\/\/gentedebasquet.com.ar\/sitio\/?s={search_term_string}"},"query-input":{"@type":"PropertyValueSpecification","valueRequired":true,"valueName":"search_term_string"}}],"inLanguage":"es"},{"@type":"Person","@id":"https:\/\/gentedebasquet.com.ar\/sitio\/#\/schema\/person\/ca0b63bbb977369988a7bbbdc519943a","name":"Gente de B\u00e1squet","image":{"@type":"ImageObject","inLanguage":"es","@id":"https:\/\/secure.gravatar.com\/avatar\/7f2c48bdc33b30088f941fb6082e555f2874c98e20cb159d7b92b50eadfce793?s=96&d=mm&r=g","url":"https:\/\/secure.gravatar.com\/avatar\/7f2c48bdc33b30088f941fb6082e555f2874c98e20cb159d7b92b50eadfce793?s=96&d=mm&r=g","contentUrl":"https:\/\/secure.gravatar.com\/avatar\/7f2c48bdc33b30088f941fb6082e555f2874c98e20cb159d7b92b50eadfce793?s=96&d=mm&r=g","caption":"Gente de B\u00e1squet"},"sameAs":["http:\/\/gentedebasquet.com.ar\/sitio"],"url":"https:\/\/gentedebasquet.com.ar\/sitio\/author\/ulises\/"}]}},"_links":{"self":[{"href":"https:\/\/gentedebasquet.com.ar\/sitio\/wp-json\/wp\/v2\/posts\/54592","targetHints":{"allow":["GET"]}}],"collection":[{"href":"https:\/\/gentedebasquet.com.ar\/sitio\/wp-json\/wp\/v2\/posts"}],"about":[{"href":"https:\/\/gentedebasquet.com.ar\/sitio\/wp-json\/wp\/v2\/types\/post"}],"author":[{"embeddable":true,"href":"https:\/\/gentedebasquet.com.ar\/sitio\/wp-json\/wp\/v2\/users\/1"}],"replies":[{"embeddable":true,"href":"https:\/\/gentedebasquet.com.ar\/sitio\/wp-json\/wp\/v2\/comments?post=54592"}],"version-history":[{"count":0,"href":"https:\/\/gentedebasquet.com.ar\/sitio\/wp-json\/wp\/v2\/posts\/54592\/revisions"}],"wp:featuredmedia":[{"embeddable":true,"href":"https:\/\/gentedebasquet.com.ar\/sitio\/wp-json\/wp\/v2\/media\/54593"}],"wp:attachment":[{"href":"https:\/\/gentedebasquet.com.ar\/sitio\/wp-json\/wp\/v2\/media?parent=54592"}],"wp:term":[{"taxonomy":"category","embeddable":true,"href":"https:\/\/gentedebasquet.com.ar\/sitio\/wp-json\/wp\/v2\/categories?post=54592"},{"taxonomy":"post_tag","embeddable":true,"href":"https:\/\/gentedebasquet.com.ar\/sitio\/wp-json\/wp\/v2\/tags?post=54592"}],"curies":[{"name":"wp","href":"https:\/\/api.w.org\/{rel}","templated":true}]}}