{"id":54606,"date":"2015-11-29T16:23:14","date_gmt":"2015-11-29T19:23:14","guid":{"rendered":"http:\/\/www.gentedebasquet.com.ar\/?p=54606"},"modified":"2015-11-29T16:23:14","modified_gmt":"2015-11-29T19:23:14","slug":"pacifico-a-la-final","status":"publish","type":"post","link":"https:\/\/gentedebasquet.com.ar\/sitio\/2015\/11\/29\/pacifico-a-la-final\/","title":{"rendered":"Pac\u00edfico a la final"},"content":{"rendered":"<p><strong>Concluidas las semifinales de la Liga U15 masculina, quedaron definidos los clasificados al Hexagonal Final. Ellos son Boca Juniors, Tokio Posadas, El Coat\u00ed de Eldorado, Uni\u00f3n El\u00e9ctrica de C\u00f3rdoba, Temperley de Rosario y Pac\u00edfico, que en la \u00faltima fecha de las semifinales derrot\u00f3 a Villa Congreso (Viedma) por 61 a 51. El verde ir\u00e1 por el t\u00edtulo, del 10 al 13 de diciembre, en sede que se determinar\u00e1 mediante licitaci\u00f3n.<\/strong><\/p>\n<p>Este domingo lleg\u00f3 a su fin la instancia de semifinales del Argentino de Clubes U15 masculino, que se disput\u00f3 desde el viernes 27 a lo largo de tres sedes en distintos puntos del pa\u00eds. Boca Juniors y Pac\u00edfico, por la Zona 1, Tokio de Posadas y El Coat\u00ed de Eldorado, por la Zona 2, y Uni\u00f3n El\u00e9ctrica y Temperley de Rosario, por la Zona 3, fueron los equipos que lograron la clasificaci\u00f3n al gran Hexagonal Final que definir\u00e1 al campe\u00f3n de esta temporada.<\/p>\n<p>Dicha instancia definitoria se jugar\u00e1 entre el 10 y el 13 de diciembre. Los equipos interesados en licitar para organizar el Hexagonal Final tienen tiempo para presentar su oferta de licitaci\u00f3n ante CABB hasta el pr\u00f3ximo mi\u00e9rcoles 2 de diciembre a las 15 horas.<\/p>\n<p>En la Zona 1 que se disput\u00f3 en Neuqu\u00e9n, Boca Juniors reafirm\u00f3 su superioridad en este cuadrangular y bati\u00f3 a segundo turno por 82-66 al anfitri\u00f3n, Independiente, que estaba obligado a ganar para tener chances de pasar de ronda. Cuatro jugadores anotaron en doble d\u00edgito en el vencedor liderados por Agust\u00edn Acevedo, con paso por la Preselecci\u00f3n Nacional U15 este a\u00f1o, quien sum\u00f3 15 puntos y 7 rebotes. Previamente, P<strong>ac\u00edfico logr\u00f3 una victoria clave ante Villa Congreso de Viedma.<\/strong> Fue 61-51 con 18 puntos y 17 rebotes del escolta de la Preselecci\u00f3n Nacional U15, Juan Cruz Marini. Con estos resultados, Boca se consagr\u00f3 campe\u00f3n invicto de esta sede y avanz\u00f3 al Hexagonal Final junto a Pac\u00edfico, que concluy\u00f3 en segundo lugar.<\/p>\n<p>Por otro lado, en Posadas, los equipos misioneros vivieron una gran jornada y se impusieron sobre sus rivales santiague\u00f1os. A primer turno, El Coat\u00ed de Eldorado super\u00f3 73-51 a Quimsa con un enorme juego del base, tambi\u00e9n preseleccionado U15, Juan Ignacio Marcos, quien termin\u00f3 con 33 puntos, 6 rebotes y 2 asistencias. Luego, el local Tokio Posadas, ya clasificado de antemano a la instancia final, cerr\u00f3 las semifinales de manera impecable al derrotar 75-64 a Ol\u00edmpico de La Banda. Gast\u00f3n Liva sum\u00f3 24 puntos, 8 rebotes y 3 recuperos para sobresalir como la figura del ganador. Con estos resultados, los dos equipos de Misiones, Tokio y El Coat\u00ed, clasificaron al Hexagonal Final que definir\u00e1 al campe\u00f3n del Argentino de Clubes U15.<\/p>\n<p>Por \u00faltimo, en Entre R\u00edos, Uni\u00f3n El\u00e9ctrica de C\u00f3rdoba se qued\u00f3 con una victoria trascendental sobre Temperley de Rosario, que vali\u00f3 la clasificaci\u00f3n para los cordobeses. Fue 78-76 con 30 puntos de la dupla Chicco-Maidana. Finalmente, Atl\u00e9tico Parque de Villaguay no pudo con Murialdo de Mendoza y cay\u00f3 en el cierre de las semifinales por 86-80. El organizador de la Zona 3 necesitaba ganar para poder pasar a las finales. El anotador Jerem\u00edas Bustos fue la gran figura de los mendocinos con 41 puntos y 10 rebotes. De esta manera, Uni\u00f3n El\u00e9ctrica se qued\u00f3 con la primera posici\u00f3n de este cuadrangular, mientras que Temperley qued\u00f3 segundo. Ambos equipos avanzaron al Hexagonal Final.<\/p>\n<p>&nbsp;<\/p>\n<h6><b>POSICIONES<\/b><\/h6>\n<p><strong>ZONA 1<\/strong><br \/>\n1\u00b0 Boca Juniors 6 puntos (3-0)*<br \/>\n2\u00b0 <strong>Pac\u00edfico<\/strong> de Bah\u00eda Blanca 5 puntos (2-1)*<br \/>\n3\u00b0 Independiente de Neuqu\u00e9n 4 puntos (1-2)<br \/>\n4\u00b0 Villa Congreso de Viedma 3 puntos (0-3)<br \/>\n*Clasificado al Hexagonal Final<\/p>\n<p><strong>ZONA 2<\/strong><br \/>\n1\u00b0 Tokio Posadas 6 puntos (3-0)*<br \/>\n2\u00b0 El Coat\u00ed de Eldorado 5 puntos (2-1)*<br \/>\n3\u00b0 Quimsa 4 puntos (1-2)<br \/>\n4\u00b0 Ol\u00edmpico de La Banda 3 puntos (0-3)<br \/>\n*Clasificado al Hexagonal Final<\/p>\n<p><strong>ZONA 3<\/strong><br \/>\n1\u00b0 Uni\u00f3n El\u00e9ctrica 5 puntos (2-1)*<br \/>\n2\u00b0 Temperley de Rosario 5 puntos (2-1)*<br \/>\n3\u00b0 Murialdo de Mendoza 4 puntos (1-2)<br \/>\n4\u00b0 Parque de Villaguay 4 puntos (1-2)<br \/>\n*Clasificado al Hexagonal Final<\/p>\n<p><strong>Fuente:<\/strong> Diego Garc\u00eda (Prensa CABB).<\/p>\n","protected":false},"excerpt":{"rendered":"<p>El verde representar\u00e1 a Bah\u00eda Blanca en la definici\u00f3n de la Liga de Infantiles<\/p>\n","protected":false},"author":1,"featured_media":54609,"comment_status":"closed","ping_status":"open","sticky":false,"template":"","format":"standard","meta":{"jnews-multi-image_gallery":[],"jnews_single_post":[],"jnews_primary_category":[],"footnotes":""},"categories":[101,27],"tags":[76,1146,822,17,1147,1148,1149],"class_list":["post-54606","post","type-post","status-publish","format-standard","has-post-thumbnail","hentry","category-slide","category-u15","tag-boca-juniors","tag-el-coati","tag-liga-u15","tag-pacifico","tag-temperley-rosario","tag-tokio-posadas","tag-union-electrica"],"yoast_head":"<!-- This site is optimized with the Yoast SEO plugin v27.4 - https:\/\/yoast.com\/product\/yoast-seo-wordpress\/ -->\n<title>Pac\u00edfico a la final - Gente de B\u00e1squet<\/title>\n<meta name=\"robots\" content=\"index, follow, max-snippet:-1, max-image-preview:large, max-video-preview:-1\" \/>\n<link rel=\"canonical\" href=\"https:\/\/gentedebasquet.com.ar\/sitio\/2015\/11\/29\/pacifico-a-la-final\/\" \/>\n<meta property=\"og:locale\" content=\"es_ES\" \/>\n<meta property=\"og:type\" content=\"article\" \/>\n<meta property=\"og:title\" content=\"Pac\u00edfico a la final - Gente de B\u00e1squet\" \/>\n<meta property=\"og:description\" content=\"El verde representar\u00e1 a Bah\u00eda Blanca en la definici\u00f3n de la Liga de Infantiles\" \/>\n<meta property=\"og:url\" content=\"https:\/\/gentedebasquet.com.ar\/sitio\/2015\/11\/29\/pacifico-a-la-final\/\" \/>\n<meta property=\"og:site_name\" content=\"Gente de B\u00e1squet\" \/>\n<meta property=\"article:published_time\" content=\"2015-11-29T19:23:14+00:00\" \/>\n<meta property=\"og:image\" content=\"https:\/\/gentedebasquet.com.ar\/sitio\/wp-content\/uploads\/2015\/11\/Pacifico-U15.jpg\" \/>\n\t<meta property=\"og:image:width\" content=\"690\" \/>\n\t<meta property=\"og:image:height\" content=\"319\" \/>\n\t<meta property=\"og:image:type\" content=\"image\/jpeg\" \/>\n<meta name=\"author\" content=\"Gente de B\u00e1squet\" \/>\n<meta name=\"twitter:card\" content=\"summary_large_image\" \/>\n<meta name=\"twitter:label1\" content=\"Escrito por\" \/>\n\t<meta name=\"twitter:data1\" content=\"Gente de B\u00e1squet\" \/>\n\t<meta name=\"twitter:label2\" content=\"Tiempo de lectura\" \/>\n\t<meta name=\"twitter:data2\" content=\"3 minutos\" \/>\n<script type=\"application\/ld+json\" class=\"yoast-schema-graph\">{\"@context\":\"https:\\\/\\\/schema.org\",\"@graph\":[{\"@type\":\"Article\",\"@id\":\"https:\\\/\\\/gentedebasquet.com.ar\\\/sitio\\\/2015\\\/11\\\/29\\\/pacifico-a-la-final\\\/#article\",\"isPartOf\":{\"@id\":\"https:\\\/\\\/gentedebasquet.com.ar\\\/sitio\\\/2015\\\/11\\\/29\\\/pacifico-a-la-final\\\/\"},\"author\":{\"name\":\"Gente de B\u00e1squet\",\"@id\":\"https:\\\/\\\/gentedebasquet.com.ar\\\/sitio\\\/#\\\/schema\\\/person\\\/ca0b63bbb977369988a7bbbdc519943a\"},\"headline\":\"Pac\u00edfico a la final\",\"datePublished\":\"2015-11-29T19:23:14+00:00\",\"mainEntityOfPage\":{\"@id\":\"https:\\\/\\\/gentedebasquet.com.ar\\\/sitio\\\/2015\\\/11\\\/29\\\/pacifico-a-la-final\\\/\"},\"wordCount\":657,\"image\":{\"@id\":\"https:\\\/\\\/gentedebasquet.com.ar\\\/sitio\\\/2015\\\/11\\\/29\\\/pacifico-a-la-final\\\/#primaryimage\"},\"thumbnailUrl\":\"https:\\\/\\\/gentedebasquet.com.ar\\\/sitio\\\/wp-content\\\/uploads\\\/2015\\\/11\\\/Pacifico-U15.jpg\",\"keywords\":[\"Boca Juniors\",\"El Coat\u00ed\",\"Liga U15\",\"Pacifico\",\"Temperley Rosario\",\"Tokio Posadas\",\"Uni\u00f3n El\u00e9ctrica\"],\"articleSection\":[\"Slide\",\"U15\"],\"inLanguage\":\"es\"},{\"@type\":\"WebPage\",\"@id\":\"https:\\\/\\\/gentedebasquet.com.ar\\\/sitio\\\/2015\\\/11\\\/29\\\/pacifico-a-la-final\\\/\",\"url\":\"https:\\\/\\\/gentedebasquet.com.ar\\\/sitio\\\/2015\\\/11\\\/29\\\/pacifico-a-la-final\\\/\",\"name\":\"Pac\u00edfico a la final - Gente de B\u00e1squet\",\"isPartOf\":{\"@id\":\"https:\\\/\\\/gentedebasquet.com.ar\\\/sitio\\\/#website\"},\"primaryImageOfPage\":{\"@id\":\"https:\\\/\\\/gentedebasquet.com.ar\\\/sitio\\\/2015\\\/11\\\/29\\\/pacifico-a-la-final\\\/#primaryimage\"},\"image\":{\"@id\":\"https:\\\/\\\/gentedebasquet.com.ar\\\/sitio\\\/2015\\\/11\\\/29\\\/pacifico-a-la-final\\\/#primaryimage\"},\"thumbnailUrl\":\"https:\\\/\\\/gentedebasquet.com.ar\\\/sitio\\\/wp-content\\\/uploads\\\/2015\\\/11\\\/Pacifico-U15.jpg\",\"datePublished\":\"2015-11-29T19:23:14+00:00\",\"author\":{\"@id\":\"https:\\\/\\\/gentedebasquet.com.ar\\\/sitio\\\/#\\\/schema\\\/person\\\/ca0b63bbb977369988a7bbbdc519943a\"},\"breadcrumb\":{\"@id\":\"https:\\\/\\\/gentedebasquet.com.ar\\\/sitio\\\/2015\\\/11\\\/29\\\/pacifico-a-la-final\\\/#breadcrumb\"},\"inLanguage\":\"es\",\"potentialAction\":[{\"@type\":\"ReadAction\",\"target\":[\"https:\\\/\\\/gentedebasquet.com.ar\\\/sitio\\\/2015\\\/11\\\/29\\\/pacifico-a-la-final\\\/\"]}]},{\"@type\":\"ImageObject\",\"inLanguage\":\"es\",\"@id\":\"https:\\\/\\\/gentedebasquet.com.ar\\\/sitio\\\/2015\\\/11\\\/29\\\/pacifico-a-la-final\\\/#primaryimage\",\"url\":\"https:\\\/\\\/gentedebasquet.com.ar\\\/sitio\\\/wp-content\\\/uploads\\\/2015\\\/11\\\/Pacifico-U15.jpg\",\"contentUrl\":\"https:\\\/\\\/gentedebasquet.com.ar\\\/sitio\\\/wp-content\\\/uploads\\\/2015\\\/11\\\/Pacifico-U15.jpg\",\"width\":690,\"height\":319},{\"@type\":\"BreadcrumbList\",\"@id\":\"https:\\\/\\\/gentedebasquet.com.ar\\\/sitio\\\/2015\\\/11\\\/29\\\/pacifico-a-la-final\\\/#breadcrumb\",\"itemListElement\":[{\"@type\":\"ListItem\",\"position\":1,\"name\":\"Portada\",\"item\":\"https:\\\/\\\/gentedebasquet.com.ar\\\/sitio\\\/\"},{\"@type\":\"ListItem\",\"position\":2,\"name\":\"Pac\u00edfico a la final\"}]},{\"@type\":\"WebSite\",\"@id\":\"https:\\\/\\\/gentedebasquet.com.ar\\\/sitio\\\/#website\",\"url\":\"https:\\\/\\\/gentedebasquet.com.ar\\\/sitio\\\/\",\"name\":\"Gente de B\u00e1squet\",\"description\":\"La revista del basquet de Bah\u00eda Blanca\",\"potentialAction\":[{\"@type\":\"SearchAction\",\"target\":{\"@type\":\"EntryPoint\",\"urlTemplate\":\"https:\\\/\\\/gentedebasquet.com.ar\\\/sitio\\\/?s={search_term_string}\"},\"query-input\":{\"@type\":\"PropertyValueSpecification\",\"valueRequired\":true,\"valueName\":\"search_term_string\"}}],\"inLanguage\":\"es\"},{\"@type\":\"Person\",\"@id\":\"https:\\\/\\\/gentedebasquet.com.ar\\\/sitio\\\/#\\\/schema\\\/person\\\/ca0b63bbb977369988a7bbbdc519943a\",\"name\":\"Gente de B\u00e1squet\",\"image\":{\"@type\":\"ImageObject\",\"inLanguage\":\"es\",\"@id\":\"https:\\\/\\\/secure.gravatar.com\\\/avatar\\\/7f2c48bdc33b30088f941fb6082e555f2874c98e20cb159d7b92b50eadfce793?s=96&d=mm&r=g\",\"url\":\"https:\\\/\\\/secure.gravatar.com\\\/avatar\\\/7f2c48bdc33b30088f941fb6082e555f2874c98e20cb159d7b92b50eadfce793?s=96&d=mm&r=g\",\"contentUrl\":\"https:\\\/\\\/secure.gravatar.com\\\/avatar\\\/7f2c48bdc33b30088f941fb6082e555f2874c98e20cb159d7b92b50eadfce793?s=96&d=mm&r=g\",\"caption\":\"Gente de B\u00e1squet\"},\"sameAs\":[\"http:\\\/\\\/gentedebasquet.com.ar\\\/sitio\"],\"url\":\"https:\\\/\\\/gentedebasquet.com.ar\\\/sitio\\\/author\\\/ulises\\\/\"}]}<\/script>\n<!-- \/ Yoast SEO plugin. -->","yoast_head_json":{"title":"Pac\u00edfico a la final - Gente de B\u00e1squet","robots":{"index":"index","follow":"follow","max-snippet":"max-snippet:-1","max-image-preview":"max-image-preview:large","max-video-preview":"max-video-preview:-1"},"canonical":"https:\/\/gentedebasquet.com.ar\/sitio\/2015\/11\/29\/pacifico-a-la-final\/","og_locale":"es_ES","og_type":"article","og_title":"Pac\u00edfico a la final - Gente de B\u00e1squet","og_description":"El verde representar\u00e1 a Bah\u00eda Blanca en la definici\u00f3n de la Liga de Infantiles","og_url":"https:\/\/gentedebasquet.com.ar\/sitio\/2015\/11\/29\/pacifico-a-la-final\/","og_site_name":"Gente de B\u00e1squet","article_published_time":"2015-11-29T19:23:14+00:00","og_image":[{"width":690,"height":319,"url":"https:\/\/gentedebasquet.com.ar\/sitio\/wp-content\/uploads\/2015\/11\/Pacifico-U15.jpg","type":"image\/jpeg"}],"author":"Gente de B\u00e1squet","twitter_card":"summary_large_image","twitter_misc":{"Escrito por":"Gente de B\u00e1squet","Tiempo de lectura":"3 minutos"},"schema":{"@context":"https:\/\/schema.org","@graph":[{"@type":"Article","@id":"https:\/\/gentedebasquet.com.ar\/sitio\/2015\/11\/29\/pacifico-a-la-final\/#article","isPartOf":{"@id":"https:\/\/gentedebasquet.com.ar\/sitio\/2015\/11\/29\/pacifico-a-la-final\/"},"author":{"name":"Gente de B\u00e1squet","@id":"https:\/\/gentedebasquet.com.ar\/sitio\/#\/schema\/person\/ca0b63bbb977369988a7bbbdc519943a"},"headline":"Pac\u00edfico a la final","datePublished":"2015-11-29T19:23:14+00:00","mainEntityOfPage":{"@id":"https:\/\/gentedebasquet.com.ar\/sitio\/2015\/11\/29\/pacifico-a-la-final\/"},"wordCount":657,"image":{"@id":"https:\/\/gentedebasquet.com.ar\/sitio\/2015\/11\/29\/pacifico-a-la-final\/#primaryimage"},"thumbnailUrl":"https:\/\/gentedebasquet.com.ar\/sitio\/wp-content\/uploads\/2015\/11\/Pacifico-U15.jpg","keywords":["Boca Juniors","El Coat\u00ed","Liga U15","Pacifico","Temperley Rosario","Tokio Posadas","Uni\u00f3n El\u00e9ctrica"],"articleSection":["Slide","U15"],"inLanguage":"es"},{"@type":"WebPage","@id":"https:\/\/gentedebasquet.com.ar\/sitio\/2015\/11\/29\/pacifico-a-la-final\/","url":"https:\/\/gentedebasquet.com.ar\/sitio\/2015\/11\/29\/pacifico-a-la-final\/","name":"Pac\u00edfico a la final - Gente de B\u00e1squet","isPartOf":{"@id":"https:\/\/gentedebasquet.com.ar\/sitio\/#website"},"primaryImageOfPage":{"@id":"https:\/\/gentedebasquet.com.ar\/sitio\/2015\/11\/29\/pacifico-a-la-final\/#primaryimage"},"image":{"@id":"https:\/\/gentedebasquet.com.ar\/sitio\/2015\/11\/29\/pacifico-a-la-final\/#primaryimage"},"thumbnailUrl":"https:\/\/gentedebasquet.com.ar\/sitio\/wp-content\/uploads\/2015\/11\/Pacifico-U15.jpg","datePublished":"2015-11-29T19:23:14+00:00","author":{"@id":"https:\/\/gentedebasquet.com.ar\/sitio\/#\/schema\/person\/ca0b63bbb977369988a7bbbdc519943a"},"breadcrumb":{"@id":"https:\/\/gentedebasquet.com.ar\/sitio\/2015\/11\/29\/pacifico-a-la-final\/#breadcrumb"},"inLanguage":"es","potentialAction":[{"@type":"ReadAction","target":["https:\/\/gentedebasquet.com.ar\/sitio\/2015\/11\/29\/pacifico-a-la-final\/"]}]},{"@type":"ImageObject","inLanguage":"es","@id":"https:\/\/gentedebasquet.com.ar\/sitio\/2015\/11\/29\/pacifico-a-la-final\/#primaryimage","url":"https:\/\/gentedebasquet.com.ar\/sitio\/wp-content\/uploads\/2015\/11\/Pacifico-U15.jpg","contentUrl":"https:\/\/gentedebasquet.com.ar\/sitio\/wp-content\/uploads\/2015\/11\/Pacifico-U15.jpg","width":690,"height":319},{"@type":"BreadcrumbList","@id":"https:\/\/gentedebasquet.com.ar\/sitio\/2015\/11\/29\/pacifico-a-la-final\/#breadcrumb","itemListElement":[{"@type":"ListItem","position":1,"name":"Portada","item":"https:\/\/gentedebasquet.com.ar\/sitio\/"},{"@type":"ListItem","position":2,"name":"Pac\u00edfico a la final"}]},{"@type":"WebSite","@id":"https:\/\/gentedebasquet.com.ar\/sitio\/#website","url":"https:\/\/gentedebasquet.com.ar\/sitio\/","name":"Gente de B\u00e1squet","description":"La revista del basquet de Bah\u00eda Blanca","potentialAction":[{"@type":"SearchAction","target":{"@type":"EntryPoint","urlTemplate":"https:\/\/gentedebasquet.com.ar\/sitio\/?s={search_term_string}"},"query-input":{"@type":"PropertyValueSpecification","valueRequired":true,"valueName":"search_term_string"}}],"inLanguage":"es"},{"@type":"Person","@id":"https:\/\/gentedebasquet.com.ar\/sitio\/#\/schema\/person\/ca0b63bbb977369988a7bbbdc519943a","name":"Gente de B\u00e1squet","image":{"@type":"ImageObject","inLanguage":"es","@id":"https:\/\/secure.gravatar.com\/avatar\/7f2c48bdc33b30088f941fb6082e555f2874c98e20cb159d7b92b50eadfce793?s=96&d=mm&r=g","url":"https:\/\/secure.gravatar.com\/avatar\/7f2c48bdc33b30088f941fb6082e555f2874c98e20cb159d7b92b50eadfce793?s=96&d=mm&r=g","contentUrl":"https:\/\/secure.gravatar.com\/avatar\/7f2c48bdc33b30088f941fb6082e555f2874c98e20cb159d7b92b50eadfce793?s=96&d=mm&r=g","caption":"Gente de B\u00e1squet"},"sameAs":["http:\/\/gentedebasquet.com.ar\/sitio"],"url":"https:\/\/gentedebasquet.com.ar\/sitio\/author\/ulises\/"}]}},"_links":{"self":[{"href":"https:\/\/gentedebasquet.com.ar\/sitio\/wp-json\/wp\/v2\/posts\/54606","targetHints":{"allow":["GET"]}}],"collection":[{"href":"https:\/\/gentedebasquet.com.ar\/sitio\/wp-json\/wp\/v2\/posts"}],"about":[{"href":"https:\/\/gentedebasquet.com.ar\/sitio\/wp-json\/wp\/v2\/types\/post"}],"author":[{"embeddable":true,"href":"https:\/\/gentedebasquet.com.ar\/sitio\/wp-json\/wp\/v2\/users\/1"}],"replies":[{"embeddable":true,"href":"https:\/\/gentedebasquet.com.ar\/sitio\/wp-json\/wp\/v2\/comments?post=54606"}],"version-history":[{"count":0,"href":"https:\/\/gentedebasquet.com.ar\/sitio\/wp-json\/wp\/v2\/posts\/54606\/revisions"}],"wp:featuredmedia":[{"embeddable":true,"href":"https:\/\/gentedebasquet.com.ar\/sitio\/wp-json\/wp\/v2\/media\/54609"}],"wp:attachment":[{"href":"https:\/\/gentedebasquet.com.ar\/sitio\/wp-json\/wp\/v2\/media?parent=54606"}],"wp:term":[{"taxonomy":"category","embeddable":true,"href":"https:\/\/gentedebasquet.com.ar\/sitio\/wp-json\/wp\/v2\/categories?post=54606"},{"taxonomy":"post_tag","embeddable":true,"href":"https:\/\/gentedebasquet.com.ar\/sitio\/wp-json\/wp\/v2\/tags?post=54606"}],"curies":[{"name":"wp","href":"https:\/\/api.w.org\/{rel}","templated":true}]}}