{"id":54641,"date":"2015-12-01T15:51:51","date_gmt":"2015-12-01T18:51:51","guid":{"rendered":"http:\/\/www.gentedebasquet.com.ar\/?p=54641"},"modified":"2015-12-01T15:51:51","modified_gmt":"2015-12-01T18:51:51","slug":"barracas-campeon-2","status":"publish","type":"post","link":"https:\/\/gentedebasquet.com.ar\/sitio\/2015\/12\/01\/barracas-campeon-2\/","title":{"rendered":"\u00a1Barracas campe\u00f3n!"},"content":{"rendered":"<p><strong>Barracas Central cerr\u00f3 el a\u00f1o en U13 femenino con el t\u00edtulo de campe\u00f3n, tras alzarse de una temporada perfecta y vencer en la \u00faltima fecha a 9 de Julio por 87 a 31. El club del bosque tambi\u00e9n logr\u00f3 el cetro en U15; al tiempo que a\u00fan restan definirse los torneos en U17 (finales extras entre Barracas e Independiente) y Primera.\u00a0Paloma Vecchi, con 22 puntos (10\/13 T2 y 2\/4 TL), y Maitena V\u00e1zquez, con 18 puntos (8\/17 T2 y 2\/3 TL),, se destacaron en el local. En la visita, lo mejor lleg\u00f3 de la mano de Micaela Facente, con mas de la mitad de los puntos de su equipo (18) y con una destacada cantidad de rebotes (20).<\/strong><\/p>\n<p>El primer cuarto el conjunto local demostr\u00f3 porque hab\u00eda salido campe\u00f3n y jugo totalmente agresivo, presionando en la salida y obligando a cometer muchas perdidas a su rival. Ademas de la defensa intensiva, al cual 9 de Julio pudo hacer un solo punto, se le sumaba la gran efectividad a la hora anotar para llevarse el cuarto por 33 a 1.<\/p>\n<p>En el segundo cuarto la visita sorprendi\u00f3 atacando mas profundo y convirtiendo m\u00e1s. Se hizo un partido mucho mas parejo a la hora del ida y vuelta, con muchas perdidas y recuperos de ambos lados, en lo que se vio como la gran art\u00edfice de esta gran remontada a la jugadora del equipo visitante Catalina Facente, manejando los hilos de su equipo.<\/p>\n<p>El segundo tiempo fue similar al 1C, porque el equipo de M\u00e9rida reaccion\u00f3 y logr\u00f3 encontrar el juego que hab\u00eda generado en el inicio. As\u00ed, mantuvo una gran ofensiva y trabaj\u00f3 muy bien a la hora de defender, generalmente usando la defensa presi\u00f3n alta. Por el lado de la visita estuvo poco preciso y le costo demasiado circular la pelota, por eso el tercer cuarto termin\u00f3 72 a 23.<\/p>\n<p>El ultimo cuarto ya se jugo a placer de las campeonas que gozaron lo que fue un gran a\u00f1o para ellas y demostraron en este partido y en todo el a\u00f1o por que ganaron. El encuentro termino 87 a 31 con triunfo de Barracas y con un festejo muy merecido por parte de las chicas y su entrenador Gabriel M\u00e9rida.<\/p>\n<p>&nbsp;<\/p>\n<p><strong>S\u00edntesis |<\/strong> U13 &#8211; Femenino<\/p>\n<p><strong>Barracas Central 87:<\/strong>\u00a0Emilia Haydukiewicz 2, Juliana Salvarrezza 13, Paloma Vecchi 22, Chabela Garcia Yacomella 14, Milena Garcia Martinez 5 (Fi); Maitena Vazquez 18, Ainara Ibargoyen 9, Vimey Devadillo 2, Zoe Torres 2, Sofia Torres 0, Azul Carli 0. Dt: Gabriel M\u00e9rida.<\/p>\n<p><strong>9 de Julio 31:<\/strong> Alexia Gonz\u00e1lez 3, Josefina Mundel 2, Marianela Fuch 8, Isabela G\u00f3mez 0, Catalina Facente 18 (Fi); Tamara Torres, Jasen 0, Riquelme 0. Dt: Paula Speerli.<\/p>\n<p><strong>Parciales:<\/strong> 33-1, 50-20 (17-19), 72-23 (22-3) y 87-31 (15-8).<\/p>\n<p><strong>\u00c1rbitros:<\/strong> Lucas Andr\u00e9s &#8211; Walter Ruiz.<\/p>\n<p><strong>Estadio:<\/strong> El Bosque (Barracas).<\/p>\n<p><a class=\"modalf iframe\" title=\"Planilla\" href=\"https:\/\/docs.google.com\/spreadsheets\/d\/1VDQA7j2zDUARDH9lDlNG-H6BiABbcliea1Twd0LIvBs\/pubhtml\" target=\"_blank\" rel=\"noopener\">Ver Planilla<\/a><\/p>\n<p>&nbsp;<\/p>\n<h6 style=\"text-align: center;\">BARRACAS U13<\/h6>\n<p><a href=\"http:\/\/www.gentedebasquet.com.ar\/wp-content\/uploads\/2015\/12\/Barracas-U13.jpg\"><img decoding=\"async\" class=\"aligncenter size-full wp-image-54662\" alt=\"Barracas U13\" src=\"http:\/\/www.gentedebasquet.com.ar\/wp-content\/uploads\/2015\/12\/Barracas-U13.jpg\" width=\"640\" height=\"470\" srcset=\"https:\/\/gentedebasquet.com.ar\/sitio\/wp-content\/uploads\/2015\/12\/Barracas-U13.jpg 640w, https:\/\/gentedebasquet.com.ar\/sitio\/wp-content\/uploads\/2015\/12\/Barracas-U13-300x220.jpg 300w\" sizes=\"(max-width: 640px) 100vw, 640px\" \/><\/a><\/p>\n<h6 style=\"text-align: center;\">9 DE JULIO U13<\/h6>\n<p><a href=\"http:\/\/www.gentedebasquet.com.ar\/wp-content\/uploads\/2015\/12\/9-de-Julio-U13.jpg\"><img decoding=\"async\" class=\"aligncenter size-full wp-image-54660\" alt=\"9 de Julio U13\" src=\"http:\/\/www.gentedebasquet.com.ar\/wp-content\/uploads\/2015\/12\/9-de-Julio-U13.jpg\" width=\"640\" height=\"470\" srcset=\"https:\/\/gentedebasquet.com.ar\/sitio\/wp-content\/uploads\/2015\/12\/9-de-Julio-U13.jpg 640w, https:\/\/gentedebasquet.com.ar\/sitio\/wp-content\/uploads\/2015\/12\/9-de-Julio-U13-300x220.jpg 300w\" sizes=\"(max-width: 640px) 100vw, 640px\" \/><\/a><\/p>\n","protected":false},"excerpt":{"rendered":"<p>Al igual que en U15, las chicas U13 se dieron el gusto de cortar las redes<\/p>\n","protected":false},"author":1,"featured_media":54661,"comment_status":"closed","ping_status":"open","sticky":false,"template":"","format":"standard","meta":{"jnews-multi-image_gallery":[],"jnews_single_post":[],"jnews_primary_category":[],"footnotes":""},"categories":[33,101,41],"tags":[2,333],"class_list":["post-54641","post","type-post","status-publish","format-standard","has-post-thumbnail","hentry","category-femenino","category-slide","category-u13","tag-9dejulio","tag-barracas"],"yoast_head":"<!-- This site is optimized with the Yoast SEO plugin v27.5 - https:\/\/yoast.com\/product\/yoast-seo-wordpress\/ -->\n<title>\u00a1Barracas campe\u00f3n! - Gente de B\u00e1squet<\/title>\n<meta name=\"robots\" content=\"index, follow, max-snippet:-1, max-image-preview:large, max-video-preview:-1\" \/>\n<link rel=\"canonical\" href=\"https:\/\/gentedebasquet.com.ar\/sitio\/2015\/12\/01\/barracas-campeon-2\/\" \/>\n<meta property=\"og:locale\" content=\"es_ES\" \/>\n<meta property=\"og:type\" content=\"article\" \/>\n<meta property=\"og:title\" content=\"\u00a1Barracas campe\u00f3n! - Gente de B\u00e1squet\" \/>\n<meta property=\"og:description\" content=\"Al igual que en U15, las chicas U13 se dieron el gusto de cortar las redes\" \/>\n<meta property=\"og:url\" content=\"https:\/\/gentedebasquet.com.ar\/sitio\/2015\/12\/01\/barracas-campeon-2\/\" \/>\n<meta property=\"og:site_name\" content=\"Gente de B\u00e1squet\" \/>\n<meta property=\"article:published_time\" content=\"2015-12-01T18:51:51+00:00\" \/>\n<meta property=\"og:image\" content=\"https:\/\/gentedebasquet.com.ar\/sitio\/wp-content\/uploads\/2015\/12\/Barracas-Central-U13.jpg\" \/>\n\t<meta property=\"og:image:width\" content=\"690\" \/>\n\t<meta property=\"og:image:height\" content=\"319\" \/>\n\t<meta property=\"og:image:type\" content=\"image\/jpeg\" \/>\n<meta name=\"author\" content=\"Gente de B\u00e1squet\" \/>\n<meta name=\"twitter:card\" content=\"summary_large_image\" \/>\n<meta name=\"twitter:label1\" content=\"Escrito por\" \/>\n\t<meta name=\"twitter:data1\" content=\"Gente de B\u00e1squet\" \/>\n\t<meta name=\"twitter:label2\" content=\"Tiempo de lectura\" \/>\n\t<meta name=\"twitter:data2\" content=\"2 minutos\" \/>\n<script type=\"application\/ld+json\" class=\"yoast-schema-graph\">{\"@context\":\"https:\\\/\\\/schema.org\",\"@graph\":[{\"@type\":\"Article\",\"@id\":\"https:\\\/\\\/gentedebasquet.com.ar\\\/sitio\\\/2015\\\/12\\\/01\\\/barracas-campeon-2\\\/#article\",\"isPartOf\":{\"@id\":\"https:\\\/\\\/gentedebasquet.com.ar\\\/sitio\\\/2015\\\/12\\\/01\\\/barracas-campeon-2\\\/\"},\"author\":{\"name\":\"Gente de B\u00e1squet\",\"@id\":\"https:\\\/\\\/gentedebasquet.com.ar\\\/sitio\\\/#\\\/schema\\\/person\\\/ca0b63bbb977369988a7bbbdc519943a\"},\"headline\":\"\u00a1Barracas campe\u00f3n!\",\"datePublished\":\"2015-12-01T18:51:51+00:00\",\"mainEntityOfPage\":{\"@id\":\"https:\\\/\\\/gentedebasquet.com.ar\\\/sitio\\\/2015\\\/12\\\/01\\\/barracas-campeon-2\\\/\"},\"wordCount\":459,\"image\":{\"@id\":\"https:\\\/\\\/gentedebasquet.com.ar\\\/sitio\\\/2015\\\/12\\\/01\\\/barracas-campeon-2\\\/#primaryimage\"},\"thumbnailUrl\":\"https:\\\/\\\/gentedebasquet.com.ar\\\/sitio\\\/wp-content\\\/uploads\\\/2015\\\/12\\\/Barracas-Central-U13.jpg\",\"keywords\":[\"9 de Julio\",\"Barracas\"],\"articleSection\":[\"Femenino\",\"Slide\",\"U13\"],\"inLanguage\":\"es\"},{\"@type\":\"WebPage\",\"@id\":\"https:\\\/\\\/gentedebasquet.com.ar\\\/sitio\\\/2015\\\/12\\\/01\\\/barracas-campeon-2\\\/\",\"url\":\"https:\\\/\\\/gentedebasquet.com.ar\\\/sitio\\\/2015\\\/12\\\/01\\\/barracas-campeon-2\\\/\",\"name\":\"\u00a1Barracas campe\u00f3n! - Gente de B\u00e1squet\",\"isPartOf\":{\"@id\":\"https:\\\/\\\/gentedebasquet.com.ar\\\/sitio\\\/#website\"},\"primaryImageOfPage\":{\"@id\":\"https:\\\/\\\/gentedebasquet.com.ar\\\/sitio\\\/2015\\\/12\\\/01\\\/barracas-campeon-2\\\/#primaryimage\"},\"image\":{\"@id\":\"https:\\\/\\\/gentedebasquet.com.ar\\\/sitio\\\/2015\\\/12\\\/01\\\/barracas-campeon-2\\\/#primaryimage\"},\"thumbnailUrl\":\"https:\\\/\\\/gentedebasquet.com.ar\\\/sitio\\\/wp-content\\\/uploads\\\/2015\\\/12\\\/Barracas-Central-U13.jpg\",\"datePublished\":\"2015-12-01T18:51:51+00:00\",\"author\":{\"@id\":\"https:\\\/\\\/gentedebasquet.com.ar\\\/sitio\\\/#\\\/schema\\\/person\\\/ca0b63bbb977369988a7bbbdc519943a\"},\"breadcrumb\":{\"@id\":\"https:\\\/\\\/gentedebasquet.com.ar\\\/sitio\\\/2015\\\/12\\\/01\\\/barracas-campeon-2\\\/#breadcrumb\"},\"inLanguage\":\"es\",\"potentialAction\":[{\"@type\":\"ReadAction\",\"target\":[\"https:\\\/\\\/gentedebasquet.com.ar\\\/sitio\\\/2015\\\/12\\\/01\\\/barracas-campeon-2\\\/\"]}]},{\"@type\":\"ImageObject\",\"inLanguage\":\"es\",\"@id\":\"https:\\\/\\\/gentedebasquet.com.ar\\\/sitio\\\/2015\\\/12\\\/01\\\/barracas-campeon-2\\\/#primaryimage\",\"url\":\"https:\\\/\\\/gentedebasquet.com.ar\\\/sitio\\\/wp-content\\\/uploads\\\/2015\\\/12\\\/Barracas-Central-U13.jpg\",\"contentUrl\":\"https:\\\/\\\/gentedebasquet.com.ar\\\/sitio\\\/wp-content\\\/uploads\\\/2015\\\/12\\\/Barracas-Central-U13.jpg\",\"width\":690,\"height\":319},{\"@type\":\"BreadcrumbList\",\"@id\":\"https:\\\/\\\/gentedebasquet.com.ar\\\/sitio\\\/2015\\\/12\\\/01\\\/barracas-campeon-2\\\/#breadcrumb\",\"itemListElement\":[{\"@type\":\"ListItem\",\"position\":1,\"name\":\"Portada\",\"item\":\"https:\\\/\\\/gentedebasquet.com.ar\\\/sitio\\\/\"},{\"@type\":\"ListItem\",\"position\":2,\"name\":\"\u00a1Barracas campe\u00f3n!\"}]},{\"@type\":\"WebSite\",\"@id\":\"https:\\\/\\\/gentedebasquet.com.ar\\\/sitio\\\/#website\",\"url\":\"https:\\\/\\\/gentedebasquet.com.ar\\\/sitio\\\/\",\"name\":\"Gente de B\u00e1squet\",\"description\":\"La revista del basquet de Bah\u00eda Blanca\",\"potentialAction\":[{\"@type\":\"SearchAction\",\"target\":{\"@type\":\"EntryPoint\",\"urlTemplate\":\"https:\\\/\\\/gentedebasquet.com.ar\\\/sitio\\\/?s={search_term_string}\"},\"query-input\":{\"@type\":\"PropertyValueSpecification\",\"valueRequired\":true,\"valueName\":\"search_term_string\"}}],\"inLanguage\":\"es\"},{\"@type\":\"Person\",\"@id\":\"https:\\\/\\\/gentedebasquet.com.ar\\\/sitio\\\/#\\\/schema\\\/person\\\/ca0b63bbb977369988a7bbbdc519943a\",\"name\":\"Gente de B\u00e1squet\",\"image\":{\"@type\":\"ImageObject\",\"inLanguage\":\"es\",\"@id\":\"https:\\\/\\\/secure.gravatar.com\\\/avatar\\\/7f2c48bdc33b30088f941fb6082e555f2874c98e20cb159d7b92b50eadfce793?s=96&d=mm&r=g\",\"url\":\"https:\\\/\\\/secure.gravatar.com\\\/avatar\\\/7f2c48bdc33b30088f941fb6082e555f2874c98e20cb159d7b92b50eadfce793?s=96&d=mm&r=g\",\"contentUrl\":\"https:\\\/\\\/secure.gravatar.com\\\/avatar\\\/7f2c48bdc33b30088f941fb6082e555f2874c98e20cb159d7b92b50eadfce793?s=96&d=mm&r=g\",\"caption\":\"Gente de B\u00e1squet\"},\"sameAs\":[\"http:\\\/\\\/gentedebasquet.com.ar\\\/sitio\"],\"url\":\"https:\\\/\\\/gentedebasquet.com.ar\\\/sitio\\\/author\\\/ulises\\\/\"}]}<\/script>\n<!-- \/ Yoast SEO plugin. -->","yoast_head_json":{"title":"\u00a1Barracas campe\u00f3n! - Gente de B\u00e1squet","robots":{"index":"index","follow":"follow","max-snippet":"max-snippet:-1","max-image-preview":"max-image-preview:large","max-video-preview":"max-video-preview:-1"},"canonical":"https:\/\/gentedebasquet.com.ar\/sitio\/2015\/12\/01\/barracas-campeon-2\/","og_locale":"es_ES","og_type":"article","og_title":"\u00a1Barracas campe\u00f3n! - Gente de B\u00e1squet","og_description":"Al igual que en U15, las chicas U13 se dieron el gusto de cortar las redes","og_url":"https:\/\/gentedebasquet.com.ar\/sitio\/2015\/12\/01\/barracas-campeon-2\/","og_site_name":"Gente de B\u00e1squet","article_published_time":"2015-12-01T18:51:51+00:00","og_image":[{"width":690,"height":319,"url":"https:\/\/gentedebasquet.com.ar\/sitio\/wp-content\/uploads\/2015\/12\/Barracas-Central-U13.jpg","type":"image\/jpeg"}],"author":"Gente de B\u00e1squet","twitter_card":"summary_large_image","twitter_misc":{"Escrito por":"Gente de B\u00e1squet","Tiempo de lectura":"2 minutos"},"schema":{"@context":"https:\/\/schema.org","@graph":[{"@type":"Article","@id":"https:\/\/gentedebasquet.com.ar\/sitio\/2015\/12\/01\/barracas-campeon-2\/#article","isPartOf":{"@id":"https:\/\/gentedebasquet.com.ar\/sitio\/2015\/12\/01\/barracas-campeon-2\/"},"author":{"name":"Gente de B\u00e1squet","@id":"https:\/\/gentedebasquet.com.ar\/sitio\/#\/schema\/person\/ca0b63bbb977369988a7bbbdc519943a"},"headline":"\u00a1Barracas campe\u00f3n!","datePublished":"2015-12-01T18:51:51+00:00","mainEntityOfPage":{"@id":"https:\/\/gentedebasquet.com.ar\/sitio\/2015\/12\/01\/barracas-campeon-2\/"},"wordCount":459,"image":{"@id":"https:\/\/gentedebasquet.com.ar\/sitio\/2015\/12\/01\/barracas-campeon-2\/#primaryimage"},"thumbnailUrl":"https:\/\/gentedebasquet.com.ar\/sitio\/wp-content\/uploads\/2015\/12\/Barracas-Central-U13.jpg","keywords":["9 de Julio","Barracas"],"articleSection":["Femenino","Slide","U13"],"inLanguage":"es"},{"@type":"WebPage","@id":"https:\/\/gentedebasquet.com.ar\/sitio\/2015\/12\/01\/barracas-campeon-2\/","url":"https:\/\/gentedebasquet.com.ar\/sitio\/2015\/12\/01\/barracas-campeon-2\/","name":"\u00a1Barracas campe\u00f3n! - Gente de B\u00e1squet","isPartOf":{"@id":"https:\/\/gentedebasquet.com.ar\/sitio\/#website"},"primaryImageOfPage":{"@id":"https:\/\/gentedebasquet.com.ar\/sitio\/2015\/12\/01\/barracas-campeon-2\/#primaryimage"},"image":{"@id":"https:\/\/gentedebasquet.com.ar\/sitio\/2015\/12\/01\/barracas-campeon-2\/#primaryimage"},"thumbnailUrl":"https:\/\/gentedebasquet.com.ar\/sitio\/wp-content\/uploads\/2015\/12\/Barracas-Central-U13.jpg","datePublished":"2015-12-01T18:51:51+00:00","author":{"@id":"https:\/\/gentedebasquet.com.ar\/sitio\/#\/schema\/person\/ca0b63bbb977369988a7bbbdc519943a"},"breadcrumb":{"@id":"https:\/\/gentedebasquet.com.ar\/sitio\/2015\/12\/01\/barracas-campeon-2\/#breadcrumb"},"inLanguage":"es","potentialAction":[{"@type":"ReadAction","target":["https:\/\/gentedebasquet.com.ar\/sitio\/2015\/12\/01\/barracas-campeon-2\/"]}]},{"@type":"ImageObject","inLanguage":"es","@id":"https:\/\/gentedebasquet.com.ar\/sitio\/2015\/12\/01\/barracas-campeon-2\/#primaryimage","url":"https:\/\/gentedebasquet.com.ar\/sitio\/wp-content\/uploads\/2015\/12\/Barracas-Central-U13.jpg","contentUrl":"https:\/\/gentedebasquet.com.ar\/sitio\/wp-content\/uploads\/2015\/12\/Barracas-Central-U13.jpg","width":690,"height":319},{"@type":"BreadcrumbList","@id":"https:\/\/gentedebasquet.com.ar\/sitio\/2015\/12\/01\/barracas-campeon-2\/#breadcrumb","itemListElement":[{"@type":"ListItem","position":1,"name":"Portada","item":"https:\/\/gentedebasquet.com.ar\/sitio\/"},{"@type":"ListItem","position":2,"name":"\u00a1Barracas campe\u00f3n!"}]},{"@type":"WebSite","@id":"https:\/\/gentedebasquet.com.ar\/sitio\/#website","url":"https:\/\/gentedebasquet.com.ar\/sitio\/","name":"Gente de B\u00e1squet","description":"La revista del basquet de Bah\u00eda Blanca","potentialAction":[{"@type":"SearchAction","target":{"@type":"EntryPoint","urlTemplate":"https:\/\/gentedebasquet.com.ar\/sitio\/?s={search_term_string}"},"query-input":{"@type":"PropertyValueSpecification","valueRequired":true,"valueName":"search_term_string"}}],"inLanguage":"es"},{"@type":"Person","@id":"https:\/\/gentedebasquet.com.ar\/sitio\/#\/schema\/person\/ca0b63bbb977369988a7bbbdc519943a","name":"Gente de B\u00e1squet","image":{"@type":"ImageObject","inLanguage":"es","@id":"https:\/\/secure.gravatar.com\/avatar\/7f2c48bdc33b30088f941fb6082e555f2874c98e20cb159d7b92b50eadfce793?s=96&d=mm&r=g","url":"https:\/\/secure.gravatar.com\/avatar\/7f2c48bdc33b30088f941fb6082e555f2874c98e20cb159d7b92b50eadfce793?s=96&d=mm&r=g","contentUrl":"https:\/\/secure.gravatar.com\/avatar\/7f2c48bdc33b30088f941fb6082e555f2874c98e20cb159d7b92b50eadfce793?s=96&d=mm&r=g","caption":"Gente de B\u00e1squet"},"sameAs":["http:\/\/gentedebasquet.com.ar\/sitio"],"url":"https:\/\/gentedebasquet.com.ar\/sitio\/author\/ulises\/"}]}},"_links":{"self":[{"href":"https:\/\/gentedebasquet.com.ar\/sitio\/wp-json\/wp\/v2\/posts\/54641","targetHints":{"allow":["GET"]}}],"collection":[{"href":"https:\/\/gentedebasquet.com.ar\/sitio\/wp-json\/wp\/v2\/posts"}],"about":[{"href":"https:\/\/gentedebasquet.com.ar\/sitio\/wp-json\/wp\/v2\/types\/post"}],"author":[{"embeddable":true,"href":"https:\/\/gentedebasquet.com.ar\/sitio\/wp-json\/wp\/v2\/users\/1"}],"replies":[{"embeddable":true,"href":"https:\/\/gentedebasquet.com.ar\/sitio\/wp-json\/wp\/v2\/comments?post=54641"}],"version-history":[{"count":0,"href":"https:\/\/gentedebasquet.com.ar\/sitio\/wp-json\/wp\/v2\/posts\/54641\/revisions"}],"wp:featuredmedia":[{"embeddable":true,"href":"https:\/\/gentedebasquet.com.ar\/sitio\/wp-json\/wp\/v2\/media\/54661"}],"wp:attachment":[{"href":"https:\/\/gentedebasquet.com.ar\/sitio\/wp-json\/wp\/v2\/media?parent=54641"}],"wp:term":[{"taxonomy":"category","embeddable":true,"href":"https:\/\/gentedebasquet.com.ar\/sitio\/wp-json\/wp\/v2\/categories?post=54641"},{"taxonomy":"post_tag","embeddable":true,"href":"https:\/\/gentedebasquet.com.ar\/sitio\/wp-json\/wp\/v2\/tags?post=54641"}],"curies":[{"name":"wp","href":"https:\/\/api.w.org\/{rel}","templated":true}]}}