{"id":54702,"date":"2015-12-03T15:58:59","date_gmt":"2015-12-03T18:58:59","guid":{"rendered":"http:\/\/www.gentedebasquet.com.ar\/?p=54702"},"modified":"2015-12-03T15:58:59","modified_gmt":"2015-12-03T18:58:59","slug":"se-viene-la-semi-de-liga-u13","status":"publish","type":"post","link":"https:\/\/gentedebasquet.com.ar\/sitio\/2015\/12\/03\/se-viene-la-semi-de-liga-u13\/","title":{"rendered":"Empieza la semi de Liga U13"},"content":{"rendered":"<p><strong>Este fin de semana, Atenas de Patagones organizar\u00e1 uno de los tres cuadrangulares correspondientes a las semifinales de la Liga U13. Bahiense del Norte viajar\u00e1 a la comarca, junto a Brown de Puerto Madryn e Independiente de Neuqu\u00e9n. Los dos mejores se meter\u00e1n en el Hexagonal Final.<\/strong><\/p>\n<p>Atenas tendr\u00e1 una vez m\u00e1s presencia a nivel nacional en inferiores. En este caso, los U13 de la instituci\u00f3n afrontar\u00e1n las semifinales del Argentino U13. El estadio Carmelo Tr\u00edpodi Cal\u00e1 albergar\u00e1 seis partidos entre viernes, s\u00e1bado y domingo.<\/p>\n<p>Los 12 equipos que llegaron a esta instancia se dividir\u00e1n en tres grupos, clasificando al Hexagonal Final los dos mejores de cada uno. Atenas formar\u00e1 parte de la Zona 1, junto con Bahiense del Norte, Brown de Puerto Madryn e Independiente de Neuqu\u00e9n.<\/p>\n<p>En la 2 estar\u00e1n Tokio de Posadas (organizador), Lan\u00fas, Racing de Gualeguaych\u00fa y Atenas de La Plata. Mientras que la 3 la integrar\u00e1n Banco Provincial de Santa Fe, Central C\u00f3rdoba de Tucum\u00e1n, Mendoza de Regatas y 9 de Julio de R\u00edo Tercero (organizador).<\/p>\n<p>Para llegar a esta\u00a0fase\u00a0el elenco maragato super\u00f3 con creces la instancia local, la provincial y la regional, donde fue campe\u00f3n en las tres. En Cuartos de Final super\u00f3 a Brown (que clasific\u00f3 como uno de los mejores terceros) y Germinal de Rawson, y perdi\u00f3 con Independiente.<\/p>\n<p>El plantel griego est\u00e1 integrado por Fabrizio Baliani, Mat\u00edas Ben\u00edtez, Mat\u00edas Cas\u00e9, Santiago Castillo, Tob\u00edas Dinamarca, Pablo Fedorco, Felipe Gianni, Alejo Giarraffa, Sim\u00f3n Guenumil, Joaqu\u00edn Margiotta, Mariano Mart\u00ednez, Federico Minor, Emilio Santana, Santiago Yanca y el entrenador Mart\u00edn Arena.<\/p>\n<p>Por su parte, Bahiense tendr\u00e1 a\u00a0Emanuel Fern\u00e1ndez,\u00a0Franco De la Ace\u00f1a,\u00a0Lucas Peratta, Bruno Mandolesi, Santiago Sartor, Augusto Lamonega, \u00a0Juan Cruz Dauphin, Pedro Rossi, Juli\u00e1n Lambertucci, Bautista Ott, Sebasti\u00e1n Luengo, Maximiliano Bloga y el coach Santiago Cappa.<\/p>\n<p>&nbsp;<\/p>\n<h6><strong>FIXTURE<\/strong><\/h6>\n<p><strong>Viernes 4<\/strong><br \/>\n19.00 Independiente \u2013 Bahiense del Norte<br \/>\n21.00 Atenas \u2013 Brown<\/p>\n<p><strong>S\u00e1bado 5<\/strong><br \/>\n18.00 Bahiense del Norte \u2013 Brown<br \/>\n20.00 Atenas \u2013 Independiente<\/p>\n<p><strong>Domingo 6<\/strong><br \/>\n10.00 Independiente \u2013 Brown<br \/>\n12.00 Atenas \u2013 Bahiense del Norte<\/p>\n","protected":false},"excerpt":{"rendered":"<p>Este fin de semana, Atenas (Patagones) organizar\u00e1 un cuadrangular de Liga U13<\/p>\n","protected":false},"author":1,"featured_media":54703,"comment_status":"closed","ping_status":"open","sticky":false,"template":"","format":"standard","meta":{"jnews-multi-image_gallery":[],"jnews_single_post":[],"jnews_primary_category":[],"footnotes":""},"categories":[101,41],"tags":[85,5,1150,427,812],"class_list":["post-54702","post","type-post","status-publish","format-standard","has-post-thumbnail","hentry","category-slide","category-u13","tag-atenas-patagones","tag-bahiense-del-norte","tag-brown-madryn","tag-independiente-neuquen","tag-liga-u13"],"yoast_head":"<!-- This site is optimized with the Yoast SEO plugin v27.5 - https:\/\/yoast.com\/product\/yoast-seo-wordpress\/ -->\n<title>Empieza la semi de Liga U13 - Gente de B\u00e1squet<\/title>\n<meta name=\"robots\" content=\"index, follow, max-snippet:-1, max-image-preview:large, max-video-preview:-1\" \/>\n<link rel=\"canonical\" href=\"http:\/\/gentedebasquet.com.ar\/sitio\/2015\/12\/03\/se-viene-la-semi-de-liga-u13\/\" \/>\n<meta property=\"og:locale\" content=\"es_ES\" \/>\n<meta property=\"og:type\" content=\"article\" \/>\n<meta property=\"og:title\" content=\"Empieza la semi de Liga U13 - Gente de B\u00e1squet\" \/>\n<meta property=\"og:description\" content=\"Este fin de semana, Atenas (Patagones) organizar\u00e1 un cuadrangular de Liga U13\" \/>\n<meta property=\"og:url\" content=\"http:\/\/gentedebasquet.com.ar\/sitio\/2015\/12\/03\/se-viene-la-semi-de-liga-u13\/\" \/>\n<meta property=\"og:site_name\" content=\"Gente de B\u00e1squet\" \/>\n<meta property=\"article:published_time\" content=\"2015-12-03T18:58:59+00:00\" \/>\n<meta property=\"og:image\" content=\"http:\/\/gentedebasquet.com.ar\/sitio\/wp-content\/uploads\/2015\/12\/Bahiense-U13-Peratta.jpg\" \/>\n\t<meta property=\"og:image:width\" content=\"690\" \/>\n\t<meta property=\"og:image:height\" content=\"319\" \/>\n\t<meta property=\"og:image:type\" content=\"image\/jpeg\" \/>\n<meta name=\"author\" content=\"Gente de B\u00e1squet\" \/>\n<meta name=\"twitter:card\" content=\"summary_large_image\" \/>\n<meta name=\"twitter:label1\" content=\"Escrito por\" \/>\n\t<meta name=\"twitter:data1\" content=\"Gente de B\u00e1squet\" \/>\n\t<meta name=\"twitter:label2\" content=\"Tiempo de lectura\" \/>\n\t<meta name=\"twitter:data2\" content=\"2 minutos\" \/>\n<script type=\"application\/ld+json\" class=\"yoast-schema-graph\">{\"@context\":\"https:\\\/\\\/schema.org\",\"@graph\":[{\"@type\":\"Article\",\"@id\":\"http:\\\/\\\/gentedebasquet.com.ar\\\/sitio\\\/2015\\\/12\\\/03\\\/se-viene-la-semi-de-liga-u13\\\/#article\",\"isPartOf\":{\"@id\":\"http:\\\/\\\/gentedebasquet.com.ar\\\/sitio\\\/2015\\\/12\\\/03\\\/se-viene-la-semi-de-liga-u13\\\/\"},\"author\":{\"name\":\"Gente de B\u00e1squet\",\"@id\":\"https:\\\/\\\/gentedebasquet.com.ar\\\/sitio\\\/#\\\/schema\\\/person\\\/ca0b63bbb977369988a7bbbdc519943a\"},\"headline\":\"Empieza la semi de Liga U13\",\"datePublished\":\"2015-12-03T18:58:59+00:00\",\"mainEntityOfPage\":{\"@id\":\"http:\\\/\\\/gentedebasquet.com.ar\\\/sitio\\\/2015\\\/12\\\/03\\\/se-viene-la-semi-de-liga-u13\\\/\"},\"wordCount\":349,\"image\":{\"@id\":\"http:\\\/\\\/gentedebasquet.com.ar\\\/sitio\\\/2015\\\/12\\\/03\\\/se-viene-la-semi-de-liga-u13\\\/#primaryimage\"},\"thumbnailUrl\":\"https:\\\/\\\/gentedebasquet.com.ar\\\/sitio\\\/wp-content\\\/uploads\\\/2015\\\/12\\\/Bahiense-U13-Peratta.jpg\",\"keywords\":[\"Atenas Patagones\",\"Bahiense Del Norte\",\"Brown Madryn\",\"Independiente Neuqu\u00e9n\",\"Liga U13\"],\"articleSection\":[\"Slide\",\"U13\"],\"inLanguage\":\"es\"},{\"@type\":\"WebPage\",\"@id\":\"http:\\\/\\\/gentedebasquet.com.ar\\\/sitio\\\/2015\\\/12\\\/03\\\/se-viene-la-semi-de-liga-u13\\\/\",\"url\":\"http:\\\/\\\/gentedebasquet.com.ar\\\/sitio\\\/2015\\\/12\\\/03\\\/se-viene-la-semi-de-liga-u13\\\/\",\"name\":\"Empieza la semi de Liga U13 - Gente de B\u00e1squet\",\"isPartOf\":{\"@id\":\"https:\\\/\\\/gentedebasquet.com.ar\\\/sitio\\\/#website\"},\"primaryImageOfPage\":{\"@id\":\"http:\\\/\\\/gentedebasquet.com.ar\\\/sitio\\\/2015\\\/12\\\/03\\\/se-viene-la-semi-de-liga-u13\\\/#primaryimage\"},\"image\":{\"@id\":\"http:\\\/\\\/gentedebasquet.com.ar\\\/sitio\\\/2015\\\/12\\\/03\\\/se-viene-la-semi-de-liga-u13\\\/#primaryimage\"},\"thumbnailUrl\":\"https:\\\/\\\/gentedebasquet.com.ar\\\/sitio\\\/wp-content\\\/uploads\\\/2015\\\/12\\\/Bahiense-U13-Peratta.jpg\",\"datePublished\":\"2015-12-03T18:58:59+00:00\",\"author\":{\"@id\":\"https:\\\/\\\/gentedebasquet.com.ar\\\/sitio\\\/#\\\/schema\\\/person\\\/ca0b63bbb977369988a7bbbdc519943a\"},\"breadcrumb\":{\"@id\":\"http:\\\/\\\/gentedebasquet.com.ar\\\/sitio\\\/2015\\\/12\\\/03\\\/se-viene-la-semi-de-liga-u13\\\/#breadcrumb\"},\"inLanguage\":\"es\",\"potentialAction\":[{\"@type\":\"ReadAction\",\"target\":[\"http:\\\/\\\/gentedebasquet.com.ar\\\/sitio\\\/2015\\\/12\\\/03\\\/se-viene-la-semi-de-liga-u13\\\/\"]}]},{\"@type\":\"ImageObject\",\"inLanguage\":\"es\",\"@id\":\"http:\\\/\\\/gentedebasquet.com.ar\\\/sitio\\\/2015\\\/12\\\/03\\\/se-viene-la-semi-de-liga-u13\\\/#primaryimage\",\"url\":\"https:\\\/\\\/gentedebasquet.com.ar\\\/sitio\\\/wp-content\\\/uploads\\\/2015\\\/12\\\/Bahiense-U13-Peratta.jpg\",\"contentUrl\":\"https:\\\/\\\/gentedebasquet.com.ar\\\/sitio\\\/wp-content\\\/uploads\\\/2015\\\/12\\\/Bahiense-U13-Peratta.jpg\",\"width\":690,\"height\":319},{\"@type\":\"BreadcrumbList\",\"@id\":\"http:\\\/\\\/gentedebasquet.com.ar\\\/sitio\\\/2015\\\/12\\\/03\\\/se-viene-la-semi-de-liga-u13\\\/#breadcrumb\",\"itemListElement\":[{\"@type\":\"ListItem\",\"position\":1,\"name\":\"Portada\",\"item\":\"https:\\\/\\\/gentedebasquet.com.ar\\\/sitio\\\/\"},{\"@type\":\"ListItem\",\"position\":2,\"name\":\"Empieza la semi de Liga U13\"}]},{\"@type\":\"WebSite\",\"@id\":\"https:\\\/\\\/gentedebasquet.com.ar\\\/sitio\\\/#website\",\"url\":\"https:\\\/\\\/gentedebasquet.com.ar\\\/sitio\\\/\",\"name\":\"Gente de B\u00e1squet\",\"description\":\"La revista del basquet de Bah\u00eda Blanca\",\"potentialAction\":[{\"@type\":\"SearchAction\",\"target\":{\"@type\":\"EntryPoint\",\"urlTemplate\":\"https:\\\/\\\/gentedebasquet.com.ar\\\/sitio\\\/?s={search_term_string}\"},\"query-input\":{\"@type\":\"PropertyValueSpecification\",\"valueRequired\":true,\"valueName\":\"search_term_string\"}}],\"inLanguage\":\"es\"},{\"@type\":\"Person\",\"@id\":\"https:\\\/\\\/gentedebasquet.com.ar\\\/sitio\\\/#\\\/schema\\\/person\\\/ca0b63bbb977369988a7bbbdc519943a\",\"name\":\"Gente de B\u00e1squet\",\"image\":{\"@type\":\"ImageObject\",\"inLanguage\":\"es\",\"@id\":\"https:\\\/\\\/secure.gravatar.com\\\/avatar\\\/7f2c48bdc33b30088f941fb6082e555f2874c98e20cb159d7b92b50eadfce793?s=96&d=mm&r=g\",\"url\":\"https:\\\/\\\/secure.gravatar.com\\\/avatar\\\/7f2c48bdc33b30088f941fb6082e555f2874c98e20cb159d7b92b50eadfce793?s=96&d=mm&r=g\",\"contentUrl\":\"https:\\\/\\\/secure.gravatar.com\\\/avatar\\\/7f2c48bdc33b30088f941fb6082e555f2874c98e20cb159d7b92b50eadfce793?s=96&d=mm&r=g\",\"caption\":\"Gente de B\u00e1squet\"},\"sameAs\":[\"http:\\\/\\\/gentedebasquet.com.ar\\\/sitio\"],\"url\":\"https:\\\/\\\/gentedebasquet.com.ar\\\/sitio\\\/author\\\/ulises\\\/\"}]}<\/script>\n<!-- \/ Yoast SEO plugin. -->","yoast_head_json":{"title":"Empieza la semi de Liga U13 - Gente de B\u00e1squet","robots":{"index":"index","follow":"follow","max-snippet":"max-snippet:-1","max-image-preview":"max-image-preview:large","max-video-preview":"max-video-preview:-1"},"canonical":"http:\/\/gentedebasquet.com.ar\/sitio\/2015\/12\/03\/se-viene-la-semi-de-liga-u13\/","og_locale":"es_ES","og_type":"article","og_title":"Empieza la semi de Liga U13 - Gente de B\u00e1squet","og_description":"Este fin de semana, Atenas (Patagones) organizar\u00e1 un cuadrangular de Liga U13","og_url":"http:\/\/gentedebasquet.com.ar\/sitio\/2015\/12\/03\/se-viene-la-semi-de-liga-u13\/","og_site_name":"Gente de B\u00e1squet","article_published_time":"2015-12-03T18:58:59+00:00","og_image":[{"width":690,"height":319,"url":"http:\/\/gentedebasquet.com.ar\/sitio\/wp-content\/uploads\/2015\/12\/Bahiense-U13-Peratta.jpg","type":"image\/jpeg"}],"author":"Gente de B\u00e1squet","twitter_card":"summary_large_image","twitter_misc":{"Escrito por":"Gente de B\u00e1squet","Tiempo de lectura":"2 minutos"},"schema":{"@context":"https:\/\/schema.org","@graph":[{"@type":"Article","@id":"http:\/\/gentedebasquet.com.ar\/sitio\/2015\/12\/03\/se-viene-la-semi-de-liga-u13\/#article","isPartOf":{"@id":"http:\/\/gentedebasquet.com.ar\/sitio\/2015\/12\/03\/se-viene-la-semi-de-liga-u13\/"},"author":{"name":"Gente de B\u00e1squet","@id":"https:\/\/gentedebasquet.com.ar\/sitio\/#\/schema\/person\/ca0b63bbb977369988a7bbbdc519943a"},"headline":"Empieza la semi de Liga U13","datePublished":"2015-12-03T18:58:59+00:00","mainEntityOfPage":{"@id":"http:\/\/gentedebasquet.com.ar\/sitio\/2015\/12\/03\/se-viene-la-semi-de-liga-u13\/"},"wordCount":349,"image":{"@id":"http:\/\/gentedebasquet.com.ar\/sitio\/2015\/12\/03\/se-viene-la-semi-de-liga-u13\/#primaryimage"},"thumbnailUrl":"https:\/\/gentedebasquet.com.ar\/sitio\/wp-content\/uploads\/2015\/12\/Bahiense-U13-Peratta.jpg","keywords":["Atenas Patagones","Bahiense Del Norte","Brown Madryn","Independiente Neuqu\u00e9n","Liga U13"],"articleSection":["Slide","U13"],"inLanguage":"es"},{"@type":"WebPage","@id":"http:\/\/gentedebasquet.com.ar\/sitio\/2015\/12\/03\/se-viene-la-semi-de-liga-u13\/","url":"http:\/\/gentedebasquet.com.ar\/sitio\/2015\/12\/03\/se-viene-la-semi-de-liga-u13\/","name":"Empieza la semi de Liga U13 - Gente de B\u00e1squet","isPartOf":{"@id":"https:\/\/gentedebasquet.com.ar\/sitio\/#website"},"primaryImageOfPage":{"@id":"http:\/\/gentedebasquet.com.ar\/sitio\/2015\/12\/03\/se-viene-la-semi-de-liga-u13\/#primaryimage"},"image":{"@id":"http:\/\/gentedebasquet.com.ar\/sitio\/2015\/12\/03\/se-viene-la-semi-de-liga-u13\/#primaryimage"},"thumbnailUrl":"https:\/\/gentedebasquet.com.ar\/sitio\/wp-content\/uploads\/2015\/12\/Bahiense-U13-Peratta.jpg","datePublished":"2015-12-03T18:58:59+00:00","author":{"@id":"https:\/\/gentedebasquet.com.ar\/sitio\/#\/schema\/person\/ca0b63bbb977369988a7bbbdc519943a"},"breadcrumb":{"@id":"http:\/\/gentedebasquet.com.ar\/sitio\/2015\/12\/03\/se-viene-la-semi-de-liga-u13\/#breadcrumb"},"inLanguage":"es","potentialAction":[{"@type":"ReadAction","target":["http:\/\/gentedebasquet.com.ar\/sitio\/2015\/12\/03\/se-viene-la-semi-de-liga-u13\/"]}]},{"@type":"ImageObject","inLanguage":"es","@id":"http:\/\/gentedebasquet.com.ar\/sitio\/2015\/12\/03\/se-viene-la-semi-de-liga-u13\/#primaryimage","url":"https:\/\/gentedebasquet.com.ar\/sitio\/wp-content\/uploads\/2015\/12\/Bahiense-U13-Peratta.jpg","contentUrl":"https:\/\/gentedebasquet.com.ar\/sitio\/wp-content\/uploads\/2015\/12\/Bahiense-U13-Peratta.jpg","width":690,"height":319},{"@type":"BreadcrumbList","@id":"http:\/\/gentedebasquet.com.ar\/sitio\/2015\/12\/03\/se-viene-la-semi-de-liga-u13\/#breadcrumb","itemListElement":[{"@type":"ListItem","position":1,"name":"Portada","item":"https:\/\/gentedebasquet.com.ar\/sitio\/"},{"@type":"ListItem","position":2,"name":"Empieza la semi de Liga U13"}]},{"@type":"WebSite","@id":"https:\/\/gentedebasquet.com.ar\/sitio\/#website","url":"https:\/\/gentedebasquet.com.ar\/sitio\/","name":"Gente de B\u00e1squet","description":"La revista del basquet de Bah\u00eda Blanca","potentialAction":[{"@type":"SearchAction","target":{"@type":"EntryPoint","urlTemplate":"https:\/\/gentedebasquet.com.ar\/sitio\/?s={search_term_string}"},"query-input":{"@type":"PropertyValueSpecification","valueRequired":true,"valueName":"search_term_string"}}],"inLanguage":"es"},{"@type":"Person","@id":"https:\/\/gentedebasquet.com.ar\/sitio\/#\/schema\/person\/ca0b63bbb977369988a7bbbdc519943a","name":"Gente de B\u00e1squet","image":{"@type":"ImageObject","inLanguage":"es","@id":"https:\/\/secure.gravatar.com\/avatar\/7f2c48bdc33b30088f941fb6082e555f2874c98e20cb159d7b92b50eadfce793?s=96&d=mm&r=g","url":"https:\/\/secure.gravatar.com\/avatar\/7f2c48bdc33b30088f941fb6082e555f2874c98e20cb159d7b92b50eadfce793?s=96&d=mm&r=g","contentUrl":"https:\/\/secure.gravatar.com\/avatar\/7f2c48bdc33b30088f941fb6082e555f2874c98e20cb159d7b92b50eadfce793?s=96&d=mm&r=g","caption":"Gente de B\u00e1squet"},"sameAs":["http:\/\/gentedebasquet.com.ar\/sitio"],"url":"https:\/\/gentedebasquet.com.ar\/sitio\/author\/ulises\/"}]}},"_links":{"self":[{"href":"https:\/\/gentedebasquet.com.ar\/sitio\/wp-json\/wp\/v2\/posts\/54702","targetHints":{"allow":["GET"]}}],"collection":[{"href":"https:\/\/gentedebasquet.com.ar\/sitio\/wp-json\/wp\/v2\/posts"}],"about":[{"href":"https:\/\/gentedebasquet.com.ar\/sitio\/wp-json\/wp\/v2\/types\/post"}],"author":[{"embeddable":true,"href":"https:\/\/gentedebasquet.com.ar\/sitio\/wp-json\/wp\/v2\/users\/1"}],"replies":[{"embeddable":true,"href":"https:\/\/gentedebasquet.com.ar\/sitio\/wp-json\/wp\/v2\/comments?post=54702"}],"version-history":[{"count":0,"href":"https:\/\/gentedebasquet.com.ar\/sitio\/wp-json\/wp\/v2\/posts\/54702\/revisions"}],"wp:featuredmedia":[{"embeddable":true,"href":"https:\/\/gentedebasquet.com.ar\/sitio\/wp-json\/wp\/v2\/media\/54703"}],"wp:attachment":[{"href":"https:\/\/gentedebasquet.com.ar\/sitio\/wp-json\/wp\/v2\/media?parent=54702"}],"wp:term":[{"taxonomy":"category","embeddable":true,"href":"https:\/\/gentedebasquet.com.ar\/sitio\/wp-json\/wp\/v2\/categories?post=54702"},{"taxonomy":"post_tag","embeddable":true,"href":"https:\/\/gentedebasquet.com.ar\/sitio\/wp-json\/wp\/v2\/tags?post=54702"}],"curies":[{"name":"wp","href":"https:\/\/api.w.org\/{rel}","templated":true}]}}