{"id":54710,"date":"2015-12-03T00:14:00","date_gmt":"2015-12-03T03:14:00","guid":{"rendered":"http:\/\/www.gentedebasquet.com.ar\/?p=54710"},"modified":"2015-12-03T00:14:00","modified_gmt":"2015-12-03T03:14:00","slug":"olimpo-hablo-otro-idioma","status":"publish","type":"post","link":"https:\/\/gentedebasquet.com.ar\/sitio\/2015\/12\/03\/olimpo-hablo-otro-idioma\/","title":{"rendered":"Olimpo habl\u00f3 otro idioma"},"content":{"rendered":"<p><strong><span style=\"line-height: 1.5em;\">En su m\u00e1s baja producci\u00f3n de local por el TNA, el aurinegro cay\u00f3 con Hispano Americano (R\u00edo Gallegos) por 79 a 64. Solo en el 1C se sinti\u00f3 c\u00f3modo, con Chaves anotando (hizo sus 7 puntos) y aprovechando el mal porcentaje de la visita (1\/7 en triples). Cuando la empez\u00f3 a meter, Hispano se agrand\u00f3, se pas\u00f3 la bola y domin\u00f3 el juego. Sobresalieron Martin (23) y Oprandi (13). Adem\u00e1s, hubo 9 y 4 tableros de Gonzalo Torres. Al final, Maceratesi agredi\u00f3 a un hincha de esos que no son gente de b\u00e1squet y que lo hab\u00eda insultado.<\/span><\/strong><\/p>\n<p><span style=\"line-height: 1.5em;\">Reci\u00e9n cuando Chaves anot\u00f3 su primer triple, a 6m13 del final del 1C,\u00a0Olimpo entr\u00f3 en juego (7-4). Hispano apost\u00f3 por buscar la pintura, tanto que a la postre Gutman y Martin Jr. fueron sus m\u00e1ximos anotadores del segmento, ambos con 5 tantos. Fue corriendo como el local se pudo despegar (13-8), adem\u00e1s de disfrutar de una notable asistencia de Agust\u00edn S\u00e1nchez a Chaves, pasando la bola por debajo de sus piernas. Encima, la visita abus\u00f3 del tiro exterior (1\/7) y qued\u00f3 relegada (18-11).<\/span><\/p>\n<p>Sin embargo, esa intenci\u00f3n qued\u00f3 plasmada en el 2C, cuando los disparos a distancia comenzaron a entrar en la visita. En total, Hispano pas\u00f3 de tirar un 14 % desde el per\u00edmetro a un 45 %, con 4\/4 en el segundo chico. Esa efectividad, sumado al descanso de Chaves (dos personales) y la baja efectividad del aurinegro en la l\u00ednea (7\/13), puso al frente a la visita: 27-28.\u00a0A Olimpo le cost\u00f3 mantener el ritmo pretendido; m\u00e1s a\u00fan, con la ausencia de Arens, Miguel y Gim\u00e9nez, todos por lesi\u00f3n.<\/p>\n<p>La ventaja y la experiencia de varios de sus jugadores le permiti\u00f3 a Hispano mover el bal\u00f3n con suma paciencia en el inicio del 3C, cuando de la mano de Oprandi alcanz\u00f3 la m\u00e1xima -hasta all\u00ed- de 9 tantos (30-39). Encima, Chaves cometi\u00f3 su cuarta falta personal (a 6m23) y debi\u00f3 regresar al banco. Fue el peor momento del aurinegro como local en la temporada, desanimado atr\u00e1s y sin ideas en ataque. Encima, Terry Martin Jr. (8\/10 en dobles) cort\u00f3 un pase y se dirigi\u00f3 a volcarla sin oposici\u00f3n: 34-47 a 15m05. Maceratesi opt\u00f3 por poner en cancha al tercer base, Franco Ruesga, en busca de respuestas.<\/p>\n<p>Un par de bombas (Ruesga y Cecchi) animaron al escaso p\u00fablico aurinegro, aunque Oprandi, con un triplazo de 9 metros y sin tiempo de posesi\u00f3n, se encarg\u00f3 de acallarlos (44-56). Lo \u00fanico que vari\u00f3 hasta el final fue la m\u00e1xima de Hispano, que lleg\u00f3 a ser de 15. Olimpo intent\u00f3, con presi\u00f3n alta y defensa combinada, prestando atenci\u00f3n en Paredes. Aunque cada vez que lograba anotar, aparec\u00eda enfrente una mano caliente para derribar cualquier intento de remontada. Pablo Fern\u00e1ndez y Mignani, a distancia, cerraron la noche dentro del parquet.<\/p>\n<p>Afuera, una reiterada catarata de insultos de un hincha aurinegro -de esos que poca relaci\u00f3n tienen con el b\u00e1squet-, pidiendo m\u00e1s \u00abentrega\u00bb, cans\u00f3 a Maceratesi, quien fue a buscarlo. La agresi\u00f3n fue explicada minutos m\u00e1s tarde en los micr\u00f3fonos de <em>Gente de B\u00e1squet<\/em>, por FM Universal 95.5: \u00a0\u00abPido disculpas por mi reacci\u00f3n. Est\u00e1 mal lo que hice. Tengo un l\u00edmite y los agravios no me los banco\u00bb, sostuvo el entrenador, gran responsable de que hoy Olimpo est\u00e9 disfrutando de jugar en el segundo escal\u00f3n del b\u00e1squet nacional.<\/p>\n<p>&nbsp;<\/p>\n<p><strong>S\u00edntesis |<\/strong> TNA \u2013 Conferencia Sur<\/p>\n<p><strong>Olimpo 64:<\/strong> Mariano Castets 9, Mat\u00edas Chaves 7, Valent\u00edn Bettiga 8, Chris Smith 3, Agust\u00edn S\u00e1nchez 5 (x) (Fi); Juan Ignacio Bellozas 7, Jos\u00e9 Guti\u00e9rrez 10, Leandro Cecchi 8 y Franco Ruesga 7. DT: Franco Maceratesi.<\/p>\n<p><strong>Hispano Americano (R\u00edo Gallegos) 79:<\/strong> Bruno Oprandi 13, Sebasti\u00e1n Mignani 8, Pablo Fern\u00e1ndez 11, Terry Martin Jr. 23, Fernando Gutman 5 (Fi); Gonzalo Torres 9, Carlos Paredes 4, Gast\u00f3n Morales 6 y Diego Koch 0. DT: Bernardo Murphy.<\/p>\n<p><strong>Parciales:<\/strong> 20-14, 28-34 (8-20), 46-57 (18-23) y 64-79 (18-22).<\/p>\n<p><strong>\u00c1rbitros:<\/strong> Alejandro Tr\u00edas &#8211; Maximiliano Moral.<\/p>\n<p><strong>Comisionado:<\/strong> Carlos Rodr\u00edguez.<\/p>\n<p><strong>Estadio:<\/strong> Norberto Tom\u00e1s (Olimpo).<\/p>\n<p><a href=\"http:\/\/www.fibalivestats.com\/u\/ADC\/230641\/\" target=\"_blank\" rel=\"noopener\">ESTAD\u00cdSTICAS OFICIALES<\/a><\/p>\n","protected":false},"excerpt":{"rendered":"<p>En su m\u00e1s baja producci\u00f3n de local por el TNA, cay\u00f3 con Hispano por 79 a 64<\/p>\n","protected":false},"author":1,"featured_media":54726,"comment_status":"closed","ping_status":"open","sticky":false,"template":"","format":"standard","meta":{"jnews-multi-image_gallery":[],"jnews_single_post":[],"jnews_primary_category":[],"footnotes":""},"categories":[112,39,101],"tags":[132,1126,16,121],"class_list":["post-54710","post","type-post","status-publish","format-standard","has-post-thumbnail","hentry","category-tna","category-nacional","category-slide","tag-gonzalo-torres","tag-hispano-americano","tag-olimpo","tag-tna"],"yoast_head":"<!-- This site is optimized with the Yoast SEO plugin v27.5 - https:\/\/yoast.com\/product\/yoast-seo-wordpress\/ -->\n<title>Olimpo habl\u00f3 otro idioma - Gente de B\u00e1squet<\/title>\n<meta name=\"robots\" content=\"index, follow, max-snippet:-1, max-image-preview:large, max-video-preview:-1\" \/>\n<link rel=\"canonical\" href=\"https:\/\/gentedebasquet.com.ar\/sitio\/2015\/12\/03\/olimpo-hablo-otro-idioma\/\" \/>\n<meta property=\"og:locale\" content=\"es_ES\" \/>\n<meta property=\"og:type\" content=\"article\" \/>\n<meta property=\"og:title\" content=\"Olimpo habl\u00f3 otro idioma - Gente de B\u00e1squet\" \/>\n<meta property=\"og:description\" content=\"En su m\u00e1s baja producci\u00f3n de local por el TNA, cay\u00f3 con Hispano por 79 a 64\" \/>\n<meta property=\"og:url\" content=\"https:\/\/gentedebasquet.com.ar\/sitio\/2015\/12\/03\/olimpo-hablo-otro-idioma\/\" \/>\n<meta property=\"og:site_name\" content=\"Gente de B\u00e1squet\" \/>\n<meta property=\"article:published_time\" content=\"2015-12-03T03:14:00+00:00\" \/>\n<meta property=\"og:image\" content=\"https:\/\/gentedebasquet.com.ar\/sitio\/wp-content\/uploads\/2015\/12\/Olimpo-Hispano.jpg\" \/>\n\t<meta property=\"og:image:width\" content=\"690\" \/>\n\t<meta property=\"og:image:height\" content=\"319\" \/>\n\t<meta property=\"og:image:type\" content=\"image\/jpeg\" \/>\n<meta name=\"author\" content=\"Gente de B\u00e1squet\" \/>\n<meta name=\"twitter:card\" content=\"summary_large_image\" \/>\n<meta name=\"twitter:label1\" content=\"Escrito por\" \/>\n\t<meta name=\"twitter:data1\" content=\"Gente de B\u00e1squet\" \/>\n\t<meta name=\"twitter:label2\" content=\"Tiempo de lectura\" \/>\n\t<meta name=\"twitter:data2\" content=\"3 minutos\" \/>\n<script type=\"application\/ld+json\" class=\"yoast-schema-graph\">{\"@context\":\"https:\\\/\\\/schema.org\",\"@graph\":[{\"@type\":\"Article\",\"@id\":\"https:\\\/\\\/gentedebasquet.com.ar\\\/sitio\\\/2015\\\/12\\\/03\\\/olimpo-hablo-otro-idioma\\\/#article\",\"isPartOf\":{\"@id\":\"https:\\\/\\\/gentedebasquet.com.ar\\\/sitio\\\/2015\\\/12\\\/03\\\/olimpo-hablo-otro-idioma\\\/\"},\"author\":{\"name\":\"Gente de B\u00e1squet\",\"@id\":\"https:\\\/\\\/gentedebasquet.com.ar\\\/sitio\\\/#\\\/schema\\\/person\\\/ca0b63bbb977369988a7bbbdc519943a\"},\"headline\":\"Olimpo habl\u00f3 otro idioma\",\"datePublished\":\"2015-12-03T03:14:00+00:00\",\"mainEntityOfPage\":{\"@id\":\"https:\\\/\\\/gentedebasquet.com.ar\\\/sitio\\\/2015\\\/12\\\/03\\\/olimpo-hablo-otro-idioma\\\/\"},\"wordCount\":676,\"image\":{\"@id\":\"https:\\\/\\\/gentedebasquet.com.ar\\\/sitio\\\/2015\\\/12\\\/03\\\/olimpo-hablo-otro-idioma\\\/#primaryimage\"},\"thumbnailUrl\":\"https:\\\/\\\/gentedebasquet.com.ar\\\/sitio\\\/wp-content\\\/uploads\\\/2015\\\/12\\\/Olimpo-Hispano.jpg\",\"keywords\":[\"Gonzalo Torres\",\"Hispano Americano\",\"Ol\u00edmpo\",\"TNA\"],\"articleSection\":[\"Liga Argentina\",\"Nacional\",\"Slide\"],\"inLanguage\":\"es\"},{\"@type\":\"WebPage\",\"@id\":\"https:\\\/\\\/gentedebasquet.com.ar\\\/sitio\\\/2015\\\/12\\\/03\\\/olimpo-hablo-otro-idioma\\\/\",\"url\":\"https:\\\/\\\/gentedebasquet.com.ar\\\/sitio\\\/2015\\\/12\\\/03\\\/olimpo-hablo-otro-idioma\\\/\",\"name\":\"Olimpo habl\u00f3 otro idioma - Gente de B\u00e1squet\",\"isPartOf\":{\"@id\":\"https:\\\/\\\/gentedebasquet.com.ar\\\/sitio\\\/#website\"},\"primaryImageOfPage\":{\"@id\":\"https:\\\/\\\/gentedebasquet.com.ar\\\/sitio\\\/2015\\\/12\\\/03\\\/olimpo-hablo-otro-idioma\\\/#primaryimage\"},\"image\":{\"@id\":\"https:\\\/\\\/gentedebasquet.com.ar\\\/sitio\\\/2015\\\/12\\\/03\\\/olimpo-hablo-otro-idioma\\\/#primaryimage\"},\"thumbnailUrl\":\"https:\\\/\\\/gentedebasquet.com.ar\\\/sitio\\\/wp-content\\\/uploads\\\/2015\\\/12\\\/Olimpo-Hispano.jpg\",\"datePublished\":\"2015-12-03T03:14:00+00:00\",\"author\":{\"@id\":\"https:\\\/\\\/gentedebasquet.com.ar\\\/sitio\\\/#\\\/schema\\\/person\\\/ca0b63bbb977369988a7bbbdc519943a\"},\"breadcrumb\":{\"@id\":\"https:\\\/\\\/gentedebasquet.com.ar\\\/sitio\\\/2015\\\/12\\\/03\\\/olimpo-hablo-otro-idioma\\\/#breadcrumb\"},\"inLanguage\":\"es\",\"potentialAction\":[{\"@type\":\"ReadAction\",\"target\":[\"https:\\\/\\\/gentedebasquet.com.ar\\\/sitio\\\/2015\\\/12\\\/03\\\/olimpo-hablo-otro-idioma\\\/\"]}]},{\"@type\":\"ImageObject\",\"inLanguage\":\"es\",\"@id\":\"https:\\\/\\\/gentedebasquet.com.ar\\\/sitio\\\/2015\\\/12\\\/03\\\/olimpo-hablo-otro-idioma\\\/#primaryimage\",\"url\":\"https:\\\/\\\/gentedebasquet.com.ar\\\/sitio\\\/wp-content\\\/uploads\\\/2015\\\/12\\\/Olimpo-Hispano.jpg\",\"contentUrl\":\"https:\\\/\\\/gentedebasquet.com.ar\\\/sitio\\\/wp-content\\\/uploads\\\/2015\\\/12\\\/Olimpo-Hispano.jpg\",\"width\":690,\"height\":319},{\"@type\":\"BreadcrumbList\",\"@id\":\"https:\\\/\\\/gentedebasquet.com.ar\\\/sitio\\\/2015\\\/12\\\/03\\\/olimpo-hablo-otro-idioma\\\/#breadcrumb\",\"itemListElement\":[{\"@type\":\"ListItem\",\"position\":1,\"name\":\"Portada\",\"item\":\"https:\\\/\\\/gentedebasquet.com.ar\\\/sitio\\\/\"},{\"@type\":\"ListItem\",\"position\":2,\"name\":\"Olimpo habl\u00f3 otro idioma\"}]},{\"@type\":\"WebSite\",\"@id\":\"https:\\\/\\\/gentedebasquet.com.ar\\\/sitio\\\/#website\",\"url\":\"https:\\\/\\\/gentedebasquet.com.ar\\\/sitio\\\/\",\"name\":\"Gente de B\u00e1squet\",\"description\":\"La revista del basquet de Bah\u00eda Blanca\",\"potentialAction\":[{\"@type\":\"SearchAction\",\"target\":{\"@type\":\"EntryPoint\",\"urlTemplate\":\"https:\\\/\\\/gentedebasquet.com.ar\\\/sitio\\\/?s={search_term_string}\"},\"query-input\":{\"@type\":\"PropertyValueSpecification\",\"valueRequired\":true,\"valueName\":\"search_term_string\"}}],\"inLanguage\":\"es\"},{\"@type\":\"Person\",\"@id\":\"https:\\\/\\\/gentedebasquet.com.ar\\\/sitio\\\/#\\\/schema\\\/person\\\/ca0b63bbb977369988a7bbbdc519943a\",\"name\":\"Gente de B\u00e1squet\",\"image\":{\"@type\":\"ImageObject\",\"inLanguage\":\"es\",\"@id\":\"https:\\\/\\\/secure.gravatar.com\\\/avatar\\\/7f2c48bdc33b30088f941fb6082e555f2874c98e20cb159d7b92b50eadfce793?s=96&d=mm&r=g\",\"url\":\"https:\\\/\\\/secure.gravatar.com\\\/avatar\\\/7f2c48bdc33b30088f941fb6082e555f2874c98e20cb159d7b92b50eadfce793?s=96&d=mm&r=g\",\"contentUrl\":\"https:\\\/\\\/secure.gravatar.com\\\/avatar\\\/7f2c48bdc33b30088f941fb6082e555f2874c98e20cb159d7b92b50eadfce793?s=96&d=mm&r=g\",\"caption\":\"Gente de B\u00e1squet\"},\"sameAs\":[\"http:\\\/\\\/gentedebasquet.com.ar\\\/sitio\"],\"url\":\"https:\\\/\\\/gentedebasquet.com.ar\\\/sitio\\\/author\\\/ulises\\\/\"}]}<\/script>\n<!-- \/ Yoast SEO plugin. -->","yoast_head_json":{"title":"Olimpo habl\u00f3 otro idioma - Gente de B\u00e1squet","robots":{"index":"index","follow":"follow","max-snippet":"max-snippet:-1","max-image-preview":"max-image-preview:large","max-video-preview":"max-video-preview:-1"},"canonical":"https:\/\/gentedebasquet.com.ar\/sitio\/2015\/12\/03\/olimpo-hablo-otro-idioma\/","og_locale":"es_ES","og_type":"article","og_title":"Olimpo habl\u00f3 otro idioma - Gente de B\u00e1squet","og_description":"En su m\u00e1s baja producci\u00f3n de local por el TNA, cay\u00f3 con Hispano por 79 a 64","og_url":"https:\/\/gentedebasquet.com.ar\/sitio\/2015\/12\/03\/olimpo-hablo-otro-idioma\/","og_site_name":"Gente de B\u00e1squet","article_published_time":"2015-12-03T03:14:00+00:00","og_image":[{"width":690,"height":319,"url":"https:\/\/gentedebasquet.com.ar\/sitio\/wp-content\/uploads\/2015\/12\/Olimpo-Hispano.jpg","type":"image\/jpeg"}],"author":"Gente de B\u00e1squet","twitter_card":"summary_large_image","twitter_misc":{"Escrito por":"Gente de B\u00e1squet","Tiempo de lectura":"3 minutos"},"schema":{"@context":"https:\/\/schema.org","@graph":[{"@type":"Article","@id":"https:\/\/gentedebasquet.com.ar\/sitio\/2015\/12\/03\/olimpo-hablo-otro-idioma\/#article","isPartOf":{"@id":"https:\/\/gentedebasquet.com.ar\/sitio\/2015\/12\/03\/olimpo-hablo-otro-idioma\/"},"author":{"name":"Gente de B\u00e1squet","@id":"https:\/\/gentedebasquet.com.ar\/sitio\/#\/schema\/person\/ca0b63bbb977369988a7bbbdc519943a"},"headline":"Olimpo habl\u00f3 otro idioma","datePublished":"2015-12-03T03:14:00+00:00","mainEntityOfPage":{"@id":"https:\/\/gentedebasquet.com.ar\/sitio\/2015\/12\/03\/olimpo-hablo-otro-idioma\/"},"wordCount":676,"image":{"@id":"https:\/\/gentedebasquet.com.ar\/sitio\/2015\/12\/03\/olimpo-hablo-otro-idioma\/#primaryimage"},"thumbnailUrl":"https:\/\/gentedebasquet.com.ar\/sitio\/wp-content\/uploads\/2015\/12\/Olimpo-Hispano.jpg","keywords":["Gonzalo Torres","Hispano Americano","Ol\u00edmpo","TNA"],"articleSection":["Liga Argentina","Nacional","Slide"],"inLanguage":"es"},{"@type":"WebPage","@id":"https:\/\/gentedebasquet.com.ar\/sitio\/2015\/12\/03\/olimpo-hablo-otro-idioma\/","url":"https:\/\/gentedebasquet.com.ar\/sitio\/2015\/12\/03\/olimpo-hablo-otro-idioma\/","name":"Olimpo habl\u00f3 otro idioma - Gente de B\u00e1squet","isPartOf":{"@id":"https:\/\/gentedebasquet.com.ar\/sitio\/#website"},"primaryImageOfPage":{"@id":"https:\/\/gentedebasquet.com.ar\/sitio\/2015\/12\/03\/olimpo-hablo-otro-idioma\/#primaryimage"},"image":{"@id":"https:\/\/gentedebasquet.com.ar\/sitio\/2015\/12\/03\/olimpo-hablo-otro-idioma\/#primaryimage"},"thumbnailUrl":"https:\/\/gentedebasquet.com.ar\/sitio\/wp-content\/uploads\/2015\/12\/Olimpo-Hispano.jpg","datePublished":"2015-12-03T03:14:00+00:00","author":{"@id":"https:\/\/gentedebasquet.com.ar\/sitio\/#\/schema\/person\/ca0b63bbb977369988a7bbbdc519943a"},"breadcrumb":{"@id":"https:\/\/gentedebasquet.com.ar\/sitio\/2015\/12\/03\/olimpo-hablo-otro-idioma\/#breadcrumb"},"inLanguage":"es","potentialAction":[{"@type":"ReadAction","target":["https:\/\/gentedebasquet.com.ar\/sitio\/2015\/12\/03\/olimpo-hablo-otro-idioma\/"]}]},{"@type":"ImageObject","inLanguage":"es","@id":"https:\/\/gentedebasquet.com.ar\/sitio\/2015\/12\/03\/olimpo-hablo-otro-idioma\/#primaryimage","url":"https:\/\/gentedebasquet.com.ar\/sitio\/wp-content\/uploads\/2015\/12\/Olimpo-Hispano.jpg","contentUrl":"https:\/\/gentedebasquet.com.ar\/sitio\/wp-content\/uploads\/2015\/12\/Olimpo-Hispano.jpg","width":690,"height":319},{"@type":"BreadcrumbList","@id":"https:\/\/gentedebasquet.com.ar\/sitio\/2015\/12\/03\/olimpo-hablo-otro-idioma\/#breadcrumb","itemListElement":[{"@type":"ListItem","position":1,"name":"Portada","item":"https:\/\/gentedebasquet.com.ar\/sitio\/"},{"@type":"ListItem","position":2,"name":"Olimpo habl\u00f3 otro idioma"}]},{"@type":"WebSite","@id":"https:\/\/gentedebasquet.com.ar\/sitio\/#website","url":"https:\/\/gentedebasquet.com.ar\/sitio\/","name":"Gente de B\u00e1squet","description":"La revista del basquet de Bah\u00eda Blanca","potentialAction":[{"@type":"SearchAction","target":{"@type":"EntryPoint","urlTemplate":"https:\/\/gentedebasquet.com.ar\/sitio\/?s={search_term_string}"},"query-input":{"@type":"PropertyValueSpecification","valueRequired":true,"valueName":"search_term_string"}}],"inLanguage":"es"},{"@type":"Person","@id":"https:\/\/gentedebasquet.com.ar\/sitio\/#\/schema\/person\/ca0b63bbb977369988a7bbbdc519943a","name":"Gente de B\u00e1squet","image":{"@type":"ImageObject","inLanguage":"es","@id":"https:\/\/secure.gravatar.com\/avatar\/7f2c48bdc33b30088f941fb6082e555f2874c98e20cb159d7b92b50eadfce793?s=96&d=mm&r=g","url":"https:\/\/secure.gravatar.com\/avatar\/7f2c48bdc33b30088f941fb6082e555f2874c98e20cb159d7b92b50eadfce793?s=96&d=mm&r=g","contentUrl":"https:\/\/secure.gravatar.com\/avatar\/7f2c48bdc33b30088f941fb6082e555f2874c98e20cb159d7b92b50eadfce793?s=96&d=mm&r=g","caption":"Gente de B\u00e1squet"},"sameAs":["http:\/\/gentedebasquet.com.ar\/sitio"],"url":"https:\/\/gentedebasquet.com.ar\/sitio\/author\/ulises\/"}]}},"_links":{"self":[{"href":"https:\/\/gentedebasquet.com.ar\/sitio\/wp-json\/wp\/v2\/posts\/54710","targetHints":{"allow":["GET"]}}],"collection":[{"href":"https:\/\/gentedebasquet.com.ar\/sitio\/wp-json\/wp\/v2\/posts"}],"about":[{"href":"https:\/\/gentedebasquet.com.ar\/sitio\/wp-json\/wp\/v2\/types\/post"}],"author":[{"embeddable":true,"href":"https:\/\/gentedebasquet.com.ar\/sitio\/wp-json\/wp\/v2\/users\/1"}],"replies":[{"embeddable":true,"href":"https:\/\/gentedebasquet.com.ar\/sitio\/wp-json\/wp\/v2\/comments?post=54710"}],"version-history":[{"count":0,"href":"https:\/\/gentedebasquet.com.ar\/sitio\/wp-json\/wp\/v2\/posts\/54710\/revisions"}],"wp:featuredmedia":[{"embeddable":true,"href":"https:\/\/gentedebasquet.com.ar\/sitio\/wp-json\/wp\/v2\/media\/54726"}],"wp:attachment":[{"href":"https:\/\/gentedebasquet.com.ar\/sitio\/wp-json\/wp\/v2\/media?parent=54710"}],"wp:term":[{"taxonomy":"category","embeddable":true,"href":"https:\/\/gentedebasquet.com.ar\/sitio\/wp-json\/wp\/v2\/categories?post=54710"},{"taxonomy":"post_tag","embeddable":true,"href":"https:\/\/gentedebasquet.com.ar\/sitio\/wp-json\/wp\/v2\/tags?post=54710"}],"curies":[{"name":"wp","href":"https:\/\/api.w.org\/{rel}","templated":true}]}}