{"id":54788,"date":"2015-12-04T07:49:16","date_gmt":"2015-12-04T10:49:16","guid":{"rendered":"http:\/\/www.gentedebasquet.com.ar\/?p=54788"},"modified":"2015-12-04T07:49:16","modified_gmt":"2015-12-04T10:49:16","slug":"el-alma-ya-piensa-en-rio","status":"publish","type":"post","link":"https:\/\/gentedebasquet.com.ar\/sitio\/2015\/12\/04\/el-alma-ya-piensa-en-rio\/","title":{"rendered":"El Alma ya piensa en R\u00edo"},"content":{"rendered":"<p><strong>El equipo de Sergio Hern\u00e1ndez nuevamente realizar\u00e1 una parte de su preparaci\u00f3n en los Estados Unidos. Ser\u00e1 del 13 al 22 de julio, con un amistoso confirmado ante el conjunto de Krzyzewski para el 22. \u00abEstoy seguro de que nos servir\u00e1 en nuestro trayecto a R\u00edo\u00bb, analiz\u00f3 el entrenador.\u00a0\u00abEstamos trabajando con Sergio para cerrar el calendario y el programa de amistosos\u00bb, sostuvo Federico Susbielles.<\/strong><\/p>\n<p>Despu\u00e9s de varias semanas de gesti\u00f3n, finalmente se confirm\u00f3 la noticia: la Selecci\u00f3n Argentina Masculina concentrar\u00e1 por segundo a\u00f1o consecutivo en los Estados Unidos, como parte de su preparaci\u00f3n para los Juegos Ol\u00edmpicos de R\u00edo. El equipo dirigido por Sergio Hern\u00e1ndez se instalar\u00e1 esta vez en la ciudad de Las Vegas, del 13 al 22 de julio, con un amistoso el \u00faltimo d\u00eda, ante los NBA de USA Basketball.<\/p>\n<p>\u00abPor segundo a\u00f1o consecutivo podremos prepararnos en Estados Unidos. Y me alegra, porque lo de Houston hab\u00eda significado un paso adelante que, a la larga, termin\u00f3 influyendo en el resultado final, en M\u00e9xico. Definitivamente nos permitir\u00e1 trabajar durante diez d\u00edas con much\u00edsimas facilidades, nada menos que en un lugar como Las Vegas, y con un amistoso ante el campe\u00f3n del mundo. Sin dudas, una tremenda gesti\u00f3n de Fabricio Oberto y CABB. Estoy seguro de que nos servir\u00e1 en nuestro trayecto a R\u00edo\u00bb, analiz\u00f3 el entrenador Sergio Hern\u00e1ndez.<\/p>\n<p>Por su parte, el Interventor Federico Susbielles tambi\u00e9n se mostr\u00f3 contento con la novedad. \u00abEstamos trabajando con Sergio para cerrar el calendario y el programa de amistosos. A pedido de \u00e9l vamos a repetir la concentraci\u00f3n en Estados Unidos. Tambi\u00e9n habr\u00e1 uno o dos partidos m\u00e1s, adem\u00e1s del confirmado. Ah\u00ed estamos viendo alternativas. Puede ser que enfrentemos a una selecci\u00f3n B de Estados Unidos, un equipo de liga de verano de NBA o alguna otra selecci\u00f3n que juegue en R\u00edo y est\u00e9 tambi\u00e9n concentrando en ese pa\u00eds\u00bb, se\u00f1al\u00f3 el Interventor Federico Susbielles.<\/p>\n<p>Acerca de los partidos en Argentina, habr\u00e1, al menos cinco cotejos ante rivales ol\u00edmpicos antes de la partida definitiva a R\u00edo de Janeiro, que est\u00e1 prevista para el 3 de agosto, en horas de la ma\u00f1ana. En las pr\u00f3ximas semanas se avanzar\u00e1 en las respectivas confirmaciones de fechas y sedes.<\/p>\n<p><strong>Fuente:<\/strong> Prensa CABB.<\/p>\n<p><strong>Foto:<\/strong> FIBA Americas.<\/p>\n","protected":false},"excerpt":{"rendered":"<p>Jugar\u00e1 5 amistosos en nuestro pa\u00eds e ir\u00e1 a Las Vegas para concentrar 10 d\u00edas<\/p>\n","protected":false},"author":1,"featured_media":54789,"comment_status":"closed","ping_status":"open","sticky":false,"template":"","format":"standard","meta":{"jnews-multi-image_gallery":[],"jnews_single_post":[],"jnews_primary_category":[],"footnotes":""},"categories":[1152,61,101],"tags":[143,393,1153,403],"class_list":["post-54788","post","type-post","status-publish","format-standard","has-post-thumbnail","hentry","category-rio2016","category-selecciones-nacionales","category-slide","tag-cabb","tag-federico-susbielles","tag-las-vegas","tag-sergio-hernandez"],"yoast_head":"<!-- This site is optimized with the Yoast SEO plugin v27.5 - https:\/\/yoast.com\/product\/yoast-seo-wordpress\/ -->\n<title>El Alma ya piensa en R\u00edo - Gente de B\u00e1squet<\/title>\n<meta name=\"robots\" content=\"index, follow, max-snippet:-1, max-image-preview:large, max-video-preview:-1\" \/>\n<link rel=\"canonical\" href=\"https:\/\/gentedebasquet.com.ar\/sitio\/2015\/12\/04\/el-alma-ya-piensa-en-rio\/\" \/>\n<meta property=\"og:locale\" content=\"es_ES\" \/>\n<meta property=\"og:type\" content=\"article\" \/>\n<meta property=\"og:title\" content=\"El Alma ya piensa en R\u00edo - Gente de B\u00e1squet\" \/>\n<meta property=\"og:description\" content=\"Jugar\u00e1 5 amistosos en nuestro pa\u00eds e ir\u00e1 a Las Vegas para concentrar 10 d\u00edas\" \/>\n<meta property=\"og:url\" content=\"https:\/\/gentedebasquet.com.ar\/sitio\/2015\/12\/04\/el-alma-ya-piensa-en-rio\/\" \/>\n<meta property=\"og:site_name\" content=\"Gente de B\u00e1squet\" \/>\n<meta property=\"article:published_time\" content=\"2015-12-04T10:49:16+00:00\" \/>\n<meta property=\"og:image\" content=\"https:\/\/gentedebasquet.com.ar\/sitio\/wp-content\/uploads\/2015\/12\/Hernandez.jpg\" \/>\n\t<meta property=\"og:image:width\" content=\"672\" \/>\n\t<meta property=\"og:image:height\" content=\"319\" \/>\n\t<meta property=\"og:image:type\" content=\"image\/jpeg\" \/>\n<meta name=\"author\" content=\"Gente de B\u00e1squet\" \/>\n<meta name=\"twitter:card\" content=\"summary_large_image\" \/>\n<meta name=\"twitter:label1\" content=\"Escrito por\" \/>\n\t<meta name=\"twitter:data1\" content=\"Gente de B\u00e1squet\" \/>\n\t<meta name=\"twitter:label2\" content=\"Tiempo de lectura\" \/>\n\t<meta name=\"twitter:data2\" content=\"2 minutos\" \/>\n<script type=\"application\/ld+json\" class=\"yoast-schema-graph\">{\"@context\":\"https:\\\/\\\/schema.org\",\"@graph\":[{\"@type\":\"Article\",\"@id\":\"https:\\\/\\\/gentedebasquet.com.ar\\\/sitio\\\/2015\\\/12\\\/04\\\/el-alma-ya-piensa-en-rio\\\/#article\",\"isPartOf\":{\"@id\":\"https:\\\/\\\/gentedebasquet.com.ar\\\/sitio\\\/2015\\\/12\\\/04\\\/el-alma-ya-piensa-en-rio\\\/\"},\"author\":{\"name\":\"Gente de B\u00e1squet\",\"@id\":\"https:\\\/\\\/gentedebasquet.com.ar\\\/sitio\\\/#\\\/schema\\\/person\\\/ca0b63bbb977369988a7bbbdc519943a\"},\"headline\":\"El Alma ya piensa en R\u00edo\",\"datePublished\":\"2015-12-04T10:49:16+00:00\",\"mainEntityOfPage\":{\"@id\":\"https:\\\/\\\/gentedebasquet.com.ar\\\/sitio\\\/2015\\\/12\\\/04\\\/el-alma-ya-piensa-en-rio\\\/\"},\"wordCount\":406,\"image\":{\"@id\":\"https:\\\/\\\/gentedebasquet.com.ar\\\/sitio\\\/2015\\\/12\\\/04\\\/el-alma-ya-piensa-en-rio\\\/#primaryimage\"},\"thumbnailUrl\":\"https:\\\/\\\/gentedebasquet.com.ar\\\/sitio\\\/wp-content\\\/uploads\\\/2015\\\/12\\\/Hernandez.jpg\",\"keywords\":[\"CABB\",\"Federico Susbielles\",\"Las Vegas\",\"Sergio Hern\u00e1ndez\"],\"articleSection\":[\"#Rio2016\",\"Selecciones Nacionales\",\"Slide\"],\"inLanguage\":\"es\"},{\"@type\":\"WebPage\",\"@id\":\"https:\\\/\\\/gentedebasquet.com.ar\\\/sitio\\\/2015\\\/12\\\/04\\\/el-alma-ya-piensa-en-rio\\\/\",\"url\":\"https:\\\/\\\/gentedebasquet.com.ar\\\/sitio\\\/2015\\\/12\\\/04\\\/el-alma-ya-piensa-en-rio\\\/\",\"name\":\"El Alma ya piensa en R\u00edo - Gente de B\u00e1squet\",\"isPartOf\":{\"@id\":\"https:\\\/\\\/gentedebasquet.com.ar\\\/sitio\\\/#website\"},\"primaryImageOfPage\":{\"@id\":\"https:\\\/\\\/gentedebasquet.com.ar\\\/sitio\\\/2015\\\/12\\\/04\\\/el-alma-ya-piensa-en-rio\\\/#primaryimage\"},\"image\":{\"@id\":\"https:\\\/\\\/gentedebasquet.com.ar\\\/sitio\\\/2015\\\/12\\\/04\\\/el-alma-ya-piensa-en-rio\\\/#primaryimage\"},\"thumbnailUrl\":\"https:\\\/\\\/gentedebasquet.com.ar\\\/sitio\\\/wp-content\\\/uploads\\\/2015\\\/12\\\/Hernandez.jpg\",\"datePublished\":\"2015-12-04T10:49:16+00:00\",\"author\":{\"@id\":\"https:\\\/\\\/gentedebasquet.com.ar\\\/sitio\\\/#\\\/schema\\\/person\\\/ca0b63bbb977369988a7bbbdc519943a\"},\"breadcrumb\":{\"@id\":\"https:\\\/\\\/gentedebasquet.com.ar\\\/sitio\\\/2015\\\/12\\\/04\\\/el-alma-ya-piensa-en-rio\\\/#breadcrumb\"},\"inLanguage\":\"es\",\"potentialAction\":[{\"@type\":\"ReadAction\",\"target\":[\"https:\\\/\\\/gentedebasquet.com.ar\\\/sitio\\\/2015\\\/12\\\/04\\\/el-alma-ya-piensa-en-rio\\\/\"]}]},{\"@type\":\"ImageObject\",\"inLanguage\":\"es\",\"@id\":\"https:\\\/\\\/gentedebasquet.com.ar\\\/sitio\\\/2015\\\/12\\\/04\\\/el-alma-ya-piensa-en-rio\\\/#primaryimage\",\"url\":\"https:\\\/\\\/gentedebasquet.com.ar\\\/sitio\\\/wp-content\\\/uploads\\\/2015\\\/12\\\/Hernandez.jpg\",\"contentUrl\":\"https:\\\/\\\/gentedebasquet.com.ar\\\/sitio\\\/wp-content\\\/uploads\\\/2015\\\/12\\\/Hernandez.jpg\",\"width\":672,\"height\":319},{\"@type\":\"BreadcrumbList\",\"@id\":\"https:\\\/\\\/gentedebasquet.com.ar\\\/sitio\\\/2015\\\/12\\\/04\\\/el-alma-ya-piensa-en-rio\\\/#breadcrumb\",\"itemListElement\":[{\"@type\":\"ListItem\",\"position\":1,\"name\":\"Portada\",\"item\":\"https:\\\/\\\/gentedebasquet.com.ar\\\/sitio\\\/\"},{\"@type\":\"ListItem\",\"position\":2,\"name\":\"El Alma ya piensa en R\u00edo\"}]},{\"@type\":\"WebSite\",\"@id\":\"https:\\\/\\\/gentedebasquet.com.ar\\\/sitio\\\/#website\",\"url\":\"https:\\\/\\\/gentedebasquet.com.ar\\\/sitio\\\/\",\"name\":\"Gente de B\u00e1squet\",\"description\":\"La revista del basquet de Bah\u00eda Blanca\",\"potentialAction\":[{\"@type\":\"SearchAction\",\"target\":{\"@type\":\"EntryPoint\",\"urlTemplate\":\"https:\\\/\\\/gentedebasquet.com.ar\\\/sitio\\\/?s={search_term_string}\"},\"query-input\":{\"@type\":\"PropertyValueSpecification\",\"valueRequired\":true,\"valueName\":\"search_term_string\"}}],\"inLanguage\":\"es\"},{\"@type\":\"Person\",\"@id\":\"https:\\\/\\\/gentedebasquet.com.ar\\\/sitio\\\/#\\\/schema\\\/person\\\/ca0b63bbb977369988a7bbbdc519943a\",\"name\":\"Gente de B\u00e1squet\",\"image\":{\"@type\":\"ImageObject\",\"inLanguage\":\"es\",\"@id\":\"https:\\\/\\\/secure.gravatar.com\\\/avatar\\\/7f2c48bdc33b30088f941fb6082e555f2874c98e20cb159d7b92b50eadfce793?s=96&d=mm&r=g\",\"url\":\"https:\\\/\\\/secure.gravatar.com\\\/avatar\\\/7f2c48bdc33b30088f941fb6082e555f2874c98e20cb159d7b92b50eadfce793?s=96&d=mm&r=g\",\"contentUrl\":\"https:\\\/\\\/secure.gravatar.com\\\/avatar\\\/7f2c48bdc33b30088f941fb6082e555f2874c98e20cb159d7b92b50eadfce793?s=96&d=mm&r=g\",\"caption\":\"Gente de B\u00e1squet\"},\"sameAs\":[\"http:\\\/\\\/gentedebasquet.com.ar\\\/sitio\"],\"url\":\"https:\\\/\\\/gentedebasquet.com.ar\\\/sitio\\\/author\\\/ulises\\\/\"}]}<\/script>\n<!-- \/ Yoast SEO plugin. -->","yoast_head_json":{"title":"El Alma ya piensa en R\u00edo - Gente de B\u00e1squet","robots":{"index":"index","follow":"follow","max-snippet":"max-snippet:-1","max-image-preview":"max-image-preview:large","max-video-preview":"max-video-preview:-1"},"canonical":"https:\/\/gentedebasquet.com.ar\/sitio\/2015\/12\/04\/el-alma-ya-piensa-en-rio\/","og_locale":"es_ES","og_type":"article","og_title":"El Alma ya piensa en R\u00edo - Gente de B\u00e1squet","og_description":"Jugar\u00e1 5 amistosos en nuestro pa\u00eds e ir\u00e1 a Las Vegas para concentrar 10 d\u00edas","og_url":"https:\/\/gentedebasquet.com.ar\/sitio\/2015\/12\/04\/el-alma-ya-piensa-en-rio\/","og_site_name":"Gente de B\u00e1squet","article_published_time":"2015-12-04T10:49:16+00:00","og_image":[{"width":672,"height":319,"url":"https:\/\/gentedebasquet.com.ar\/sitio\/wp-content\/uploads\/2015\/12\/Hernandez.jpg","type":"image\/jpeg"}],"author":"Gente de B\u00e1squet","twitter_card":"summary_large_image","twitter_misc":{"Escrito por":"Gente de B\u00e1squet","Tiempo de lectura":"2 minutos"},"schema":{"@context":"https:\/\/schema.org","@graph":[{"@type":"Article","@id":"https:\/\/gentedebasquet.com.ar\/sitio\/2015\/12\/04\/el-alma-ya-piensa-en-rio\/#article","isPartOf":{"@id":"https:\/\/gentedebasquet.com.ar\/sitio\/2015\/12\/04\/el-alma-ya-piensa-en-rio\/"},"author":{"name":"Gente de B\u00e1squet","@id":"https:\/\/gentedebasquet.com.ar\/sitio\/#\/schema\/person\/ca0b63bbb977369988a7bbbdc519943a"},"headline":"El Alma ya piensa en R\u00edo","datePublished":"2015-12-04T10:49:16+00:00","mainEntityOfPage":{"@id":"https:\/\/gentedebasquet.com.ar\/sitio\/2015\/12\/04\/el-alma-ya-piensa-en-rio\/"},"wordCount":406,"image":{"@id":"https:\/\/gentedebasquet.com.ar\/sitio\/2015\/12\/04\/el-alma-ya-piensa-en-rio\/#primaryimage"},"thumbnailUrl":"https:\/\/gentedebasquet.com.ar\/sitio\/wp-content\/uploads\/2015\/12\/Hernandez.jpg","keywords":["CABB","Federico Susbielles","Las Vegas","Sergio Hern\u00e1ndez"],"articleSection":["#Rio2016","Selecciones Nacionales","Slide"],"inLanguage":"es"},{"@type":"WebPage","@id":"https:\/\/gentedebasquet.com.ar\/sitio\/2015\/12\/04\/el-alma-ya-piensa-en-rio\/","url":"https:\/\/gentedebasquet.com.ar\/sitio\/2015\/12\/04\/el-alma-ya-piensa-en-rio\/","name":"El Alma ya piensa en R\u00edo - Gente de B\u00e1squet","isPartOf":{"@id":"https:\/\/gentedebasquet.com.ar\/sitio\/#website"},"primaryImageOfPage":{"@id":"https:\/\/gentedebasquet.com.ar\/sitio\/2015\/12\/04\/el-alma-ya-piensa-en-rio\/#primaryimage"},"image":{"@id":"https:\/\/gentedebasquet.com.ar\/sitio\/2015\/12\/04\/el-alma-ya-piensa-en-rio\/#primaryimage"},"thumbnailUrl":"https:\/\/gentedebasquet.com.ar\/sitio\/wp-content\/uploads\/2015\/12\/Hernandez.jpg","datePublished":"2015-12-04T10:49:16+00:00","author":{"@id":"https:\/\/gentedebasquet.com.ar\/sitio\/#\/schema\/person\/ca0b63bbb977369988a7bbbdc519943a"},"breadcrumb":{"@id":"https:\/\/gentedebasquet.com.ar\/sitio\/2015\/12\/04\/el-alma-ya-piensa-en-rio\/#breadcrumb"},"inLanguage":"es","potentialAction":[{"@type":"ReadAction","target":["https:\/\/gentedebasquet.com.ar\/sitio\/2015\/12\/04\/el-alma-ya-piensa-en-rio\/"]}]},{"@type":"ImageObject","inLanguage":"es","@id":"https:\/\/gentedebasquet.com.ar\/sitio\/2015\/12\/04\/el-alma-ya-piensa-en-rio\/#primaryimage","url":"https:\/\/gentedebasquet.com.ar\/sitio\/wp-content\/uploads\/2015\/12\/Hernandez.jpg","contentUrl":"https:\/\/gentedebasquet.com.ar\/sitio\/wp-content\/uploads\/2015\/12\/Hernandez.jpg","width":672,"height":319},{"@type":"BreadcrumbList","@id":"https:\/\/gentedebasquet.com.ar\/sitio\/2015\/12\/04\/el-alma-ya-piensa-en-rio\/#breadcrumb","itemListElement":[{"@type":"ListItem","position":1,"name":"Portada","item":"https:\/\/gentedebasquet.com.ar\/sitio\/"},{"@type":"ListItem","position":2,"name":"El Alma ya piensa en R\u00edo"}]},{"@type":"WebSite","@id":"https:\/\/gentedebasquet.com.ar\/sitio\/#website","url":"https:\/\/gentedebasquet.com.ar\/sitio\/","name":"Gente de B\u00e1squet","description":"La revista del basquet de Bah\u00eda Blanca","potentialAction":[{"@type":"SearchAction","target":{"@type":"EntryPoint","urlTemplate":"https:\/\/gentedebasquet.com.ar\/sitio\/?s={search_term_string}"},"query-input":{"@type":"PropertyValueSpecification","valueRequired":true,"valueName":"search_term_string"}}],"inLanguage":"es"},{"@type":"Person","@id":"https:\/\/gentedebasquet.com.ar\/sitio\/#\/schema\/person\/ca0b63bbb977369988a7bbbdc519943a","name":"Gente de B\u00e1squet","image":{"@type":"ImageObject","inLanguage":"es","@id":"https:\/\/secure.gravatar.com\/avatar\/7f2c48bdc33b30088f941fb6082e555f2874c98e20cb159d7b92b50eadfce793?s=96&d=mm&r=g","url":"https:\/\/secure.gravatar.com\/avatar\/7f2c48bdc33b30088f941fb6082e555f2874c98e20cb159d7b92b50eadfce793?s=96&d=mm&r=g","contentUrl":"https:\/\/secure.gravatar.com\/avatar\/7f2c48bdc33b30088f941fb6082e555f2874c98e20cb159d7b92b50eadfce793?s=96&d=mm&r=g","caption":"Gente de B\u00e1squet"},"sameAs":["http:\/\/gentedebasquet.com.ar\/sitio"],"url":"https:\/\/gentedebasquet.com.ar\/sitio\/author\/ulises\/"}]}},"_links":{"self":[{"href":"https:\/\/gentedebasquet.com.ar\/sitio\/wp-json\/wp\/v2\/posts\/54788","targetHints":{"allow":["GET"]}}],"collection":[{"href":"https:\/\/gentedebasquet.com.ar\/sitio\/wp-json\/wp\/v2\/posts"}],"about":[{"href":"https:\/\/gentedebasquet.com.ar\/sitio\/wp-json\/wp\/v2\/types\/post"}],"author":[{"embeddable":true,"href":"https:\/\/gentedebasquet.com.ar\/sitio\/wp-json\/wp\/v2\/users\/1"}],"replies":[{"embeddable":true,"href":"https:\/\/gentedebasquet.com.ar\/sitio\/wp-json\/wp\/v2\/comments?post=54788"}],"version-history":[{"count":0,"href":"https:\/\/gentedebasquet.com.ar\/sitio\/wp-json\/wp\/v2\/posts\/54788\/revisions"}],"wp:featuredmedia":[{"embeddable":true,"href":"https:\/\/gentedebasquet.com.ar\/sitio\/wp-json\/wp\/v2\/media\/54789"}],"wp:attachment":[{"href":"https:\/\/gentedebasquet.com.ar\/sitio\/wp-json\/wp\/v2\/media?parent=54788"}],"wp:term":[{"taxonomy":"category","embeddable":true,"href":"https:\/\/gentedebasquet.com.ar\/sitio\/wp-json\/wp\/v2\/categories?post=54788"},{"taxonomy":"post_tag","embeddable":true,"href":"https:\/\/gentedebasquet.com.ar\/sitio\/wp-json\/wp\/v2\/tags?post=54788"}],"curies":[{"name":"wp","href":"https:\/\/api.w.org\/{rel}","templated":true}]}}