{"id":54824,"date":"2015-12-04T18:15:32","date_gmt":"2015-12-04T21:15:32","guid":{"rendered":"http:\/\/www.gentedebasquet.com.ar\/?p=54824"},"modified":"2015-12-04T18:15:32","modified_gmt":"2015-12-04T21:15:32","slug":"arrancaron-con-todo","status":"publish","type":"post","link":"https:\/\/gentedebasquet.com.ar\/sitio\/2015\/12\/04\/arrancaron-con-todo\/","title":{"rendered":"Arrancaron con todo"},"content":{"rendered":"<p><strong>Un partidazo abri\u00f3 el cuadrangular de semifinales de la Liga U13, que se desarrolla hasta el domingo en Patagones. Bahiense del Norte super\u00f3 a Independiente de Neuqu\u00e9n por 60 a 50. El Tricolor tuvo a Juli\u00e1n Lambertucci como figura (14 puntos, 4 rebotes y 2 asistencias). Mientras que en el Rojo se destac\u00f3 Juan Cruz Conte-Grand (13 y 16 tableros).\u00a0<strong>En segundo turno, Atenas venci\u00f3 de manera clara a Brown de Puerto Madryn. Lo hizo por 70 a 46, con 21 puntos de Mat\u00edas Cas\u00e9 y 20+13 rebotes de Crist\u00f3bal Pippi. En el conjunto chubutense sobresali\u00f3 Alex Stukajlo (20+6).<\/strong><\/strong><\/p>\n<p>&nbsp;<\/p>\n<p><strong>S\u00edntesis | <\/strong>Liga U13 &#8211; Semifinales &#8211; Fecha #1<\/p>\n<p><strong>Independiente (Neuqu\u00e9n) 50:\u00a0<\/strong>Juan Cruz Sep\u00falveda 9, Miguel Rodr\u00edguez 8, Stefano Giles 2, Franco Mendoza 3 y Bruno Radogna 4 (FI). Alejandro Molina 0, Marco Altamirano 0, Bautista M\u00e1rquez 0, Juan Cruz Conte-Grand 13, Tob\u00edas Pardo 0, Valentino Delgado 11 y Eliseo Schpoliansky 0. DT: Marcelo Remolina.<\/p>\n<p><strong>Bahiense del Norte 60:\u00a0<\/strong>Emanuel Fern\u00e1ndez 6,\u00a0Franco De la Ace\u00f1a 0, Juli\u00e1n Lambertucci 14,\u00a0Santiago Sartor 8 (x) y Bruno Mandolesi 4 (FI). Sebasti\u00e1n Luengo 0, Augusto Lamonega 2, Juan Cruz Dauphin 0, Lucas Peratta 8, Bautista Ott 11\u00a0(x), Pedro Rossi 7 y Maximiliano Bloga 0. DT: Santiago Cappa.<\/p>\n<p><strong>Parciales:<\/strong>\u00a018-21, 26-34, 37-44 y 50-60.<\/p>\n<p><strong>\u00c1rbitros:<\/strong>\u00a0Emmanuel Calvo Ford (Olavarr\u00eda) y Sebasti\u00e1n Ram\u00edrez (La Plata).<br \/>\n<strong><\/strong><\/p>\n<p><strong>Estadio:<\/strong>\u00a0Carmelo Tr\u00edpodi Cal\u00e1 (Atenas).<\/p>\n<p><a href=\"http:\/\/www.fibalivestats.com\/u\/CAM\/236950\/\" target=\"_blank\" rel=\"noopener\">ESTAD\u00cdSTICAS OFICIALES<\/a><\/p>\n<p>&nbsp;<\/p>\n<p><strong>S\u00edntesis |\u00a0<\/strong>Liga U13 &#8211; Semifinales &#8211; Fecha #1<\/p>\n<p><strong>Atenas (Patagones) 70:<\/strong>\u00a0Crist\u00f3bal Pippi 20, Alejo Giarraffa 6, Mat\u00edas Cas\u00e9 21, Santiago Castillo 0 y Sim\u00f3n Guenumil 0 (FI). Felipe Gianni 0, Emilio Santana 9, Mariano Mart\u00ednez, Federico Minor 0, Joaqu\u00edn Margiotta 4 (x), Tob\u00edas Dinamarca 8 y Pablo Fedorco 2. DT: Mart\u00edn Arena.<\/p>\n<p><strong>Brown (Pto. Madryn) 46:<\/strong>\u00a0Juli\u00e1n Aruj 4, Lucas Rubio 0, Axel Stukajlo 20, Felipe Re 4 y Nery Nehuelquir 2 (FI). Manuel Boccardo 0, Kevin Doleschan 0, Bruno Giacone 12, Homero Iturria 3, Nicol\u00e1s Namuncura 0 y Gianluca Leonangeli 1. DT: Federico Scaroni.<\/p>\n<p><strong>Parciales:<\/strong>\u00a018-10, 33-16, 48-36 y 70-56.<\/p>\n<p><strong>\u00c1rbitros:<\/strong>\u00a0Cristian Carrasco (Cipolletti) y Sebasti\u00e1n Giannino (Bah\u00eda Blanca).<br \/>\n<strong><\/strong><\/p>\n<p><strong>Estadio:<\/strong>\u00a0Carmelo Tr\u00edpodi Cal\u00e1 (Atenas).<\/p>\n<p><a href=\"http:\/\/www.fibalivestats.com\/u\/CAM\/236951\/\" target=\"_blank\" rel=\"noopener\">ESTAD\u00cdSTICAS OFICIALES<\/a><\/p>\n<p>&nbsp;<\/p>\n<h6><strong>FIXTURE<\/strong><\/h6>\n<p><strong>Viernes 4<\/strong><br \/>\nIndependiente 50 \u2013 60\u00a0Bahiense del Norte<br \/>\nAtenas 70 \u2013 46 Brown<\/p>\n<p><strong>S\u00e1bado 5<\/strong><br \/>\n18.00 Bahiense del Norte \u2013 Brown<br \/>\n20.00 Atenas \u2013 Independiente<\/p>\n<p><strong>Domingo 6<\/strong><br \/>\n10.00 Independiente \u2013 Brown<br \/>\n12.00 Atenas \u2013 Bahiense del Norte<\/p>\n<p>M\u00e1s informaci\u00f3n, en <span style=\"color: #ff6600;\"><strong><a href=\"http:\/\/postebajo.com.ar\/arranco-con-todo\/\" target=\"_blank\" rel=\"noopener\"><span style=\"color: #ff6600;\">POSTE BAJO<\/span><\/a><\/strong><\/span>.<\/p>\n<p>&nbsp;<\/p>\n<h6 style=\"text-align: center;\">BAHIENSE DEL NORTE<\/h6>\n<p><a href=\"https:\/\/www.facebook.com\/media\/set\/?set=a.533408393474357.1073741932.226668017481731&amp;type=3\" target=\"_blank\" rel=\"noopener\"><img decoding=\"async\" class=\"aligncenter size-full wp-image-54831\" alt=\"Bahiense\" src=\"http:\/\/www.gentedebasquet.com.ar\/wp-content\/uploads\/2015\/12\/Bahiense.jpg\" width=\"640\" height=\"373\" srcset=\"https:\/\/gentedebasquet.com.ar\/sitio\/wp-content\/uploads\/2015\/12\/Bahiense.jpg 640w, https:\/\/gentedebasquet.com.ar\/sitio\/wp-content\/uploads\/2015\/12\/Bahiense-300x175.jpg 300w\" sizes=\"(max-width: 640px) 100vw, 640px\" \/><\/a><\/p>\n<h6 style=\"text-align: center;\">ATENAS (PATAGONES)<\/h6>\n<p><a href=\"https:\/\/www.facebook.com\/media\/set\/?set=a.533409883474208.1073741933.226668017481731&amp;type=3\" target=\"_blank\" rel=\"noopener\"><img decoding=\"async\" class=\"aligncenter size-full wp-image-54830\" alt=\"Atenas\" src=\"http:\/\/www.gentedebasquet.com.ar\/wp-content\/uploads\/2015\/12\/Atenas.jpg\" width=\"640\" height=\"368\" srcset=\"https:\/\/gentedebasquet.com.ar\/sitio\/wp-content\/uploads\/2015\/12\/Atenas.jpg 640w, https:\/\/gentedebasquet.com.ar\/sitio\/wp-content\/uploads\/2015\/12\/Atenas-300x173.jpg 300w\" sizes=\"(max-width: 640px) 100vw, 640px\" \/><\/a><\/p>\n<h6 style=\"text-align: center;\">INDEPENDIENTE (NEUQU\u00c9N)<\/h6>\n<p><a href=\"https:\/\/www.facebook.com\/media\/set\/?set=a.533408393474357.1073741932.226668017481731&amp;type=3\"><img decoding=\"async\" class=\"aligncenter size-full wp-image-54833\" alt=\"Independiente\" src=\"http:\/\/www.gentedebasquet.com.ar\/wp-content\/uploads\/2015\/12\/Independiente.jpg\" width=\"640\" height=\"373\" srcset=\"https:\/\/gentedebasquet.com.ar\/sitio\/wp-content\/uploads\/2015\/12\/Independiente.jpg 640w, https:\/\/gentedebasquet.com.ar\/sitio\/wp-content\/uploads\/2015\/12\/Independiente-300x175.jpg 300w\" sizes=\"(max-width: 640px) 100vw, 640px\" \/><\/a><\/p>\n<h6 style=\"text-align: center;\">BROWN (PUERTO MADRYN)<\/h6>\n<p><a href=\"https:\/\/www.facebook.com\/media\/set\/?set=a.533409883474208.1073741933.226668017481731&amp;type=3\" target=\"_blank\" rel=\"noopener\"><img decoding=\"async\" class=\"aligncenter size-full wp-image-54832\" alt=\"Brown\" src=\"http:\/\/www.gentedebasquet.com.ar\/wp-content\/uploads\/2015\/12\/Brown.jpg\" width=\"640\" height=\"373\" srcset=\"https:\/\/gentedebasquet.com.ar\/sitio\/wp-content\/uploads\/2015\/12\/Brown.jpg 640w, https:\/\/gentedebasquet.com.ar\/sitio\/wp-content\/uploads\/2015\/12\/Brown-300x175.jpg 300w\" sizes=\"(max-width: 640px) 100vw, 640px\" \/><\/a><\/p>\n<p>&nbsp;<\/p>\n","protected":false},"excerpt":{"rendered":"<p>Bahiense y Atenas se llevaron la victoria en el inicio de las semis de Liga U13<\/p>\n","protected":false},"author":1,"featured_media":54834,"comment_status":"closed","ping_status":"open","sticky":false,"template":"","format":"standard","meta":{"jnews-multi-image_gallery":[],"jnews_single_post":[],"jnews_primary_category":[],"footnotes":""},"categories":[101,41],"tags":[85,5,1150,427,812],"class_list":["post-54824","post","type-post","status-publish","format-standard","has-post-thumbnail","hentry","category-slide","category-u13","tag-atenas-patagones","tag-bahiense-del-norte","tag-brown-madryn","tag-independiente-neuquen","tag-liga-u13"],"yoast_head":"<!-- This site is optimized with the Yoast SEO plugin v27.5 - https:\/\/yoast.com\/product\/yoast-seo-wordpress\/ -->\n<title>Arrancaron con todo - Gente de B\u00e1squet<\/title>\n<meta name=\"robots\" content=\"index, follow, max-snippet:-1, max-image-preview:large, max-video-preview:-1\" \/>\n<link rel=\"canonical\" href=\"https:\/\/gentedebasquet.com.ar\/sitio\/2015\/12\/04\/arrancaron-con-todo\/\" \/>\n<meta property=\"og:locale\" content=\"es_ES\" \/>\n<meta property=\"og:type\" content=\"article\" \/>\n<meta property=\"og:title\" content=\"Arrancaron con todo - Gente de B\u00e1squet\" \/>\n<meta property=\"og:description\" content=\"Bahiense y Atenas se llevaron la victoria en el inicio de las semis de Liga U13\" \/>\n<meta property=\"og:url\" content=\"https:\/\/gentedebasquet.com.ar\/sitio\/2015\/12\/04\/arrancaron-con-todo\/\" \/>\n<meta property=\"og:site_name\" content=\"Gente de B\u00e1squet\" \/>\n<meta property=\"article:published_time\" content=\"2015-12-04T21:15:32+00:00\" \/>\n<meta property=\"og:image\" content=\"https:\/\/gentedebasquet.com.ar\/sitio\/wp-content\/uploads\/2015\/12\/Peratta-Bahiense-U13.jpg\" \/>\n\t<meta property=\"og:image:width\" content=\"690\" \/>\n\t<meta property=\"og:image:height\" content=\"319\" \/>\n\t<meta property=\"og:image:type\" content=\"image\/jpeg\" \/>\n<meta name=\"author\" content=\"Gente de B\u00e1squet\" \/>\n<meta name=\"twitter:card\" content=\"summary_large_image\" \/>\n<meta name=\"twitter:label1\" content=\"Escrito por\" \/>\n\t<meta name=\"twitter:data1\" content=\"Gente de B\u00e1squet\" \/>\n\t<meta name=\"twitter:label2\" content=\"Tiempo de lectura\" \/>\n\t<meta name=\"twitter:data2\" content=\"2 minutos\" \/>\n<script type=\"application\/ld+json\" class=\"yoast-schema-graph\">{\"@context\":\"https:\\\/\\\/schema.org\",\"@graph\":[{\"@type\":\"Article\",\"@id\":\"https:\\\/\\\/gentedebasquet.com.ar\\\/sitio\\\/2015\\\/12\\\/04\\\/arrancaron-con-todo\\\/#article\",\"isPartOf\":{\"@id\":\"https:\\\/\\\/gentedebasquet.com.ar\\\/sitio\\\/2015\\\/12\\\/04\\\/arrancaron-con-todo\\\/\"},\"author\":{\"name\":\"Gente de B\u00e1squet\",\"@id\":\"https:\\\/\\\/gentedebasquet.com.ar\\\/sitio\\\/#\\\/schema\\\/person\\\/ca0b63bbb977369988a7bbbdc519943a\"},\"headline\":\"Arrancaron con todo\",\"datePublished\":\"2015-12-04T21:15:32+00:00\",\"mainEntityOfPage\":{\"@id\":\"https:\\\/\\\/gentedebasquet.com.ar\\\/sitio\\\/2015\\\/12\\\/04\\\/arrancaron-con-todo\\\/\"},\"wordCount\":364,\"image\":{\"@id\":\"https:\\\/\\\/gentedebasquet.com.ar\\\/sitio\\\/2015\\\/12\\\/04\\\/arrancaron-con-todo\\\/#primaryimage\"},\"thumbnailUrl\":\"https:\\\/\\\/gentedebasquet.com.ar\\\/sitio\\\/wp-content\\\/uploads\\\/2015\\\/12\\\/Peratta-Bahiense-U13.jpg\",\"keywords\":[\"Atenas Patagones\",\"Bahiense Del Norte\",\"Brown Madryn\",\"Independiente Neuqu\u00e9n\",\"Liga U13\"],\"articleSection\":[\"Slide\",\"U13\"],\"inLanguage\":\"es\"},{\"@type\":\"WebPage\",\"@id\":\"https:\\\/\\\/gentedebasquet.com.ar\\\/sitio\\\/2015\\\/12\\\/04\\\/arrancaron-con-todo\\\/\",\"url\":\"https:\\\/\\\/gentedebasquet.com.ar\\\/sitio\\\/2015\\\/12\\\/04\\\/arrancaron-con-todo\\\/\",\"name\":\"Arrancaron con todo - Gente de B\u00e1squet\",\"isPartOf\":{\"@id\":\"https:\\\/\\\/gentedebasquet.com.ar\\\/sitio\\\/#website\"},\"primaryImageOfPage\":{\"@id\":\"https:\\\/\\\/gentedebasquet.com.ar\\\/sitio\\\/2015\\\/12\\\/04\\\/arrancaron-con-todo\\\/#primaryimage\"},\"image\":{\"@id\":\"https:\\\/\\\/gentedebasquet.com.ar\\\/sitio\\\/2015\\\/12\\\/04\\\/arrancaron-con-todo\\\/#primaryimage\"},\"thumbnailUrl\":\"https:\\\/\\\/gentedebasquet.com.ar\\\/sitio\\\/wp-content\\\/uploads\\\/2015\\\/12\\\/Peratta-Bahiense-U13.jpg\",\"datePublished\":\"2015-12-04T21:15:32+00:00\",\"author\":{\"@id\":\"https:\\\/\\\/gentedebasquet.com.ar\\\/sitio\\\/#\\\/schema\\\/person\\\/ca0b63bbb977369988a7bbbdc519943a\"},\"breadcrumb\":{\"@id\":\"https:\\\/\\\/gentedebasquet.com.ar\\\/sitio\\\/2015\\\/12\\\/04\\\/arrancaron-con-todo\\\/#breadcrumb\"},\"inLanguage\":\"es\",\"potentialAction\":[{\"@type\":\"ReadAction\",\"target\":[\"https:\\\/\\\/gentedebasquet.com.ar\\\/sitio\\\/2015\\\/12\\\/04\\\/arrancaron-con-todo\\\/\"]}]},{\"@type\":\"ImageObject\",\"inLanguage\":\"es\",\"@id\":\"https:\\\/\\\/gentedebasquet.com.ar\\\/sitio\\\/2015\\\/12\\\/04\\\/arrancaron-con-todo\\\/#primaryimage\",\"url\":\"https:\\\/\\\/gentedebasquet.com.ar\\\/sitio\\\/wp-content\\\/uploads\\\/2015\\\/12\\\/Peratta-Bahiense-U13.jpg\",\"contentUrl\":\"https:\\\/\\\/gentedebasquet.com.ar\\\/sitio\\\/wp-content\\\/uploads\\\/2015\\\/12\\\/Peratta-Bahiense-U13.jpg\",\"width\":690,\"height\":319},{\"@type\":\"BreadcrumbList\",\"@id\":\"https:\\\/\\\/gentedebasquet.com.ar\\\/sitio\\\/2015\\\/12\\\/04\\\/arrancaron-con-todo\\\/#breadcrumb\",\"itemListElement\":[{\"@type\":\"ListItem\",\"position\":1,\"name\":\"Portada\",\"item\":\"https:\\\/\\\/gentedebasquet.com.ar\\\/sitio\\\/\"},{\"@type\":\"ListItem\",\"position\":2,\"name\":\"Arrancaron con todo\"}]},{\"@type\":\"WebSite\",\"@id\":\"https:\\\/\\\/gentedebasquet.com.ar\\\/sitio\\\/#website\",\"url\":\"https:\\\/\\\/gentedebasquet.com.ar\\\/sitio\\\/\",\"name\":\"Gente de B\u00e1squet\",\"description\":\"La revista del basquet de Bah\u00eda Blanca\",\"potentialAction\":[{\"@type\":\"SearchAction\",\"target\":{\"@type\":\"EntryPoint\",\"urlTemplate\":\"https:\\\/\\\/gentedebasquet.com.ar\\\/sitio\\\/?s={search_term_string}\"},\"query-input\":{\"@type\":\"PropertyValueSpecification\",\"valueRequired\":true,\"valueName\":\"search_term_string\"}}],\"inLanguage\":\"es\"},{\"@type\":\"Person\",\"@id\":\"https:\\\/\\\/gentedebasquet.com.ar\\\/sitio\\\/#\\\/schema\\\/person\\\/ca0b63bbb977369988a7bbbdc519943a\",\"name\":\"Gente de B\u00e1squet\",\"image\":{\"@type\":\"ImageObject\",\"inLanguage\":\"es\",\"@id\":\"https:\\\/\\\/secure.gravatar.com\\\/avatar\\\/7f2c48bdc33b30088f941fb6082e555f2874c98e20cb159d7b92b50eadfce793?s=96&d=mm&r=g\",\"url\":\"https:\\\/\\\/secure.gravatar.com\\\/avatar\\\/7f2c48bdc33b30088f941fb6082e555f2874c98e20cb159d7b92b50eadfce793?s=96&d=mm&r=g\",\"contentUrl\":\"https:\\\/\\\/secure.gravatar.com\\\/avatar\\\/7f2c48bdc33b30088f941fb6082e555f2874c98e20cb159d7b92b50eadfce793?s=96&d=mm&r=g\",\"caption\":\"Gente de B\u00e1squet\"},\"sameAs\":[\"http:\\\/\\\/gentedebasquet.com.ar\\\/sitio\"],\"url\":\"https:\\\/\\\/gentedebasquet.com.ar\\\/sitio\\\/author\\\/ulises\\\/\"}]}<\/script>\n<!-- \/ Yoast SEO plugin. -->","yoast_head_json":{"title":"Arrancaron con todo - Gente de B\u00e1squet","robots":{"index":"index","follow":"follow","max-snippet":"max-snippet:-1","max-image-preview":"max-image-preview:large","max-video-preview":"max-video-preview:-1"},"canonical":"https:\/\/gentedebasquet.com.ar\/sitio\/2015\/12\/04\/arrancaron-con-todo\/","og_locale":"es_ES","og_type":"article","og_title":"Arrancaron con todo - Gente de B\u00e1squet","og_description":"Bahiense y Atenas se llevaron la victoria en el inicio de las semis de Liga U13","og_url":"https:\/\/gentedebasquet.com.ar\/sitio\/2015\/12\/04\/arrancaron-con-todo\/","og_site_name":"Gente de B\u00e1squet","article_published_time":"2015-12-04T21:15:32+00:00","og_image":[{"width":690,"height":319,"url":"https:\/\/gentedebasquet.com.ar\/sitio\/wp-content\/uploads\/2015\/12\/Peratta-Bahiense-U13.jpg","type":"image\/jpeg"}],"author":"Gente de B\u00e1squet","twitter_card":"summary_large_image","twitter_misc":{"Escrito por":"Gente de B\u00e1squet","Tiempo de lectura":"2 minutos"},"schema":{"@context":"https:\/\/schema.org","@graph":[{"@type":"Article","@id":"https:\/\/gentedebasquet.com.ar\/sitio\/2015\/12\/04\/arrancaron-con-todo\/#article","isPartOf":{"@id":"https:\/\/gentedebasquet.com.ar\/sitio\/2015\/12\/04\/arrancaron-con-todo\/"},"author":{"name":"Gente de B\u00e1squet","@id":"https:\/\/gentedebasquet.com.ar\/sitio\/#\/schema\/person\/ca0b63bbb977369988a7bbbdc519943a"},"headline":"Arrancaron con todo","datePublished":"2015-12-04T21:15:32+00:00","mainEntityOfPage":{"@id":"https:\/\/gentedebasquet.com.ar\/sitio\/2015\/12\/04\/arrancaron-con-todo\/"},"wordCount":364,"image":{"@id":"https:\/\/gentedebasquet.com.ar\/sitio\/2015\/12\/04\/arrancaron-con-todo\/#primaryimage"},"thumbnailUrl":"https:\/\/gentedebasquet.com.ar\/sitio\/wp-content\/uploads\/2015\/12\/Peratta-Bahiense-U13.jpg","keywords":["Atenas Patagones","Bahiense Del Norte","Brown Madryn","Independiente Neuqu\u00e9n","Liga U13"],"articleSection":["Slide","U13"],"inLanguage":"es"},{"@type":"WebPage","@id":"https:\/\/gentedebasquet.com.ar\/sitio\/2015\/12\/04\/arrancaron-con-todo\/","url":"https:\/\/gentedebasquet.com.ar\/sitio\/2015\/12\/04\/arrancaron-con-todo\/","name":"Arrancaron con todo - Gente de B\u00e1squet","isPartOf":{"@id":"https:\/\/gentedebasquet.com.ar\/sitio\/#website"},"primaryImageOfPage":{"@id":"https:\/\/gentedebasquet.com.ar\/sitio\/2015\/12\/04\/arrancaron-con-todo\/#primaryimage"},"image":{"@id":"https:\/\/gentedebasquet.com.ar\/sitio\/2015\/12\/04\/arrancaron-con-todo\/#primaryimage"},"thumbnailUrl":"https:\/\/gentedebasquet.com.ar\/sitio\/wp-content\/uploads\/2015\/12\/Peratta-Bahiense-U13.jpg","datePublished":"2015-12-04T21:15:32+00:00","author":{"@id":"https:\/\/gentedebasquet.com.ar\/sitio\/#\/schema\/person\/ca0b63bbb977369988a7bbbdc519943a"},"breadcrumb":{"@id":"https:\/\/gentedebasquet.com.ar\/sitio\/2015\/12\/04\/arrancaron-con-todo\/#breadcrumb"},"inLanguage":"es","potentialAction":[{"@type":"ReadAction","target":["https:\/\/gentedebasquet.com.ar\/sitio\/2015\/12\/04\/arrancaron-con-todo\/"]}]},{"@type":"ImageObject","inLanguage":"es","@id":"https:\/\/gentedebasquet.com.ar\/sitio\/2015\/12\/04\/arrancaron-con-todo\/#primaryimage","url":"https:\/\/gentedebasquet.com.ar\/sitio\/wp-content\/uploads\/2015\/12\/Peratta-Bahiense-U13.jpg","contentUrl":"https:\/\/gentedebasquet.com.ar\/sitio\/wp-content\/uploads\/2015\/12\/Peratta-Bahiense-U13.jpg","width":690,"height":319},{"@type":"BreadcrumbList","@id":"https:\/\/gentedebasquet.com.ar\/sitio\/2015\/12\/04\/arrancaron-con-todo\/#breadcrumb","itemListElement":[{"@type":"ListItem","position":1,"name":"Portada","item":"https:\/\/gentedebasquet.com.ar\/sitio\/"},{"@type":"ListItem","position":2,"name":"Arrancaron con todo"}]},{"@type":"WebSite","@id":"https:\/\/gentedebasquet.com.ar\/sitio\/#website","url":"https:\/\/gentedebasquet.com.ar\/sitio\/","name":"Gente de B\u00e1squet","description":"La revista del basquet de Bah\u00eda Blanca","potentialAction":[{"@type":"SearchAction","target":{"@type":"EntryPoint","urlTemplate":"https:\/\/gentedebasquet.com.ar\/sitio\/?s={search_term_string}"},"query-input":{"@type":"PropertyValueSpecification","valueRequired":true,"valueName":"search_term_string"}}],"inLanguage":"es"},{"@type":"Person","@id":"https:\/\/gentedebasquet.com.ar\/sitio\/#\/schema\/person\/ca0b63bbb977369988a7bbbdc519943a","name":"Gente de B\u00e1squet","image":{"@type":"ImageObject","inLanguage":"es","@id":"https:\/\/secure.gravatar.com\/avatar\/7f2c48bdc33b30088f941fb6082e555f2874c98e20cb159d7b92b50eadfce793?s=96&d=mm&r=g","url":"https:\/\/secure.gravatar.com\/avatar\/7f2c48bdc33b30088f941fb6082e555f2874c98e20cb159d7b92b50eadfce793?s=96&d=mm&r=g","contentUrl":"https:\/\/secure.gravatar.com\/avatar\/7f2c48bdc33b30088f941fb6082e555f2874c98e20cb159d7b92b50eadfce793?s=96&d=mm&r=g","caption":"Gente de B\u00e1squet"},"sameAs":["http:\/\/gentedebasquet.com.ar\/sitio"],"url":"https:\/\/gentedebasquet.com.ar\/sitio\/author\/ulises\/"}]}},"_links":{"self":[{"href":"https:\/\/gentedebasquet.com.ar\/sitio\/wp-json\/wp\/v2\/posts\/54824","targetHints":{"allow":["GET"]}}],"collection":[{"href":"https:\/\/gentedebasquet.com.ar\/sitio\/wp-json\/wp\/v2\/posts"}],"about":[{"href":"https:\/\/gentedebasquet.com.ar\/sitio\/wp-json\/wp\/v2\/types\/post"}],"author":[{"embeddable":true,"href":"https:\/\/gentedebasquet.com.ar\/sitio\/wp-json\/wp\/v2\/users\/1"}],"replies":[{"embeddable":true,"href":"https:\/\/gentedebasquet.com.ar\/sitio\/wp-json\/wp\/v2\/comments?post=54824"}],"version-history":[{"count":0,"href":"https:\/\/gentedebasquet.com.ar\/sitio\/wp-json\/wp\/v2\/posts\/54824\/revisions"}],"wp:featuredmedia":[{"embeddable":true,"href":"https:\/\/gentedebasquet.com.ar\/sitio\/wp-json\/wp\/v2\/media\/54834"}],"wp:attachment":[{"href":"https:\/\/gentedebasquet.com.ar\/sitio\/wp-json\/wp\/v2\/media?parent=54824"}],"wp:term":[{"taxonomy":"category","embeddable":true,"href":"https:\/\/gentedebasquet.com.ar\/sitio\/wp-json\/wp\/v2\/categories?post=54824"},{"taxonomy":"post_tag","embeddable":true,"href":"https:\/\/gentedebasquet.com.ar\/sitio\/wp-json\/wp\/v2\/tags?post=54824"}],"curies":[{"name":"wp","href":"https:\/\/api.w.org\/{rel}","templated":true}]}}