{"id":54826,"date":"2015-12-04T23:37:54","date_gmt":"2015-12-05T02:37:54","guid":{"rendered":"http:\/\/www.gentedebasquet.com.ar\/?p=54826"},"modified":"2015-12-04T23:37:54","modified_gmt":"2015-12-05T02:37:54","slug":"bahiense-volo-alto","status":"publish","type":"post","link":"https:\/\/gentedebasquet.com.ar\/sitio\/2015\/12\/04\/bahiense-volo-alto\/","title":{"rendered":"Bahiense vol\u00f3 alto"},"content":{"rendered":"<p><b>Con una enorme producci\u00f3n, el Tricolor super\u00f3 97-70 a Independiente (Neuqu\u00e9n) en su casa. El conjunto bahiense se prest\u00f3 bien la pelota (21 asist) y reparti\u00f3 bien su goleo para dominar de principio a fin y conseguir una\u00a0c\u00f3moda\u00a0victoria. Seis elementos del due\u00f1o de casa terminaron en dos\u00a0d\u00edgitos\u00a0de puntos:\u00a0Franco Amigo (16), Mauro Zalguizuri (16), Andr\u00e9s Barbero (15) y Franco\u00a0Pennacchiotti (15), Esteban Silva (12) y Kevin Zambrano (10). Mientras que por el lado visitante no alcanz\u00f3 con las tareas de Paolo Casale (10) y Adolfo Garc\u00eda Barros (10). El domingo, a partir de las 21, el conjunto de Alejandro Navallo se medir\u00e1 con P\u00e9rfora (Plaza Huincul).<\/b><\/p>\n<p>El inicio del encuentro mostr\u00f3 cierta paridad que se extendi\u00f3 durante algunos minutos. Si bien a Bahiense le cost\u00f3 encontrar puntos cerca del aro, solucion\u00f3 sus problemas mediante los tiros externos (4\/6 T3) de Silva, Amigo y Barbero. La visita, por su parte, arranc\u00f3 m\u00e1s activo y tuvo gol desde distintas posiciones. Morales (6) se hizo ancho en la zona pintada y adem\u00e1s aparecieron, oportunamente, las bombas de Rodr\u00edguez, Barberis y Garc\u00eda Barros. Sin embargo, el cierre del segmento fue todo del Tricolor. Con el ingreso de Zalguizuri (4), el conjunto de Alejandro Navallo empez\u00f3 a correr m\u00e1s la cancha y tambi\u00e9n aprovech\u00f3 las reiteradas visitas a la l\u00ednea de libres (10\/10 TL) para adelantarse 28-20.<\/p>\n<p>Con buenas defensas y Barbero (9) y Zalguizuri (6) como abanderados en ataque, el Tricolor tuvo un arranque furioso del segundo cap\u00edtulo. Mediante un pasaje de 14-0, el local se pudo escapar 42-21 a falta de 5m53s por jugar. De a poco, el Rojo neuquino se fue quedando sin ideas en ofensiva y todo le cost\u00f3 el doble. El elenco de Garc\u00eda tard\u00f3 4m23s en anotar sus primeros puntos de campo en el cuarto. Casale (3) y Morales (3) rasp\u00e1ndose en la pintura, fueron los que sacaron la cara por el equipo visitante. Apoy\u00e1ndose en Amigo (5) y Pennacchiotti (5), Bahiense pudo cerrar bien el primer tiempo y se fue 53-31 arriba al descanso largo.<\/p>\n<p>La gran diferencia obtenida en el primer tiempo, le permiti\u00f3 a Bahiense manejar con holgura el tr\u00e1mite del encuentro a la salida de los vestuarios. La distancia a favor del elenco de Navallo nunca baj\u00f3 de los 20 puntos y tuvo un techo de 33 (81-48) cuando agonizaba el segmento. No solo Pennacchiotti (6), Mor\u00e1n (5) y Amigo (4) aportaron su caudal de gol. Sino que tambi\u00e9n, en el cierre, aparecieron Zambrano (6) y Musotto (3) con una r\u00e1faga de triples para ir cerrando de a poco el encuentro. Algo de Barberis (4) y Garc\u00eda Barros (4), \u00a0le dieron a Independiente unidades en ataque.<\/p>\n<p>Con todo totalmente definido, ambos t\u00e9cnicos aprovecharon el ep\u00edlogo para ir hacia lo m\u00e1s profundo del banco de suplentes y rotar m\u00e1s sus equipos. As\u00ed, en el Tricolor, se dio el gusto de debutar en la competencia Federico Repetti, Infantil del club. Los puntos de Barbero y Zambrano por un lado y los rompimientos de Llanan por el otro, terminaron decorando el resultado. Bahiense se qued\u00f3 con una inobjetable victoria para seguir haci\u00e9ndose fuerte en el Manu Gin\u00f3bili, en donde tan solo perdi\u00f3 un encuentro. Ahora los dirigidos por Navallo esperan por P\u00e9rfora.<\/p>\n<p>&nbsp;<\/p>\n<p><b>S\u00edntesis<\/b> | Torneo Federal \u2013 Divisi\u00f3n Sur Bonaerense \u2013 Fecha #11<\/p>\n<p><b>Bahiense del Norte 97:<\/b> Juan Pablo Mor\u00e1n 7, Franco Amigo 16, Esteban Silva 12, Juan Ignacio Diomedi 3, Franco Pennacchiotti 15 (Fi). Mauro Zalguizuri 16, Andr\u00e9s Barbero 15 (x), Kevin Zambrano 10, Tom\u00e1s Musotto 3, Francisco March\u00e1n 0, Mat\u00edas Pristupa 0 y Federico Repetti 0. <b>DT:<\/b> Alejandro Navallo.<\/p>\n<p><b>Independiente (Neuqu\u00e9n) 70: <\/b>Luciano Alonso 2, Sebasti\u00e1n Far\u00edas 6, Adolfo Garc\u00eda Barros 10, Mat\u00edas Barberis 10, Nicol\u00e1s Morales 9 (Fi). Francisco Gonz\u00e1lez 6, Paolo Casale 10, Santiago Rodr\u00edguez 3, Agust\u00edn Llanan 7, Francisco Alippi 0, Mat\u00edas Voltolini 3 y Augusto Sabas 4. DT: Sebasti\u00e1n Garcia.<\/p>\n<p><b>Parciales: <\/b>28-20, 53-31 (25-11), 81-48 (28-17) y 97-70 (16-22)<\/p>\n<p><b>\u00c1rbitros: <\/b>Mart\u00edn Ib\u00e1\u00f1ez \u2013 Lucas Bianco.<\/p>\n<p><b>Estadio:<\/b> Manu Gin\u00f3bili (Bahiense del Norte).<\/p>\n<p><a href=\"http:\/\/www.fibalivestats.com\/u\/CAM\/212881\/\" target=\"_blank\" rel=\"noopener\">ESTAD\u00cdSTICAS OFICIALES<\/a><\/p>\n<p><strong>Fuente:<\/strong> Prensa Bahiense del Norte.<\/p>\n","protected":false},"excerpt":{"rendered":"<p>El Tricolor tuvo una gran noche y venci\u00f3 97-70 a Independiente (Neuqu\u00e9n) como local<\/p>\n","protected":false},"author":1,"featured_media":54838,"comment_status":"closed","ping_status":"open","sticky":false,"template":"","format":"standard","meta":{"jnews-multi-image_gallery":[],"jnews_single_post":[],"jnews_primary_category":[],"footnotes":""},"categories":[36,39,101],"tags":[172,5,306,223,87,427,742,226,40],"class_list":["post-54826","post","type-post","status-publish","format-standard","has-post-thumbnail","hentry","category-federal","category-nacional","category-slide","tag-andres-barbero","tag-bahiense-del-norte","tag-esteban-silva","tag-franco-amigo","tag-franco-pennacchiotti","tag-independiente-neuquen","tag-kevin-zambrano","tag-mauro-zalguizuri","tag-torneo-federal"],"yoast_head":"<!-- This site is optimized with the Yoast SEO plugin v27.5 - https:\/\/yoast.com\/product\/yoast-seo-wordpress\/ -->\n<title>Bahiense vol\u00f3 alto - Gente de B\u00e1squet<\/title>\n<meta name=\"robots\" content=\"index, follow, max-snippet:-1, max-image-preview:large, max-video-preview:-1\" \/>\n<link rel=\"canonical\" href=\"https:\/\/gentedebasquet.com.ar\/sitio\/2015\/12\/04\/bahiense-volo-alto\/\" \/>\n<meta property=\"og:locale\" content=\"es_ES\" \/>\n<meta property=\"og:type\" content=\"article\" \/>\n<meta property=\"og:title\" content=\"Bahiense vol\u00f3 alto - Gente de B\u00e1squet\" \/>\n<meta property=\"og:description\" content=\"El Tricolor tuvo una gran noche y venci\u00f3 97-70 a Independiente (Neuqu\u00e9n) como local\" \/>\n<meta property=\"og:url\" content=\"https:\/\/gentedebasquet.com.ar\/sitio\/2015\/12\/04\/bahiense-volo-alto\/\" \/>\n<meta property=\"og:site_name\" content=\"Gente de B\u00e1squet\" \/>\n<meta property=\"article:published_time\" content=\"2015-12-05T02:37:54+00:00\" \/>\n<meta property=\"og:image\" content=\"https:\/\/gentedebasquet.com.ar\/sitio\/wp-content\/uploads\/2015\/12\/DSC_0021.jpg\" \/>\n\t<meta property=\"og:image:width\" content=\"690\" \/>\n\t<meta property=\"og:image:height\" content=\"319\" \/>\n\t<meta property=\"og:image:type\" content=\"image\/jpeg\" \/>\n<meta name=\"author\" content=\"Gente de B\u00e1squet\" \/>\n<meta name=\"twitter:card\" content=\"summary_large_image\" \/>\n<meta name=\"twitter:label1\" content=\"Escrito por\" \/>\n\t<meta name=\"twitter:data1\" content=\"Gente de B\u00e1squet\" \/>\n\t<meta name=\"twitter:label2\" content=\"Tiempo de lectura\" \/>\n\t<meta name=\"twitter:data2\" content=\"3 minutos\" \/>\n<script type=\"application\/ld+json\" class=\"yoast-schema-graph\">{\"@context\":\"https:\\\/\\\/schema.org\",\"@graph\":[{\"@type\":\"Article\",\"@id\":\"https:\\\/\\\/gentedebasquet.com.ar\\\/sitio\\\/2015\\\/12\\\/04\\\/bahiense-volo-alto\\\/#article\",\"isPartOf\":{\"@id\":\"https:\\\/\\\/gentedebasquet.com.ar\\\/sitio\\\/2015\\\/12\\\/04\\\/bahiense-volo-alto\\\/\"},\"author\":{\"name\":\"Gente de B\u00e1squet\",\"@id\":\"https:\\\/\\\/gentedebasquet.com.ar\\\/sitio\\\/#\\\/schema\\\/person\\\/ca0b63bbb977369988a7bbbdc519943a\"},\"headline\":\"Bahiense vol\u00f3 alto\",\"datePublished\":\"2015-12-05T02:37:54+00:00\",\"mainEntityOfPage\":{\"@id\":\"https:\\\/\\\/gentedebasquet.com.ar\\\/sitio\\\/2015\\\/12\\\/04\\\/bahiense-volo-alto\\\/\"},\"wordCount\":669,\"image\":{\"@id\":\"https:\\\/\\\/gentedebasquet.com.ar\\\/sitio\\\/2015\\\/12\\\/04\\\/bahiense-volo-alto\\\/#primaryimage\"},\"thumbnailUrl\":\"https:\\\/\\\/gentedebasquet.com.ar\\\/sitio\\\/wp-content\\\/uploads\\\/2015\\\/12\\\/DSC_0021.jpg\",\"keywords\":[\"Andr\u00e9s Barbero\",\"Bahiense Del Norte\",\"Esteban Silva\",\"Franco Amigo\",\"Franco Pennacchiotti\",\"Independiente Neuqu\u00e9n\",\"Kevin Zambrano\",\"mauro zalguizuri\",\"Torneo Federal\"],\"articleSection\":[\"Federal\",\"Nacional\",\"Slide\"],\"inLanguage\":\"es\"},{\"@type\":\"WebPage\",\"@id\":\"https:\\\/\\\/gentedebasquet.com.ar\\\/sitio\\\/2015\\\/12\\\/04\\\/bahiense-volo-alto\\\/\",\"url\":\"https:\\\/\\\/gentedebasquet.com.ar\\\/sitio\\\/2015\\\/12\\\/04\\\/bahiense-volo-alto\\\/\",\"name\":\"Bahiense vol\u00f3 alto - Gente de B\u00e1squet\",\"isPartOf\":{\"@id\":\"https:\\\/\\\/gentedebasquet.com.ar\\\/sitio\\\/#website\"},\"primaryImageOfPage\":{\"@id\":\"https:\\\/\\\/gentedebasquet.com.ar\\\/sitio\\\/2015\\\/12\\\/04\\\/bahiense-volo-alto\\\/#primaryimage\"},\"image\":{\"@id\":\"https:\\\/\\\/gentedebasquet.com.ar\\\/sitio\\\/2015\\\/12\\\/04\\\/bahiense-volo-alto\\\/#primaryimage\"},\"thumbnailUrl\":\"https:\\\/\\\/gentedebasquet.com.ar\\\/sitio\\\/wp-content\\\/uploads\\\/2015\\\/12\\\/DSC_0021.jpg\",\"datePublished\":\"2015-12-05T02:37:54+00:00\",\"author\":{\"@id\":\"https:\\\/\\\/gentedebasquet.com.ar\\\/sitio\\\/#\\\/schema\\\/person\\\/ca0b63bbb977369988a7bbbdc519943a\"},\"breadcrumb\":{\"@id\":\"https:\\\/\\\/gentedebasquet.com.ar\\\/sitio\\\/2015\\\/12\\\/04\\\/bahiense-volo-alto\\\/#breadcrumb\"},\"inLanguage\":\"es\",\"potentialAction\":[{\"@type\":\"ReadAction\",\"target\":[\"https:\\\/\\\/gentedebasquet.com.ar\\\/sitio\\\/2015\\\/12\\\/04\\\/bahiense-volo-alto\\\/\"]}]},{\"@type\":\"ImageObject\",\"inLanguage\":\"es\",\"@id\":\"https:\\\/\\\/gentedebasquet.com.ar\\\/sitio\\\/2015\\\/12\\\/04\\\/bahiense-volo-alto\\\/#primaryimage\",\"url\":\"https:\\\/\\\/gentedebasquet.com.ar\\\/sitio\\\/wp-content\\\/uploads\\\/2015\\\/12\\\/DSC_0021.jpg\",\"contentUrl\":\"https:\\\/\\\/gentedebasquet.com.ar\\\/sitio\\\/wp-content\\\/uploads\\\/2015\\\/12\\\/DSC_0021.jpg\",\"width\":690,\"height\":319},{\"@type\":\"BreadcrumbList\",\"@id\":\"https:\\\/\\\/gentedebasquet.com.ar\\\/sitio\\\/2015\\\/12\\\/04\\\/bahiense-volo-alto\\\/#breadcrumb\",\"itemListElement\":[{\"@type\":\"ListItem\",\"position\":1,\"name\":\"Portada\",\"item\":\"https:\\\/\\\/gentedebasquet.com.ar\\\/sitio\\\/\"},{\"@type\":\"ListItem\",\"position\":2,\"name\":\"Bahiense vol\u00f3 alto\"}]},{\"@type\":\"WebSite\",\"@id\":\"https:\\\/\\\/gentedebasquet.com.ar\\\/sitio\\\/#website\",\"url\":\"https:\\\/\\\/gentedebasquet.com.ar\\\/sitio\\\/\",\"name\":\"Gente de B\u00e1squet\",\"description\":\"La revista del basquet de Bah\u00eda Blanca\",\"potentialAction\":[{\"@type\":\"SearchAction\",\"target\":{\"@type\":\"EntryPoint\",\"urlTemplate\":\"https:\\\/\\\/gentedebasquet.com.ar\\\/sitio\\\/?s={search_term_string}\"},\"query-input\":{\"@type\":\"PropertyValueSpecification\",\"valueRequired\":true,\"valueName\":\"search_term_string\"}}],\"inLanguage\":\"es\"},{\"@type\":\"Person\",\"@id\":\"https:\\\/\\\/gentedebasquet.com.ar\\\/sitio\\\/#\\\/schema\\\/person\\\/ca0b63bbb977369988a7bbbdc519943a\",\"name\":\"Gente de B\u00e1squet\",\"image\":{\"@type\":\"ImageObject\",\"inLanguage\":\"es\",\"@id\":\"https:\\\/\\\/secure.gravatar.com\\\/avatar\\\/7f2c48bdc33b30088f941fb6082e555f2874c98e20cb159d7b92b50eadfce793?s=96&d=mm&r=g\",\"url\":\"https:\\\/\\\/secure.gravatar.com\\\/avatar\\\/7f2c48bdc33b30088f941fb6082e555f2874c98e20cb159d7b92b50eadfce793?s=96&d=mm&r=g\",\"contentUrl\":\"https:\\\/\\\/secure.gravatar.com\\\/avatar\\\/7f2c48bdc33b30088f941fb6082e555f2874c98e20cb159d7b92b50eadfce793?s=96&d=mm&r=g\",\"caption\":\"Gente de B\u00e1squet\"},\"sameAs\":[\"http:\\\/\\\/gentedebasquet.com.ar\\\/sitio\"],\"url\":\"https:\\\/\\\/gentedebasquet.com.ar\\\/sitio\\\/author\\\/ulises\\\/\"}]}<\/script>\n<!-- \/ Yoast SEO plugin. -->","yoast_head_json":{"title":"Bahiense vol\u00f3 alto - Gente de B\u00e1squet","robots":{"index":"index","follow":"follow","max-snippet":"max-snippet:-1","max-image-preview":"max-image-preview:large","max-video-preview":"max-video-preview:-1"},"canonical":"https:\/\/gentedebasquet.com.ar\/sitio\/2015\/12\/04\/bahiense-volo-alto\/","og_locale":"es_ES","og_type":"article","og_title":"Bahiense vol\u00f3 alto - Gente de B\u00e1squet","og_description":"El Tricolor tuvo una gran noche y venci\u00f3 97-70 a Independiente (Neuqu\u00e9n) como local","og_url":"https:\/\/gentedebasquet.com.ar\/sitio\/2015\/12\/04\/bahiense-volo-alto\/","og_site_name":"Gente de B\u00e1squet","article_published_time":"2015-12-05T02:37:54+00:00","og_image":[{"width":690,"height":319,"url":"https:\/\/gentedebasquet.com.ar\/sitio\/wp-content\/uploads\/2015\/12\/DSC_0021.jpg","type":"image\/jpeg"}],"author":"Gente de B\u00e1squet","twitter_card":"summary_large_image","twitter_misc":{"Escrito por":"Gente de B\u00e1squet","Tiempo de lectura":"3 minutos"},"schema":{"@context":"https:\/\/schema.org","@graph":[{"@type":"Article","@id":"https:\/\/gentedebasquet.com.ar\/sitio\/2015\/12\/04\/bahiense-volo-alto\/#article","isPartOf":{"@id":"https:\/\/gentedebasquet.com.ar\/sitio\/2015\/12\/04\/bahiense-volo-alto\/"},"author":{"name":"Gente de B\u00e1squet","@id":"https:\/\/gentedebasquet.com.ar\/sitio\/#\/schema\/person\/ca0b63bbb977369988a7bbbdc519943a"},"headline":"Bahiense vol\u00f3 alto","datePublished":"2015-12-05T02:37:54+00:00","mainEntityOfPage":{"@id":"https:\/\/gentedebasquet.com.ar\/sitio\/2015\/12\/04\/bahiense-volo-alto\/"},"wordCount":669,"image":{"@id":"https:\/\/gentedebasquet.com.ar\/sitio\/2015\/12\/04\/bahiense-volo-alto\/#primaryimage"},"thumbnailUrl":"https:\/\/gentedebasquet.com.ar\/sitio\/wp-content\/uploads\/2015\/12\/DSC_0021.jpg","keywords":["Andr\u00e9s Barbero","Bahiense Del Norte","Esteban Silva","Franco Amigo","Franco Pennacchiotti","Independiente Neuqu\u00e9n","Kevin Zambrano","mauro zalguizuri","Torneo Federal"],"articleSection":["Federal","Nacional","Slide"],"inLanguage":"es"},{"@type":"WebPage","@id":"https:\/\/gentedebasquet.com.ar\/sitio\/2015\/12\/04\/bahiense-volo-alto\/","url":"https:\/\/gentedebasquet.com.ar\/sitio\/2015\/12\/04\/bahiense-volo-alto\/","name":"Bahiense vol\u00f3 alto - Gente de B\u00e1squet","isPartOf":{"@id":"https:\/\/gentedebasquet.com.ar\/sitio\/#website"},"primaryImageOfPage":{"@id":"https:\/\/gentedebasquet.com.ar\/sitio\/2015\/12\/04\/bahiense-volo-alto\/#primaryimage"},"image":{"@id":"https:\/\/gentedebasquet.com.ar\/sitio\/2015\/12\/04\/bahiense-volo-alto\/#primaryimage"},"thumbnailUrl":"https:\/\/gentedebasquet.com.ar\/sitio\/wp-content\/uploads\/2015\/12\/DSC_0021.jpg","datePublished":"2015-12-05T02:37:54+00:00","author":{"@id":"https:\/\/gentedebasquet.com.ar\/sitio\/#\/schema\/person\/ca0b63bbb977369988a7bbbdc519943a"},"breadcrumb":{"@id":"https:\/\/gentedebasquet.com.ar\/sitio\/2015\/12\/04\/bahiense-volo-alto\/#breadcrumb"},"inLanguage":"es","potentialAction":[{"@type":"ReadAction","target":["https:\/\/gentedebasquet.com.ar\/sitio\/2015\/12\/04\/bahiense-volo-alto\/"]}]},{"@type":"ImageObject","inLanguage":"es","@id":"https:\/\/gentedebasquet.com.ar\/sitio\/2015\/12\/04\/bahiense-volo-alto\/#primaryimage","url":"https:\/\/gentedebasquet.com.ar\/sitio\/wp-content\/uploads\/2015\/12\/DSC_0021.jpg","contentUrl":"https:\/\/gentedebasquet.com.ar\/sitio\/wp-content\/uploads\/2015\/12\/DSC_0021.jpg","width":690,"height":319},{"@type":"BreadcrumbList","@id":"https:\/\/gentedebasquet.com.ar\/sitio\/2015\/12\/04\/bahiense-volo-alto\/#breadcrumb","itemListElement":[{"@type":"ListItem","position":1,"name":"Portada","item":"https:\/\/gentedebasquet.com.ar\/sitio\/"},{"@type":"ListItem","position":2,"name":"Bahiense vol\u00f3 alto"}]},{"@type":"WebSite","@id":"https:\/\/gentedebasquet.com.ar\/sitio\/#website","url":"https:\/\/gentedebasquet.com.ar\/sitio\/","name":"Gente de B\u00e1squet","description":"La revista del basquet de Bah\u00eda Blanca","potentialAction":[{"@type":"SearchAction","target":{"@type":"EntryPoint","urlTemplate":"https:\/\/gentedebasquet.com.ar\/sitio\/?s={search_term_string}"},"query-input":{"@type":"PropertyValueSpecification","valueRequired":true,"valueName":"search_term_string"}}],"inLanguage":"es"},{"@type":"Person","@id":"https:\/\/gentedebasquet.com.ar\/sitio\/#\/schema\/person\/ca0b63bbb977369988a7bbbdc519943a","name":"Gente de B\u00e1squet","image":{"@type":"ImageObject","inLanguage":"es","@id":"https:\/\/secure.gravatar.com\/avatar\/7f2c48bdc33b30088f941fb6082e555f2874c98e20cb159d7b92b50eadfce793?s=96&d=mm&r=g","url":"https:\/\/secure.gravatar.com\/avatar\/7f2c48bdc33b30088f941fb6082e555f2874c98e20cb159d7b92b50eadfce793?s=96&d=mm&r=g","contentUrl":"https:\/\/secure.gravatar.com\/avatar\/7f2c48bdc33b30088f941fb6082e555f2874c98e20cb159d7b92b50eadfce793?s=96&d=mm&r=g","caption":"Gente de B\u00e1squet"},"sameAs":["http:\/\/gentedebasquet.com.ar\/sitio"],"url":"https:\/\/gentedebasquet.com.ar\/sitio\/author\/ulises\/"}]}},"_links":{"self":[{"href":"https:\/\/gentedebasquet.com.ar\/sitio\/wp-json\/wp\/v2\/posts\/54826","targetHints":{"allow":["GET"]}}],"collection":[{"href":"https:\/\/gentedebasquet.com.ar\/sitio\/wp-json\/wp\/v2\/posts"}],"about":[{"href":"https:\/\/gentedebasquet.com.ar\/sitio\/wp-json\/wp\/v2\/types\/post"}],"author":[{"embeddable":true,"href":"https:\/\/gentedebasquet.com.ar\/sitio\/wp-json\/wp\/v2\/users\/1"}],"replies":[{"embeddable":true,"href":"https:\/\/gentedebasquet.com.ar\/sitio\/wp-json\/wp\/v2\/comments?post=54826"}],"version-history":[{"count":0,"href":"https:\/\/gentedebasquet.com.ar\/sitio\/wp-json\/wp\/v2\/posts\/54826\/revisions"}],"wp:featuredmedia":[{"embeddable":true,"href":"https:\/\/gentedebasquet.com.ar\/sitio\/wp-json\/wp\/v2\/media\/54838"}],"wp:attachment":[{"href":"https:\/\/gentedebasquet.com.ar\/sitio\/wp-json\/wp\/v2\/media?parent=54826"}],"wp:term":[{"taxonomy":"category","embeddable":true,"href":"https:\/\/gentedebasquet.com.ar\/sitio\/wp-json\/wp\/v2\/categories?post=54826"},{"taxonomy":"post_tag","embeddable":true,"href":"https:\/\/gentedebasquet.com.ar\/sitio\/wp-json\/wp\/v2\/tags?post=54826"}],"curies":[{"name":"wp","href":"https:\/\/api.w.org\/{rel}","templated":true}]}}