{"id":54882,"date":"2015-12-05T22:37:53","date_gmt":"2015-12-06T01:37:53","guid":{"rendered":"http:\/\/www.gentedebasquet.com.ar\/?p=54882"},"modified":"2015-12-05T22:37:53","modified_gmt":"2015-12-06T01:37:53","slug":"que-andes-bien-semifinalista","status":"publish","type":"post","link":"https:\/\/gentedebasquet.com.ar\/sitio\/2015\/12\/05\/que-andes-bien-semifinalista\/","title":{"rendered":"Qu\u00e9 Andes bien\u2026 semifinalista"},"content":{"rendered":"<p><b>Argentino reivindic\u00f3 su pasaje a semifinales en la categor\u00eda preinfantiles tras superar a Los Andes (Punta Alta) por 75 a 70 en el Ardubilio Severini. A pesar de haber jugado una floja pero a su vez pareja primera mitad (31-29 para Los Andes), el local mejor\u00f3 en el segundo tiempo (lo gan\u00f3 46-39) y fue eficaz en el cierre para alzarse con el triunfo. Los destacados en el ganador fueron: Mirko Cenzual con 22 puntos (4\/6 T2, 11 en el 4C) y 8 asistencias y Ferm\u00edn Mariezcurrena con 21 puntos (8\/19 T2 y 5\/8 TL), 20 rebotes, 2 asistencias y 1 tapa para redondear 30 puntos de valoraci\u00f3n. El conjunto puntaltense cont\u00f3 con el goleador del partido: Nicol\u00e1s Nastasi sum\u00f3 26 puntos (8\/13 TL, 10 en el 2C) y 14 rebotes para lograr 28 de coeficiente.<\/b><\/p>\n<p>Argentino comenz\u00f3 tomando la iniciativa del encuentro y con un minuto jugado se puso arriba en el lum\u00ednico (6-2). A partir de all\u00ed, el tr\u00e1mite del partido se convirti\u00f3 en un juego de rachas. Los Andes peg\u00f3 primero, porque aprovechando una sequ\u00eda ofensiva del local (se mantuvo 5 minutos sin sumar puntos) y encontrando buenos rendimientos en Munafo (4, 6 rebotes y 2 asistencias), Conti (4 \u2013 2\/3 T2), Richter (4 \u2013 2\/2 T2) y Otz (3) el visitante logr\u00f3 revertir el marcador (6-11) mediante un parcial de 9-0. Sin embargo, con Mariezcurrena (7 y 10 rebotes &#8211; 6 ofensivos) y Cenzual (5 y 3 asistencias) tomando protagonismo y gravitando en las ofensivas locales, el celeste cerr\u00f3 el per\u00edodo con un parcial de 11-6 que dej\u00f3 el marcador en tablas: 17-17.<\/p>\n<p>La paridad rein\u00f3 en el segundo cuarto, debido a que ambos equipos eran eficaces a la hora de atacar el canasto y concluir sus ofensivas. Argentino se apoy\u00f3 en el goleo de Fava (4 y 3 rebotes), Varela (4 y 5 rebotes) y Parollo (4) m\u00e1s el trabajo silencioso de Arana (5 rebotes, 2 recuperos y 1 asistencia) para mantenerse en partido. Por su parte, la escuadra dirigida por Munafo pudo inclinar la balanza a su favor gracias al desequilibrio de Nastasi (10) para jugar el 1vs1 y al gran trabajo de Fonsfr\u00eda en la zona pintada (4 y 3 rebotes ofensivos). Al cabo de los primeros 20 minutos, el electr\u00f3nico reflejaba un resultado de 31-29 en favor del equipo puntaltense.<\/p>\n<p>A la vuelta del descanso m\u00e1s largo, la paridad y equivalencia en los n\u00fameros y el juego siguieron haci\u00e9ndose presentes en el parquet. El visitante sigui\u00f3 encontrando puntos en los buenos ataques de Nastasi (5 y 4 rebotes), especialmente desde la l\u00ednea de libres en donde sum\u00f3 3\/4, y \u00a0la viveza de Otz (4 y 2 recuperos) para robar pelotas y cambiarlas por conversiones f\u00e1ciles. No obstante, un formidable pasaje en ofensiva de Argentino liderado por el tridente compuesto por Fava (4, 2 rebotes y 2 asistencias), Cenzual (6, 2 rebotes y 3 asistencias) y Mariezcurrena (4, 5 rebotes y 1 tapa) le permitieron al local revertir el score (llegaron a sacar un diferencia de 5 puntos: 41-36) y entrar con ventaja de un doble (47-45) a los \u00faltimos 10 minutos.<\/p>\n<p>El epilogo fue emocionante y el due\u00f1o de casa lo comenz\u00f3 sacando la m\u00e1xima del partido, que lleg\u00f3 a ser de 9 (59-50 a falta de 7m44s) con parcial de 11-5 y con Cenzual (11 y 2 asistencias) y Mariezcurrena (9, 5 cristales y 2 asistencias) reparti\u00e9ndose los puntos. A pesar de encontrarse en desventaja, Los Andes no se dio nunca por vencido y en dos ocasiones logr\u00f3 situarse abajo por la m\u00ednima (59-58 y 71-70) con Nastasi (11 \u2013 4\/7 t2 y 3\/3 TL \u2013 y 6 rebotes), Munafo (8 \u2013 4\/7 t2) y Otz (6, 1 recupero y 1 asistencia) tirando desde el carro. Pero los minutos finales le pesaron al visitante y los dirigidos por Rava pudieron cerrarlo mejor con un buen pasaje ofensivo de Lorenzo (6) y con Varela siendo 2\/2 en la l\u00ednea de libres para decorar el 75-70 final.<\/p>\n<p><iframe loading=\"lazy\" width=\"640\" height=\"420\" src=\"https:\/\/www.youtube.com\/embed\/rzDnISETPi4\" frameborder=\"0\" allowfullscreen><\/iframe><\/p>\n<p>De esta manera, Argentino reivindic\u00f3 el pasaje obtenido a semifinales (conseguido el s\u00e1bado 21\/11 en cancha de 9 de Julio), instancia en la que chocar\u00e1 con Villa Mitre. Por su parte, Los Andes definir\u00e1 el 7\u00ba puesto ante algunos de estos 3 posibles rivales: Sportivo Bahiense, Estrella o El Nacional.<\/p>\n<p><strong>El resto de las semis ser\u00e1n:<\/strong> en U13, Bahiense-Olimpo y Villa Mitre-Argentino; U15, Olimpo-Argentino y Pac\u00edfico-Napost\u00e1; U15 Bis, Olimpo-Pacifico y Estudiantes-Villa Mitre; U17, Olimpo-Estudiantes y Argentino-Pac\u00edfico; U19 Olimpo-Pac\u00edfico y Bahiense-Estudiantes; y U21, Barracas-Argentino y Estrella-Alem. Mientras que U17 bis disputar\u00e1 este lunes el segundo juego de las <a href=\"http:\/\/www.gentedebasquet.com.ar\/ruesga-por-consagrarse\/\" target=\"_blank\" rel=\"noopener\">finales<\/a>.<\/p>\n<p>&nbsp;<\/p>\n<p><b>S\u00edntesis |<\/b> U13 \u2013 Hexagonal Campeonato 1 \u2013 Fecha #10<\/p>\n<p><b>Argentino 75:<\/b> Mirko Cenzual 22, Francisco Uyua 2, Salvador Flor\u00edn 2, Ramiro Lorenzo 6, Ferm\u00edn Mariezcurrena 21 (FI); Tom\u00e1s Arana 2, Bautista Fava 8 (X), Agust\u00edn Rozas Dennis 0, Nicol\u00e1s Aliotta 0, Mat\u00edas Varela 8 y Vito Parollo 4. DT: Alan Rava.<\/p>\n<p><b>Los Andes 70:<\/b> Juan Otz 15, Felipe Munafo 14, Santino Conti 4, Agust\u00edn Capelleri 3, Santiago Richter 4 (FI); Lautaro Fonsfr\u00eda 4, Nicol\u00e1s Nastasi 26, Ignacio Schavinsky 0, Tom\u00e1s Prat 0, Pedro Panesi 0, Nahuel Rempel 0 y Martino Avaca 0. DT:<b> <\/b>Gustavo Munafo.<\/p>\n<p><b>Parciales:<\/b> 17-17, 29-31 (12-14), 47-45 (18-14) y 75-70 (28-25).<\/p>\n<p><b>\u00c1rbitros:<\/b> \u00c1ngel Rizzo \u2013 Nicol\u00e1s Larrasolo.<\/p>\n<p><b>Estadio:<\/b> Ardubilio Severini (Argentino).<\/p>\n<p><a class=\"modalf iframe\" title=\"Planilla\" href=\"https:\/\/docs.google.com\/spreadsheets\/d\/1MEnOU9TcYjDT8Q9CfXBafJ2n_vAOTG7RgMsfyOVqE7U\/pubhtml\" target=\"_blank\" rel=\"noopener\">Ver Planilla<\/a><\/p>\n<p>&nbsp;<\/p>\n<h6 style=\"text-align: center;\">ARGENTINO U13<\/h6>\n<p><a href=\"http:\/\/www.gentedebasquet.com.ar\/wp-content\/uploads\/2015\/12\/Argentino-U13.jpg\"><img decoding=\"async\" class=\"aligncenter size-full wp-image-54879\" alt=\"Argentino U13\" src=\"http:\/\/www.gentedebasquet.com.ar\/wp-content\/uploads\/2015\/12\/Argentino-U13.jpg\" width=\"640\" height=\"460\" srcset=\"https:\/\/gentedebasquet.com.ar\/sitio\/wp-content\/uploads\/2015\/12\/Argentino-U13.jpg 640w, https:\/\/gentedebasquet.com.ar\/sitio\/wp-content\/uploads\/2015\/12\/Argentino-U13-300x216.jpg 300w\" sizes=\"(max-width: 640px) 100vw, 640px\" \/><\/a><\/p>\n<h6 style=\"text-align: center;\">LOS ANDES U13<\/h6>\n<p><a href=\"http:\/\/www.gentedebasquet.com.ar\/wp-content\/uploads\/2015\/12\/Los-Andes-U13.jpg\"><img decoding=\"async\" class=\"aligncenter size-full wp-image-54880\" alt=\"Los Andes U13\" src=\"http:\/\/www.gentedebasquet.com.ar\/wp-content\/uploads\/2015\/12\/Los-Andes-U13.jpg\" width=\"640\" height=\"460\" srcset=\"https:\/\/gentedebasquet.com.ar\/sitio\/wp-content\/uploads\/2015\/12\/Los-Andes-U13.jpg 640w, https:\/\/gentedebasquet.com.ar\/sitio\/wp-content\/uploads\/2015\/12\/Los-Andes-U13-300x216.jpg 300w\" sizes=\"(max-width: 640px) 100vw, 640px\" \/><\/a><\/p>\n","protected":false},"excerpt":{"rendered":"<p>Argentino reivindic\u00f3 su clasificaci\u00f3n en U13 tras derrotar a Los Andes (PA) 75 a 70<\/p>\n","protected":false},"author":1,"featured_media":54878,"comment_status":"closed","ping_status":"open","sticky":false,"template":"","format":"standard","meta":{"jnews-multi-image_gallery":[],"jnews_single_post":[],"jnews_primary_category":[],"footnotes":""},"categories":[101,41],"tags":[4,152],"class_list":["post-54882","post","type-post","status-publish","format-standard","has-post-thumbnail","hentry","category-slide","category-u13","tag-argentino","tag-los-andes"],"yoast_head":"<!-- This site is optimized with the Yoast SEO plugin v27.5 - https:\/\/yoast.com\/product\/yoast-seo-wordpress\/ -->\n<title>Qu\u00e9 Andes bien\u2026 semifinalista - Gente de B\u00e1squet<\/title>\n<meta name=\"robots\" content=\"index, follow, max-snippet:-1, max-image-preview:large, max-video-preview:-1\" \/>\n<link rel=\"canonical\" href=\"https:\/\/gentedebasquet.com.ar\/sitio\/2015\/12\/05\/que-andes-bien-semifinalista\/\" \/>\n<meta property=\"og:locale\" content=\"es_ES\" \/>\n<meta property=\"og:type\" content=\"article\" \/>\n<meta property=\"og:title\" content=\"Qu\u00e9 Andes bien\u2026 semifinalista - Gente de B\u00e1squet\" \/>\n<meta property=\"og:description\" content=\"Argentino reivindic\u00f3 su clasificaci\u00f3n en U13 tras derrotar a Los Andes (PA) 75 a 70\" \/>\n<meta property=\"og:url\" content=\"https:\/\/gentedebasquet.com.ar\/sitio\/2015\/12\/05\/que-andes-bien-semifinalista\/\" \/>\n<meta property=\"og:site_name\" content=\"Gente de B\u00e1squet\" \/>\n<meta property=\"article:published_time\" content=\"2015-12-06T01:37:53+00:00\" \/>\n<meta property=\"og:image\" content=\"https:\/\/gentedebasquet.com.ar\/sitio\/wp-content\/uploads\/2015\/12\/Argentino-Los-Andes-U13.jpg\" \/>\n\t<meta property=\"og:image:width\" content=\"690\" \/>\n\t<meta property=\"og:image:height\" content=\"319\" \/>\n\t<meta property=\"og:image:type\" content=\"image\/jpeg\" \/>\n<meta name=\"author\" content=\"Gente de B\u00e1squet\" \/>\n<meta name=\"twitter:card\" content=\"summary_large_image\" \/>\n<meta name=\"twitter:label1\" content=\"Escrito por\" \/>\n\t<meta name=\"twitter:data1\" content=\"Gente de B\u00e1squet\" \/>\n\t<meta name=\"twitter:label2\" content=\"Tiempo de lectura\" \/>\n\t<meta name=\"twitter:data2\" content=\"4 minutos\" \/>\n<script type=\"application\/ld+json\" class=\"yoast-schema-graph\">{\"@context\":\"https:\\\/\\\/schema.org\",\"@graph\":[{\"@type\":\"Article\",\"@id\":\"https:\\\/\\\/gentedebasquet.com.ar\\\/sitio\\\/2015\\\/12\\\/05\\\/que-andes-bien-semifinalista\\\/#article\",\"isPartOf\":{\"@id\":\"https:\\\/\\\/gentedebasquet.com.ar\\\/sitio\\\/2015\\\/12\\\/05\\\/que-andes-bien-semifinalista\\\/\"},\"author\":{\"name\":\"Gente de B\u00e1squet\",\"@id\":\"https:\\\/\\\/gentedebasquet.com.ar\\\/sitio\\\/#\\\/schema\\\/person\\\/ca0b63bbb977369988a7bbbdc519943a\"},\"headline\":\"Qu\u00e9 Andes bien\u2026 semifinalista\",\"datePublished\":\"2015-12-06T01:37:53+00:00\",\"mainEntityOfPage\":{\"@id\":\"https:\\\/\\\/gentedebasquet.com.ar\\\/sitio\\\/2015\\\/12\\\/05\\\/que-andes-bien-semifinalista\\\/\"},\"wordCount\":812,\"image\":{\"@id\":\"https:\\\/\\\/gentedebasquet.com.ar\\\/sitio\\\/2015\\\/12\\\/05\\\/que-andes-bien-semifinalista\\\/#primaryimage\"},\"thumbnailUrl\":\"https:\\\/\\\/gentedebasquet.com.ar\\\/sitio\\\/wp-content\\\/uploads\\\/2015\\\/12\\\/Argentino-Los-Andes-U13.jpg\",\"keywords\":[\"Argentino\",\"Los Andes\"],\"articleSection\":[\"Slide\",\"U13\"],\"inLanguage\":\"es\"},{\"@type\":\"WebPage\",\"@id\":\"https:\\\/\\\/gentedebasquet.com.ar\\\/sitio\\\/2015\\\/12\\\/05\\\/que-andes-bien-semifinalista\\\/\",\"url\":\"https:\\\/\\\/gentedebasquet.com.ar\\\/sitio\\\/2015\\\/12\\\/05\\\/que-andes-bien-semifinalista\\\/\",\"name\":\"Qu\u00e9 Andes bien\u2026 semifinalista - Gente de B\u00e1squet\",\"isPartOf\":{\"@id\":\"https:\\\/\\\/gentedebasquet.com.ar\\\/sitio\\\/#website\"},\"primaryImageOfPage\":{\"@id\":\"https:\\\/\\\/gentedebasquet.com.ar\\\/sitio\\\/2015\\\/12\\\/05\\\/que-andes-bien-semifinalista\\\/#primaryimage\"},\"image\":{\"@id\":\"https:\\\/\\\/gentedebasquet.com.ar\\\/sitio\\\/2015\\\/12\\\/05\\\/que-andes-bien-semifinalista\\\/#primaryimage\"},\"thumbnailUrl\":\"https:\\\/\\\/gentedebasquet.com.ar\\\/sitio\\\/wp-content\\\/uploads\\\/2015\\\/12\\\/Argentino-Los-Andes-U13.jpg\",\"datePublished\":\"2015-12-06T01:37:53+00:00\",\"author\":{\"@id\":\"https:\\\/\\\/gentedebasquet.com.ar\\\/sitio\\\/#\\\/schema\\\/person\\\/ca0b63bbb977369988a7bbbdc519943a\"},\"breadcrumb\":{\"@id\":\"https:\\\/\\\/gentedebasquet.com.ar\\\/sitio\\\/2015\\\/12\\\/05\\\/que-andes-bien-semifinalista\\\/#breadcrumb\"},\"inLanguage\":\"es\",\"potentialAction\":[{\"@type\":\"ReadAction\",\"target\":[\"https:\\\/\\\/gentedebasquet.com.ar\\\/sitio\\\/2015\\\/12\\\/05\\\/que-andes-bien-semifinalista\\\/\"]}]},{\"@type\":\"ImageObject\",\"inLanguage\":\"es\",\"@id\":\"https:\\\/\\\/gentedebasquet.com.ar\\\/sitio\\\/2015\\\/12\\\/05\\\/que-andes-bien-semifinalista\\\/#primaryimage\",\"url\":\"https:\\\/\\\/gentedebasquet.com.ar\\\/sitio\\\/wp-content\\\/uploads\\\/2015\\\/12\\\/Argentino-Los-Andes-U13.jpg\",\"contentUrl\":\"https:\\\/\\\/gentedebasquet.com.ar\\\/sitio\\\/wp-content\\\/uploads\\\/2015\\\/12\\\/Argentino-Los-Andes-U13.jpg\",\"width\":690,\"height\":319},{\"@type\":\"BreadcrumbList\",\"@id\":\"https:\\\/\\\/gentedebasquet.com.ar\\\/sitio\\\/2015\\\/12\\\/05\\\/que-andes-bien-semifinalista\\\/#breadcrumb\",\"itemListElement\":[{\"@type\":\"ListItem\",\"position\":1,\"name\":\"Portada\",\"item\":\"https:\\\/\\\/gentedebasquet.com.ar\\\/sitio\\\/\"},{\"@type\":\"ListItem\",\"position\":2,\"name\":\"Qu\u00e9 Andes bien\u2026 semifinalista\"}]},{\"@type\":\"WebSite\",\"@id\":\"https:\\\/\\\/gentedebasquet.com.ar\\\/sitio\\\/#website\",\"url\":\"https:\\\/\\\/gentedebasquet.com.ar\\\/sitio\\\/\",\"name\":\"Gente de B\u00e1squet\",\"description\":\"La revista del basquet de Bah\u00eda Blanca\",\"potentialAction\":[{\"@type\":\"SearchAction\",\"target\":{\"@type\":\"EntryPoint\",\"urlTemplate\":\"https:\\\/\\\/gentedebasquet.com.ar\\\/sitio\\\/?s={search_term_string}\"},\"query-input\":{\"@type\":\"PropertyValueSpecification\",\"valueRequired\":true,\"valueName\":\"search_term_string\"}}],\"inLanguage\":\"es\"},{\"@type\":\"Person\",\"@id\":\"https:\\\/\\\/gentedebasquet.com.ar\\\/sitio\\\/#\\\/schema\\\/person\\\/ca0b63bbb977369988a7bbbdc519943a\",\"name\":\"Gente de B\u00e1squet\",\"image\":{\"@type\":\"ImageObject\",\"inLanguage\":\"es\",\"@id\":\"https:\\\/\\\/secure.gravatar.com\\\/avatar\\\/7f2c48bdc33b30088f941fb6082e555f2874c98e20cb159d7b92b50eadfce793?s=96&d=mm&r=g\",\"url\":\"https:\\\/\\\/secure.gravatar.com\\\/avatar\\\/7f2c48bdc33b30088f941fb6082e555f2874c98e20cb159d7b92b50eadfce793?s=96&d=mm&r=g\",\"contentUrl\":\"https:\\\/\\\/secure.gravatar.com\\\/avatar\\\/7f2c48bdc33b30088f941fb6082e555f2874c98e20cb159d7b92b50eadfce793?s=96&d=mm&r=g\",\"caption\":\"Gente de B\u00e1squet\"},\"sameAs\":[\"http:\\\/\\\/gentedebasquet.com.ar\\\/sitio\"],\"url\":\"https:\\\/\\\/gentedebasquet.com.ar\\\/sitio\\\/author\\\/ulises\\\/\"}]}<\/script>\n<!-- \/ Yoast SEO plugin. -->","yoast_head_json":{"title":"Qu\u00e9 Andes bien\u2026 semifinalista - Gente de B\u00e1squet","robots":{"index":"index","follow":"follow","max-snippet":"max-snippet:-1","max-image-preview":"max-image-preview:large","max-video-preview":"max-video-preview:-1"},"canonical":"https:\/\/gentedebasquet.com.ar\/sitio\/2015\/12\/05\/que-andes-bien-semifinalista\/","og_locale":"es_ES","og_type":"article","og_title":"Qu\u00e9 Andes bien\u2026 semifinalista - Gente de B\u00e1squet","og_description":"Argentino reivindic\u00f3 su clasificaci\u00f3n en U13 tras derrotar a Los Andes (PA) 75 a 70","og_url":"https:\/\/gentedebasquet.com.ar\/sitio\/2015\/12\/05\/que-andes-bien-semifinalista\/","og_site_name":"Gente de B\u00e1squet","article_published_time":"2015-12-06T01:37:53+00:00","og_image":[{"width":690,"height":319,"url":"https:\/\/gentedebasquet.com.ar\/sitio\/wp-content\/uploads\/2015\/12\/Argentino-Los-Andes-U13.jpg","type":"image\/jpeg"}],"author":"Gente de B\u00e1squet","twitter_card":"summary_large_image","twitter_misc":{"Escrito por":"Gente de B\u00e1squet","Tiempo de lectura":"4 minutos"},"schema":{"@context":"https:\/\/schema.org","@graph":[{"@type":"Article","@id":"https:\/\/gentedebasquet.com.ar\/sitio\/2015\/12\/05\/que-andes-bien-semifinalista\/#article","isPartOf":{"@id":"https:\/\/gentedebasquet.com.ar\/sitio\/2015\/12\/05\/que-andes-bien-semifinalista\/"},"author":{"name":"Gente de B\u00e1squet","@id":"https:\/\/gentedebasquet.com.ar\/sitio\/#\/schema\/person\/ca0b63bbb977369988a7bbbdc519943a"},"headline":"Qu\u00e9 Andes bien\u2026 semifinalista","datePublished":"2015-12-06T01:37:53+00:00","mainEntityOfPage":{"@id":"https:\/\/gentedebasquet.com.ar\/sitio\/2015\/12\/05\/que-andes-bien-semifinalista\/"},"wordCount":812,"image":{"@id":"https:\/\/gentedebasquet.com.ar\/sitio\/2015\/12\/05\/que-andes-bien-semifinalista\/#primaryimage"},"thumbnailUrl":"https:\/\/gentedebasquet.com.ar\/sitio\/wp-content\/uploads\/2015\/12\/Argentino-Los-Andes-U13.jpg","keywords":["Argentino","Los Andes"],"articleSection":["Slide","U13"],"inLanguage":"es"},{"@type":"WebPage","@id":"https:\/\/gentedebasquet.com.ar\/sitio\/2015\/12\/05\/que-andes-bien-semifinalista\/","url":"https:\/\/gentedebasquet.com.ar\/sitio\/2015\/12\/05\/que-andes-bien-semifinalista\/","name":"Qu\u00e9 Andes bien\u2026 semifinalista - Gente de B\u00e1squet","isPartOf":{"@id":"https:\/\/gentedebasquet.com.ar\/sitio\/#website"},"primaryImageOfPage":{"@id":"https:\/\/gentedebasquet.com.ar\/sitio\/2015\/12\/05\/que-andes-bien-semifinalista\/#primaryimage"},"image":{"@id":"https:\/\/gentedebasquet.com.ar\/sitio\/2015\/12\/05\/que-andes-bien-semifinalista\/#primaryimage"},"thumbnailUrl":"https:\/\/gentedebasquet.com.ar\/sitio\/wp-content\/uploads\/2015\/12\/Argentino-Los-Andes-U13.jpg","datePublished":"2015-12-06T01:37:53+00:00","author":{"@id":"https:\/\/gentedebasquet.com.ar\/sitio\/#\/schema\/person\/ca0b63bbb977369988a7bbbdc519943a"},"breadcrumb":{"@id":"https:\/\/gentedebasquet.com.ar\/sitio\/2015\/12\/05\/que-andes-bien-semifinalista\/#breadcrumb"},"inLanguage":"es","potentialAction":[{"@type":"ReadAction","target":["https:\/\/gentedebasquet.com.ar\/sitio\/2015\/12\/05\/que-andes-bien-semifinalista\/"]}]},{"@type":"ImageObject","inLanguage":"es","@id":"https:\/\/gentedebasquet.com.ar\/sitio\/2015\/12\/05\/que-andes-bien-semifinalista\/#primaryimage","url":"https:\/\/gentedebasquet.com.ar\/sitio\/wp-content\/uploads\/2015\/12\/Argentino-Los-Andes-U13.jpg","contentUrl":"https:\/\/gentedebasquet.com.ar\/sitio\/wp-content\/uploads\/2015\/12\/Argentino-Los-Andes-U13.jpg","width":690,"height":319},{"@type":"BreadcrumbList","@id":"https:\/\/gentedebasquet.com.ar\/sitio\/2015\/12\/05\/que-andes-bien-semifinalista\/#breadcrumb","itemListElement":[{"@type":"ListItem","position":1,"name":"Portada","item":"https:\/\/gentedebasquet.com.ar\/sitio\/"},{"@type":"ListItem","position":2,"name":"Qu\u00e9 Andes bien\u2026 semifinalista"}]},{"@type":"WebSite","@id":"https:\/\/gentedebasquet.com.ar\/sitio\/#website","url":"https:\/\/gentedebasquet.com.ar\/sitio\/","name":"Gente de B\u00e1squet","description":"La revista del basquet de Bah\u00eda Blanca","potentialAction":[{"@type":"SearchAction","target":{"@type":"EntryPoint","urlTemplate":"https:\/\/gentedebasquet.com.ar\/sitio\/?s={search_term_string}"},"query-input":{"@type":"PropertyValueSpecification","valueRequired":true,"valueName":"search_term_string"}}],"inLanguage":"es"},{"@type":"Person","@id":"https:\/\/gentedebasquet.com.ar\/sitio\/#\/schema\/person\/ca0b63bbb977369988a7bbbdc519943a","name":"Gente de B\u00e1squet","image":{"@type":"ImageObject","inLanguage":"es","@id":"https:\/\/secure.gravatar.com\/avatar\/7f2c48bdc33b30088f941fb6082e555f2874c98e20cb159d7b92b50eadfce793?s=96&d=mm&r=g","url":"https:\/\/secure.gravatar.com\/avatar\/7f2c48bdc33b30088f941fb6082e555f2874c98e20cb159d7b92b50eadfce793?s=96&d=mm&r=g","contentUrl":"https:\/\/secure.gravatar.com\/avatar\/7f2c48bdc33b30088f941fb6082e555f2874c98e20cb159d7b92b50eadfce793?s=96&d=mm&r=g","caption":"Gente de B\u00e1squet"},"sameAs":["http:\/\/gentedebasquet.com.ar\/sitio"],"url":"https:\/\/gentedebasquet.com.ar\/sitio\/author\/ulises\/"}]}},"_links":{"self":[{"href":"https:\/\/gentedebasquet.com.ar\/sitio\/wp-json\/wp\/v2\/posts\/54882","targetHints":{"allow":["GET"]}}],"collection":[{"href":"https:\/\/gentedebasquet.com.ar\/sitio\/wp-json\/wp\/v2\/posts"}],"about":[{"href":"https:\/\/gentedebasquet.com.ar\/sitio\/wp-json\/wp\/v2\/types\/post"}],"author":[{"embeddable":true,"href":"https:\/\/gentedebasquet.com.ar\/sitio\/wp-json\/wp\/v2\/users\/1"}],"replies":[{"embeddable":true,"href":"https:\/\/gentedebasquet.com.ar\/sitio\/wp-json\/wp\/v2\/comments?post=54882"}],"version-history":[{"count":0,"href":"https:\/\/gentedebasquet.com.ar\/sitio\/wp-json\/wp\/v2\/posts\/54882\/revisions"}],"wp:featuredmedia":[{"embeddable":true,"href":"https:\/\/gentedebasquet.com.ar\/sitio\/wp-json\/wp\/v2\/media\/54878"}],"wp:attachment":[{"href":"https:\/\/gentedebasquet.com.ar\/sitio\/wp-json\/wp\/v2\/media?parent=54882"}],"wp:term":[{"taxonomy":"category","embeddable":true,"href":"https:\/\/gentedebasquet.com.ar\/sitio\/wp-json\/wp\/v2\/categories?post=54882"},{"taxonomy":"post_tag","embeddable":true,"href":"https:\/\/gentedebasquet.com.ar\/sitio\/wp-json\/wp\/v2\/tags?post=54882"}],"curies":[{"name":"wp","href":"https:\/\/api.w.org\/{rel}","templated":true}]}}