{"id":54897,"date":"2015-12-06T12:00:42","date_gmt":"2015-12-06T15:00:42","guid":{"rendered":"http:\/\/www.gentedebasquet.com.ar\/?p=54897"},"modified":"2015-12-06T12:00:42","modified_gmt":"2015-12-06T15:00:42","slug":"bahiense-al-hexagonal-final","status":"publish","type":"post","link":"https:\/\/gentedebasquet.com.ar\/sitio\/2015\/12\/06\/bahiense-al-hexagonal-final\/","title":{"rendered":"Bahiense, al Hexagonal Final"},"content":{"rendered":"<p><strong>Bahiense del Norte venci\u00f3 a Atenas de Patagones por 62 a 50 y confirm\u00f3 su clasificaci\u00f3n al HExagonal Final de la Liga U13.\u00a0El Tricolor tuvo a Emanuel Fern\u00e1ndez (12+12) y Santiago Sartor (11+7) como figuras. <strong>Crist\u00f3bal Pippi (23 puntos+7 rebotes) y Mat\u00edas Cas\u00e9 (12+8) sobresalieron en el Griego.\u00a0<\/strong>Lo acompa\u00f1ar\u00e1 Independiente (Neuqu\u00e9n), que m\u00e1s temprano derrot\u00f3 69-49 a Brown (Puerto Madryn), con 31 puntos y 13 rebotes de Juan Cruz Conte-Grand. En la Banda hubo 17+17 de Bruno Giacone.<\/strong><\/p>\n<p>El Griego entr\u00f3 dormido a la cancha y Bahiense del Norte lo aprovech\u00f3. Arranc\u00f3 ganando 8-0, diferencia que se ampli\u00f3 a 15 en el cierre del primer cuarto (9-24). El equipo de Santiago Cappa se mostr\u00f3 efectivo, con altos porcentajes de cancha y Emanuel Fern\u00e1ndez como l\u00edder. Adem\u00e1s presion\u00f3 la salida local y rob\u00f3 pelotas que le permitieron correr.<\/p>\n<p>El due\u00f1o de casa mejor\u00f3 su imagen en el segundo cuarto, cuando achic\u00f3 a 11 de la mano de Crist\u00f3bal Pippi y Mat\u00edas Cas\u00e9 (17-28). Sin embargo\u00a0volvieron los errores y las imprecisiones que hicieron que el Tricolor escapara a 22 antes del entretiempo (19-41).<\/p>\n<p>Con Bautista Ott (12 a\u00f1os y 1.94m) complicando en la pintura la visita clav\u00f3 la m\u00e1xima del encuentro: 24 a falta de 7m09s para que termine el tercero (21-45). El tr\u00e1mite fue equilibrado, aunque Bahiense siempre fue m\u00e1s seguro y preciso a la hora de atacar.<\/p>\n<p>Atenas, obligado a ganar para pasar, gast\u00f3 los \u00faltimos cartuchos con Santana y Pippi. Si bien logr\u00f3 anotar (gan\u00f3 el 4C 18-11) la diferencia en contra era demasiada como para remontarla. Se ilusion\u00f3 cuando se puso a 12 luego de perder por 19 (39-51), pero el reloj corri\u00f3 y jug\u00f3 exigido en el desenlace.<\/p>\n<p>A pesar de la derrota por 62-50, el Griego hizo un campa\u00f1\u00f3n: Qued\u00f3 entre los mejores doce del pa\u00eds en U13. Bahiense del Norte e Independiente (ver debajo) pasaron al Hexagonal Final.<\/p>\n<p>&nbsp;<\/p>\n<p><strong>S\u00edntesis |<\/strong> Liga U13- Semifinales &#8211; Fecha #3<\/p>\n<p><strong>Atenas (Patagones) 50:<\/strong>\u00a0Emilio Santana 8, Mariano Mart\u00ednez 0, Federico Minor 0, Joaqu\u00edn Margiotta 5 y Tob\u00edas Dinamarca 2 (FI). Crist\u00f3bal Pippi 23, Alejo Giarraffa 0, Mat\u00edas Cas\u00e9 12, Santiago Castillo 0, Sim\u00f3n Guenumil 0 y Pablo Fedorco 0. DT: Mart\u00edn Arena.<\/p>\n<p><strong>Bahiense del Norte 62:<\/strong>\u00a0Franco De la Ace\u00f1a 0, Santiago Sartor 11, Emanuel Fern\u00e1ndez 12, Juli\u00e1n Lambertucci 12 y Bruno Mandolesi 2 (FI). Sebasti\u00e1n Luengo 0, Augusto Lamonega 1, Maximiliano Bloga 2, Juan Cruz Dauphin 4, Lucas Peratta 8, Bautista Ott 7 (x) y Pablo Rossi 3. DT: Santiago Cappa.<\/p>\n<p><strong>Parciales:<\/strong>\u00a09-24, 19-41, 32-52 y 50-62.<\/p>\n<p><strong>\u00c1rbitros:<\/strong>\u00a0Emmanuel Calvo Ford (Olavarr\u00eda) y Sebasti\u00e1n Ram\u00edrez (La Plata).<\/p>\n<p><strong>Estadio:<\/strong>\u00a0Carmelo Tr\u00edpodi Cal\u00e1 (Atenas).<\/p>\n<p><a href=\"http:\/\/www.fibalivestats.com\/u\/CAM\/236955\/\" target=\"_blank\" rel=\"noopener\">ESTAD\u00cdSTICAS OFICIALES<\/a><\/p>\n<p>&nbsp;<\/p>\n<p><strong>S\u00edntesis |<\/strong>\u00a0Liga U13- Semifinales &#8211; Fecha #3<\/p>\n<p><strong>Independiente (Neuqu\u00e9n) 69:<\/strong>\u00a0Juan Cruz Sep\u00falveda 6, Miguel Rodr\u00edguez 13, Bautista M\u00e1rquez 1, Eliseo Schpoliansky 0 y Bruno Radogna 1 (x) (FI). Juan Cruz Conte-Grand 31, Marco Altamirano 0, Stefano Giles 2, Tob\u00edas Pardo 0, Franco Mendoza 0, Valentino Delgado 12 y Alejandro Molina 2. DT: Marcelo Remolina.<\/p>\n<p><strong>Brown (Puerto Madryn) 49:<\/strong>\u00a0Lautaro Ribet 3, Nery Nehuelquir 2, Bruno Giacone 17, Homero Iturria 6 y Nicol\u00e1s Namuncura 0 (FI). Juli\u00e1n Aruj 4, Lucas Rubio 0, Kevin Doleschan 4, Alex Stukajlo 7 y Felipe Re 6. DT: Federico Scaroni.<\/p>\n<p><strong>Parciales:\u00a0<\/strong>6-18, 31-30, 40-36 y 69-49.<\/p>\n<p><strong>\u00c1rbitros:<\/strong>\u00a0Cristian Carrasco (Cipolletti) y Sebasti\u00e1n Giannino (Bah\u00eda Blanca).<\/p>\n<p><strong>Estadio:<\/strong>\u00a0Carmelo Tr\u00edpodi Cal\u00e1 (Atenas).<\/p>\n<p><a href=\"http:\/\/www.fibalivestats.com\/u\/CAM\/236954\/\" target=\"_blank\" rel=\"noopener\">ESTAD\u00cdSTICAS OFICIALES<\/a><\/p>\n<p>&nbsp;<\/p>\n<h6><strong>FIXTURE<\/strong><\/h6>\n<p><strong>Viernes 4<\/strong><br \/>\nIndependiente 50 \u2013 60\u00a0Bahiense del Norte<br \/>\nAtenas 70 \u2013 46 Brown<\/p>\n<p><strong>S\u00e1bado 5<\/strong><br \/>\nBahiense del Norte 85 \u2013 41\u00a0Brown<br \/>\nAtenas 67 \u2013 68\u00a0Independiente<\/p>\n<p><strong>Domingo 6<\/strong><br \/>\nIndependiente 69 \u2013 49\u00a0Brown<br \/>\nAtenas 50 \u2013 62 Bahiense del Norte<\/p>\n<h6><strong>POSICIONES<\/strong><\/h6>\n<p>1\u00b0 Bahiense del Norte 6\u00a0puntos (3-0) *<br \/>\n2\u00b0 Independiente de Neuqu\u00e9n 5\u00a0puntos (2-1) *<br \/>\n3\u00b0 Atenas de Patagones 4\u00a0puntos (1-2)<br \/>\n4\u00b0 Brown de Puerto Madryn 3\u00a0puntos (0-3)<\/p>\n<p>* Clasificados al Hexagonal Final. Tambi\u00e9n pasaron Regatas de Mendoza y Banco Provincial de Santa Fe. Restan conocer dos equipos m\u00e1s, que saldr\u00e1n de\u00a0Tokio de Posadas, Lan\u00fas, Racing de Gualeguaych\u00fa y Atenas de La Plata.<\/p>\n<p>M\u00e1s informaci\u00f3n, en <a href=\"http:\/\/postebajo.com.ar\/cayo-con-la-frente-en-alto\/\" target=\"_blank\" rel=\"noopener\"><span style=\"color: #ff6600;\"><strong>POSTE BAJO<\/strong><\/span><\/a>.<\/p>\n","protected":false},"excerpt":{"rendered":"<p>Venci\u00f3 a Atenas de Patagones y definir\u00e1 la Liga U13 del 17 al 20 de diciembre<\/p>\n","protected":false},"author":1,"featured_media":54898,"comment_status":"closed","ping_status":"open","sticky":false,"template":"","format":"standard","meta":{"jnews-multi-image_gallery":[],"jnews_single_post":[],"jnews_primary_category":[],"footnotes":""},"categories":[101,41],"tags":[85,5,1150,427,812],"class_list":["post-54897","post","type-post","status-publish","format-standard","has-post-thumbnail","hentry","category-slide","category-u13","tag-atenas-patagones","tag-bahiense-del-norte","tag-brown-madryn","tag-independiente-neuquen","tag-liga-u13"],"yoast_head":"<!-- This site is optimized with the Yoast SEO plugin v27.5 - https:\/\/yoast.com\/product\/yoast-seo-wordpress\/ -->\n<title>Bahiense, al Hexagonal Final - Gente de B\u00e1squet<\/title>\n<meta name=\"robots\" content=\"index, follow, max-snippet:-1, max-image-preview:large, max-video-preview:-1\" \/>\n<link rel=\"canonical\" href=\"https:\/\/gentedebasquet.com.ar\/sitio\/2015\/12\/06\/bahiense-al-hexagonal-final\/\" \/>\n<meta property=\"og:locale\" content=\"es_ES\" \/>\n<meta property=\"og:type\" content=\"article\" \/>\n<meta property=\"og:title\" content=\"Bahiense, al Hexagonal Final - Gente de B\u00e1squet\" \/>\n<meta property=\"og:description\" content=\"Venci\u00f3 a Atenas de Patagones y definir\u00e1 la Liga U13 del 17 al 20 de diciembre\" \/>\n<meta property=\"og:url\" content=\"https:\/\/gentedebasquet.com.ar\/sitio\/2015\/12\/06\/bahiense-al-hexagonal-final\/\" \/>\n<meta property=\"og:site_name\" content=\"Gente de B\u00e1squet\" \/>\n<meta property=\"article:published_time\" content=\"2015-12-06T15:00:42+00:00\" \/>\n<meta property=\"og:image\" content=\"https:\/\/gentedebasquet.com.ar\/sitio\/wp-content\/uploads\/2015\/12\/12346691_1017422288298911_671967522_n.jpg\" \/>\n\t<meta property=\"og:image:width\" content=\"690\" \/>\n\t<meta property=\"og:image:height\" content=\"319\" \/>\n\t<meta property=\"og:image:type\" content=\"image\/jpeg\" \/>\n<meta name=\"author\" content=\"Gente de B\u00e1squet\" \/>\n<meta name=\"twitter:card\" content=\"summary_large_image\" \/>\n<meta name=\"twitter:label1\" content=\"Escrito por\" \/>\n\t<meta name=\"twitter:data1\" content=\"Gente de B\u00e1squet\" \/>\n\t<meta name=\"twitter:label2\" content=\"Tiempo de lectura\" \/>\n\t<meta name=\"twitter:data2\" content=\"3 minutos\" \/>\n<script type=\"application\/ld+json\" class=\"yoast-schema-graph\">{\"@context\":\"https:\\\/\\\/schema.org\",\"@graph\":[{\"@type\":\"Article\",\"@id\":\"https:\\\/\\\/gentedebasquet.com.ar\\\/sitio\\\/2015\\\/12\\\/06\\\/bahiense-al-hexagonal-final\\\/#article\",\"isPartOf\":{\"@id\":\"https:\\\/\\\/gentedebasquet.com.ar\\\/sitio\\\/2015\\\/12\\\/06\\\/bahiense-al-hexagonal-final\\\/\"},\"author\":{\"name\":\"Gente de B\u00e1squet\",\"@id\":\"https:\\\/\\\/gentedebasquet.com.ar\\\/sitio\\\/#\\\/schema\\\/person\\\/ca0b63bbb977369988a7bbbdc519943a\"},\"headline\":\"Bahiense, al Hexagonal Final\",\"datePublished\":\"2015-12-06T15:00:42+00:00\",\"mainEntityOfPage\":{\"@id\":\"https:\\\/\\\/gentedebasquet.com.ar\\\/sitio\\\/2015\\\/12\\\/06\\\/bahiense-al-hexagonal-final\\\/\"},\"wordCount\":638,\"image\":{\"@id\":\"https:\\\/\\\/gentedebasquet.com.ar\\\/sitio\\\/2015\\\/12\\\/06\\\/bahiense-al-hexagonal-final\\\/#primaryimage\"},\"thumbnailUrl\":\"https:\\\/\\\/gentedebasquet.com.ar\\\/sitio\\\/wp-content\\\/uploads\\\/2015\\\/12\\\/12346691_1017422288298911_671967522_n.jpg\",\"keywords\":[\"Atenas Patagones\",\"Bahiense Del Norte\",\"Brown Madryn\",\"Independiente Neuqu\u00e9n\",\"Liga U13\"],\"articleSection\":[\"Slide\",\"U13\"],\"inLanguage\":\"es\"},{\"@type\":\"WebPage\",\"@id\":\"https:\\\/\\\/gentedebasquet.com.ar\\\/sitio\\\/2015\\\/12\\\/06\\\/bahiense-al-hexagonal-final\\\/\",\"url\":\"https:\\\/\\\/gentedebasquet.com.ar\\\/sitio\\\/2015\\\/12\\\/06\\\/bahiense-al-hexagonal-final\\\/\",\"name\":\"Bahiense, al Hexagonal Final - Gente de B\u00e1squet\",\"isPartOf\":{\"@id\":\"https:\\\/\\\/gentedebasquet.com.ar\\\/sitio\\\/#website\"},\"primaryImageOfPage\":{\"@id\":\"https:\\\/\\\/gentedebasquet.com.ar\\\/sitio\\\/2015\\\/12\\\/06\\\/bahiense-al-hexagonal-final\\\/#primaryimage\"},\"image\":{\"@id\":\"https:\\\/\\\/gentedebasquet.com.ar\\\/sitio\\\/2015\\\/12\\\/06\\\/bahiense-al-hexagonal-final\\\/#primaryimage\"},\"thumbnailUrl\":\"https:\\\/\\\/gentedebasquet.com.ar\\\/sitio\\\/wp-content\\\/uploads\\\/2015\\\/12\\\/12346691_1017422288298911_671967522_n.jpg\",\"datePublished\":\"2015-12-06T15:00:42+00:00\",\"author\":{\"@id\":\"https:\\\/\\\/gentedebasquet.com.ar\\\/sitio\\\/#\\\/schema\\\/person\\\/ca0b63bbb977369988a7bbbdc519943a\"},\"breadcrumb\":{\"@id\":\"https:\\\/\\\/gentedebasquet.com.ar\\\/sitio\\\/2015\\\/12\\\/06\\\/bahiense-al-hexagonal-final\\\/#breadcrumb\"},\"inLanguage\":\"es\",\"potentialAction\":[{\"@type\":\"ReadAction\",\"target\":[\"https:\\\/\\\/gentedebasquet.com.ar\\\/sitio\\\/2015\\\/12\\\/06\\\/bahiense-al-hexagonal-final\\\/\"]}]},{\"@type\":\"ImageObject\",\"inLanguage\":\"es\",\"@id\":\"https:\\\/\\\/gentedebasquet.com.ar\\\/sitio\\\/2015\\\/12\\\/06\\\/bahiense-al-hexagonal-final\\\/#primaryimage\",\"url\":\"https:\\\/\\\/gentedebasquet.com.ar\\\/sitio\\\/wp-content\\\/uploads\\\/2015\\\/12\\\/12346691_1017422288298911_671967522_n.jpg\",\"contentUrl\":\"https:\\\/\\\/gentedebasquet.com.ar\\\/sitio\\\/wp-content\\\/uploads\\\/2015\\\/12\\\/12346691_1017422288298911_671967522_n.jpg\",\"width\":690,\"height\":319},{\"@type\":\"BreadcrumbList\",\"@id\":\"https:\\\/\\\/gentedebasquet.com.ar\\\/sitio\\\/2015\\\/12\\\/06\\\/bahiense-al-hexagonal-final\\\/#breadcrumb\",\"itemListElement\":[{\"@type\":\"ListItem\",\"position\":1,\"name\":\"Portada\",\"item\":\"https:\\\/\\\/gentedebasquet.com.ar\\\/sitio\\\/\"},{\"@type\":\"ListItem\",\"position\":2,\"name\":\"Bahiense, al Hexagonal Final\"}]},{\"@type\":\"WebSite\",\"@id\":\"https:\\\/\\\/gentedebasquet.com.ar\\\/sitio\\\/#website\",\"url\":\"https:\\\/\\\/gentedebasquet.com.ar\\\/sitio\\\/\",\"name\":\"Gente de B\u00e1squet\",\"description\":\"La revista del basquet de Bah\u00eda Blanca\",\"potentialAction\":[{\"@type\":\"SearchAction\",\"target\":{\"@type\":\"EntryPoint\",\"urlTemplate\":\"https:\\\/\\\/gentedebasquet.com.ar\\\/sitio\\\/?s={search_term_string}\"},\"query-input\":{\"@type\":\"PropertyValueSpecification\",\"valueRequired\":true,\"valueName\":\"search_term_string\"}}],\"inLanguage\":\"es\"},{\"@type\":\"Person\",\"@id\":\"https:\\\/\\\/gentedebasquet.com.ar\\\/sitio\\\/#\\\/schema\\\/person\\\/ca0b63bbb977369988a7bbbdc519943a\",\"name\":\"Gente de B\u00e1squet\",\"image\":{\"@type\":\"ImageObject\",\"inLanguage\":\"es\",\"@id\":\"https:\\\/\\\/secure.gravatar.com\\\/avatar\\\/7f2c48bdc33b30088f941fb6082e555f2874c98e20cb159d7b92b50eadfce793?s=96&d=mm&r=g\",\"url\":\"https:\\\/\\\/secure.gravatar.com\\\/avatar\\\/7f2c48bdc33b30088f941fb6082e555f2874c98e20cb159d7b92b50eadfce793?s=96&d=mm&r=g\",\"contentUrl\":\"https:\\\/\\\/secure.gravatar.com\\\/avatar\\\/7f2c48bdc33b30088f941fb6082e555f2874c98e20cb159d7b92b50eadfce793?s=96&d=mm&r=g\",\"caption\":\"Gente de B\u00e1squet\"},\"sameAs\":[\"http:\\\/\\\/gentedebasquet.com.ar\\\/sitio\"],\"url\":\"https:\\\/\\\/gentedebasquet.com.ar\\\/sitio\\\/author\\\/ulises\\\/\"}]}<\/script>\n<!-- \/ Yoast SEO plugin. -->","yoast_head_json":{"title":"Bahiense, al Hexagonal Final - Gente de B\u00e1squet","robots":{"index":"index","follow":"follow","max-snippet":"max-snippet:-1","max-image-preview":"max-image-preview:large","max-video-preview":"max-video-preview:-1"},"canonical":"https:\/\/gentedebasquet.com.ar\/sitio\/2015\/12\/06\/bahiense-al-hexagonal-final\/","og_locale":"es_ES","og_type":"article","og_title":"Bahiense, al Hexagonal Final - Gente de B\u00e1squet","og_description":"Venci\u00f3 a Atenas de Patagones y definir\u00e1 la Liga U13 del 17 al 20 de diciembre","og_url":"https:\/\/gentedebasquet.com.ar\/sitio\/2015\/12\/06\/bahiense-al-hexagonal-final\/","og_site_name":"Gente de B\u00e1squet","article_published_time":"2015-12-06T15:00:42+00:00","og_image":[{"width":690,"height":319,"url":"https:\/\/gentedebasquet.com.ar\/sitio\/wp-content\/uploads\/2015\/12\/12346691_1017422288298911_671967522_n.jpg","type":"image\/jpeg"}],"author":"Gente de B\u00e1squet","twitter_card":"summary_large_image","twitter_misc":{"Escrito por":"Gente de B\u00e1squet","Tiempo de lectura":"3 minutos"},"schema":{"@context":"https:\/\/schema.org","@graph":[{"@type":"Article","@id":"https:\/\/gentedebasquet.com.ar\/sitio\/2015\/12\/06\/bahiense-al-hexagonal-final\/#article","isPartOf":{"@id":"https:\/\/gentedebasquet.com.ar\/sitio\/2015\/12\/06\/bahiense-al-hexagonal-final\/"},"author":{"name":"Gente de B\u00e1squet","@id":"https:\/\/gentedebasquet.com.ar\/sitio\/#\/schema\/person\/ca0b63bbb977369988a7bbbdc519943a"},"headline":"Bahiense, al Hexagonal Final","datePublished":"2015-12-06T15:00:42+00:00","mainEntityOfPage":{"@id":"https:\/\/gentedebasquet.com.ar\/sitio\/2015\/12\/06\/bahiense-al-hexagonal-final\/"},"wordCount":638,"image":{"@id":"https:\/\/gentedebasquet.com.ar\/sitio\/2015\/12\/06\/bahiense-al-hexagonal-final\/#primaryimage"},"thumbnailUrl":"https:\/\/gentedebasquet.com.ar\/sitio\/wp-content\/uploads\/2015\/12\/12346691_1017422288298911_671967522_n.jpg","keywords":["Atenas Patagones","Bahiense Del Norte","Brown Madryn","Independiente Neuqu\u00e9n","Liga U13"],"articleSection":["Slide","U13"],"inLanguage":"es"},{"@type":"WebPage","@id":"https:\/\/gentedebasquet.com.ar\/sitio\/2015\/12\/06\/bahiense-al-hexagonal-final\/","url":"https:\/\/gentedebasquet.com.ar\/sitio\/2015\/12\/06\/bahiense-al-hexagonal-final\/","name":"Bahiense, al Hexagonal Final - Gente de B\u00e1squet","isPartOf":{"@id":"https:\/\/gentedebasquet.com.ar\/sitio\/#website"},"primaryImageOfPage":{"@id":"https:\/\/gentedebasquet.com.ar\/sitio\/2015\/12\/06\/bahiense-al-hexagonal-final\/#primaryimage"},"image":{"@id":"https:\/\/gentedebasquet.com.ar\/sitio\/2015\/12\/06\/bahiense-al-hexagonal-final\/#primaryimage"},"thumbnailUrl":"https:\/\/gentedebasquet.com.ar\/sitio\/wp-content\/uploads\/2015\/12\/12346691_1017422288298911_671967522_n.jpg","datePublished":"2015-12-06T15:00:42+00:00","author":{"@id":"https:\/\/gentedebasquet.com.ar\/sitio\/#\/schema\/person\/ca0b63bbb977369988a7bbbdc519943a"},"breadcrumb":{"@id":"https:\/\/gentedebasquet.com.ar\/sitio\/2015\/12\/06\/bahiense-al-hexagonal-final\/#breadcrumb"},"inLanguage":"es","potentialAction":[{"@type":"ReadAction","target":["https:\/\/gentedebasquet.com.ar\/sitio\/2015\/12\/06\/bahiense-al-hexagonal-final\/"]}]},{"@type":"ImageObject","inLanguage":"es","@id":"https:\/\/gentedebasquet.com.ar\/sitio\/2015\/12\/06\/bahiense-al-hexagonal-final\/#primaryimage","url":"https:\/\/gentedebasquet.com.ar\/sitio\/wp-content\/uploads\/2015\/12\/12346691_1017422288298911_671967522_n.jpg","contentUrl":"https:\/\/gentedebasquet.com.ar\/sitio\/wp-content\/uploads\/2015\/12\/12346691_1017422288298911_671967522_n.jpg","width":690,"height":319},{"@type":"BreadcrumbList","@id":"https:\/\/gentedebasquet.com.ar\/sitio\/2015\/12\/06\/bahiense-al-hexagonal-final\/#breadcrumb","itemListElement":[{"@type":"ListItem","position":1,"name":"Portada","item":"https:\/\/gentedebasquet.com.ar\/sitio\/"},{"@type":"ListItem","position":2,"name":"Bahiense, al Hexagonal Final"}]},{"@type":"WebSite","@id":"https:\/\/gentedebasquet.com.ar\/sitio\/#website","url":"https:\/\/gentedebasquet.com.ar\/sitio\/","name":"Gente de B\u00e1squet","description":"La revista del basquet de Bah\u00eda Blanca","potentialAction":[{"@type":"SearchAction","target":{"@type":"EntryPoint","urlTemplate":"https:\/\/gentedebasquet.com.ar\/sitio\/?s={search_term_string}"},"query-input":{"@type":"PropertyValueSpecification","valueRequired":true,"valueName":"search_term_string"}}],"inLanguage":"es"},{"@type":"Person","@id":"https:\/\/gentedebasquet.com.ar\/sitio\/#\/schema\/person\/ca0b63bbb977369988a7bbbdc519943a","name":"Gente de B\u00e1squet","image":{"@type":"ImageObject","inLanguage":"es","@id":"https:\/\/secure.gravatar.com\/avatar\/7f2c48bdc33b30088f941fb6082e555f2874c98e20cb159d7b92b50eadfce793?s=96&d=mm&r=g","url":"https:\/\/secure.gravatar.com\/avatar\/7f2c48bdc33b30088f941fb6082e555f2874c98e20cb159d7b92b50eadfce793?s=96&d=mm&r=g","contentUrl":"https:\/\/secure.gravatar.com\/avatar\/7f2c48bdc33b30088f941fb6082e555f2874c98e20cb159d7b92b50eadfce793?s=96&d=mm&r=g","caption":"Gente de B\u00e1squet"},"sameAs":["http:\/\/gentedebasquet.com.ar\/sitio"],"url":"https:\/\/gentedebasquet.com.ar\/sitio\/author\/ulises\/"}]}},"_links":{"self":[{"href":"https:\/\/gentedebasquet.com.ar\/sitio\/wp-json\/wp\/v2\/posts\/54897","targetHints":{"allow":["GET"]}}],"collection":[{"href":"https:\/\/gentedebasquet.com.ar\/sitio\/wp-json\/wp\/v2\/posts"}],"about":[{"href":"https:\/\/gentedebasquet.com.ar\/sitio\/wp-json\/wp\/v2\/types\/post"}],"author":[{"embeddable":true,"href":"https:\/\/gentedebasquet.com.ar\/sitio\/wp-json\/wp\/v2\/users\/1"}],"replies":[{"embeddable":true,"href":"https:\/\/gentedebasquet.com.ar\/sitio\/wp-json\/wp\/v2\/comments?post=54897"}],"version-history":[{"count":0,"href":"https:\/\/gentedebasquet.com.ar\/sitio\/wp-json\/wp\/v2\/posts\/54897\/revisions"}],"wp:featuredmedia":[{"embeddable":true,"href":"https:\/\/gentedebasquet.com.ar\/sitio\/wp-json\/wp\/v2\/media\/54898"}],"wp:attachment":[{"href":"https:\/\/gentedebasquet.com.ar\/sitio\/wp-json\/wp\/v2\/media?parent=54897"}],"wp:term":[{"taxonomy":"category","embeddable":true,"href":"https:\/\/gentedebasquet.com.ar\/sitio\/wp-json\/wp\/v2\/categories?post=54897"},{"taxonomy":"post_tag","embeddable":true,"href":"https:\/\/gentedebasquet.com.ar\/sitio\/wp-json\/wp\/v2\/tags?post=54897"}],"curies":[{"name":"wp","href":"https:\/\/api.w.org\/{rel}","templated":true}]}}