{"id":54905,"date":"2015-12-06T23:33:56","date_gmt":"2015-12-07T02:33:56","guid":{"rendered":"http:\/\/www.gentedebasquet.com.ar\/?p=54905"},"modified":"2015-12-06T23:33:56","modified_gmt":"2015-12-07T02:33:56","slug":"choque-esos-cinco-2","status":"publish","type":"post","link":"https:\/\/gentedebasquet.com.ar\/sitio\/2015\/12\/06\/choque-esos-cinco-2\/","title":{"rendered":"Choque esos cinco"},"content":{"rendered":"<p><strong>Estrella comenz\u00f3 las finales del Oficial, pactadas al mejor de cinco encuentros, venciendo a Argentino por 76 a 68 con dos jugadas determinantes de su n\u00famero cinco, Agust\u00edn Almir\u00f3n. El local lleg\u00f3 a ganar por 14 (54-40) en el 3C y encima su rival se qued\u00f3 sin Errazu (doble t\u00e9cnica). Pero a puro triple, el celeste volvi\u00f3 al partido (67-65). Una bandeja sobre la chicharra y un triplazo de Pich\u00f3n <strong>-a 22s del final-<\/strong>, sellaron la victoria del elenco de Queti, que tuvo a Carci (18), Cardone (10 y 16 rebotes) y Camara (13 y 10) como jugadores destacados. En Argentino, que este martes ser\u00e1 local en la revancha, se destacaron Sebasti\u00e1n Susbielles (17) y Lucchetti (17).\u00a0<\/strong><\/p>\n<p>Ten\u00eda una espina clavada. Es que de los 7 enfrentamientos previos, Argentino hab\u00eda logrado quedarse con 5, incluida la serie final del Ciudad de Bah\u00eda Blanca de manera completa. Por eso, para Estrella fue un desahogo quedare con el primer punto de las finales de Oficial, al vencer por 76 a 68 en un partido fren\u00e9tico que bien podr\u00eda ser el primero de 15 para dar por terminada la temporada, en el caso de que esta serie, las posibles finales extras y el duelo por el 2\u00ba ascenso (aguarda Pac\u00edfico) lleguen a cinco partidos cada una.<\/p>\n<p>Al margen, en el Luis \u00c1lvarez se sucedi\u00f3 todo muy parejo hasta que una bomba de Pan le dio ventaja de 5 al local (19-14). Argentino lo igual\u00f3 enseguida, a trav\u00e9s del buen ingreso de Bruni y Di Meglio, aunque le cost\u00f3 poner la bola en el poste y con el paso de los minutos fue quedando atr\u00e1s. As\u00ed, Estrella alcanz\u00f3 10 de luz promediando el 3C, gracias a un doble y falta de Carci. Luego, el celeste estuvo\u00a03m26 sin anotar de campo, el local lo aprovech\u00f3 forzando con Sterz y Camara y alcanz\u00f3 la m\u00e1xima de 14: 54-40 a 13m23.<\/p>\n<p>Encima, protestas reiteradas le valieron a Errazu dos t\u00e9cnicas consecutivas, por lo que debi\u00f3 abandonar la cancha. Esa acci\u00f3n quiz\u00e1, potenci\u00f3 a sus dirigidos, que comenzaron a ser m\u00e1s agresivos, al tiempo que encestaron desde 6m75 m\u00e1s a partir de all\u00ed que en los tres cuartos anteriores. Argentino anot\u00f3 a distancia v\u00eda Massa, Antonelli, Lucchetti y Bruni (4\/10), mientras que en los 30m iniciales hab\u00eda sumado 2\/14.<\/p>\n<p>As\u00ed, se acerc\u00f3 hasta que la experiencia e Susbielles le permiti\u00f3 dejar a su equipo a dos puntos (67-65), con 1m26. Fue Agust\u00edn Almir\u00f3n quien empez\u00f3 a inclinar la balanza para el local cuando, tras una pelota sucia que casi pierden sus compa\u00f1eros, anot\u00f3 una bandeja que le dio aire a Estrella. Encima, clav\u00f3 su \u00fanico triple a 22s, d\u00e1ndole ventaja de 6 al local (73-67) y decretando pr\u00e1cticamente la victoria, porque Argentino -ya con Jos\u00e9 Luis Gil al mando- no fue directo en la \u00faltima, demor\u00f3 y dej\u00f3 ir el partido.<\/p>\n<p>&nbsp;<\/p>\n<p>[vimeo]http:\/\/vimeo.com\/148053140[\/vimeo]<\/p>\n<p>&nbsp;<\/p>\n<p><strong>S\u00edntesis |<\/strong> Segunda Divisi\u00f3n &#8211; Oficial &#8211; Finales &#8211; Juego #1<\/p>\n<p><strong><span style=\"line-height: 1.5em;\">Estrella\u00a0<\/span>76:<\/strong> Dami\u00e1n\u00a0Carci 18,\u00a0Santiago Quiroga 0,\u00a0Nahuel Camara 13,\u00a0Mat\u00edas Specogna 0,\u00a0Maximiliano Sterz 11 (Fi);\u00a0Agust\u00edn Almir\u00f3n 7,\u00a0Andr\u00e9s Almir\u00f3n 11,\u00a0Franco Cardone 10,\u00a0Alan Pan 6 (x) y\u00a0Mariano Trellini 0.\u00a0DT: Claudio Queti.<\/p>\n<p><strong><span style=\"line-height: 1.5em;\">Argentino\u00a0<\/span>68:\u00a0<\/strong>Sebasti\u00e1n Susbielles 17,\u00a0Lucas Lucchetti 17,\u00a0Nicol\u00e1s Antonelli 9,\u00a0Guillermo Mallemaci 3,\u00a0Luciano Mussini 3 (Fi);\u00a0Tom\u00e1s Bruni 5,\u00a0C\u00e9sar Massa 7,\u00a0Bruno Aceituno 1,\u00a0Juan Di Meglio 6 y\u00a0Alan Serra 0.\u00a0DT: Mario Errazu.<\/p>\n<p><strong>Parciales:\u00a0<\/strong>19-14, 38-33 (19-19), 58-47 (20-14) y 76-68 (22-21).<\/p>\n<p><strong>\u00c1rbitros:<\/strong> Javier S\u00e1nchez &#8211; Emanuel S\u00e1nchez &#8211; Sebasti\u00e1n Giannino.<\/p>\n<p><strong>Estadio:\u00a0<\/strong>Luis \u00c1lvarez (Estrella).<\/p>\n<p><a class=\"modalf iframe\" title=\"Planilla\" href=\"https:\/\/docs.google.com\/spreadsheets\/d\/10Ng-2zoowh_-BmoP_j_RzySAeRaMjDnQ3muxsPHp5aA\/pubhtml\" target=\"_blank\" rel=\"noopener\">Ver Planilla<\/a><\/p>\n<p><strong><span style=\"line-height: 1.5em;\">Serie:\u00a0<\/span><\/strong>Estrella, 1-0.<\/p>\n","protected":false},"excerpt":{"rendered":"<p>Estrella festej\u00f3 en el arranque de las finales del Oficial de Segunda: 76-68 a Argentino<\/p>\n","protected":false},"author":1,"featured_media":54908,"comment_status":"closed","ping_status":"open","sticky":false,"template":"","format":"standard","meta":{"jnews-multi-image_gallery":[],"jnews_single_post":[],"jnews_primary_category":[],"footnotes":""},"categories":[25,101],"tags":[252,4,527,10,304,361,789,270,588],"class_list":["post-54905","post","type-post","status-publish","format-standard","has-post-thumbnail","hentry","category-segunda","category-slide","tag-agustin-almiron","tag-argentino","tag-damian-carci","tag-estrella","tag-franco-cardone","tag-lucas-lucchetti","tag-mario-errazu","tag-nahuel-camara","tag-sebastian-susbielles"],"yoast_head":"<!-- This site is optimized with the Yoast SEO plugin v27.5 - https:\/\/yoast.com\/product\/yoast-seo-wordpress\/ -->\n<title>Choque esos cinco - Gente de B\u00e1squet<\/title>\n<meta name=\"robots\" content=\"index, follow, max-snippet:-1, max-image-preview:large, max-video-preview:-1\" \/>\n<link rel=\"canonical\" href=\"https:\/\/gentedebasquet.com.ar\/sitio\/2015\/12\/06\/choque-esos-cinco-2\/\" \/>\n<meta property=\"og:locale\" content=\"es_ES\" \/>\n<meta property=\"og:type\" content=\"article\" \/>\n<meta property=\"og:title\" content=\"Choque esos cinco - Gente de B\u00e1squet\" \/>\n<meta property=\"og:description\" content=\"Estrella festej\u00f3 en el arranque de las finales del Oficial de Segunda: 76-68 a Argentino\" \/>\n<meta property=\"og:url\" content=\"https:\/\/gentedebasquet.com.ar\/sitio\/2015\/12\/06\/choque-esos-cinco-2\/\" \/>\n<meta property=\"og:site_name\" content=\"Gente de B\u00e1squet\" \/>\n<meta property=\"article:published_time\" content=\"2015-12-07T02:33:56+00:00\" \/>\n<meta property=\"og:image\" content=\"https:\/\/gentedebasquet.com.ar\/sitio\/wp-content\/uploads\/2015\/12\/Estrella-1-0-Argentino.jpg\" \/>\n\t<meta property=\"og:image:width\" content=\"690\" \/>\n\t<meta property=\"og:image:height\" content=\"319\" \/>\n\t<meta property=\"og:image:type\" content=\"image\/jpeg\" \/>\n<meta name=\"author\" content=\"Gente de B\u00e1squet\" \/>\n<meta name=\"twitter:card\" content=\"summary_large_image\" \/>\n<meta name=\"twitter:label1\" content=\"Escrito por\" \/>\n\t<meta name=\"twitter:data1\" content=\"Gente de B\u00e1squet\" \/>\n\t<meta name=\"twitter:label2\" content=\"Tiempo de lectura\" \/>\n\t<meta name=\"twitter:data2\" content=\"3 minutos\" \/>\n<script type=\"application\/ld+json\" class=\"yoast-schema-graph\">{\"@context\":\"https:\\\/\\\/schema.org\",\"@graph\":[{\"@type\":\"Article\",\"@id\":\"https:\\\/\\\/gentedebasquet.com.ar\\\/sitio\\\/2015\\\/12\\\/06\\\/choque-esos-cinco-2\\\/#article\",\"isPartOf\":{\"@id\":\"https:\\\/\\\/gentedebasquet.com.ar\\\/sitio\\\/2015\\\/12\\\/06\\\/choque-esos-cinco-2\\\/\"},\"author\":{\"name\":\"Gente de B\u00e1squet\",\"@id\":\"https:\\\/\\\/gentedebasquet.com.ar\\\/sitio\\\/#\\\/schema\\\/person\\\/ca0b63bbb977369988a7bbbdc519943a\"},\"headline\":\"Choque esos cinco\",\"datePublished\":\"2015-12-07T02:33:56+00:00\",\"mainEntityOfPage\":{\"@id\":\"https:\\\/\\\/gentedebasquet.com.ar\\\/sitio\\\/2015\\\/12\\\/06\\\/choque-esos-cinco-2\\\/\"},\"wordCount\":593,\"image\":{\"@id\":\"https:\\\/\\\/gentedebasquet.com.ar\\\/sitio\\\/2015\\\/12\\\/06\\\/choque-esos-cinco-2\\\/#primaryimage\"},\"thumbnailUrl\":\"https:\\\/\\\/gentedebasquet.com.ar\\\/sitio\\\/wp-content\\\/uploads\\\/2015\\\/12\\\/Estrella-1-0-Argentino.jpg\",\"keywords\":[\"Agust\u00edn Almiron\",\"Argentino\",\"Dami\u00e1n Carci\",\"Estrella\",\"Franco Cardone\",\"Lucas Lucchetti\",\"Mario Errazu\",\"Nahuel C\u00e1mara\",\"Sebasti\u00e1n Susbielles\"],\"articleSection\":[\"Segunda\",\"Slide\"],\"inLanguage\":\"es\"},{\"@type\":\"WebPage\",\"@id\":\"https:\\\/\\\/gentedebasquet.com.ar\\\/sitio\\\/2015\\\/12\\\/06\\\/choque-esos-cinco-2\\\/\",\"url\":\"https:\\\/\\\/gentedebasquet.com.ar\\\/sitio\\\/2015\\\/12\\\/06\\\/choque-esos-cinco-2\\\/\",\"name\":\"Choque esos cinco - Gente de B\u00e1squet\",\"isPartOf\":{\"@id\":\"https:\\\/\\\/gentedebasquet.com.ar\\\/sitio\\\/#website\"},\"primaryImageOfPage\":{\"@id\":\"https:\\\/\\\/gentedebasquet.com.ar\\\/sitio\\\/2015\\\/12\\\/06\\\/choque-esos-cinco-2\\\/#primaryimage\"},\"image\":{\"@id\":\"https:\\\/\\\/gentedebasquet.com.ar\\\/sitio\\\/2015\\\/12\\\/06\\\/choque-esos-cinco-2\\\/#primaryimage\"},\"thumbnailUrl\":\"https:\\\/\\\/gentedebasquet.com.ar\\\/sitio\\\/wp-content\\\/uploads\\\/2015\\\/12\\\/Estrella-1-0-Argentino.jpg\",\"datePublished\":\"2015-12-07T02:33:56+00:00\",\"author\":{\"@id\":\"https:\\\/\\\/gentedebasquet.com.ar\\\/sitio\\\/#\\\/schema\\\/person\\\/ca0b63bbb977369988a7bbbdc519943a\"},\"breadcrumb\":{\"@id\":\"https:\\\/\\\/gentedebasquet.com.ar\\\/sitio\\\/2015\\\/12\\\/06\\\/choque-esos-cinco-2\\\/#breadcrumb\"},\"inLanguage\":\"es\",\"potentialAction\":[{\"@type\":\"ReadAction\",\"target\":[\"https:\\\/\\\/gentedebasquet.com.ar\\\/sitio\\\/2015\\\/12\\\/06\\\/choque-esos-cinco-2\\\/\"]}]},{\"@type\":\"ImageObject\",\"inLanguage\":\"es\",\"@id\":\"https:\\\/\\\/gentedebasquet.com.ar\\\/sitio\\\/2015\\\/12\\\/06\\\/choque-esos-cinco-2\\\/#primaryimage\",\"url\":\"https:\\\/\\\/gentedebasquet.com.ar\\\/sitio\\\/wp-content\\\/uploads\\\/2015\\\/12\\\/Estrella-1-0-Argentino.jpg\",\"contentUrl\":\"https:\\\/\\\/gentedebasquet.com.ar\\\/sitio\\\/wp-content\\\/uploads\\\/2015\\\/12\\\/Estrella-1-0-Argentino.jpg\",\"width\":690,\"height\":319},{\"@type\":\"BreadcrumbList\",\"@id\":\"https:\\\/\\\/gentedebasquet.com.ar\\\/sitio\\\/2015\\\/12\\\/06\\\/choque-esos-cinco-2\\\/#breadcrumb\",\"itemListElement\":[{\"@type\":\"ListItem\",\"position\":1,\"name\":\"Portada\",\"item\":\"https:\\\/\\\/gentedebasquet.com.ar\\\/sitio\\\/\"},{\"@type\":\"ListItem\",\"position\":2,\"name\":\"Choque esos cinco\"}]},{\"@type\":\"WebSite\",\"@id\":\"https:\\\/\\\/gentedebasquet.com.ar\\\/sitio\\\/#website\",\"url\":\"https:\\\/\\\/gentedebasquet.com.ar\\\/sitio\\\/\",\"name\":\"Gente de B\u00e1squet\",\"description\":\"La revista del basquet de Bah\u00eda Blanca\",\"potentialAction\":[{\"@type\":\"SearchAction\",\"target\":{\"@type\":\"EntryPoint\",\"urlTemplate\":\"https:\\\/\\\/gentedebasquet.com.ar\\\/sitio\\\/?s={search_term_string}\"},\"query-input\":{\"@type\":\"PropertyValueSpecification\",\"valueRequired\":true,\"valueName\":\"search_term_string\"}}],\"inLanguage\":\"es\"},{\"@type\":\"Person\",\"@id\":\"https:\\\/\\\/gentedebasquet.com.ar\\\/sitio\\\/#\\\/schema\\\/person\\\/ca0b63bbb977369988a7bbbdc519943a\",\"name\":\"Gente de B\u00e1squet\",\"image\":{\"@type\":\"ImageObject\",\"inLanguage\":\"es\",\"@id\":\"https:\\\/\\\/secure.gravatar.com\\\/avatar\\\/7f2c48bdc33b30088f941fb6082e555f2874c98e20cb159d7b92b50eadfce793?s=96&d=mm&r=g\",\"url\":\"https:\\\/\\\/secure.gravatar.com\\\/avatar\\\/7f2c48bdc33b30088f941fb6082e555f2874c98e20cb159d7b92b50eadfce793?s=96&d=mm&r=g\",\"contentUrl\":\"https:\\\/\\\/secure.gravatar.com\\\/avatar\\\/7f2c48bdc33b30088f941fb6082e555f2874c98e20cb159d7b92b50eadfce793?s=96&d=mm&r=g\",\"caption\":\"Gente de B\u00e1squet\"},\"sameAs\":[\"http:\\\/\\\/gentedebasquet.com.ar\\\/sitio\"],\"url\":\"https:\\\/\\\/gentedebasquet.com.ar\\\/sitio\\\/author\\\/ulises\\\/\"}]}<\/script>\n<!-- \/ Yoast SEO plugin. -->","yoast_head_json":{"title":"Choque esos cinco - Gente de B\u00e1squet","robots":{"index":"index","follow":"follow","max-snippet":"max-snippet:-1","max-image-preview":"max-image-preview:large","max-video-preview":"max-video-preview:-1"},"canonical":"https:\/\/gentedebasquet.com.ar\/sitio\/2015\/12\/06\/choque-esos-cinco-2\/","og_locale":"es_ES","og_type":"article","og_title":"Choque esos cinco - Gente de B\u00e1squet","og_description":"Estrella festej\u00f3 en el arranque de las finales del Oficial de Segunda: 76-68 a Argentino","og_url":"https:\/\/gentedebasquet.com.ar\/sitio\/2015\/12\/06\/choque-esos-cinco-2\/","og_site_name":"Gente de B\u00e1squet","article_published_time":"2015-12-07T02:33:56+00:00","og_image":[{"width":690,"height":319,"url":"https:\/\/gentedebasquet.com.ar\/sitio\/wp-content\/uploads\/2015\/12\/Estrella-1-0-Argentino.jpg","type":"image\/jpeg"}],"author":"Gente de B\u00e1squet","twitter_card":"summary_large_image","twitter_misc":{"Escrito por":"Gente de B\u00e1squet","Tiempo de lectura":"3 minutos"},"schema":{"@context":"https:\/\/schema.org","@graph":[{"@type":"Article","@id":"https:\/\/gentedebasquet.com.ar\/sitio\/2015\/12\/06\/choque-esos-cinco-2\/#article","isPartOf":{"@id":"https:\/\/gentedebasquet.com.ar\/sitio\/2015\/12\/06\/choque-esos-cinco-2\/"},"author":{"name":"Gente de B\u00e1squet","@id":"https:\/\/gentedebasquet.com.ar\/sitio\/#\/schema\/person\/ca0b63bbb977369988a7bbbdc519943a"},"headline":"Choque esos cinco","datePublished":"2015-12-07T02:33:56+00:00","mainEntityOfPage":{"@id":"https:\/\/gentedebasquet.com.ar\/sitio\/2015\/12\/06\/choque-esos-cinco-2\/"},"wordCount":593,"image":{"@id":"https:\/\/gentedebasquet.com.ar\/sitio\/2015\/12\/06\/choque-esos-cinco-2\/#primaryimage"},"thumbnailUrl":"https:\/\/gentedebasquet.com.ar\/sitio\/wp-content\/uploads\/2015\/12\/Estrella-1-0-Argentino.jpg","keywords":["Agust\u00edn Almiron","Argentino","Dami\u00e1n Carci","Estrella","Franco Cardone","Lucas Lucchetti","Mario Errazu","Nahuel C\u00e1mara","Sebasti\u00e1n Susbielles"],"articleSection":["Segunda","Slide"],"inLanguage":"es"},{"@type":"WebPage","@id":"https:\/\/gentedebasquet.com.ar\/sitio\/2015\/12\/06\/choque-esos-cinco-2\/","url":"https:\/\/gentedebasquet.com.ar\/sitio\/2015\/12\/06\/choque-esos-cinco-2\/","name":"Choque esos cinco - Gente de B\u00e1squet","isPartOf":{"@id":"https:\/\/gentedebasquet.com.ar\/sitio\/#website"},"primaryImageOfPage":{"@id":"https:\/\/gentedebasquet.com.ar\/sitio\/2015\/12\/06\/choque-esos-cinco-2\/#primaryimage"},"image":{"@id":"https:\/\/gentedebasquet.com.ar\/sitio\/2015\/12\/06\/choque-esos-cinco-2\/#primaryimage"},"thumbnailUrl":"https:\/\/gentedebasquet.com.ar\/sitio\/wp-content\/uploads\/2015\/12\/Estrella-1-0-Argentino.jpg","datePublished":"2015-12-07T02:33:56+00:00","author":{"@id":"https:\/\/gentedebasquet.com.ar\/sitio\/#\/schema\/person\/ca0b63bbb977369988a7bbbdc519943a"},"breadcrumb":{"@id":"https:\/\/gentedebasquet.com.ar\/sitio\/2015\/12\/06\/choque-esos-cinco-2\/#breadcrumb"},"inLanguage":"es","potentialAction":[{"@type":"ReadAction","target":["https:\/\/gentedebasquet.com.ar\/sitio\/2015\/12\/06\/choque-esos-cinco-2\/"]}]},{"@type":"ImageObject","inLanguage":"es","@id":"https:\/\/gentedebasquet.com.ar\/sitio\/2015\/12\/06\/choque-esos-cinco-2\/#primaryimage","url":"https:\/\/gentedebasquet.com.ar\/sitio\/wp-content\/uploads\/2015\/12\/Estrella-1-0-Argentino.jpg","contentUrl":"https:\/\/gentedebasquet.com.ar\/sitio\/wp-content\/uploads\/2015\/12\/Estrella-1-0-Argentino.jpg","width":690,"height":319},{"@type":"BreadcrumbList","@id":"https:\/\/gentedebasquet.com.ar\/sitio\/2015\/12\/06\/choque-esos-cinco-2\/#breadcrumb","itemListElement":[{"@type":"ListItem","position":1,"name":"Portada","item":"https:\/\/gentedebasquet.com.ar\/sitio\/"},{"@type":"ListItem","position":2,"name":"Choque esos cinco"}]},{"@type":"WebSite","@id":"https:\/\/gentedebasquet.com.ar\/sitio\/#website","url":"https:\/\/gentedebasquet.com.ar\/sitio\/","name":"Gente de B\u00e1squet","description":"La revista del basquet de Bah\u00eda Blanca","potentialAction":[{"@type":"SearchAction","target":{"@type":"EntryPoint","urlTemplate":"https:\/\/gentedebasquet.com.ar\/sitio\/?s={search_term_string}"},"query-input":{"@type":"PropertyValueSpecification","valueRequired":true,"valueName":"search_term_string"}}],"inLanguage":"es"},{"@type":"Person","@id":"https:\/\/gentedebasquet.com.ar\/sitio\/#\/schema\/person\/ca0b63bbb977369988a7bbbdc519943a","name":"Gente de B\u00e1squet","image":{"@type":"ImageObject","inLanguage":"es","@id":"https:\/\/secure.gravatar.com\/avatar\/7f2c48bdc33b30088f941fb6082e555f2874c98e20cb159d7b92b50eadfce793?s=96&d=mm&r=g","url":"https:\/\/secure.gravatar.com\/avatar\/7f2c48bdc33b30088f941fb6082e555f2874c98e20cb159d7b92b50eadfce793?s=96&d=mm&r=g","contentUrl":"https:\/\/secure.gravatar.com\/avatar\/7f2c48bdc33b30088f941fb6082e555f2874c98e20cb159d7b92b50eadfce793?s=96&d=mm&r=g","caption":"Gente de B\u00e1squet"},"sameAs":["http:\/\/gentedebasquet.com.ar\/sitio"],"url":"https:\/\/gentedebasquet.com.ar\/sitio\/author\/ulises\/"}]}},"_links":{"self":[{"href":"https:\/\/gentedebasquet.com.ar\/sitio\/wp-json\/wp\/v2\/posts\/54905","targetHints":{"allow":["GET"]}}],"collection":[{"href":"https:\/\/gentedebasquet.com.ar\/sitio\/wp-json\/wp\/v2\/posts"}],"about":[{"href":"https:\/\/gentedebasquet.com.ar\/sitio\/wp-json\/wp\/v2\/types\/post"}],"author":[{"embeddable":true,"href":"https:\/\/gentedebasquet.com.ar\/sitio\/wp-json\/wp\/v2\/users\/1"}],"replies":[{"embeddable":true,"href":"https:\/\/gentedebasquet.com.ar\/sitio\/wp-json\/wp\/v2\/comments?post=54905"}],"version-history":[{"count":0,"href":"https:\/\/gentedebasquet.com.ar\/sitio\/wp-json\/wp\/v2\/posts\/54905\/revisions"}],"wp:featuredmedia":[{"embeddable":true,"href":"https:\/\/gentedebasquet.com.ar\/sitio\/wp-json\/wp\/v2\/media\/54908"}],"wp:attachment":[{"href":"https:\/\/gentedebasquet.com.ar\/sitio\/wp-json\/wp\/v2\/media?parent=54905"}],"wp:term":[{"taxonomy":"category","embeddable":true,"href":"https:\/\/gentedebasquet.com.ar\/sitio\/wp-json\/wp\/v2\/categories?post=54905"},{"taxonomy":"post_tag","embeddable":true,"href":"https:\/\/gentedebasquet.com.ar\/sitio\/wp-json\/wp\/v2\/tags?post=54905"}],"curies":[{"name":"wp","href":"https:\/\/api.w.org\/{rel}","templated":true}]}}