{"id":54911,"date":"2015-12-06T22:38:31","date_gmt":"2015-12-07T01:38:31","guid":{"rendered":"http:\/\/www.gentedebasquet.com.ar\/?p=54911"},"modified":"2015-12-06T22:38:31","modified_gmt":"2015-12-07T01:38:31","slug":"bollo-la-barraza-te-lo-agradece","status":"publish","type":"post","link":"https:\/\/gentedebasquet.com.ar\/sitio\/2015\/12\/06\/bollo-la-barraza-te-lo-agradece\/","title":{"rendered":"Bollo, la Barraza te lo agradece"},"content":{"rendered":"<p><b>A Villa Mitre le cost\u00f3 hacer pesar la diferencia en la tabla sobre Independiente de Neuqu\u00e9n y debi\u00f3 estar atento para pegar en momentos claves para hacerse del partido. El tricolor sigue l\u00edder en el Federal tras la victoria ante el colero neuquino por 91 a 76. El conjunto bahiense que ganaba por 10 al entretiempo, reaccion\u00f3 justo a tiempo cuando se le vino el albirrojo en el arranque del 3C y con un gran \u00faltimo cuarto de Javier Bollo (14) y triples claves de Barraza se qued\u00f3 con el partido. En el tricolor seis jugadores superaron el doble d\u00edgito: Bollo (21), Pineda (15), Renzi (12), Barraza (12), Heinrich (11) y Diomedi (10); adem\u00e1s Germ\u00e1n Andr\u00e9s dio 8 asistencias y anot\u00f3 8 puntos. En Independiente hubo 20 puntos de Alonso y 16 de Far\u00edas. \u00a0<\/b><\/p>\n<p>No fue f\u00e1cil la noche para Villa Mitre, pero demostr\u00f3 porque es el l\u00edder de la divisi\u00f3n Sur Bonaerense del Torneo Federal. Es que pese a ganar y estar siempre al frente en el partido, nunca pudo relajarse ante un intenso Independiente de Neuqu\u00e9n que quer\u00eda voltear al puntero para levantar cabeza y salir del fondo. La efectividad desde 6m75 en el primer cuarto de Diomedi, Andr\u00e9s y Renzi lo hizo sobrevivir a las penetraciones f\u00e1ciles de Garc\u00eda Barros y Alonso, y al juego interno de Casale que le ganaba el duelo a Bollo.<\/p>\n<p>Ugolini rot\u00f3 su formaci\u00f3n en el segundo cuarto, buscando intensificar el juego y sobre todo poder poner la bola debajo del aro, algo que no pudo hacer en el primer periodo producto de la dura defensa de Independiente. Sin embargo fue el neuquino el que tuvo su momento con Far\u00edas y Alonso para descontar y ponerse a 1, pero un buen pasaje de Bollo y Renzi le permiti\u00f3 al tricolor despegarse, y poder cerrar mejor el primer tiempo (45-35).<\/p>\n<p>En un abrir y cerrar de ojos, Independiente estamp\u00f3 un parcial de 11-2 y se volvi\u00f3 a ponerse abajo por la m\u00ednima (47-46) y ah\u00ed fue cuando el puntero mostr\u00f3 los dientes y tuvo su mejor cuarto del partido. Baj\u00f3 la cola en su aro, apret\u00f3 la l\u00ednea de pase, Barraza meti\u00f3 dos triples para respirar y la villa comenz\u00f3 a correr cuando pudo y aprovech\u00f3 a Pineda (11) y su experiencia para sumar. Casale que cometi\u00f3 la 4ta falta en el arranque del cuarto se tuvo que cuidar, pero unos minutos porque cuando Villa Mitre sac\u00f3 9, el interno tuvo un roce con Barraza y se fue al banco con una antideportiva.<\/p>\n<p>El tricolor aprovech\u00f3 su buen momento y con un pase de aro a aro de Andr\u00e9s a Pineda sac\u00f3 17 a 2m40s para el \u00faltimo descanso. Sin embargo el albirrojo fue y fue, Rodr\u00edguez meti\u00f3 una bomba, despu\u00e9s corri\u00f3 toda la cancha y as\u00ed el conjunto de Garcia se puso a 9 e incomod\u00f3 las ofensivas de Villa Mitre. Pero comenz\u00f3 el \u201cshow time\u201d de Bollo. El interno entendi\u00f3 siempre como deb\u00eda moverse despu\u00e9s del pick y Andr\u00e9s, Renzi y Diomedi lo asistieron a la perfecci\u00f3n para que Javi definiera c\u00f3modo al tablero y el tricolor defina el partido. Villa Mitre lleg\u00f3 a su decimo triunfo y ahora ir\u00e1 al Manu Gin\u00f3bili a tratar de seguir arriba.<\/p>\n<p><b>S\u00edntesis |<\/b> Torneo Federal \u2013 Fecha #12<\/p>\n<p><b>Villa Mitre 91:<\/b> Germ\u00e1n Andr\u00e9s 8, Gast\u00f3n Diomedi 10, Nicol\u00e1s Renzi 12, Federico Barraza 12, Javier Bollo 21 (FI) David Pineda 15, Ramiro Heinrich 11, Carlos P\u00e9rez 2, Marcelo Berdini 0, Mat\u00edas Mailo 0. DT: Ariel Ugolini.<\/p>\n<p><b>Independiente (N) 76:<\/b> Luciano Alonso 20, Sebasti\u00e1n Far\u00edas 16, Adolfo Garcia Barros 4, Mat\u00edas Barberis 13, Paolo Casale 7 (X) (FI) Francisco Gonz\u00e1lez 1, Santiago Rodr\u00edguez 5, Nicol\u00e1s Morales 2 (X), Agust\u00edn Llanan 3, Augusto Sabas 0, Franco Alippi 5, Mat\u00edas Voltolini 0. DT: Sebasti\u00e1n Garc\u00eda.<\/p>\n<p><b>Parciales:<\/b> 22-17, 45-35 (23-18), 72-57 (27-22), 91-76 (19-19).<\/p>\n<p><b>\u00c1rbitros:<\/b> Mart\u00edn Iba\u00f1ez \u2013 Mauro Pereyra.<\/p>\n<p><b>Estadio:<\/b> Jos\u00e9 Mart\u00ednez (Villa Mitre).<\/p>\n<p><a href=\"http:\/\/www.fibalivestats.com\/u\/CAM\/212883\/index.html\" target=\"_blank\" rel=\"noopener\">ESTADISTICAS OFICIALES<\/a><\/p>\n","protected":false},"excerpt":{"rendered":"<p>Bollo y Barraza fueron claves para que Villa Mitre derrote a Independiente (N) 91 a 76<\/p>\n","protected":false},"author":1,"featured_media":54914,"comment_status":"closed","ping_status":"open","sticky":false,"template":"","format":"standard","meta":{"jnews-multi-image_gallery":[],"jnews_single_post":[],"jnews_primary_category":[],"footnotes":""},"categories":[36,39,101],"tags":[228,427,603,1160,56,22],"class_list":["post-54911","post","type-post","status-publish","format-standard","has-post-thumbnail","hentry","category-federal","category-nacional","category-slide","tag-david-pineda","tag-independiente-neuquen","tag-javier-bollo","tag-luciano-alonso","tag-sebastian-farias","tag-villa-mitre"],"yoast_head":"<!-- This site is optimized with the Yoast SEO plugin v27.5 - https:\/\/yoast.com\/product\/yoast-seo-wordpress\/ -->\n<title>Bollo, la Barraza te lo agradece - Gente de B\u00e1squet<\/title>\n<meta name=\"robots\" content=\"index, follow, max-snippet:-1, max-image-preview:large, max-video-preview:-1\" \/>\n<link rel=\"canonical\" href=\"https:\/\/gentedebasquet.com.ar\/sitio\/2015\/12\/06\/bollo-la-barraza-te-lo-agradece\/\" \/>\n<meta property=\"og:locale\" content=\"es_ES\" \/>\n<meta property=\"og:type\" content=\"article\" \/>\n<meta property=\"og:title\" content=\"Bollo, la Barraza te lo agradece - Gente de B\u00e1squet\" \/>\n<meta property=\"og:description\" content=\"Bollo y Barraza fueron claves para que Villa Mitre derrote a Independiente (N) 91 a 76\" \/>\n<meta property=\"og:url\" content=\"https:\/\/gentedebasquet.com.ar\/sitio\/2015\/12\/06\/bollo-la-barraza-te-lo-agradece\/\" \/>\n<meta property=\"og:site_name\" content=\"Gente de B\u00e1squet\" \/>\n<meta property=\"article:published_time\" content=\"2015-12-07T01:38:31+00:00\" \/>\n<meta property=\"og:image\" content=\"https:\/\/gentedebasquet.com.ar\/sitio\/wp-content\/uploads\/2015\/12\/Villa-Mitre.jpg\" \/>\n\t<meta property=\"og:image:width\" content=\"690\" \/>\n\t<meta property=\"og:image:height\" content=\"319\" \/>\n\t<meta property=\"og:image:type\" content=\"image\/jpeg\" \/>\n<meta name=\"author\" content=\"Gente de B\u00e1squet\" \/>\n<meta name=\"twitter:card\" content=\"summary_large_image\" \/>\n<meta name=\"twitter:label1\" content=\"Escrito por\" \/>\n\t<meta name=\"twitter:data1\" content=\"Gente de B\u00e1squet\" \/>\n\t<meta name=\"twitter:label2\" content=\"Tiempo de lectura\" \/>\n\t<meta name=\"twitter:data2\" content=\"3 minutos\" \/>\n<script type=\"application\/ld+json\" class=\"yoast-schema-graph\">{\"@context\":\"https:\\\/\\\/schema.org\",\"@graph\":[{\"@type\":\"Article\",\"@id\":\"https:\\\/\\\/gentedebasquet.com.ar\\\/sitio\\\/2015\\\/12\\\/06\\\/bollo-la-barraza-te-lo-agradece\\\/#article\",\"isPartOf\":{\"@id\":\"https:\\\/\\\/gentedebasquet.com.ar\\\/sitio\\\/2015\\\/12\\\/06\\\/bollo-la-barraza-te-lo-agradece\\\/\"},\"author\":{\"name\":\"Gente de B\u00e1squet\",\"@id\":\"https:\\\/\\\/gentedebasquet.com.ar\\\/sitio\\\/#\\\/schema\\\/person\\\/ca0b63bbb977369988a7bbbdc519943a\"},\"headline\":\"Bollo, la Barraza te lo agradece\",\"datePublished\":\"2015-12-07T01:38:31+00:00\",\"mainEntityOfPage\":{\"@id\":\"https:\\\/\\\/gentedebasquet.com.ar\\\/sitio\\\/2015\\\/12\\\/06\\\/bollo-la-barraza-te-lo-agradece\\\/\"},\"wordCount\":656,\"image\":{\"@id\":\"https:\\\/\\\/gentedebasquet.com.ar\\\/sitio\\\/2015\\\/12\\\/06\\\/bollo-la-barraza-te-lo-agradece\\\/#primaryimage\"},\"thumbnailUrl\":\"https:\\\/\\\/gentedebasquet.com.ar\\\/sitio\\\/wp-content\\\/uploads\\\/2015\\\/12\\\/Villa-Mitre.jpg\",\"keywords\":[\"David Pineda\",\"Independiente Neuqu\u00e9n\",\"Javier Bollo\",\"Luciano Alonso\",\"Sebasti\u00e1n Far\u00edas\",\"Villa Mitre\"],\"articleSection\":[\"Federal\",\"Nacional\",\"Slide\"],\"inLanguage\":\"es\"},{\"@type\":\"WebPage\",\"@id\":\"https:\\\/\\\/gentedebasquet.com.ar\\\/sitio\\\/2015\\\/12\\\/06\\\/bollo-la-barraza-te-lo-agradece\\\/\",\"url\":\"https:\\\/\\\/gentedebasquet.com.ar\\\/sitio\\\/2015\\\/12\\\/06\\\/bollo-la-barraza-te-lo-agradece\\\/\",\"name\":\"Bollo, la Barraza te lo agradece - Gente de B\u00e1squet\",\"isPartOf\":{\"@id\":\"https:\\\/\\\/gentedebasquet.com.ar\\\/sitio\\\/#website\"},\"primaryImageOfPage\":{\"@id\":\"https:\\\/\\\/gentedebasquet.com.ar\\\/sitio\\\/2015\\\/12\\\/06\\\/bollo-la-barraza-te-lo-agradece\\\/#primaryimage\"},\"image\":{\"@id\":\"https:\\\/\\\/gentedebasquet.com.ar\\\/sitio\\\/2015\\\/12\\\/06\\\/bollo-la-barraza-te-lo-agradece\\\/#primaryimage\"},\"thumbnailUrl\":\"https:\\\/\\\/gentedebasquet.com.ar\\\/sitio\\\/wp-content\\\/uploads\\\/2015\\\/12\\\/Villa-Mitre.jpg\",\"datePublished\":\"2015-12-07T01:38:31+00:00\",\"author\":{\"@id\":\"https:\\\/\\\/gentedebasquet.com.ar\\\/sitio\\\/#\\\/schema\\\/person\\\/ca0b63bbb977369988a7bbbdc519943a\"},\"breadcrumb\":{\"@id\":\"https:\\\/\\\/gentedebasquet.com.ar\\\/sitio\\\/2015\\\/12\\\/06\\\/bollo-la-barraza-te-lo-agradece\\\/#breadcrumb\"},\"inLanguage\":\"es\",\"potentialAction\":[{\"@type\":\"ReadAction\",\"target\":[\"https:\\\/\\\/gentedebasquet.com.ar\\\/sitio\\\/2015\\\/12\\\/06\\\/bollo-la-barraza-te-lo-agradece\\\/\"]}]},{\"@type\":\"ImageObject\",\"inLanguage\":\"es\",\"@id\":\"https:\\\/\\\/gentedebasquet.com.ar\\\/sitio\\\/2015\\\/12\\\/06\\\/bollo-la-barraza-te-lo-agradece\\\/#primaryimage\",\"url\":\"https:\\\/\\\/gentedebasquet.com.ar\\\/sitio\\\/wp-content\\\/uploads\\\/2015\\\/12\\\/Villa-Mitre.jpg\",\"contentUrl\":\"https:\\\/\\\/gentedebasquet.com.ar\\\/sitio\\\/wp-content\\\/uploads\\\/2015\\\/12\\\/Villa-Mitre.jpg\",\"width\":690,\"height\":319},{\"@type\":\"BreadcrumbList\",\"@id\":\"https:\\\/\\\/gentedebasquet.com.ar\\\/sitio\\\/2015\\\/12\\\/06\\\/bollo-la-barraza-te-lo-agradece\\\/#breadcrumb\",\"itemListElement\":[{\"@type\":\"ListItem\",\"position\":1,\"name\":\"Portada\",\"item\":\"https:\\\/\\\/gentedebasquet.com.ar\\\/sitio\\\/\"},{\"@type\":\"ListItem\",\"position\":2,\"name\":\"Bollo, la Barraza te lo agradece\"}]},{\"@type\":\"WebSite\",\"@id\":\"https:\\\/\\\/gentedebasquet.com.ar\\\/sitio\\\/#website\",\"url\":\"https:\\\/\\\/gentedebasquet.com.ar\\\/sitio\\\/\",\"name\":\"Gente de B\u00e1squet\",\"description\":\"La revista del basquet de Bah\u00eda Blanca\",\"potentialAction\":[{\"@type\":\"SearchAction\",\"target\":{\"@type\":\"EntryPoint\",\"urlTemplate\":\"https:\\\/\\\/gentedebasquet.com.ar\\\/sitio\\\/?s={search_term_string}\"},\"query-input\":{\"@type\":\"PropertyValueSpecification\",\"valueRequired\":true,\"valueName\":\"search_term_string\"}}],\"inLanguage\":\"es\"},{\"@type\":\"Person\",\"@id\":\"https:\\\/\\\/gentedebasquet.com.ar\\\/sitio\\\/#\\\/schema\\\/person\\\/ca0b63bbb977369988a7bbbdc519943a\",\"name\":\"Gente de B\u00e1squet\",\"image\":{\"@type\":\"ImageObject\",\"inLanguage\":\"es\",\"@id\":\"https:\\\/\\\/secure.gravatar.com\\\/avatar\\\/7f2c48bdc33b30088f941fb6082e555f2874c98e20cb159d7b92b50eadfce793?s=96&d=mm&r=g\",\"url\":\"https:\\\/\\\/secure.gravatar.com\\\/avatar\\\/7f2c48bdc33b30088f941fb6082e555f2874c98e20cb159d7b92b50eadfce793?s=96&d=mm&r=g\",\"contentUrl\":\"https:\\\/\\\/secure.gravatar.com\\\/avatar\\\/7f2c48bdc33b30088f941fb6082e555f2874c98e20cb159d7b92b50eadfce793?s=96&d=mm&r=g\",\"caption\":\"Gente de B\u00e1squet\"},\"sameAs\":[\"http:\\\/\\\/gentedebasquet.com.ar\\\/sitio\"],\"url\":\"https:\\\/\\\/gentedebasquet.com.ar\\\/sitio\\\/author\\\/ulises\\\/\"}]}<\/script>\n<!-- \/ Yoast SEO plugin. -->","yoast_head_json":{"title":"Bollo, la Barraza te lo agradece - Gente de B\u00e1squet","robots":{"index":"index","follow":"follow","max-snippet":"max-snippet:-1","max-image-preview":"max-image-preview:large","max-video-preview":"max-video-preview:-1"},"canonical":"https:\/\/gentedebasquet.com.ar\/sitio\/2015\/12\/06\/bollo-la-barraza-te-lo-agradece\/","og_locale":"es_ES","og_type":"article","og_title":"Bollo, la Barraza te lo agradece - Gente de B\u00e1squet","og_description":"Bollo y Barraza fueron claves para que Villa Mitre derrote a Independiente (N) 91 a 76","og_url":"https:\/\/gentedebasquet.com.ar\/sitio\/2015\/12\/06\/bollo-la-barraza-te-lo-agradece\/","og_site_name":"Gente de B\u00e1squet","article_published_time":"2015-12-07T01:38:31+00:00","og_image":[{"width":690,"height":319,"url":"https:\/\/gentedebasquet.com.ar\/sitio\/wp-content\/uploads\/2015\/12\/Villa-Mitre.jpg","type":"image\/jpeg"}],"author":"Gente de B\u00e1squet","twitter_card":"summary_large_image","twitter_misc":{"Escrito por":"Gente de B\u00e1squet","Tiempo de lectura":"3 minutos"},"schema":{"@context":"https:\/\/schema.org","@graph":[{"@type":"Article","@id":"https:\/\/gentedebasquet.com.ar\/sitio\/2015\/12\/06\/bollo-la-barraza-te-lo-agradece\/#article","isPartOf":{"@id":"https:\/\/gentedebasquet.com.ar\/sitio\/2015\/12\/06\/bollo-la-barraza-te-lo-agradece\/"},"author":{"name":"Gente de B\u00e1squet","@id":"https:\/\/gentedebasquet.com.ar\/sitio\/#\/schema\/person\/ca0b63bbb977369988a7bbbdc519943a"},"headline":"Bollo, la Barraza te lo agradece","datePublished":"2015-12-07T01:38:31+00:00","mainEntityOfPage":{"@id":"https:\/\/gentedebasquet.com.ar\/sitio\/2015\/12\/06\/bollo-la-barraza-te-lo-agradece\/"},"wordCount":656,"image":{"@id":"https:\/\/gentedebasquet.com.ar\/sitio\/2015\/12\/06\/bollo-la-barraza-te-lo-agradece\/#primaryimage"},"thumbnailUrl":"https:\/\/gentedebasquet.com.ar\/sitio\/wp-content\/uploads\/2015\/12\/Villa-Mitre.jpg","keywords":["David Pineda","Independiente Neuqu\u00e9n","Javier Bollo","Luciano Alonso","Sebasti\u00e1n Far\u00edas","Villa Mitre"],"articleSection":["Federal","Nacional","Slide"],"inLanguage":"es"},{"@type":"WebPage","@id":"https:\/\/gentedebasquet.com.ar\/sitio\/2015\/12\/06\/bollo-la-barraza-te-lo-agradece\/","url":"https:\/\/gentedebasquet.com.ar\/sitio\/2015\/12\/06\/bollo-la-barraza-te-lo-agradece\/","name":"Bollo, la Barraza te lo agradece - Gente de B\u00e1squet","isPartOf":{"@id":"https:\/\/gentedebasquet.com.ar\/sitio\/#website"},"primaryImageOfPage":{"@id":"https:\/\/gentedebasquet.com.ar\/sitio\/2015\/12\/06\/bollo-la-barraza-te-lo-agradece\/#primaryimage"},"image":{"@id":"https:\/\/gentedebasquet.com.ar\/sitio\/2015\/12\/06\/bollo-la-barraza-te-lo-agradece\/#primaryimage"},"thumbnailUrl":"https:\/\/gentedebasquet.com.ar\/sitio\/wp-content\/uploads\/2015\/12\/Villa-Mitre.jpg","datePublished":"2015-12-07T01:38:31+00:00","author":{"@id":"https:\/\/gentedebasquet.com.ar\/sitio\/#\/schema\/person\/ca0b63bbb977369988a7bbbdc519943a"},"breadcrumb":{"@id":"https:\/\/gentedebasquet.com.ar\/sitio\/2015\/12\/06\/bollo-la-barraza-te-lo-agradece\/#breadcrumb"},"inLanguage":"es","potentialAction":[{"@type":"ReadAction","target":["https:\/\/gentedebasquet.com.ar\/sitio\/2015\/12\/06\/bollo-la-barraza-te-lo-agradece\/"]}]},{"@type":"ImageObject","inLanguage":"es","@id":"https:\/\/gentedebasquet.com.ar\/sitio\/2015\/12\/06\/bollo-la-barraza-te-lo-agradece\/#primaryimage","url":"https:\/\/gentedebasquet.com.ar\/sitio\/wp-content\/uploads\/2015\/12\/Villa-Mitre.jpg","contentUrl":"https:\/\/gentedebasquet.com.ar\/sitio\/wp-content\/uploads\/2015\/12\/Villa-Mitre.jpg","width":690,"height":319},{"@type":"BreadcrumbList","@id":"https:\/\/gentedebasquet.com.ar\/sitio\/2015\/12\/06\/bollo-la-barraza-te-lo-agradece\/#breadcrumb","itemListElement":[{"@type":"ListItem","position":1,"name":"Portada","item":"https:\/\/gentedebasquet.com.ar\/sitio\/"},{"@type":"ListItem","position":2,"name":"Bollo, la Barraza te lo agradece"}]},{"@type":"WebSite","@id":"https:\/\/gentedebasquet.com.ar\/sitio\/#website","url":"https:\/\/gentedebasquet.com.ar\/sitio\/","name":"Gente de B\u00e1squet","description":"La revista del basquet de Bah\u00eda Blanca","potentialAction":[{"@type":"SearchAction","target":{"@type":"EntryPoint","urlTemplate":"https:\/\/gentedebasquet.com.ar\/sitio\/?s={search_term_string}"},"query-input":{"@type":"PropertyValueSpecification","valueRequired":true,"valueName":"search_term_string"}}],"inLanguage":"es"},{"@type":"Person","@id":"https:\/\/gentedebasquet.com.ar\/sitio\/#\/schema\/person\/ca0b63bbb977369988a7bbbdc519943a","name":"Gente de B\u00e1squet","image":{"@type":"ImageObject","inLanguage":"es","@id":"https:\/\/secure.gravatar.com\/avatar\/7f2c48bdc33b30088f941fb6082e555f2874c98e20cb159d7b92b50eadfce793?s=96&d=mm&r=g","url":"https:\/\/secure.gravatar.com\/avatar\/7f2c48bdc33b30088f941fb6082e555f2874c98e20cb159d7b92b50eadfce793?s=96&d=mm&r=g","contentUrl":"https:\/\/secure.gravatar.com\/avatar\/7f2c48bdc33b30088f941fb6082e555f2874c98e20cb159d7b92b50eadfce793?s=96&d=mm&r=g","caption":"Gente de B\u00e1squet"},"sameAs":["http:\/\/gentedebasquet.com.ar\/sitio"],"url":"https:\/\/gentedebasquet.com.ar\/sitio\/author\/ulises\/"}]}},"_links":{"self":[{"href":"https:\/\/gentedebasquet.com.ar\/sitio\/wp-json\/wp\/v2\/posts\/54911","targetHints":{"allow":["GET"]}}],"collection":[{"href":"https:\/\/gentedebasquet.com.ar\/sitio\/wp-json\/wp\/v2\/posts"}],"about":[{"href":"https:\/\/gentedebasquet.com.ar\/sitio\/wp-json\/wp\/v2\/types\/post"}],"author":[{"embeddable":true,"href":"https:\/\/gentedebasquet.com.ar\/sitio\/wp-json\/wp\/v2\/users\/1"}],"replies":[{"embeddable":true,"href":"https:\/\/gentedebasquet.com.ar\/sitio\/wp-json\/wp\/v2\/comments?post=54911"}],"version-history":[{"count":0,"href":"https:\/\/gentedebasquet.com.ar\/sitio\/wp-json\/wp\/v2\/posts\/54911\/revisions"}],"wp:featuredmedia":[{"embeddable":true,"href":"https:\/\/gentedebasquet.com.ar\/sitio\/wp-json\/wp\/v2\/media\/54914"}],"wp:attachment":[{"href":"https:\/\/gentedebasquet.com.ar\/sitio\/wp-json\/wp\/v2\/media?parent=54911"}],"wp:term":[{"taxonomy":"category","embeddable":true,"href":"https:\/\/gentedebasquet.com.ar\/sitio\/wp-json\/wp\/v2\/categories?post=54911"},{"taxonomy":"post_tag","embeddable":true,"href":"https:\/\/gentedebasquet.com.ar\/sitio\/wp-json\/wp\/v2\/tags?post=54911"}],"curies":[{"name":"wp","href":"https:\/\/api.w.org\/{rel}","templated":true}]}}