{"id":54919,"date":"2015-12-06T21:22:39","date_gmt":"2015-12-07T00:22:39","guid":{"rendered":"http:\/\/www.gentedebasquet.com.ar\/?p=54919"},"modified":"2015-12-06T21:22:39","modified_gmt":"2015-12-07T00:22:39","slug":"fortaleza-defensiva","status":"publish","type":"post","link":"https:\/\/gentedebasquet.com.ar\/sitio\/2015\/12\/06\/fortaleza-defensiva\/","title":{"rendered":"Fortaleza defensiva"},"content":{"rendered":"<p><b>Bahiense del Norte contin\u00faa a paso firme en el Manu Gin\u00f3bili. Esta vez el Tricolor vapule\u00f3 por 75-55 a P\u00e9rfora de Plaza Huincul y cerr\u00f3 un nuevo fin de semana perfecto. Con gran solidez defensiva, ganando la lucha\u00a0a\u00e9rea (47 a 31)\u00a0y con inteligencia para saber disimular la ausencia de Franco Pennacchiotti (paralitica en\u00a0pierna izquierda) en gran parte del segundo tiempo, el conjunto de Alejandro Navallo se termin\u00f3 quedando con un enorme triunfo. \u00a0Franco Amigo (25) fue la figura del encuentro y estuvo bien acompa\u00f1ado por Juan Pablo Mor\u00e1n (13 y 6 asist), Andr\u00e9s Barbero (11) y el propio Pennacchiotti (10). Mientras que en la visita no alcanz\u00f3 con la tarea de Carlos Sep\u00falveda (15).<\/b><\/p>\n<p>El inicio del encuentro mostr\u00f3 una paridad absoluta. Con el correr de los minutos Bahiense fue tomando forma, seleccion\u00f3 mejor sus tiros y alcanz\u00f3 su mejor versi\u00f3n en el cuarto cuando compartieron cancha Zalguizuri y Mor\u00e1n. Repartiendo sus puntos en tres de sus piezas claves: Amigo (4), Pennacchiotti (4) y Mor\u00e1n (4), el Tricolor lleg\u00f3 a estar cinco unidades arriba (17-12). P\u00e9rfora, por su parte, comenz\u00f3 apuntalado por las buenas decisiones de Sep\u00falveda (6) y Carabajal (4). En el cierre, gracias a un triple del pibe Agust\u00edn P\u00e9rez, la visita disminuy\u00f3 la distancia en contra de cara al primer descanso (17-16).<\/p>\n<p>Con bajo goleo y ofensivas muy trabadas, as\u00ed se present\u00f3 el segundo cap\u00edtulo. A Bahiense le cost\u00f3 encontrar fluidez en ataque y estuvo sin anotar durante los primeros cinco minutos. A esto lo aprovech\u00f3 P\u00e9rfora, y con Catelotti (6) como pilar, estamp\u00f3 un parcial de 6-0 para pasar al frente (17-22). Barbero fue el encargado de cortar con la mala racha local y luego, junto a Amigo, encabezaron un id\u00e9ntico pasaje de 6-0 para recuperar el mando en el resultado (23-22) con 4m15s por jugar. Los puntos de Pennacchiotti (4) y Mor\u00e1n (2) en el cierre, le permitieron al conjunto de Navallo irse al descanso largo 29-26 arriba.<\/p>\n<p>A la vuelta de los vestuarios lleg\u00f3 el quiebre del encuentro. Defendiendo en zona, Bahiense complic\u00f3 a P\u00e9rfora y solo le permiti\u00f3 anotar 14 puntos en todo el segmento. Adem\u00e1s, el Tricolor tuvo inteligencia y supo disimular bien la salida de Franco Pennacchiotti (paralitica en su pierna izquierda), que se retir\u00f3 a 4m31s del cierre. La conducci\u00f3n de Mor\u00e1n (7 y 4 asist), el buen ingreso de Zambrano (8) y los puntos desde la l\u00ednea de libres (10\/14 en el 3C), fueron claves para que el local se distancie por quince unidades (55-40) cuando agonizaba del cap\u00edtulo.<\/p>\n<p>Con la tarea superlativa de Amigo (13 de los 20 del equipo en el 4C) y teniendo a Barbero (5) como ladero, el due\u00f1o de casa fue cerrando la noche. La m\u00e1xima distancia lleg\u00f3 a ser de 24 puntos (74-50) cuando restaban 2m por jugar. P\u00e9rfora se fue desdibujando cada vez m\u00e1s con el correr de los minutos y nada tuvo que hacer en el segundo tiempo. As\u00ed, con mucha solidez defensiva, Bahiense cerr\u00f3 as\u00ed otro fin de semana perfecto en condici\u00f3n de local y se acomod\u00f3 un poco m\u00e1s en la tabla de posiciones de la Divisi\u00f3n Sur Bonaerense. Ahora, el conjunto de Alejandro Navallo esperar\u00e1 por el choque del pr\u00f3ximo s\u00e1bado frente a Villa Mitre.<\/p>\n<p><b>S\u00edntesis<\/b> | Torneo Federal \u2013 Divisi\u00f3n Sur Bonaerense \u2013 Fecha #12<\/p>\n<p><b>Bahiense del Norte 75:<\/b> Juan Pablo Mor\u00e1n 13, Franco Amigo 25, Esteban Silva 4, Juan Ignacio Diomedi 0, Franco Pennacchiotti 10 (Fi). Andr\u00e9s Barbero 11, Mauro Zalguizuri 4 (x), Kevin Zambrano 8, Francisco March\u00e1n 0, Tom\u00e1s Musotto 0 y Federico Repetti 0. <b>DT:<\/b> Alejandro Navallo.<\/p>\n<p><b>P\u00e9rfora (Plaza Huincul) 55: <\/b>Agust\u00edn Carabajal 9, Rodrigo P\u00e9rez 7, Agust\u00edn P\u00e9rez 8, Carlos Sep\u00falveda 15 (x), Ignacio Ochoa 2 (Fi). Leandro Lauro 5, Leandro Catelotti 9, Agust\u00edn Giovanoli 0, Lucas Silva 0 y Fabricio Caba\u00f1as 0. DT: Fernando Claris.<\/p>\n<p><b>Parciales: <\/b>17-16, 29-26 (12-10), 55-40 (26-14) y 75-55 (20-15)<\/p>\n<p><b>\u00c1rbitros: <\/b>Cristian Carrasco \u2013 Agust\u00edn Chavarr\u00eda<\/p>\n<p><b>Estadio:<\/b> Manu Gin\u00f3bili (Bahiense del Norte).<\/p>\n<p><a href=\"http:\/\/www.fibalivestats.com\/u\/CAM\/212884\/\" target=\"_blank\" rel=\"noopener\">ESTAD\u00cdSTICAS OFICIALES<\/a><\/p>\n","protected":false},"excerpt":{"rendered":"<p>Bahiense se hizo fuerte atr\u00e1s y super\u00f3 c\u00f3modamente a P\u00e9rfora por 75-55<\/p>\n","protected":false},"author":1,"featured_media":54920,"comment_status":"closed","ping_status":"open","sticky":false,"template":"","format":"standard","meta":{"jnews-multi-image_gallery":[],"jnews_single_post":[],"jnews_primary_category":[],"footnotes":""},"categories":[36,39,101],"tags":[172,5,223,87,282,426,40],"class_list":["post-54919","post","type-post","status-publish","format-standard","has-post-thumbnail","hentry","category-federal","category-nacional","category-slide","tag-andres-barbero","tag-bahiense-del-norte","tag-franco-amigo","tag-franco-pennacchiotti","tag-juan-pablo-moran","tag-perfora","tag-torneo-federal"],"yoast_head":"<!-- This site is optimized with the Yoast SEO plugin v27.5 - https:\/\/yoast.com\/product\/yoast-seo-wordpress\/ -->\n<title>Fortaleza defensiva - Gente de B\u00e1squet<\/title>\n<meta name=\"robots\" content=\"index, follow, max-snippet:-1, max-image-preview:large, max-video-preview:-1\" \/>\n<link rel=\"canonical\" href=\"https:\/\/gentedebasquet.com.ar\/sitio\/2015\/12\/06\/fortaleza-defensiva\/\" \/>\n<meta property=\"og:locale\" content=\"es_ES\" \/>\n<meta property=\"og:type\" content=\"article\" \/>\n<meta property=\"og:title\" content=\"Fortaleza defensiva - Gente de B\u00e1squet\" \/>\n<meta property=\"og:description\" content=\"Bahiense se hizo fuerte atr\u00e1s y super\u00f3 c\u00f3modamente a P\u00e9rfora por 75-55\" \/>\n<meta property=\"og:url\" content=\"https:\/\/gentedebasquet.com.ar\/sitio\/2015\/12\/06\/fortaleza-defensiva\/\" \/>\n<meta property=\"og:site_name\" content=\"Gente de B\u00e1squet\" \/>\n<meta property=\"article:published_time\" content=\"2015-12-07T00:22:39+00:00\" \/>\n<meta property=\"og:image\" content=\"https:\/\/gentedebasquet.com.ar\/sitio\/wp-content\/uploads\/2015\/12\/DSC_0057.jpg\" \/>\n\t<meta property=\"og:image:width\" content=\"690\" \/>\n\t<meta property=\"og:image:height\" content=\"319\" \/>\n\t<meta property=\"og:image:type\" content=\"image\/jpeg\" \/>\n<meta name=\"author\" content=\"Gente de B\u00e1squet\" \/>\n<meta name=\"twitter:card\" content=\"summary_large_image\" \/>\n<meta name=\"twitter:label1\" content=\"Escrito por\" \/>\n\t<meta name=\"twitter:data1\" content=\"Gente de B\u00e1squet\" \/>\n\t<meta name=\"twitter:label2\" content=\"Tiempo de lectura\" \/>\n\t<meta name=\"twitter:data2\" content=\"3 minutos\" \/>\n<script type=\"application\/ld+json\" class=\"yoast-schema-graph\">{\"@context\":\"https:\\\/\\\/schema.org\",\"@graph\":[{\"@type\":\"Article\",\"@id\":\"https:\\\/\\\/gentedebasquet.com.ar\\\/sitio\\\/2015\\\/12\\\/06\\\/fortaleza-defensiva\\\/#article\",\"isPartOf\":{\"@id\":\"https:\\\/\\\/gentedebasquet.com.ar\\\/sitio\\\/2015\\\/12\\\/06\\\/fortaleza-defensiva\\\/\"},\"author\":{\"name\":\"Gente de B\u00e1squet\",\"@id\":\"https:\\\/\\\/gentedebasquet.com.ar\\\/sitio\\\/#\\\/schema\\\/person\\\/ca0b63bbb977369988a7bbbdc519943a\"},\"headline\":\"Fortaleza defensiva\",\"datePublished\":\"2015-12-07T00:22:39+00:00\",\"mainEntityOfPage\":{\"@id\":\"https:\\\/\\\/gentedebasquet.com.ar\\\/sitio\\\/2015\\\/12\\\/06\\\/fortaleza-defensiva\\\/\"},\"wordCount\":662,\"image\":{\"@id\":\"https:\\\/\\\/gentedebasquet.com.ar\\\/sitio\\\/2015\\\/12\\\/06\\\/fortaleza-defensiva\\\/#primaryimage\"},\"thumbnailUrl\":\"https:\\\/\\\/gentedebasquet.com.ar\\\/sitio\\\/wp-content\\\/uploads\\\/2015\\\/12\\\/DSC_0057.jpg\",\"keywords\":[\"Andr\u00e9s Barbero\",\"Bahiense Del Norte\",\"Franco Amigo\",\"Franco Pennacchiotti\",\"Juan Pablo Mor\u00e1n\",\"P\u00e9rfora\",\"Torneo Federal\"],\"articleSection\":[\"Federal\",\"Nacional\",\"Slide\"],\"inLanguage\":\"es\"},{\"@type\":\"WebPage\",\"@id\":\"https:\\\/\\\/gentedebasquet.com.ar\\\/sitio\\\/2015\\\/12\\\/06\\\/fortaleza-defensiva\\\/\",\"url\":\"https:\\\/\\\/gentedebasquet.com.ar\\\/sitio\\\/2015\\\/12\\\/06\\\/fortaleza-defensiva\\\/\",\"name\":\"Fortaleza defensiva - Gente de B\u00e1squet\",\"isPartOf\":{\"@id\":\"https:\\\/\\\/gentedebasquet.com.ar\\\/sitio\\\/#website\"},\"primaryImageOfPage\":{\"@id\":\"https:\\\/\\\/gentedebasquet.com.ar\\\/sitio\\\/2015\\\/12\\\/06\\\/fortaleza-defensiva\\\/#primaryimage\"},\"image\":{\"@id\":\"https:\\\/\\\/gentedebasquet.com.ar\\\/sitio\\\/2015\\\/12\\\/06\\\/fortaleza-defensiva\\\/#primaryimage\"},\"thumbnailUrl\":\"https:\\\/\\\/gentedebasquet.com.ar\\\/sitio\\\/wp-content\\\/uploads\\\/2015\\\/12\\\/DSC_0057.jpg\",\"datePublished\":\"2015-12-07T00:22:39+00:00\",\"author\":{\"@id\":\"https:\\\/\\\/gentedebasquet.com.ar\\\/sitio\\\/#\\\/schema\\\/person\\\/ca0b63bbb977369988a7bbbdc519943a\"},\"breadcrumb\":{\"@id\":\"https:\\\/\\\/gentedebasquet.com.ar\\\/sitio\\\/2015\\\/12\\\/06\\\/fortaleza-defensiva\\\/#breadcrumb\"},\"inLanguage\":\"es\",\"potentialAction\":[{\"@type\":\"ReadAction\",\"target\":[\"https:\\\/\\\/gentedebasquet.com.ar\\\/sitio\\\/2015\\\/12\\\/06\\\/fortaleza-defensiva\\\/\"]}]},{\"@type\":\"ImageObject\",\"inLanguage\":\"es\",\"@id\":\"https:\\\/\\\/gentedebasquet.com.ar\\\/sitio\\\/2015\\\/12\\\/06\\\/fortaleza-defensiva\\\/#primaryimage\",\"url\":\"https:\\\/\\\/gentedebasquet.com.ar\\\/sitio\\\/wp-content\\\/uploads\\\/2015\\\/12\\\/DSC_0057.jpg\",\"contentUrl\":\"https:\\\/\\\/gentedebasquet.com.ar\\\/sitio\\\/wp-content\\\/uploads\\\/2015\\\/12\\\/DSC_0057.jpg\",\"width\":690,\"height\":319},{\"@type\":\"BreadcrumbList\",\"@id\":\"https:\\\/\\\/gentedebasquet.com.ar\\\/sitio\\\/2015\\\/12\\\/06\\\/fortaleza-defensiva\\\/#breadcrumb\",\"itemListElement\":[{\"@type\":\"ListItem\",\"position\":1,\"name\":\"Portada\",\"item\":\"https:\\\/\\\/gentedebasquet.com.ar\\\/sitio\\\/\"},{\"@type\":\"ListItem\",\"position\":2,\"name\":\"Fortaleza defensiva\"}]},{\"@type\":\"WebSite\",\"@id\":\"https:\\\/\\\/gentedebasquet.com.ar\\\/sitio\\\/#website\",\"url\":\"https:\\\/\\\/gentedebasquet.com.ar\\\/sitio\\\/\",\"name\":\"Gente de B\u00e1squet\",\"description\":\"La revista del basquet de Bah\u00eda Blanca\",\"potentialAction\":[{\"@type\":\"SearchAction\",\"target\":{\"@type\":\"EntryPoint\",\"urlTemplate\":\"https:\\\/\\\/gentedebasquet.com.ar\\\/sitio\\\/?s={search_term_string}\"},\"query-input\":{\"@type\":\"PropertyValueSpecification\",\"valueRequired\":true,\"valueName\":\"search_term_string\"}}],\"inLanguage\":\"es\"},{\"@type\":\"Person\",\"@id\":\"https:\\\/\\\/gentedebasquet.com.ar\\\/sitio\\\/#\\\/schema\\\/person\\\/ca0b63bbb977369988a7bbbdc519943a\",\"name\":\"Gente de B\u00e1squet\",\"image\":{\"@type\":\"ImageObject\",\"inLanguage\":\"es\",\"@id\":\"https:\\\/\\\/secure.gravatar.com\\\/avatar\\\/7f2c48bdc33b30088f941fb6082e555f2874c98e20cb159d7b92b50eadfce793?s=96&d=mm&r=g\",\"url\":\"https:\\\/\\\/secure.gravatar.com\\\/avatar\\\/7f2c48bdc33b30088f941fb6082e555f2874c98e20cb159d7b92b50eadfce793?s=96&d=mm&r=g\",\"contentUrl\":\"https:\\\/\\\/secure.gravatar.com\\\/avatar\\\/7f2c48bdc33b30088f941fb6082e555f2874c98e20cb159d7b92b50eadfce793?s=96&d=mm&r=g\",\"caption\":\"Gente de B\u00e1squet\"},\"sameAs\":[\"http:\\\/\\\/gentedebasquet.com.ar\\\/sitio\"],\"url\":\"https:\\\/\\\/gentedebasquet.com.ar\\\/sitio\\\/author\\\/ulises\\\/\"}]}<\/script>\n<!-- \/ Yoast SEO plugin. -->","yoast_head_json":{"title":"Fortaleza defensiva - Gente de B\u00e1squet","robots":{"index":"index","follow":"follow","max-snippet":"max-snippet:-1","max-image-preview":"max-image-preview:large","max-video-preview":"max-video-preview:-1"},"canonical":"https:\/\/gentedebasquet.com.ar\/sitio\/2015\/12\/06\/fortaleza-defensiva\/","og_locale":"es_ES","og_type":"article","og_title":"Fortaleza defensiva - Gente de B\u00e1squet","og_description":"Bahiense se hizo fuerte atr\u00e1s y super\u00f3 c\u00f3modamente a P\u00e9rfora por 75-55","og_url":"https:\/\/gentedebasquet.com.ar\/sitio\/2015\/12\/06\/fortaleza-defensiva\/","og_site_name":"Gente de B\u00e1squet","article_published_time":"2015-12-07T00:22:39+00:00","og_image":[{"width":690,"height":319,"url":"https:\/\/gentedebasquet.com.ar\/sitio\/wp-content\/uploads\/2015\/12\/DSC_0057.jpg","type":"image\/jpeg"}],"author":"Gente de B\u00e1squet","twitter_card":"summary_large_image","twitter_misc":{"Escrito por":"Gente de B\u00e1squet","Tiempo de lectura":"3 minutos"},"schema":{"@context":"https:\/\/schema.org","@graph":[{"@type":"Article","@id":"https:\/\/gentedebasquet.com.ar\/sitio\/2015\/12\/06\/fortaleza-defensiva\/#article","isPartOf":{"@id":"https:\/\/gentedebasquet.com.ar\/sitio\/2015\/12\/06\/fortaleza-defensiva\/"},"author":{"name":"Gente de B\u00e1squet","@id":"https:\/\/gentedebasquet.com.ar\/sitio\/#\/schema\/person\/ca0b63bbb977369988a7bbbdc519943a"},"headline":"Fortaleza defensiva","datePublished":"2015-12-07T00:22:39+00:00","mainEntityOfPage":{"@id":"https:\/\/gentedebasquet.com.ar\/sitio\/2015\/12\/06\/fortaleza-defensiva\/"},"wordCount":662,"image":{"@id":"https:\/\/gentedebasquet.com.ar\/sitio\/2015\/12\/06\/fortaleza-defensiva\/#primaryimage"},"thumbnailUrl":"https:\/\/gentedebasquet.com.ar\/sitio\/wp-content\/uploads\/2015\/12\/DSC_0057.jpg","keywords":["Andr\u00e9s Barbero","Bahiense Del Norte","Franco Amigo","Franco Pennacchiotti","Juan Pablo Mor\u00e1n","P\u00e9rfora","Torneo Federal"],"articleSection":["Federal","Nacional","Slide"],"inLanguage":"es"},{"@type":"WebPage","@id":"https:\/\/gentedebasquet.com.ar\/sitio\/2015\/12\/06\/fortaleza-defensiva\/","url":"https:\/\/gentedebasquet.com.ar\/sitio\/2015\/12\/06\/fortaleza-defensiva\/","name":"Fortaleza defensiva - Gente de B\u00e1squet","isPartOf":{"@id":"https:\/\/gentedebasquet.com.ar\/sitio\/#website"},"primaryImageOfPage":{"@id":"https:\/\/gentedebasquet.com.ar\/sitio\/2015\/12\/06\/fortaleza-defensiva\/#primaryimage"},"image":{"@id":"https:\/\/gentedebasquet.com.ar\/sitio\/2015\/12\/06\/fortaleza-defensiva\/#primaryimage"},"thumbnailUrl":"https:\/\/gentedebasquet.com.ar\/sitio\/wp-content\/uploads\/2015\/12\/DSC_0057.jpg","datePublished":"2015-12-07T00:22:39+00:00","author":{"@id":"https:\/\/gentedebasquet.com.ar\/sitio\/#\/schema\/person\/ca0b63bbb977369988a7bbbdc519943a"},"breadcrumb":{"@id":"https:\/\/gentedebasquet.com.ar\/sitio\/2015\/12\/06\/fortaleza-defensiva\/#breadcrumb"},"inLanguage":"es","potentialAction":[{"@type":"ReadAction","target":["https:\/\/gentedebasquet.com.ar\/sitio\/2015\/12\/06\/fortaleza-defensiva\/"]}]},{"@type":"ImageObject","inLanguage":"es","@id":"https:\/\/gentedebasquet.com.ar\/sitio\/2015\/12\/06\/fortaleza-defensiva\/#primaryimage","url":"https:\/\/gentedebasquet.com.ar\/sitio\/wp-content\/uploads\/2015\/12\/DSC_0057.jpg","contentUrl":"https:\/\/gentedebasquet.com.ar\/sitio\/wp-content\/uploads\/2015\/12\/DSC_0057.jpg","width":690,"height":319},{"@type":"BreadcrumbList","@id":"https:\/\/gentedebasquet.com.ar\/sitio\/2015\/12\/06\/fortaleza-defensiva\/#breadcrumb","itemListElement":[{"@type":"ListItem","position":1,"name":"Portada","item":"https:\/\/gentedebasquet.com.ar\/sitio\/"},{"@type":"ListItem","position":2,"name":"Fortaleza defensiva"}]},{"@type":"WebSite","@id":"https:\/\/gentedebasquet.com.ar\/sitio\/#website","url":"https:\/\/gentedebasquet.com.ar\/sitio\/","name":"Gente de B\u00e1squet","description":"La revista del basquet de Bah\u00eda Blanca","potentialAction":[{"@type":"SearchAction","target":{"@type":"EntryPoint","urlTemplate":"https:\/\/gentedebasquet.com.ar\/sitio\/?s={search_term_string}"},"query-input":{"@type":"PropertyValueSpecification","valueRequired":true,"valueName":"search_term_string"}}],"inLanguage":"es"},{"@type":"Person","@id":"https:\/\/gentedebasquet.com.ar\/sitio\/#\/schema\/person\/ca0b63bbb977369988a7bbbdc519943a","name":"Gente de B\u00e1squet","image":{"@type":"ImageObject","inLanguage":"es","@id":"https:\/\/secure.gravatar.com\/avatar\/7f2c48bdc33b30088f941fb6082e555f2874c98e20cb159d7b92b50eadfce793?s=96&d=mm&r=g","url":"https:\/\/secure.gravatar.com\/avatar\/7f2c48bdc33b30088f941fb6082e555f2874c98e20cb159d7b92b50eadfce793?s=96&d=mm&r=g","contentUrl":"https:\/\/secure.gravatar.com\/avatar\/7f2c48bdc33b30088f941fb6082e555f2874c98e20cb159d7b92b50eadfce793?s=96&d=mm&r=g","caption":"Gente de B\u00e1squet"},"sameAs":["http:\/\/gentedebasquet.com.ar\/sitio"],"url":"https:\/\/gentedebasquet.com.ar\/sitio\/author\/ulises\/"}]}},"_links":{"self":[{"href":"https:\/\/gentedebasquet.com.ar\/sitio\/wp-json\/wp\/v2\/posts\/54919","targetHints":{"allow":["GET"]}}],"collection":[{"href":"https:\/\/gentedebasquet.com.ar\/sitio\/wp-json\/wp\/v2\/posts"}],"about":[{"href":"https:\/\/gentedebasquet.com.ar\/sitio\/wp-json\/wp\/v2\/types\/post"}],"author":[{"embeddable":true,"href":"https:\/\/gentedebasquet.com.ar\/sitio\/wp-json\/wp\/v2\/users\/1"}],"replies":[{"embeddable":true,"href":"https:\/\/gentedebasquet.com.ar\/sitio\/wp-json\/wp\/v2\/comments?post=54919"}],"version-history":[{"count":0,"href":"https:\/\/gentedebasquet.com.ar\/sitio\/wp-json\/wp\/v2\/posts\/54919\/revisions"}],"wp:featuredmedia":[{"embeddable":true,"href":"https:\/\/gentedebasquet.com.ar\/sitio\/wp-json\/wp\/v2\/media\/54920"}],"wp:attachment":[{"href":"https:\/\/gentedebasquet.com.ar\/sitio\/wp-json\/wp\/v2\/media?parent=54919"}],"wp:term":[{"taxonomy":"category","embeddable":true,"href":"https:\/\/gentedebasquet.com.ar\/sitio\/wp-json\/wp\/v2\/categories?post=54919"},{"taxonomy":"post_tag","embeddable":true,"href":"https:\/\/gentedebasquet.com.ar\/sitio\/wp-json\/wp\/v2\/tags?post=54919"}],"curies":[{"name":"wp","href":"https:\/\/api.w.org\/{rel}","templated":true}]}}