{"id":54942,"date":"2015-12-07T23:03:22","date_gmt":"2015-12-08T02:03:22","guid":{"rendered":"http:\/\/www.gentedebasquet.com.ar\/?p=54942"},"modified":"2015-12-07T23:03:22","modified_gmt":"2015-12-08T02:03:22","slug":"cuatro-de-vacaciones","status":"publish","type":"post","link":"https:\/\/gentedebasquet.com.ar\/sitio\/2015\/12\/07\/cuatro-de-vacaciones\/","title":{"rendered":"Cuatro de vacaciones"},"content":{"rendered":"<p><strong>Pueyrred\u00f3n, San Lorenzo, Barracas y 9 de Julio finalizaron el cuadrangular Permanencia y se despidieron hasta 2016. En el N\u00e9stor Damiani, el duelo de descendidos fue para\u00a0<\/strong><b>9 de Julio, que gan\u00f3 por 71 a 62. El local explot\u00f3 en el 4C con una defensa intensa y sin permitir los rompimientos hacia el cesto que tanto da\u00f1o les hicieron hasta ese momento. La versatilidad de Jos\u00e9 Luis Mart\u00ednez (18 y 11 rebotes) jugando de frente al cesto y la precisi\u00f3n de Pena (17 y 5\/10 T3) desde el per\u00edmetro fueron determinantes en un goleo que se reparti\u00f3 con Jonatan Thorp (14 y 11 recobres) y Fernando Pe\u00f1alver (14, vital en 4\u00baC). Mientras que por el lado de Barracas, no alcanz\u00f3 con la producci\u00f3n ofensiva de Leonel Alema\u00f1y (16) y que extra\u00f1aron el tiro exterior (2\/19 T3).<\/b><\/p>\n<p>Por su parte, en el Vicente Palermo la victoria fue para San Lorenzo por 87 a 63. El cotejo fue equilibrado en el inicio, con Roberson (16) cargando las ofensivas del local. Sin embargo, a partir del 2C, la visita fue m\u00e1s agresiva y se distanci\u00f3: 23-36. En el complemento, v\u00eda Morando (18, con 5\/6 en dobles) , Silva (15 y 13 rebotes) y R\u00edos Lodoli (15 y 9), el conjunto de Canosa no dej\u00f3 dudas. Sobre el final, en Purre hizo su debut en la m\u00e1xima categor\u00eda el U15 Santiago Segal. En el naranja, Benedetti sufri\u00f3 una torcedura en su tobillo derecho y, adem\u00e1s, no se alist\u00f3 Luciano Fern\u00e1ndez, que regresar\u00e1 a Bahiense del Norte.<\/p>\n<p>&nbsp;<\/p>\n<p><strong>S\u00edntesis |<\/strong> Primera Divisi\u00f3n &#8211; Permanencia &#8211; Fecha #6<\/p>\n<p><strong>Pueyrred\u00f3n\u00a063:\u00a0<\/strong>Juan Manuel Richat 7,\u00a0Gast\u00f3n Ressia 8,\u00a0Gast\u00f3n Rivera 4,\u00a0Eddie Roberson 16,\u00a0Pablo Racciatti 4 (Fi);\u00a0Juli\u00e1n Carminatti 2,\u00a0Ezequiel Pordomingo 11,\u00a0Santiago Marco 0,\u00a0Agust\u00edn Fern\u00e1ndez 7,\u00a0Nahuel Altamirano 4,\u00a0Luciano Orellana 0 y\u00a0Santiago Segal 0.\u00a0DT: Andr\u00e9s Iannamico.<\/p>\n<p><strong>San Lorenzo\u00a087:<\/strong>\u00a0Mauricio Halberg 9,\u00a0Federico Biggi 13,\u00a0Mariano Morando 18,\u00a0Mart\u00edn R\u00edos Lodoli 15,\u00a0Leandro Silva 15 (Fi);\u00a0Eesteban Benedetti 0,\u00a0Andr\u00e9s Hildemann 9,\u00a0Alan Gonz\u00e1lez 0,\u00a0Bruno Pedrosa 5 y\u00a0Ramses Safar 3.\u00a0DT: Rafael Canosa.<\/p>\n<p><strong>Parciales:\u00a0<\/strong>16-19, 34-40 (18-21), 42-62 (8-22) y 63-87 (2125).<\/p>\n<p><strong>\u00c1rbitros:\u00a0<\/strong>Eduardo Ferreyra &#8211; Marjorie Stuardo.<\/p>\n<p><strong>Estadio:\u00a0<\/strong>Vicente Palermo (Pueyrred\u00f3n).<\/p>\n<p><a class=\"modalf iframe\" title=\"Planilla\" href=\"https:\/\/docs.google.com\/spreadsheets\/d\/11epkvTel4MdKTyLlcCSwQgCbx7YIWICSfnHGciFYHMw\/pubhtml\" target=\"_blank\" rel=\"noopener\">Ver Planilla<\/a><\/p>\n<p>&nbsp;<\/p>\n<p><strong>S\u00edntesis |<\/strong><strong>\u00a0<\/strong>Primera Divisi\u00f3n \u2013 Permanencia \u2013 Juego #6<\/p>\n<p><strong>9 de Julio 71:<\/strong> Agust\u00edn Pena 17, Fernando Pe\u00f1alver 14, Federico Escobar 0, Jos\u00e9 Luis Mart\u00ednez 18 y Jonatan Thorp 14 (F.I.); Facundo Damiani 3, Milton Ruesga 0, Alan Prost 0, Jos\u00e9 Fern\u00e1ndez 0, Diego Sgalla 0 y Manuel Costa 3.\u00a0DT: Emiliano Rold\u00e1n.<\/p>\n<p><strong>Barracas 62:<\/strong>\u00a0Juli\u00e1n Horvath 10, Sebasti\u00e1n Ranieri 10, Leonel Alema\u00f1y 16, Maximiliano Bert\u00f3n 6 (x) y Mart\u00edn Cleppe 4 (x) (F.I.); Juan Ignacio Reiner 3, Franco Bustamante 0, Bruno Martellini 7, Mariano N\u00fa\u00f1ez 6 y Emanuel Larrosa 0.\u00a0DT: Juan Sergio Palumbo.<\/p>\n<p><strong>Parciales:<\/strong> 13-26, 34-35 (21-9), 48-51 (14-16) y 71-62 (23-11).<\/p>\n<p><strong>\u00c1rbitros:<\/strong> Jorge Scheffer &#8211; Mariano Enrique.<\/p>\n<p><strong>Estadio:<\/strong>\u00a0N\u00e9stor Damiani (9 de Julio)<\/p>\n<p><a class=\"modalf iframe\" title=\"Planilla\" href=\"https:\/\/docs.google.com\/spreadsheets\/d\/1pfgG8obDJCnzgQvjK15Tg9e0Q-tPQdqvS8yMjZimjvE\/pubhtml\" target=\"_blank\" rel=\"noopener\">Ver Planilla<\/a><\/p>\n","protected":false},"excerpt":{"rendered":"<p>En su \u00faltimo partido, San Lorenzo venci\u00f3 a Purre 87-63 y 9 de Julo a Barracas 72-61<\/p>\n","protected":false},"author":1,"featured_media":54944,"comment_status":"closed","ping_status":"open","sticky":false,"template":"","format":"standard","meta":{"jnews-multi-image_gallery":[],"jnews_single_post":[],"jnews_primary_category":[],"footnotes":""},"categories":[23,101],"tags":[2,6,18,19],"class_list":["post-54942","post","type-post","status-publish","format-standard","has-post-thumbnail","hentry","category-primera","category-slide","tag-9dejulio","tag-barracas-central","tag-pueyrredon","tag-san-lorenzo"],"yoast_head":"<!-- This site is optimized with the Yoast SEO plugin v27.5 - https:\/\/yoast.com\/product\/yoast-seo-wordpress\/ -->\n<title>Cuatro de vacaciones - Gente de B\u00e1squet<\/title>\n<meta name=\"robots\" content=\"index, follow, max-snippet:-1, max-image-preview:large, max-video-preview:-1\" \/>\n<link rel=\"canonical\" href=\"https:\/\/gentedebasquet.com.ar\/sitio\/2015\/12\/07\/cuatro-de-vacaciones\/\" \/>\n<meta property=\"og:locale\" content=\"es_ES\" \/>\n<meta property=\"og:type\" content=\"article\" \/>\n<meta property=\"og:title\" content=\"Cuatro de vacaciones - Gente de B\u00e1squet\" \/>\n<meta property=\"og:description\" content=\"En su \u00faltimo partido, San Lorenzo venci\u00f3 a Purre 87-63 y 9 de Julo a Barracas 72-61\" \/>\n<meta property=\"og:url\" content=\"https:\/\/gentedebasquet.com.ar\/sitio\/2015\/12\/07\/cuatro-de-vacaciones\/\" \/>\n<meta property=\"og:site_name\" content=\"Gente de B\u00e1squet\" \/>\n<meta property=\"article:published_time\" content=\"2015-12-08T02:03:22+00:00\" \/>\n<meta property=\"og:image\" content=\"https:\/\/gentedebasquet.com.ar\/sitio\/wp-content\/uploads\/2015\/12\/Pueyrredon-San-Lorenzo.jpg\" \/>\n\t<meta property=\"og:image:width\" content=\"690\" \/>\n\t<meta property=\"og:image:height\" content=\"319\" \/>\n\t<meta property=\"og:image:type\" content=\"image\/jpeg\" \/>\n<meta name=\"author\" content=\"Gente de B\u00e1squet\" \/>\n<meta name=\"twitter:card\" content=\"summary_large_image\" \/>\n<meta name=\"twitter:label1\" content=\"Escrito por\" \/>\n\t<meta name=\"twitter:data1\" content=\"Gente de B\u00e1squet\" \/>\n\t<meta name=\"twitter:label2\" content=\"Tiempo de lectura\" \/>\n\t<meta name=\"twitter:data2\" content=\"2 minutos\" \/>\n<script type=\"application\/ld+json\" class=\"yoast-schema-graph\">{\"@context\":\"https:\\\/\\\/schema.org\",\"@graph\":[{\"@type\":\"Article\",\"@id\":\"https:\\\/\\\/gentedebasquet.com.ar\\\/sitio\\\/2015\\\/12\\\/07\\\/cuatro-de-vacaciones\\\/#article\",\"isPartOf\":{\"@id\":\"https:\\\/\\\/gentedebasquet.com.ar\\\/sitio\\\/2015\\\/12\\\/07\\\/cuatro-de-vacaciones\\\/\"},\"author\":{\"name\":\"Gente de B\u00e1squet\",\"@id\":\"https:\\\/\\\/gentedebasquet.com.ar\\\/sitio\\\/#\\\/schema\\\/person\\\/ca0b63bbb977369988a7bbbdc519943a\"},\"headline\":\"Cuatro de vacaciones\",\"datePublished\":\"2015-12-08T02:03:22+00:00\",\"mainEntityOfPage\":{\"@id\":\"https:\\\/\\\/gentedebasquet.com.ar\\\/sitio\\\/2015\\\/12\\\/07\\\/cuatro-de-vacaciones\\\/\"},\"wordCount\":455,\"image\":{\"@id\":\"https:\\\/\\\/gentedebasquet.com.ar\\\/sitio\\\/2015\\\/12\\\/07\\\/cuatro-de-vacaciones\\\/#primaryimage\"},\"thumbnailUrl\":\"https:\\\/\\\/gentedebasquet.com.ar\\\/sitio\\\/wp-content\\\/uploads\\\/2015\\\/12\\\/Pueyrredon-San-Lorenzo.jpg\",\"keywords\":[\"9 de Julio\",\"Barracas Central\",\"Pueyrredon\",\"San Lorenzo\"],\"articleSection\":[\"Primera\",\"Slide\"],\"inLanguage\":\"es\"},{\"@type\":\"WebPage\",\"@id\":\"https:\\\/\\\/gentedebasquet.com.ar\\\/sitio\\\/2015\\\/12\\\/07\\\/cuatro-de-vacaciones\\\/\",\"url\":\"https:\\\/\\\/gentedebasquet.com.ar\\\/sitio\\\/2015\\\/12\\\/07\\\/cuatro-de-vacaciones\\\/\",\"name\":\"Cuatro de vacaciones - Gente de B\u00e1squet\",\"isPartOf\":{\"@id\":\"https:\\\/\\\/gentedebasquet.com.ar\\\/sitio\\\/#website\"},\"primaryImageOfPage\":{\"@id\":\"https:\\\/\\\/gentedebasquet.com.ar\\\/sitio\\\/2015\\\/12\\\/07\\\/cuatro-de-vacaciones\\\/#primaryimage\"},\"image\":{\"@id\":\"https:\\\/\\\/gentedebasquet.com.ar\\\/sitio\\\/2015\\\/12\\\/07\\\/cuatro-de-vacaciones\\\/#primaryimage\"},\"thumbnailUrl\":\"https:\\\/\\\/gentedebasquet.com.ar\\\/sitio\\\/wp-content\\\/uploads\\\/2015\\\/12\\\/Pueyrredon-San-Lorenzo.jpg\",\"datePublished\":\"2015-12-08T02:03:22+00:00\",\"author\":{\"@id\":\"https:\\\/\\\/gentedebasquet.com.ar\\\/sitio\\\/#\\\/schema\\\/person\\\/ca0b63bbb977369988a7bbbdc519943a\"},\"breadcrumb\":{\"@id\":\"https:\\\/\\\/gentedebasquet.com.ar\\\/sitio\\\/2015\\\/12\\\/07\\\/cuatro-de-vacaciones\\\/#breadcrumb\"},\"inLanguage\":\"es\",\"potentialAction\":[{\"@type\":\"ReadAction\",\"target\":[\"https:\\\/\\\/gentedebasquet.com.ar\\\/sitio\\\/2015\\\/12\\\/07\\\/cuatro-de-vacaciones\\\/\"]}]},{\"@type\":\"ImageObject\",\"inLanguage\":\"es\",\"@id\":\"https:\\\/\\\/gentedebasquet.com.ar\\\/sitio\\\/2015\\\/12\\\/07\\\/cuatro-de-vacaciones\\\/#primaryimage\",\"url\":\"https:\\\/\\\/gentedebasquet.com.ar\\\/sitio\\\/wp-content\\\/uploads\\\/2015\\\/12\\\/Pueyrredon-San-Lorenzo.jpg\",\"contentUrl\":\"https:\\\/\\\/gentedebasquet.com.ar\\\/sitio\\\/wp-content\\\/uploads\\\/2015\\\/12\\\/Pueyrredon-San-Lorenzo.jpg\",\"width\":690,\"height\":319},{\"@type\":\"BreadcrumbList\",\"@id\":\"https:\\\/\\\/gentedebasquet.com.ar\\\/sitio\\\/2015\\\/12\\\/07\\\/cuatro-de-vacaciones\\\/#breadcrumb\",\"itemListElement\":[{\"@type\":\"ListItem\",\"position\":1,\"name\":\"Portada\",\"item\":\"https:\\\/\\\/gentedebasquet.com.ar\\\/sitio\\\/\"},{\"@type\":\"ListItem\",\"position\":2,\"name\":\"Cuatro de vacaciones\"}]},{\"@type\":\"WebSite\",\"@id\":\"https:\\\/\\\/gentedebasquet.com.ar\\\/sitio\\\/#website\",\"url\":\"https:\\\/\\\/gentedebasquet.com.ar\\\/sitio\\\/\",\"name\":\"Gente de B\u00e1squet\",\"description\":\"La revista del basquet de Bah\u00eda Blanca\",\"potentialAction\":[{\"@type\":\"SearchAction\",\"target\":{\"@type\":\"EntryPoint\",\"urlTemplate\":\"https:\\\/\\\/gentedebasquet.com.ar\\\/sitio\\\/?s={search_term_string}\"},\"query-input\":{\"@type\":\"PropertyValueSpecification\",\"valueRequired\":true,\"valueName\":\"search_term_string\"}}],\"inLanguage\":\"es\"},{\"@type\":\"Person\",\"@id\":\"https:\\\/\\\/gentedebasquet.com.ar\\\/sitio\\\/#\\\/schema\\\/person\\\/ca0b63bbb977369988a7bbbdc519943a\",\"name\":\"Gente de B\u00e1squet\",\"image\":{\"@type\":\"ImageObject\",\"inLanguage\":\"es\",\"@id\":\"https:\\\/\\\/secure.gravatar.com\\\/avatar\\\/7f2c48bdc33b30088f941fb6082e555f2874c98e20cb159d7b92b50eadfce793?s=96&d=mm&r=g\",\"url\":\"https:\\\/\\\/secure.gravatar.com\\\/avatar\\\/7f2c48bdc33b30088f941fb6082e555f2874c98e20cb159d7b92b50eadfce793?s=96&d=mm&r=g\",\"contentUrl\":\"https:\\\/\\\/secure.gravatar.com\\\/avatar\\\/7f2c48bdc33b30088f941fb6082e555f2874c98e20cb159d7b92b50eadfce793?s=96&d=mm&r=g\",\"caption\":\"Gente de B\u00e1squet\"},\"sameAs\":[\"http:\\\/\\\/gentedebasquet.com.ar\\\/sitio\"],\"url\":\"https:\\\/\\\/gentedebasquet.com.ar\\\/sitio\\\/author\\\/ulises\\\/\"}]}<\/script>\n<!-- \/ Yoast SEO plugin. -->","yoast_head_json":{"title":"Cuatro de vacaciones - Gente de B\u00e1squet","robots":{"index":"index","follow":"follow","max-snippet":"max-snippet:-1","max-image-preview":"max-image-preview:large","max-video-preview":"max-video-preview:-1"},"canonical":"https:\/\/gentedebasquet.com.ar\/sitio\/2015\/12\/07\/cuatro-de-vacaciones\/","og_locale":"es_ES","og_type":"article","og_title":"Cuatro de vacaciones - Gente de B\u00e1squet","og_description":"En su \u00faltimo partido, San Lorenzo venci\u00f3 a Purre 87-63 y 9 de Julo a Barracas 72-61","og_url":"https:\/\/gentedebasquet.com.ar\/sitio\/2015\/12\/07\/cuatro-de-vacaciones\/","og_site_name":"Gente de B\u00e1squet","article_published_time":"2015-12-08T02:03:22+00:00","og_image":[{"width":690,"height":319,"url":"https:\/\/gentedebasquet.com.ar\/sitio\/wp-content\/uploads\/2015\/12\/Pueyrredon-San-Lorenzo.jpg","type":"image\/jpeg"}],"author":"Gente de B\u00e1squet","twitter_card":"summary_large_image","twitter_misc":{"Escrito por":"Gente de B\u00e1squet","Tiempo de lectura":"2 minutos"},"schema":{"@context":"https:\/\/schema.org","@graph":[{"@type":"Article","@id":"https:\/\/gentedebasquet.com.ar\/sitio\/2015\/12\/07\/cuatro-de-vacaciones\/#article","isPartOf":{"@id":"https:\/\/gentedebasquet.com.ar\/sitio\/2015\/12\/07\/cuatro-de-vacaciones\/"},"author":{"name":"Gente de B\u00e1squet","@id":"https:\/\/gentedebasquet.com.ar\/sitio\/#\/schema\/person\/ca0b63bbb977369988a7bbbdc519943a"},"headline":"Cuatro de vacaciones","datePublished":"2015-12-08T02:03:22+00:00","mainEntityOfPage":{"@id":"https:\/\/gentedebasquet.com.ar\/sitio\/2015\/12\/07\/cuatro-de-vacaciones\/"},"wordCount":455,"image":{"@id":"https:\/\/gentedebasquet.com.ar\/sitio\/2015\/12\/07\/cuatro-de-vacaciones\/#primaryimage"},"thumbnailUrl":"https:\/\/gentedebasquet.com.ar\/sitio\/wp-content\/uploads\/2015\/12\/Pueyrredon-San-Lorenzo.jpg","keywords":["9 de Julio","Barracas Central","Pueyrredon","San Lorenzo"],"articleSection":["Primera","Slide"],"inLanguage":"es"},{"@type":"WebPage","@id":"https:\/\/gentedebasquet.com.ar\/sitio\/2015\/12\/07\/cuatro-de-vacaciones\/","url":"https:\/\/gentedebasquet.com.ar\/sitio\/2015\/12\/07\/cuatro-de-vacaciones\/","name":"Cuatro de vacaciones - Gente de B\u00e1squet","isPartOf":{"@id":"https:\/\/gentedebasquet.com.ar\/sitio\/#website"},"primaryImageOfPage":{"@id":"https:\/\/gentedebasquet.com.ar\/sitio\/2015\/12\/07\/cuatro-de-vacaciones\/#primaryimage"},"image":{"@id":"https:\/\/gentedebasquet.com.ar\/sitio\/2015\/12\/07\/cuatro-de-vacaciones\/#primaryimage"},"thumbnailUrl":"https:\/\/gentedebasquet.com.ar\/sitio\/wp-content\/uploads\/2015\/12\/Pueyrredon-San-Lorenzo.jpg","datePublished":"2015-12-08T02:03:22+00:00","author":{"@id":"https:\/\/gentedebasquet.com.ar\/sitio\/#\/schema\/person\/ca0b63bbb977369988a7bbbdc519943a"},"breadcrumb":{"@id":"https:\/\/gentedebasquet.com.ar\/sitio\/2015\/12\/07\/cuatro-de-vacaciones\/#breadcrumb"},"inLanguage":"es","potentialAction":[{"@type":"ReadAction","target":["https:\/\/gentedebasquet.com.ar\/sitio\/2015\/12\/07\/cuatro-de-vacaciones\/"]}]},{"@type":"ImageObject","inLanguage":"es","@id":"https:\/\/gentedebasquet.com.ar\/sitio\/2015\/12\/07\/cuatro-de-vacaciones\/#primaryimage","url":"https:\/\/gentedebasquet.com.ar\/sitio\/wp-content\/uploads\/2015\/12\/Pueyrredon-San-Lorenzo.jpg","contentUrl":"https:\/\/gentedebasquet.com.ar\/sitio\/wp-content\/uploads\/2015\/12\/Pueyrredon-San-Lorenzo.jpg","width":690,"height":319},{"@type":"BreadcrumbList","@id":"https:\/\/gentedebasquet.com.ar\/sitio\/2015\/12\/07\/cuatro-de-vacaciones\/#breadcrumb","itemListElement":[{"@type":"ListItem","position":1,"name":"Portada","item":"https:\/\/gentedebasquet.com.ar\/sitio\/"},{"@type":"ListItem","position":2,"name":"Cuatro de vacaciones"}]},{"@type":"WebSite","@id":"https:\/\/gentedebasquet.com.ar\/sitio\/#website","url":"https:\/\/gentedebasquet.com.ar\/sitio\/","name":"Gente de B\u00e1squet","description":"La revista del basquet de Bah\u00eda Blanca","potentialAction":[{"@type":"SearchAction","target":{"@type":"EntryPoint","urlTemplate":"https:\/\/gentedebasquet.com.ar\/sitio\/?s={search_term_string}"},"query-input":{"@type":"PropertyValueSpecification","valueRequired":true,"valueName":"search_term_string"}}],"inLanguage":"es"},{"@type":"Person","@id":"https:\/\/gentedebasquet.com.ar\/sitio\/#\/schema\/person\/ca0b63bbb977369988a7bbbdc519943a","name":"Gente de B\u00e1squet","image":{"@type":"ImageObject","inLanguage":"es","@id":"https:\/\/secure.gravatar.com\/avatar\/7f2c48bdc33b30088f941fb6082e555f2874c98e20cb159d7b92b50eadfce793?s=96&d=mm&r=g","url":"https:\/\/secure.gravatar.com\/avatar\/7f2c48bdc33b30088f941fb6082e555f2874c98e20cb159d7b92b50eadfce793?s=96&d=mm&r=g","contentUrl":"https:\/\/secure.gravatar.com\/avatar\/7f2c48bdc33b30088f941fb6082e555f2874c98e20cb159d7b92b50eadfce793?s=96&d=mm&r=g","caption":"Gente de B\u00e1squet"},"sameAs":["http:\/\/gentedebasquet.com.ar\/sitio"],"url":"https:\/\/gentedebasquet.com.ar\/sitio\/author\/ulises\/"}]}},"_links":{"self":[{"href":"https:\/\/gentedebasquet.com.ar\/sitio\/wp-json\/wp\/v2\/posts\/54942","targetHints":{"allow":["GET"]}}],"collection":[{"href":"https:\/\/gentedebasquet.com.ar\/sitio\/wp-json\/wp\/v2\/posts"}],"about":[{"href":"https:\/\/gentedebasquet.com.ar\/sitio\/wp-json\/wp\/v2\/types\/post"}],"author":[{"embeddable":true,"href":"https:\/\/gentedebasquet.com.ar\/sitio\/wp-json\/wp\/v2\/users\/1"}],"replies":[{"embeddable":true,"href":"https:\/\/gentedebasquet.com.ar\/sitio\/wp-json\/wp\/v2\/comments?post=54942"}],"version-history":[{"count":0,"href":"https:\/\/gentedebasquet.com.ar\/sitio\/wp-json\/wp\/v2\/posts\/54942\/revisions"}],"wp:featuredmedia":[{"embeddable":true,"href":"https:\/\/gentedebasquet.com.ar\/sitio\/wp-json\/wp\/v2\/media\/54944"}],"wp:attachment":[{"href":"https:\/\/gentedebasquet.com.ar\/sitio\/wp-json\/wp\/v2\/media?parent=54942"}],"wp:term":[{"taxonomy":"category","embeddable":true,"href":"https:\/\/gentedebasquet.com.ar\/sitio\/wp-json\/wp\/v2\/categories?post=54942"},{"taxonomy":"post_tag","embeddable":true,"href":"https:\/\/gentedebasquet.com.ar\/sitio\/wp-json\/wp\/v2\/tags?post=54942"}],"curies":[{"name":"wp","href":"https:\/\/api.w.org\/{rel}","templated":true}]}}