{"id":55003,"date":"2015-12-08T21:56:07","date_gmt":"2015-12-09T00:56:07","guid":{"rendered":"http:\/\/www.gentedebasquet.com.ar\/?p=55003"},"modified":"2015-12-08T21:56:07","modified_gmt":"2015-12-09T00:56:07","slug":"el-peor-momento","status":"publish","type":"post","link":"https:\/\/gentedebasquet.com.ar\/sitio\/2015\/12\/08\/el-peor-momento\/","title":{"rendered":"El peor momento"},"content":{"rendered":"<p><strong>Bah\u00eda Basket cerr\u00f3 su gira por Mar del Plata con otra ca\u00edda y acumul\u00f3 la quinta consecutiva, al ser derrotado por Quilmes 84 a 72. Con Bah\u00eda siempre abajo, fueron\u00a0dos triples (Maciel y Cequeira) los que le permitieron al Cervecero ir saboreando la victoria. Redivo (19), Whelan (14), Jasen (12) y Levy (12) fueron los m\u00e1s destacados en la visita, que no cont\u00f3 con Ivanov (fuerte contractura) y que se prepara para recibir a Atenas este viernes.\u00a0<\/strong><\/p>\n<p>El partido tuvo un arranque parejo. Bah\u00eda Basket abri\u00f3 el juego con un triple de Jamaal Levy, pero despu\u00e9s abus\u00f3 del tiro perimetral (1\/4). Y Quilmes conquist\u00f3 el marcador a trav\u00e9s de Tayavek Gallizzi, hombre importante en los dos aros. Con dos tapas y cuatro puntos su equipo sac\u00f3 la primera diferencia. Pero el encuentro se mantuvo a tiro y con goleo repartido en ambos conjuntos.<\/p>\n<p>El elenco marplatense consigui\u00f3 una luz en el final despu\u00e9s de un oportuno robo de Luca Vildoza, que volvi\u00f3 a jugar despu\u00e9s de la fractura que sufri\u00f3 a comienzos de la temporada, a Santiago Vaulet para la posterior bandeja de Luis Cequira. Bah\u00eda se qued\u00f3 est\u00e1tico en ofensiva y el Cervecero anot\u00f3 cuantas veces pudo para cerrar el primer cuarto ganando (18-12).<\/p>\n<p>Diego Romero y Fernando Calvi fueron claves en el comienzo del segundo parcial para obtener una ventaja de 9 puntos, sin embargo Bah\u00eda Basket encontr\u00f3 el descuento con ataques r\u00e1pidos encabezados por Gast\u00f3n Whelan y precisas contras para no perderle pisada a su rival.<\/p>\n<p>Alejandro Spalla creci\u00f3 con el tiro perimetral, y con dos triples consecutivos cambi\u00f3 el ritmo del juego a favor de Quilmes que empez\u00f3 a trabajar una ventaja m\u00e1s importante en el tablero. Un doble con falta de Diego Romero dej\u00f3 el partido en 36-22 y oblig\u00f3 a Sebasti\u00e1n Gin\u00f3bili a pedir un minuto. Sin embargo, la visita no logr\u00f3 quebrantar la buena defensa planteada por el Tricolor y con algunos destellos de Hern\u00e1n Jasen (6) y de Juan Vaulet, logr\u00f3 evitar que su rival se aleje demasiado y cerr\u00f3 la primera mitad abajo 43 a 30.<\/p>\n<p>El partido se torn\u00f3 muy f\u00edsico, con defensas m\u00e1s aguerridas que se disputaron cada pelota en juego. Bah\u00eda Baskt encontr\u00f3 volumen en ataque a partir de una mejor rotaci\u00f3n del bal\u00f3n para sortear la defensa rival. Jamaal Levy encabez\u00f3 las principales acciones para sumar gol. Pero\u00a0Quilmes no se dej\u00f3 asustar y sigui\u00f3 en partido con dos espectaculares volcadas de Gallizzi.<\/p>\n<p>Lucio Redivo se convirti\u00f3 en una opci\u00f3n fundamental con la punter\u00eda desde los 6,75. Con tres triples tom\u00f3 las iniciativas cuando su equipo empezaba a fallar tiros m\u00e1s sencillos. Pero finalmente, una bomba de tres de Luca Vildoza cerr\u00f3 el tercer cuarto 64 a 53 a favor de los de Mar del Plata.<\/p>\n<p>El juego friccionado llev\u00f3 el desarrollo del juego a la l\u00ednea de libres. Perdi\u00f3 fluidez pero no emoci\u00f3n, aunque el terreno favoreci\u00f3 a Quilmes ya que no se modificaron demasiado los n\u00fameros.<\/p>\n<p>Fueron dos tiros de tres puntos, unos de Maxi Maciel y otro de Cequeira los que le permitieron al Cervecero ir saboreando la victoria. Bah\u00eda sigui\u00f3 intentando pero ya sin tiempo en el reloj y Tayavek Gallizzi le puse el broche un partido que fue triunfo de Quilmes 84 a 72.<\/p>\n<p>&nbsp;<\/p>\n<p><strong>S\u00edntesis |<\/strong> Liga Nacional &#8211; Fase Nacional<\/p>\n<p><strong>Quilmes (Mar del Plata) 84:\u00a0<\/strong>Bruno Sansimoni 0, Walter Baxley 22, Alejandro Spalla 8, Maximiliano Maciel 9, Tayavek Gallizzi 12 (Fi); Luis Cequeira 10, Luca Vildoza 7, Diego Romero 14 y Fernando Calvi 4. DT: Leandro Ramella.<\/p>\n<p><strong>Bah\u00eda Basket 72:\u00a0<\/strong>Gast\u00f3n Whelan 14, Lucio Redivo 19, Juan Pablo Vaulet 9, Jamaal Levy 12, Sean Carter 0 (Fi); M\u00e1ximo Fjellerup 2, Francisco Filippa 0, Hern\u00e1n Jasen 12, Santiago Vaulet 0, Facundo Corval\u00e1n 2 y Ariel Ramos 2. DT: Sebasti\u00e1n Gin\u00f3bili.<\/p>\n<p><strong>Parciales:<\/strong> 18-12, 43-30 (27-18), 64-53 (21-23) y 84-72 (20-19).<\/p>\n<p><strong>\u00c1rbitros:<\/strong> Sergio Tarife\u00f1o &#8211; Leonardo Zalazar<\/p>\n<p><strong>Estadio:<\/strong> Once Unidos (Quilmes).<\/p>\n<p><a href=\"http:\/\/www.fibalivestats.com\/u\/ADC\/229497\/\" target=\"_blank\" rel=\"noopener\">ESTAD\u00cdSTICAS OFICIALES<\/a><\/p>\n<p><strong>Informe:<\/strong> T\u00e9lam<\/p>\n<p><strong>Fotos:<\/strong>\u00a0Carlos De Vita.<\/p>\n","protected":false},"excerpt":{"rendered":"<p>Bah\u00eda Basket acumul\u00f3 su quinta derrota en fila: 84-72 con Quilmes, el \u00faltimo del Sur<\/p>\n","protected":false},"author":1,"featured_media":55005,"comment_status":"closed","ping_status":"open","sticky":false,"template":"","format":"standard","meta":{"jnews-multi-image_gallery":[],"jnews_single_post":[],"jnews_primary_category":[],"footnotes":""},"categories":[57,43,39,101],"tags":[58,559,492,155,1140,162],"class_list":["post-55003","post","type-post","status-publish","format-standard","has-post-thumbnail","hentry","category-bahia-basket","category-la-liga","category-nacional","category-slide","tag-bahiabasket","tag-gaston-whelan","tag-hernan-jasen","tag-lucio-redivo","tag-pavel-ivanov","tag-quilmes"],"yoast_head":"<!-- This site is optimized with the Yoast SEO plugin v27.5 - https:\/\/yoast.com\/product\/yoast-seo-wordpress\/ -->\n<title>El peor momento - Gente de B\u00e1squet<\/title>\n<meta name=\"robots\" content=\"index, follow, max-snippet:-1, max-image-preview:large, max-video-preview:-1\" \/>\n<link rel=\"canonical\" href=\"http:\/\/gentedebasquet.com.ar\/sitio\/2015\/12\/08\/el-peor-momento\/\" \/>\n<meta property=\"og:locale\" content=\"es_ES\" \/>\n<meta property=\"og:type\" content=\"article\" \/>\n<meta property=\"og:title\" content=\"El peor momento - Gente de B\u00e1squet\" \/>\n<meta property=\"og:description\" content=\"Bah\u00eda Basket acumul\u00f3 su quinta derrota en fila: 84-72 con Quilmes, el \u00faltimo del Sur\" \/>\n<meta property=\"og:url\" content=\"http:\/\/gentedebasquet.com.ar\/sitio\/2015\/12\/08\/el-peor-momento\/\" \/>\n<meta property=\"og:site_name\" content=\"Gente de B\u00e1squet\" \/>\n<meta property=\"article:published_time\" content=\"2015-12-09T00:56:07+00:00\" \/>\n<meta property=\"og:image\" content=\"http:\/\/gentedebasquet.com.ar\/sitio\/wp-content\/uploads\/2015\/12\/Quilmes-Bahia-Levy.jpg\" \/>\n\t<meta property=\"og:image:width\" content=\"690\" \/>\n\t<meta property=\"og:image:height\" content=\"319\" \/>\n\t<meta property=\"og:image:type\" content=\"image\/jpeg\" \/>\n<meta name=\"author\" content=\"Gente de B\u00e1squet\" \/>\n<meta name=\"twitter:card\" content=\"summary_large_image\" \/>\n<meta name=\"twitter:label1\" content=\"Escrito por\" \/>\n\t<meta name=\"twitter:data1\" content=\"Gente de B\u00e1squet\" \/>\n\t<meta name=\"twitter:label2\" content=\"Tiempo de lectura\" \/>\n\t<meta name=\"twitter:data2\" content=\"3 minutos\" \/>\n<script type=\"application\/ld+json\" class=\"yoast-schema-graph\">{\"@context\":\"https:\\\/\\\/schema.org\",\"@graph\":[{\"@type\":\"Article\",\"@id\":\"http:\\\/\\\/gentedebasquet.com.ar\\\/sitio\\\/2015\\\/12\\\/08\\\/el-peor-momento\\\/#article\",\"isPartOf\":{\"@id\":\"http:\\\/\\\/gentedebasquet.com.ar\\\/sitio\\\/2015\\\/12\\\/08\\\/el-peor-momento\\\/\"},\"author\":{\"name\":\"Gente de B\u00e1squet\",\"@id\":\"https:\\\/\\\/gentedebasquet.com.ar\\\/sitio\\\/#\\\/schema\\\/person\\\/ca0b63bbb977369988a7bbbdc519943a\"},\"headline\":\"El peor momento\",\"datePublished\":\"2015-12-09T00:56:07+00:00\",\"mainEntityOfPage\":{\"@id\":\"http:\\\/\\\/gentedebasquet.com.ar\\\/sitio\\\/2015\\\/12\\\/08\\\/el-peor-momento\\\/\"},\"wordCount\":662,\"image\":{\"@id\":\"http:\\\/\\\/gentedebasquet.com.ar\\\/sitio\\\/2015\\\/12\\\/08\\\/el-peor-momento\\\/#primaryimage\"},\"thumbnailUrl\":\"https:\\\/\\\/gentedebasquet.com.ar\\\/sitio\\\/wp-content\\\/uploads\\\/2015\\\/12\\\/Quilmes-Bahia-Levy.jpg\",\"keywords\":[\"Bah\u00eda Basket\",\"Gast\u00f3n Whelan\",\"Hern\u00e1n Jasen\",\"Lucio Redivo\",\"Pavel Ivanov\",\"Quilmes\"],\"articleSection\":[\"Bah\u00eda Basket\",\"Liga Nacional\",\"Nacional\",\"Slide\"],\"inLanguage\":\"es\"},{\"@type\":\"WebPage\",\"@id\":\"http:\\\/\\\/gentedebasquet.com.ar\\\/sitio\\\/2015\\\/12\\\/08\\\/el-peor-momento\\\/\",\"url\":\"http:\\\/\\\/gentedebasquet.com.ar\\\/sitio\\\/2015\\\/12\\\/08\\\/el-peor-momento\\\/\",\"name\":\"El peor momento - Gente de B\u00e1squet\",\"isPartOf\":{\"@id\":\"https:\\\/\\\/gentedebasquet.com.ar\\\/sitio\\\/#website\"},\"primaryImageOfPage\":{\"@id\":\"http:\\\/\\\/gentedebasquet.com.ar\\\/sitio\\\/2015\\\/12\\\/08\\\/el-peor-momento\\\/#primaryimage\"},\"image\":{\"@id\":\"http:\\\/\\\/gentedebasquet.com.ar\\\/sitio\\\/2015\\\/12\\\/08\\\/el-peor-momento\\\/#primaryimage\"},\"thumbnailUrl\":\"https:\\\/\\\/gentedebasquet.com.ar\\\/sitio\\\/wp-content\\\/uploads\\\/2015\\\/12\\\/Quilmes-Bahia-Levy.jpg\",\"datePublished\":\"2015-12-09T00:56:07+00:00\",\"author\":{\"@id\":\"https:\\\/\\\/gentedebasquet.com.ar\\\/sitio\\\/#\\\/schema\\\/person\\\/ca0b63bbb977369988a7bbbdc519943a\"},\"breadcrumb\":{\"@id\":\"http:\\\/\\\/gentedebasquet.com.ar\\\/sitio\\\/2015\\\/12\\\/08\\\/el-peor-momento\\\/#breadcrumb\"},\"inLanguage\":\"es\",\"potentialAction\":[{\"@type\":\"ReadAction\",\"target\":[\"http:\\\/\\\/gentedebasquet.com.ar\\\/sitio\\\/2015\\\/12\\\/08\\\/el-peor-momento\\\/\"]}]},{\"@type\":\"ImageObject\",\"inLanguage\":\"es\",\"@id\":\"http:\\\/\\\/gentedebasquet.com.ar\\\/sitio\\\/2015\\\/12\\\/08\\\/el-peor-momento\\\/#primaryimage\",\"url\":\"https:\\\/\\\/gentedebasquet.com.ar\\\/sitio\\\/wp-content\\\/uploads\\\/2015\\\/12\\\/Quilmes-Bahia-Levy.jpg\",\"contentUrl\":\"https:\\\/\\\/gentedebasquet.com.ar\\\/sitio\\\/wp-content\\\/uploads\\\/2015\\\/12\\\/Quilmes-Bahia-Levy.jpg\",\"width\":690,\"height\":319},{\"@type\":\"BreadcrumbList\",\"@id\":\"http:\\\/\\\/gentedebasquet.com.ar\\\/sitio\\\/2015\\\/12\\\/08\\\/el-peor-momento\\\/#breadcrumb\",\"itemListElement\":[{\"@type\":\"ListItem\",\"position\":1,\"name\":\"Portada\",\"item\":\"https:\\\/\\\/gentedebasquet.com.ar\\\/sitio\\\/\"},{\"@type\":\"ListItem\",\"position\":2,\"name\":\"El peor momento\"}]},{\"@type\":\"WebSite\",\"@id\":\"https:\\\/\\\/gentedebasquet.com.ar\\\/sitio\\\/#website\",\"url\":\"https:\\\/\\\/gentedebasquet.com.ar\\\/sitio\\\/\",\"name\":\"Gente de B\u00e1squet\",\"description\":\"La revista del basquet de Bah\u00eda Blanca\",\"potentialAction\":[{\"@type\":\"SearchAction\",\"target\":{\"@type\":\"EntryPoint\",\"urlTemplate\":\"https:\\\/\\\/gentedebasquet.com.ar\\\/sitio\\\/?s={search_term_string}\"},\"query-input\":{\"@type\":\"PropertyValueSpecification\",\"valueRequired\":true,\"valueName\":\"search_term_string\"}}],\"inLanguage\":\"es\"},{\"@type\":\"Person\",\"@id\":\"https:\\\/\\\/gentedebasquet.com.ar\\\/sitio\\\/#\\\/schema\\\/person\\\/ca0b63bbb977369988a7bbbdc519943a\",\"name\":\"Gente de B\u00e1squet\",\"image\":{\"@type\":\"ImageObject\",\"inLanguage\":\"es\",\"@id\":\"https:\\\/\\\/secure.gravatar.com\\\/avatar\\\/7f2c48bdc33b30088f941fb6082e555f2874c98e20cb159d7b92b50eadfce793?s=96&d=mm&r=g\",\"url\":\"https:\\\/\\\/secure.gravatar.com\\\/avatar\\\/7f2c48bdc33b30088f941fb6082e555f2874c98e20cb159d7b92b50eadfce793?s=96&d=mm&r=g\",\"contentUrl\":\"https:\\\/\\\/secure.gravatar.com\\\/avatar\\\/7f2c48bdc33b30088f941fb6082e555f2874c98e20cb159d7b92b50eadfce793?s=96&d=mm&r=g\",\"caption\":\"Gente de B\u00e1squet\"},\"sameAs\":[\"http:\\\/\\\/gentedebasquet.com.ar\\\/sitio\"],\"url\":\"https:\\\/\\\/gentedebasquet.com.ar\\\/sitio\\\/author\\\/ulises\\\/\"}]}<\/script>\n<!-- \/ Yoast SEO plugin. -->","yoast_head_json":{"title":"El peor momento - Gente de B\u00e1squet","robots":{"index":"index","follow":"follow","max-snippet":"max-snippet:-1","max-image-preview":"max-image-preview:large","max-video-preview":"max-video-preview:-1"},"canonical":"http:\/\/gentedebasquet.com.ar\/sitio\/2015\/12\/08\/el-peor-momento\/","og_locale":"es_ES","og_type":"article","og_title":"El peor momento - Gente de B\u00e1squet","og_description":"Bah\u00eda Basket acumul\u00f3 su quinta derrota en fila: 84-72 con Quilmes, el \u00faltimo del Sur","og_url":"http:\/\/gentedebasquet.com.ar\/sitio\/2015\/12\/08\/el-peor-momento\/","og_site_name":"Gente de B\u00e1squet","article_published_time":"2015-12-09T00:56:07+00:00","og_image":[{"width":690,"height":319,"url":"http:\/\/gentedebasquet.com.ar\/sitio\/wp-content\/uploads\/2015\/12\/Quilmes-Bahia-Levy.jpg","type":"image\/jpeg"}],"author":"Gente de B\u00e1squet","twitter_card":"summary_large_image","twitter_misc":{"Escrito por":"Gente de B\u00e1squet","Tiempo de lectura":"3 minutos"},"schema":{"@context":"https:\/\/schema.org","@graph":[{"@type":"Article","@id":"http:\/\/gentedebasquet.com.ar\/sitio\/2015\/12\/08\/el-peor-momento\/#article","isPartOf":{"@id":"http:\/\/gentedebasquet.com.ar\/sitio\/2015\/12\/08\/el-peor-momento\/"},"author":{"name":"Gente de B\u00e1squet","@id":"https:\/\/gentedebasquet.com.ar\/sitio\/#\/schema\/person\/ca0b63bbb977369988a7bbbdc519943a"},"headline":"El peor momento","datePublished":"2015-12-09T00:56:07+00:00","mainEntityOfPage":{"@id":"http:\/\/gentedebasquet.com.ar\/sitio\/2015\/12\/08\/el-peor-momento\/"},"wordCount":662,"image":{"@id":"http:\/\/gentedebasquet.com.ar\/sitio\/2015\/12\/08\/el-peor-momento\/#primaryimage"},"thumbnailUrl":"https:\/\/gentedebasquet.com.ar\/sitio\/wp-content\/uploads\/2015\/12\/Quilmes-Bahia-Levy.jpg","keywords":["Bah\u00eda Basket","Gast\u00f3n Whelan","Hern\u00e1n Jasen","Lucio Redivo","Pavel Ivanov","Quilmes"],"articleSection":["Bah\u00eda Basket","Liga Nacional","Nacional","Slide"],"inLanguage":"es"},{"@type":"WebPage","@id":"http:\/\/gentedebasquet.com.ar\/sitio\/2015\/12\/08\/el-peor-momento\/","url":"http:\/\/gentedebasquet.com.ar\/sitio\/2015\/12\/08\/el-peor-momento\/","name":"El peor momento - Gente de B\u00e1squet","isPartOf":{"@id":"https:\/\/gentedebasquet.com.ar\/sitio\/#website"},"primaryImageOfPage":{"@id":"http:\/\/gentedebasquet.com.ar\/sitio\/2015\/12\/08\/el-peor-momento\/#primaryimage"},"image":{"@id":"http:\/\/gentedebasquet.com.ar\/sitio\/2015\/12\/08\/el-peor-momento\/#primaryimage"},"thumbnailUrl":"https:\/\/gentedebasquet.com.ar\/sitio\/wp-content\/uploads\/2015\/12\/Quilmes-Bahia-Levy.jpg","datePublished":"2015-12-09T00:56:07+00:00","author":{"@id":"https:\/\/gentedebasquet.com.ar\/sitio\/#\/schema\/person\/ca0b63bbb977369988a7bbbdc519943a"},"breadcrumb":{"@id":"http:\/\/gentedebasquet.com.ar\/sitio\/2015\/12\/08\/el-peor-momento\/#breadcrumb"},"inLanguage":"es","potentialAction":[{"@type":"ReadAction","target":["http:\/\/gentedebasquet.com.ar\/sitio\/2015\/12\/08\/el-peor-momento\/"]}]},{"@type":"ImageObject","inLanguage":"es","@id":"http:\/\/gentedebasquet.com.ar\/sitio\/2015\/12\/08\/el-peor-momento\/#primaryimage","url":"https:\/\/gentedebasquet.com.ar\/sitio\/wp-content\/uploads\/2015\/12\/Quilmes-Bahia-Levy.jpg","contentUrl":"https:\/\/gentedebasquet.com.ar\/sitio\/wp-content\/uploads\/2015\/12\/Quilmes-Bahia-Levy.jpg","width":690,"height":319},{"@type":"BreadcrumbList","@id":"http:\/\/gentedebasquet.com.ar\/sitio\/2015\/12\/08\/el-peor-momento\/#breadcrumb","itemListElement":[{"@type":"ListItem","position":1,"name":"Portada","item":"https:\/\/gentedebasquet.com.ar\/sitio\/"},{"@type":"ListItem","position":2,"name":"El peor momento"}]},{"@type":"WebSite","@id":"https:\/\/gentedebasquet.com.ar\/sitio\/#website","url":"https:\/\/gentedebasquet.com.ar\/sitio\/","name":"Gente de B\u00e1squet","description":"La revista del basquet de Bah\u00eda Blanca","potentialAction":[{"@type":"SearchAction","target":{"@type":"EntryPoint","urlTemplate":"https:\/\/gentedebasquet.com.ar\/sitio\/?s={search_term_string}"},"query-input":{"@type":"PropertyValueSpecification","valueRequired":true,"valueName":"search_term_string"}}],"inLanguage":"es"},{"@type":"Person","@id":"https:\/\/gentedebasquet.com.ar\/sitio\/#\/schema\/person\/ca0b63bbb977369988a7bbbdc519943a","name":"Gente de B\u00e1squet","image":{"@type":"ImageObject","inLanguage":"es","@id":"https:\/\/secure.gravatar.com\/avatar\/7f2c48bdc33b30088f941fb6082e555f2874c98e20cb159d7b92b50eadfce793?s=96&d=mm&r=g","url":"https:\/\/secure.gravatar.com\/avatar\/7f2c48bdc33b30088f941fb6082e555f2874c98e20cb159d7b92b50eadfce793?s=96&d=mm&r=g","contentUrl":"https:\/\/secure.gravatar.com\/avatar\/7f2c48bdc33b30088f941fb6082e555f2874c98e20cb159d7b92b50eadfce793?s=96&d=mm&r=g","caption":"Gente de B\u00e1squet"},"sameAs":["http:\/\/gentedebasquet.com.ar\/sitio"],"url":"https:\/\/gentedebasquet.com.ar\/sitio\/author\/ulises\/"}]}},"_links":{"self":[{"href":"https:\/\/gentedebasquet.com.ar\/sitio\/wp-json\/wp\/v2\/posts\/55003","targetHints":{"allow":["GET"]}}],"collection":[{"href":"https:\/\/gentedebasquet.com.ar\/sitio\/wp-json\/wp\/v2\/posts"}],"about":[{"href":"https:\/\/gentedebasquet.com.ar\/sitio\/wp-json\/wp\/v2\/types\/post"}],"author":[{"embeddable":true,"href":"https:\/\/gentedebasquet.com.ar\/sitio\/wp-json\/wp\/v2\/users\/1"}],"replies":[{"embeddable":true,"href":"https:\/\/gentedebasquet.com.ar\/sitio\/wp-json\/wp\/v2\/comments?post=55003"}],"version-history":[{"count":0,"href":"https:\/\/gentedebasquet.com.ar\/sitio\/wp-json\/wp\/v2\/posts\/55003\/revisions"}],"wp:featuredmedia":[{"embeddable":true,"href":"https:\/\/gentedebasquet.com.ar\/sitio\/wp-json\/wp\/v2\/media\/55005"}],"wp:attachment":[{"href":"https:\/\/gentedebasquet.com.ar\/sitio\/wp-json\/wp\/v2\/media?parent=55003"}],"wp:term":[{"taxonomy":"category","embeddable":true,"href":"https:\/\/gentedebasquet.com.ar\/sitio\/wp-json\/wp\/v2\/categories?post=55003"},{"taxonomy":"post_tag","embeddable":true,"href":"https:\/\/gentedebasquet.com.ar\/sitio\/wp-json\/wp\/v2\/tags?post=55003"}],"curies":[{"name":"wp","href":"https:\/\/api.w.org\/{rel}","templated":true}]}}