{"id":5519,"date":"2012-07-13T14:24:02","date_gmt":"2012-07-13T14:24:02","guid":{"rendered":"http:\/\/www.gentedebasquet.com.ar\/?p=5519"},"modified":"2012-07-13T14:24:02","modified_gmt":"2012-07-13T14:24:02","slug":"matias-martinez-y-el-balance-de-estudiantes","status":"publish","type":"post","link":"https:\/\/gentedebasquet.com.ar\/sitio\/2012\/07\/13\/matias-martinez-y-el-balance-de-estudiantes\/","title":{"rendered":"Mat\u00edas Mart\u00ednez y el balance de Estudiantes"},"content":{"rendered":"<p><strong><em><a href=\"http:\/\/www.gentedebasquet.com.ar\/wp-content\/uploads\/2012\/07\/Mat\u00edas-Mart\u00ednez1.jpg\"><img decoding=\"async\" class=\"alignnone size-full wp-image-5520\" src=\"http:\/\/www.gentedebasquet.com.ar\/wp-content\/uploads\/2012\/07\/Mat\u00edas-Mart\u00ednez1.jpg\" alt=\"\" width=\"448\" height=\"336\" \/><\/a>Luego de terminado el \u00faltimo partido del semestre frente a Pac\u00edfico, Matute dialog\u00f3 con Gente de B\u00e1squet. Calific\u00f3 a los rivales y mantuvo el objetivo de quedarse en Primera como primordial, aunque se permiti\u00f3 so\u00f1ar en un campeonato.<\/em><\/strong><\/p>\n<p><!--more--><\/p>\n<p><strong>Habiendo jugado la \u00faltima fecha con un rival directo, \u00bfC\u00f3mo analiz\u00e1s estos partidos?<\/strong><\/p>\n<p>Nosotros venimos de perder todo este tramo. Pac\u00edfico y Napost\u00e1 est\u00e1n igual. Fue un partido dif\u00edcil. Sab\u00edamos que ten\u00edamos que ganar porque entre nosotros se est\u00e1 jugando un torneo aparte entonces no nos queda mas que salir de este bache por el que estamos pasando, poniendo todo lo que tenemos, porque hay material y no nos estaban saliendo las cosas. Por suerte con ganas y con defensa, pudimos revertir y ganar (a Pac\u00edfico) por amplia diferencia, que nadie esperaba, pero bienvenido sea.<\/p>\n<p><strong>\u00bfCu\u00e1l fue el punto fuerte de su equipo?<\/strong><\/p>\n<p>Creo que la defensa fue lo primordial. En los rebotes no estaban ganando mucho en todos los partidos pero por suerte pudimos cambiar y por eso correr y jugar tranquilos en ataque.<\/p>\n<p><strong>\u00bfQu\u00e9 balance pod\u00e9s hacer de la temporada hasta ahora?<\/strong><\/p>\n<p>Creo que todav\u00eda falta mucho. Estamos bien, tenemos material. Hay que jugar como hasta ahora y pensar en positivo porque podemos salir adelante y estar peleando arriba.<\/p>\n<p><strong>\u00bfHa cambiado el objetivo desde el comienzo de la temporada a ahora?<\/strong><\/p>\n<p>No, siempre sigue siendo el mismo. Tenemos que salvarnos del descenso y tambi\u00e9n pensar en estar arriba. Eso va a hacer que estemos m\u00e1s tranquilos abajo y que peleemos cosas importantes.<\/p>\n<p><strong>Si tuvieras que analizar el rival de esta \u00faltima fecha, \u00bfque errores cre\u00e9s que cometieron ellos?<\/strong><\/p>\n<p>Creo que fue un partido muy cerrado desde el principio. Empezamos arriba nosotros, manejamos los tiempos. Ah\u00ed comenz\u00f3 la desesperaci\u00f3n de ellos con ataques r\u00e1pidos y a partir de ese momento pudimos estar m\u00e1s tranquilos y se nos hizo m\u00e1s f\u00e1cil. Eso es lo que ampli\u00f3 la diferencia.<\/p>\n<p><strong>\u00bfC\u00f3mo se salva del descenso?<\/strong><\/p>\n<p>Para eso no hay una regla espec\u00edfica. Con ganas. Jugando al b\u00e1squet como sabemos hacerlo.<\/p>\n<p><strong>\u00bfA qu\u00e9 equipo ves con posibilidades de ser campe\u00f3n?<\/strong><\/p>\n<p>Creo que cualquiera le gana a cualquiera. Tal vez, Liniers, El Nacional y Villa Mitre son equipos muy fuertes pero sabemos que le podemos ganar y podemos salir campeones si nos proponemos eso.<\/p>\n","protected":false},"excerpt":{"rendered":"<p>Luego de terminado el \u00faltimo partido del semestre frente a Pac\u00edfico, Matute dialog\u00f3 con Gente de B\u00e1squet. Calific\u00f3 a los rivales y mantuvo el objetivo de quedarse en Primera como primordial, aunque se permiti\u00f3 so\u00f1ar en un campeonato.<\/p>\n","protected":false},"author":10,"featured_media":0,"comment_status":"open","ping_status":"open","sticky":false,"template":"","format":"standard","meta":{"jnews-multi-image_gallery":[],"jnews_single_post":[],"jnews_primary_category":[],"footnotes":""},"categories":[23],"tags":[11],"class_list":["post-5519","post","type-post","status-publish","format-standard","hentry","category-primera","tag-estudiantes"],"yoast_head":"<!-- This site is optimized with the Yoast SEO plugin v27.5 - https:\/\/yoast.com\/product\/yoast-seo-wordpress\/ -->\n<title>Mat\u00edas Mart\u00ednez y el balance de Estudiantes - Gente de B\u00e1squet<\/title>\n<meta name=\"robots\" content=\"index, follow, max-snippet:-1, max-image-preview:large, max-video-preview:-1\" \/>\n<link rel=\"canonical\" href=\"https:\/\/gentedebasquet.com.ar\/sitio\/2012\/07\/13\/matias-martinez-y-el-balance-de-estudiantes\/\" \/>\n<meta property=\"og:locale\" content=\"es_ES\" \/>\n<meta property=\"og:type\" content=\"article\" \/>\n<meta property=\"og:title\" content=\"Mat\u00edas Mart\u00ednez y el balance de Estudiantes - Gente de B\u00e1squet\" \/>\n<meta property=\"og:description\" content=\"Luego de terminado el \u00faltimo partido del semestre frente a Pac\u00edfico, Matute dialog\u00f3 con Gente de B\u00e1squet. Calific\u00f3 a los rivales y mantuvo el objetivo de quedarse en Primera como primordial, aunque se permiti\u00f3 so\u00f1ar en un campeonato.\" \/>\n<meta property=\"og:url\" content=\"https:\/\/gentedebasquet.com.ar\/sitio\/2012\/07\/13\/matias-martinez-y-el-balance-de-estudiantes\/\" \/>\n<meta property=\"og:site_name\" content=\"Gente de B\u00e1squet\" \/>\n<meta property=\"article:published_time\" content=\"2012-07-13T14:24:02+00:00\" \/>\n<meta name=\"author\" content=\"Emiliano Roza\" \/>\n<meta name=\"twitter:card\" content=\"summary_large_image\" \/>\n<meta name=\"twitter:label1\" content=\"Escrito por\" \/>\n\t<meta name=\"twitter:data1\" content=\"Emiliano Roza\" \/>\n\t<meta name=\"twitter:label2\" content=\"Tiempo de lectura\" \/>\n\t<meta name=\"twitter:data2\" content=\"2 minutos\" \/>\n<script type=\"application\/ld+json\" class=\"yoast-schema-graph\">{\"@context\":\"https:\\\/\\\/schema.org\",\"@graph\":[{\"@type\":\"Article\",\"@id\":\"https:\\\/\\\/gentedebasquet.com.ar\\\/sitio\\\/2012\\\/07\\\/13\\\/matias-martinez-y-el-balance-de-estudiantes\\\/#article\",\"isPartOf\":{\"@id\":\"https:\\\/\\\/gentedebasquet.com.ar\\\/sitio\\\/2012\\\/07\\\/13\\\/matias-martinez-y-el-balance-de-estudiantes\\\/\"},\"author\":{\"name\":\"Emiliano Roza\",\"@id\":\"https:\\\/\\\/gentedebasquet.com.ar\\\/sitio\\\/#\\\/schema\\\/person\\\/745db2a44dc7729cfc1c6faaa16d895b\"},\"headline\":\"Mat\u00edas Mart\u00ednez y el balance de Estudiantes\",\"datePublished\":\"2012-07-13T14:24:02+00:00\",\"mainEntityOfPage\":{\"@id\":\"https:\\\/\\\/gentedebasquet.com.ar\\\/sitio\\\/2012\\\/07\\\/13\\\/matias-martinez-y-el-balance-de-estudiantes\\\/\"},\"wordCount\":413,\"commentCount\":0,\"keywords\":[\"Estudiantes\"],\"articleSection\":[\"Primera\"],\"inLanguage\":\"es\",\"potentialAction\":[{\"@type\":\"CommentAction\",\"name\":\"Comment\",\"target\":[\"https:\\\/\\\/gentedebasquet.com.ar\\\/sitio\\\/2012\\\/07\\\/13\\\/matias-martinez-y-el-balance-de-estudiantes\\\/#respond\"]}]},{\"@type\":\"WebPage\",\"@id\":\"https:\\\/\\\/gentedebasquet.com.ar\\\/sitio\\\/2012\\\/07\\\/13\\\/matias-martinez-y-el-balance-de-estudiantes\\\/\",\"url\":\"https:\\\/\\\/gentedebasquet.com.ar\\\/sitio\\\/2012\\\/07\\\/13\\\/matias-martinez-y-el-balance-de-estudiantes\\\/\",\"name\":\"Mat\u00edas Mart\u00ednez y el balance de Estudiantes - Gente de B\u00e1squet\",\"isPartOf\":{\"@id\":\"https:\\\/\\\/gentedebasquet.com.ar\\\/sitio\\\/#website\"},\"datePublished\":\"2012-07-13T14:24:02+00:00\",\"author\":{\"@id\":\"https:\\\/\\\/gentedebasquet.com.ar\\\/sitio\\\/#\\\/schema\\\/person\\\/745db2a44dc7729cfc1c6faaa16d895b\"},\"breadcrumb\":{\"@id\":\"https:\\\/\\\/gentedebasquet.com.ar\\\/sitio\\\/2012\\\/07\\\/13\\\/matias-martinez-y-el-balance-de-estudiantes\\\/#breadcrumb\"},\"inLanguage\":\"es\",\"potentialAction\":[{\"@type\":\"ReadAction\",\"target\":[\"https:\\\/\\\/gentedebasquet.com.ar\\\/sitio\\\/2012\\\/07\\\/13\\\/matias-martinez-y-el-balance-de-estudiantes\\\/\"]}]},{\"@type\":\"BreadcrumbList\",\"@id\":\"https:\\\/\\\/gentedebasquet.com.ar\\\/sitio\\\/2012\\\/07\\\/13\\\/matias-martinez-y-el-balance-de-estudiantes\\\/#breadcrumb\",\"itemListElement\":[{\"@type\":\"ListItem\",\"position\":1,\"name\":\"Portada\",\"item\":\"https:\\\/\\\/gentedebasquet.com.ar\\\/sitio\\\/\"},{\"@type\":\"ListItem\",\"position\":2,\"name\":\"Mat\u00edas Mart\u00ednez y el balance de Estudiantes\"}]},{\"@type\":\"WebSite\",\"@id\":\"https:\\\/\\\/gentedebasquet.com.ar\\\/sitio\\\/#website\",\"url\":\"https:\\\/\\\/gentedebasquet.com.ar\\\/sitio\\\/\",\"name\":\"Gente de B\u00e1squet\",\"description\":\"La revista del basquet de Bah\u00eda Blanca\",\"potentialAction\":[{\"@type\":\"SearchAction\",\"target\":{\"@type\":\"EntryPoint\",\"urlTemplate\":\"https:\\\/\\\/gentedebasquet.com.ar\\\/sitio\\\/?s={search_term_string}\"},\"query-input\":{\"@type\":\"PropertyValueSpecification\",\"valueRequired\":true,\"valueName\":\"search_term_string\"}}],\"inLanguage\":\"es\"},{\"@type\":\"Person\",\"@id\":\"https:\\\/\\\/gentedebasquet.com.ar\\\/sitio\\\/#\\\/schema\\\/person\\\/745db2a44dc7729cfc1c6faaa16d895b\",\"name\":\"Emiliano Roza\",\"image\":{\"@type\":\"ImageObject\",\"inLanguage\":\"es\",\"@id\":\"https:\\\/\\\/secure.gravatar.com\\\/avatar\\\/04256ceef48211167df8402e69580be023beb74ca857078daaf21e35d6076e03?s=96&d=mm&r=g\",\"url\":\"https:\\\/\\\/secure.gravatar.com\\\/avatar\\\/04256ceef48211167df8402e69580be023beb74ca857078daaf21e35d6076e03?s=96&d=mm&r=g\",\"contentUrl\":\"https:\\\/\\\/secure.gravatar.com\\\/avatar\\\/04256ceef48211167df8402e69580be023beb74ca857078daaf21e35d6076e03?s=96&d=mm&r=g\",\"caption\":\"Emiliano Roza\"},\"url\":\"https:\\\/\\\/gentedebasquet.com.ar\\\/sitio\\\/author\\\/emilianor\\\/\"}]}<\/script>\n<!-- \/ Yoast SEO plugin. -->","yoast_head_json":{"title":"Mat\u00edas Mart\u00ednez y el balance de Estudiantes - Gente de B\u00e1squet","robots":{"index":"index","follow":"follow","max-snippet":"max-snippet:-1","max-image-preview":"max-image-preview:large","max-video-preview":"max-video-preview:-1"},"canonical":"https:\/\/gentedebasquet.com.ar\/sitio\/2012\/07\/13\/matias-martinez-y-el-balance-de-estudiantes\/","og_locale":"es_ES","og_type":"article","og_title":"Mat\u00edas Mart\u00ednez y el balance de Estudiantes - Gente de B\u00e1squet","og_description":"Luego de terminado el \u00faltimo partido del semestre frente a Pac\u00edfico, Matute dialog\u00f3 con Gente de B\u00e1squet. Calific\u00f3 a los rivales y mantuvo el objetivo de quedarse en Primera como primordial, aunque se permiti\u00f3 so\u00f1ar en un campeonato.","og_url":"https:\/\/gentedebasquet.com.ar\/sitio\/2012\/07\/13\/matias-martinez-y-el-balance-de-estudiantes\/","og_site_name":"Gente de B\u00e1squet","article_published_time":"2012-07-13T14:24:02+00:00","author":"Emiliano Roza","twitter_card":"summary_large_image","twitter_misc":{"Escrito por":"Emiliano Roza","Tiempo de lectura":"2 minutos"},"schema":{"@context":"https:\/\/schema.org","@graph":[{"@type":"Article","@id":"https:\/\/gentedebasquet.com.ar\/sitio\/2012\/07\/13\/matias-martinez-y-el-balance-de-estudiantes\/#article","isPartOf":{"@id":"https:\/\/gentedebasquet.com.ar\/sitio\/2012\/07\/13\/matias-martinez-y-el-balance-de-estudiantes\/"},"author":{"name":"Emiliano Roza","@id":"https:\/\/gentedebasquet.com.ar\/sitio\/#\/schema\/person\/745db2a44dc7729cfc1c6faaa16d895b"},"headline":"Mat\u00edas Mart\u00ednez y el balance de Estudiantes","datePublished":"2012-07-13T14:24:02+00:00","mainEntityOfPage":{"@id":"https:\/\/gentedebasquet.com.ar\/sitio\/2012\/07\/13\/matias-martinez-y-el-balance-de-estudiantes\/"},"wordCount":413,"commentCount":0,"keywords":["Estudiantes"],"articleSection":["Primera"],"inLanguage":"es","potentialAction":[{"@type":"CommentAction","name":"Comment","target":["https:\/\/gentedebasquet.com.ar\/sitio\/2012\/07\/13\/matias-martinez-y-el-balance-de-estudiantes\/#respond"]}]},{"@type":"WebPage","@id":"https:\/\/gentedebasquet.com.ar\/sitio\/2012\/07\/13\/matias-martinez-y-el-balance-de-estudiantes\/","url":"https:\/\/gentedebasquet.com.ar\/sitio\/2012\/07\/13\/matias-martinez-y-el-balance-de-estudiantes\/","name":"Mat\u00edas Mart\u00ednez y el balance de Estudiantes - Gente de B\u00e1squet","isPartOf":{"@id":"https:\/\/gentedebasquet.com.ar\/sitio\/#website"},"datePublished":"2012-07-13T14:24:02+00:00","author":{"@id":"https:\/\/gentedebasquet.com.ar\/sitio\/#\/schema\/person\/745db2a44dc7729cfc1c6faaa16d895b"},"breadcrumb":{"@id":"https:\/\/gentedebasquet.com.ar\/sitio\/2012\/07\/13\/matias-martinez-y-el-balance-de-estudiantes\/#breadcrumb"},"inLanguage":"es","potentialAction":[{"@type":"ReadAction","target":["https:\/\/gentedebasquet.com.ar\/sitio\/2012\/07\/13\/matias-martinez-y-el-balance-de-estudiantes\/"]}]},{"@type":"BreadcrumbList","@id":"https:\/\/gentedebasquet.com.ar\/sitio\/2012\/07\/13\/matias-martinez-y-el-balance-de-estudiantes\/#breadcrumb","itemListElement":[{"@type":"ListItem","position":1,"name":"Portada","item":"https:\/\/gentedebasquet.com.ar\/sitio\/"},{"@type":"ListItem","position":2,"name":"Mat\u00edas Mart\u00ednez y el balance de Estudiantes"}]},{"@type":"WebSite","@id":"https:\/\/gentedebasquet.com.ar\/sitio\/#website","url":"https:\/\/gentedebasquet.com.ar\/sitio\/","name":"Gente de B\u00e1squet","description":"La revista del basquet de Bah\u00eda Blanca","potentialAction":[{"@type":"SearchAction","target":{"@type":"EntryPoint","urlTemplate":"https:\/\/gentedebasquet.com.ar\/sitio\/?s={search_term_string}"},"query-input":{"@type":"PropertyValueSpecification","valueRequired":true,"valueName":"search_term_string"}}],"inLanguage":"es"},{"@type":"Person","@id":"https:\/\/gentedebasquet.com.ar\/sitio\/#\/schema\/person\/745db2a44dc7729cfc1c6faaa16d895b","name":"Emiliano Roza","image":{"@type":"ImageObject","inLanguage":"es","@id":"https:\/\/secure.gravatar.com\/avatar\/04256ceef48211167df8402e69580be023beb74ca857078daaf21e35d6076e03?s=96&d=mm&r=g","url":"https:\/\/secure.gravatar.com\/avatar\/04256ceef48211167df8402e69580be023beb74ca857078daaf21e35d6076e03?s=96&d=mm&r=g","contentUrl":"https:\/\/secure.gravatar.com\/avatar\/04256ceef48211167df8402e69580be023beb74ca857078daaf21e35d6076e03?s=96&d=mm&r=g","caption":"Emiliano Roza"},"url":"https:\/\/gentedebasquet.com.ar\/sitio\/author\/emilianor\/"}]}},"_links":{"self":[{"href":"https:\/\/gentedebasquet.com.ar\/sitio\/wp-json\/wp\/v2\/posts\/5519","targetHints":{"allow":["GET"]}}],"collection":[{"href":"https:\/\/gentedebasquet.com.ar\/sitio\/wp-json\/wp\/v2\/posts"}],"about":[{"href":"https:\/\/gentedebasquet.com.ar\/sitio\/wp-json\/wp\/v2\/types\/post"}],"author":[{"embeddable":true,"href":"https:\/\/gentedebasquet.com.ar\/sitio\/wp-json\/wp\/v2\/users\/10"}],"replies":[{"embeddable":true,"href":"https:\/\/gentedebasquet.com.ar\/sitio\/wp-json\/wp\/v2\/comments?post=5519"}],"version-history":[{"count":0,"href":"https:\/\/gentedebasquet.com.ar\/sitio\/wp-json\/wp\/v2\/posts\/5519\/revisions"}],"wp:attachment":[{"href":"https:\/\/gentedebasquet.com.ar\/sitio\/wp-json\/wp\/v2\/media?parent=5519"}],"wp:term":[{"taxonomy":"category","embeddable":true,"href":"https:\/\/gentedebasquet.com.ar\/sitio\/wp-json\/wp\/v2\/categories?post=5519"},{"taxonomy":"post_tag","embeddable":true,"href":"https:\/\/gentedebasquet.com.ar\/sitio\/wp-json\/wp\/v2\/tags?post=5519"}],"curies":[{"name":"wp","href":"https:\/\/api.w.org\/{rel}","templated":true}]}}