{"id":55211,"date":"2015-12-15T23:55:05","date_gmt":"2015-12-16T02:55:05","guid":{"rendered":"http:\/\/www.gentedebasquet.com.ar\/?p=55211"},"modified":"2015-12-15T23:55:05","modified_gmt":"2015-12-16T02:55:05","slug":"se-guardo-para-lo-mejor","status":"publish","type":"post","link":"https:\/\/gentedebasquet.com.ar\/sitio\/2015\/12\/15\/se-guardo-para-lo-mejor\/","title":{"rendered":"Se guard\u00f3 para lo mejor"},"content":{"rendered":"<p><b>Villa Mitre supo remontar una desventaja de 11 puntos en el 4C para quedarse con el primer punto de las finales en Primera Divisi\u00f3n. Derrot\u00f3 en el Jos\u00e9 Mart\u00ednez a Liniers por 93-89, con dos bombazos vitales de Sebasti\u00e1n Acosta (7), que hasta ese momento llevaba 0\/5 a distancia. Hubo enormes rendimientos individuales en ambos conjuntos, destac\u00e1ndose David Pineda (20), Ramiro Heinrich (17) y Nicol\u00e1s Renzi (15) en el tricolor; y Gonzalo Mart\u00ednez (26, 9-10 en t1 y 4-4 en t2), Mariano Pizzo, Mat\u00edas Mart\u00ednez (19 cada uno) y Agust\u00edn Dottori (14) en el chivo.\u00a0 El jueves se jugar\u00e1 el segundo punto de la serie en el Osvaldo Casanova, en donde el blanquinegro ser\u00e1 local, desde las 21.<\/b><\/p>\n<p>Villa Mitre y Liniers prometen dar otra \u00e9pica serie de finales, y testimonio de ello dieron esta noche de martes en el Jos\u00e9 Mart\u00ednez.\u00a0 El chivo se mostr\u00f3 muy s\u00f3lido defensivamente en el 3C y logr\u00f3 conseguir importantes paradas ante el tricolor, pero la acumulaci\u00f3n de faltas, la p\u00e9rdida de elementos y la presi\u00f3n del local consiguieron que el primer punto quede en calle Garibaldi.<\/p>\n<p>Dicho esto: \u00a1que horrible comienzo de partido! Dado que en los primeros 3m del encuentro, el marcador apenas indicaba un 2-0 a favor del verde gracias a un tanto de Renzi.\u00a0 Pero a partir de all\u00ed, Villa Mitre comenz\u00f3 a activar sus ofensivas.\u00a0 Atacando el aro con el ya mencionado Nicol\u00e1s (4) y Heinrich (5) m\u00e1s un buen pasar detr\u00e1s de la medialuna (3-6), le concedi\u00f3 la primera ventaja de la noche (18-12 en 6m38).\u00a0 A Liniers le cost\u00f3 generar en ofensiva estacionada, pero por fortuna cont\u00f3 con la eficacia de Gonza Mart\u00ednez (8, 2-2 en t2 y 4-4 en t1) para igualar las acciones al final del 1C (21).<\/p>\n<p>Con el ingreso de Pineda, Villa Mitre ampli\u00f3 su ventaja en 5m (36-28), principalmente gracias a la jerarqu\u00eda de David en el 1v1 de poste bajo, duelo que domin\u00f3 tanto ante Marinsalta como ante Pizzo, aportando 9 tantos al hilo en ese tramo.\u00a0 Liniers continu\u00f3 encontrando problemas para repartir goleo, pero nuevamente volvi\u00f3 a concentrar responsabilidades en una sola persona (Pizzo), y por fortuna, Mariano respondi\u00f3: anot\u00f3 13 unidades en el segmento (4-5 en tc, 4-5 en t1) y volvi\u00f3 a arrimar al Chivo al entretiempo: 39-38.<\/p>\n<p>El clima comenz\u00f3 a caldearse en la reanudaci\u00f3n del partido, a partir de una antideportiva cruzada a Javier Bollo y Matute Mart\u00ednez.\u00a0 Gracias a la carga del rebote ofensivo (3) y los puntos en segunda oportunidad (4), el tricolor mantuvo el liderazgo en el marcador promediando el parcial (51-48).\u00a0 Pero all\u00ed fue cuando Liniers dio el quiebre, pasando a marcar en zona 2-3.\u00a0 Con la salida de Berdini (4ta falta), Villa Mitre no pudo generar espacios parar romper la zona desde el per\u00edmetro, y el blanquinegro lo aprovech\u00f3 para conseguir paradas defensivas (le provoc\u00f3 6 p\u00e9rdidas).\u00a0 En ese tramo, cobr\u00f3 gran protagonismo la figura de Agust\u00edn\u00a0 Dottori, que convirti\u00f3 3 robos en 6 puntos en contragolpe (9 en el segmento).\u00a0 Fue tan clave el juego de contraatque de Liniers (que deriv\u00f3 en 12 unidades en ese apartado) que propin\u00f3 un parcial de 20-10 en 5m para pasar al frente de cara al cierre (61-68).<\/p>\n<p>Una bomba de Matute en el amanecer del 4C le dio a Liniers ventaja de doble d\u00edgito (61-71) por primera vez en la noche.\u00a0 No obstante, el reingreso de Pineda al poste bajo (5) volvi\u00f3 a recortar distancias en el tanteador (75-80 a 3m30 del final).\u00a0 As\u00ed y todo, Matute descoll\u00f3 en el segmento, en especial desde los 6,75 metros (3-5) merced a una buena rotaci\u00f3n de bal\u00f3n que le retom\u00f3 las dos cifras de ventaja a Liniers (66-77).<\/p>\n<p>Pero el juego interno de Villa Mitre mantuvo a flote la ofensiva del tricolor (11 puntos entre Pineda y Heinrich), y gracias a una buena presi\u00f3n individual con \u00e9nfasis en l\u00ednea de pase (7 p\u00e9rdidas de Liniers), pudo igualar las acciones con 1m45 restantes (84, parcial de 18-7 en 3m25 mediante), gracias a un triple de Diomedi. \u00a0Sin embargo, lo mejor todav\u00eda estaba por venir, y el benefactor fue quiz\u00e1 el menos esperado.\u00a0 Hasta ese tramo final Sebasti\u00e1n Acosta no hab\u00eda convertido puntos (0-5 en t3 y 0-1 en t2).\u00a0 Vaya que fue \u00a0oportuno para guardarse los puntos, porque conect\u00f3 dos bombas al hilo (una de ellas notable, tras un lindo stepback ante la marca de Gonzalo Mart\u00ednez) y le regres\u00f3 el liderazgo (90-86) al tricolor luego de 15m de desventaja ante Liniers.\u00a0 Con 29s restantes en el marcador, y libres de Pineda en la acci\u00f3n inmediata al 2do triple de Acosta, la suerte estaba echada.<\/p>\n<p>Prep\u00e1rense, porque esto apenas acaba de comenzar\u2026<\/p>\n<p>&nbsp;<\/p>\n<p>[vimeo]http:\/\/vimeo.com\/149148108[\/vimeo]<\/p>\n<p>&nbsp;<\/p>\n<p><b>S\u00edntesis |<\/b> Primera Divisi\u00f3n \u2013 Finales \u2013 Juego #1<\/p>\n<p><b>Villa Mitre 93: <\/b>Marcelo Berdini 11 (x), Sebasti\u00e1n Acosta 7, Nicol\u00e1s Renzi 15, Santiago Susbielles 11, Ramiro Heinrich 17 (FI); David Pineda 20, Gast\u00f3n Diomedi 11, Santiago Bussetti 0, Javier Bollo 1, Carlos P\u00e9rez 0.\u00a0 D.T: Ariel Ugolini.<\/p>\n<p><b>Liniers 89: <\/b>Mat\u00edas Mart\u00ednez 19, Gonzalo Mart\u00ednez 26, Mariano Pizzo 19 (x), Fabricio Starc 9 (x), Facundo Goenaga 0 (FI); Santiago Torre 2 (x), Iv\u00e1n Petrini 0, Juli\u00e1n Marinsalta 0 (x), Agust\u00edn Dottori 14.\u00a0 D.T: Sebasti\u00e1n Aleksoski.<\/p>\n<p><b>Parciales: <\/b>21-21, 39-38 (18-17), 61-68 (22-30), 93-89 (32-21).<\/p>\n<p><b>\u00c1rbitros: <\/b>Jorge Scheffer, N\u00e9stor Schernenco y Mauro Reyes.<\/p>\n<p><b>Estadio: <\/b>Jos\u00e9 Mart\u00ednez (Villa Mitre).<\/p>\n<p><a class=\"modalf iframe\" style=\"line-height: 1.5em;\" title=\"Planilla\" href=\"https:\/\/docs.google.com\/spreadsheets\/d\/1NMK3JjFl1Jjd-LvC6xRa-59x5jSYzagrHEbMQIcX3ZE\/pubhtml\" target=\"_blank\" rel=\"noopener\">Ver Planilla<\/a><\/p>\n<p><b>Serie:\u00a0<\/b>Villa Mitre, 1-0.<\/p>\n<p><b>Pr\u00f3ximo encuentro:\u00a0<\/b>Jueves 17\/12, a las 21, en el Osvaldo Casanova (local Liniers).<\/p>\n<p><strong>Fotos:<\/strong> Mauro Giovannini.<\/p>\n<p>&nbsp;<\/p>\n<p><strong>Sebasti\u00e1n Acosta:<\/strong> \u00abNo estaba en una buena noche, pero hay confianza en mi\u00bb<\/p>\n\n","protected":false},"excerpt":{"rendered":"<p>Con dos bombas en el cierre, Acosta le dio el triunfo a Villa Mitre: 93-89 a Liniers<\/p>\n","protected":false},"author":1,"featured_media":55202,"comment_status":"closed","ping_status":"open","sticky":false,"template":"","format":"standard","meta":{"jnews-multi-image_gallery":[],"jnews_single_post":[],"jnews_primary_category":[],"footnotes":""},"categories":[23,101],"tags":[241,228,615,329,14,321,243,293,232,53,725,22],"class_list":["post-55211","post","type-post","status-publish","format-standard","has-post-thumbnail","hentry","category-primera","category-slide","tag-agustin-dottori","tag-david-pineda","tag-gaston-diomedi","tag-gonzalo-martinez","tag-liniers","tag-marcelo-berdini","tag-mariano-pizzo","tag-matias-martinez","tag-nicolas-renzi","tag-ramiro-heinrich","tag-sebastian-acosta","tag-villa-mitre"],"yoast_head":"<!-- This site is optimized with the Yoast SEO plugin v27.5 - https:\/\/yoast.com\/product\/yoast-seo-wordpress\/ -->\n<title>Se guard\u00f3 para lo mejor - Gente de B\u00e1squet<\/title>\n<meta name=\"robots\" content=\"index, follow, max-snippet:-1, max-image-preview:large, max-video-preview:-1\" \/>\n<link rel=\"canonical\" href=\"http:\/\/gentedebasquet.com.ar\/sitio\/2015\/12\/15\/se-guardo-para-lo-mejor\/\" \/>\n<meta property=\"og:locale\" content=\"es_ES\" \/>\n<meta property=\"og:type\" content=\"article\" \/>\n<meta property=\"og:title\" content=\"Se guard\u00f3 para lo mejor - Gente de B\u00e1squet\" \/>\n<meta property=\"og:description\" content=\"Con dos bombas en el cierre, Acosta le dio el triunfo a Villa Mitre: 93-89 a Liniers\" \/>\n<meta property=\"og:url\" content=\"http:\/\/gentedebasquet.com.ar\/sitio\/2015\/12\/15\/se-guardo-para-lo-mejor\/\" \/>\n<meta property=\"og:site_name\" content=\"Gente de B\u00e1squet\" \/>\n<meta property=\"article:published_time\" content=\"2015-12-16T02:55:05+00:00\" \/>\n<meta property=\"og:image\" content=\"http:\/\/gentedebasquet.com.ar\/sitio\/wp-content\/uploads\/2015\/12\/Villa-Mitre-Liniers-Acosta.jpg\" \/>\n\t<meta property=\"og:image:width\" content=\"690\" \/>\n\t<meta property=\"og:image:height\" content=\"319\" \/>\n\t<meta property=\"og:image:type\" content=\"image\/jpeg\" \/>\n<meta name=\"author\" content=\"Gente de B\u00e1squet\" \/>\n<meta name=\"twitter:card\" content=\"summary_large_image\" \/>\n<meta name=\"twitter:label1\" content=\"Escrito por\" \/>\n\t<meta name=\"twitter:data1\" content=\"Gente de B\u00e1squet\" \/>\n\t<meta name=\"twitter:label2\" content=\"Tiempo de lectura\" \/>\n\t<meta name=\"twitter:data2\" content=\"5 minutos\" \/>\n<script type=\"application\/ld+json\" class=\"yoast-schema-graph\">{\"@context\":\"https:\\\/\\\/schema.org\",\"@graph\":[{\"@type\":\"Article\",\"@id\":\"http:\\\/\\\/gentedebasquet.com.ar\\\/sitio\\\/2015\\\/12\\\/15\\\/se-guardo-para-lo-mejor\\\/#article\",\"isPartOf\":{\"@id\":\"http:\\\/\\\/gentedebasquet.com.ar\\\/sitio\\\/2015\\\/12\\\/15\\\/se-guardo-para-lo-mejor\\\/\"},\"author\":{\"name\":\"Gente de B\u00e1squet\",\"@id\":\"https:\\\/\\\/gentedebasquet.com.ar\\\/sitio\\\/#\\\/schema\\\/person\\\/ca0b63bbb977369988a7bbbdc519943a\"},\"headline\":\"Se guard\u00f3 para lo mejor\",\"datePublished\":\"2015-12-16T02:55:05+00:00\",\"mainEntityOfPage\":{\"@id\":\"http:\\\/\\\/gentedebasquet.com.ar\\\/sitio\\\/2015\\\/12\\\/15\\\/se-guardo-para-lo-mejor\\\/\"},\"wordCount\":947,\"image\":{\"@id\":\"http:\\\/\\\/gentedebasquet.com.ar\\\/sitio\\\/2015\\\/12\\\/15\\\/se-guardo-para-lo-mejor\\\/#primaryimage\"},\"thumbnailUrl\":\"https:\\\/\\\/gentedebasquet.com.ar\\\/sitio\\\/wp-content\\\/uploads\\\/2015\\\/12\\\/Villa-Mitre-Liniers-Acosta.jpg\",\"keywords\":[\"Agust\u00edn Dottori\",\"David Pineda\",\"Gaston Diomedi\",\"Gonzalo Mart\u00ednez\",\"Liniers\",\"Marcelo Berdini\",\"Mariano Pizzo\",\"Mat\u00edas Mart\u00ednez\",\"Nicol\u00e1s Renzi\",\"Ramiro Heinrich\",\"Sebasti\u00e1n Acosta\",\"Villa Mitre\"],\"articleSection\":[\"Primera\",\"Slide\"],\"inLanguage\":\"es\"},{\"@type\":\"WebPage\",\"@id\":\"http:\\\/\\\/gentedebasquet.com.ar\\\/sitio\\\/2015\\\/12\\\/15\\\/se-guardo-para-lo-mejor\\\/\",\"url\":\"http:\\\/\\\/gentedebasquet.com.ar\\\/sitio\\\/2015\\\/12\\\/15\\\/se-guardo-para-lo-mejor\\\/\",\"name\":\"Se guard\u00f3 para lo mejor - Gente de B\u00e1squet\",\"isPartOf\":{\"@id\":\"https:\\\/\\\/gentedebasquet.com.ar\\\/sitio\\\/#website\"},\"primaryImageOfPage\":{\"@id\":\"http:\\\/\\\/gentedebasquet.com.ar\\\/sitio\\\/2015\\\/12\\\/15\\\/se-guardo-para-lo-mejor\\\/#primaryimage\"},\"image\":{\"@id\":\"http:\\\/\\\/gentedebasquet.com.ar\\\/sitio\\\/2015\\\/12\\\/15\\\/se-guardo-para-lo-mejor\\\/#primaryimage\"},\"thumbnailUrl\":\"https:\\\/\\\/gentedebasquet.com.ar\\\/sitio\\\/wp-content\\\/uploads\\\/2015\\\/12\\\/Villa-Mitre-Liniers-Acosta.jpg\",\"datePublished\":\"2015-12-16T02:55:05+00:00\",\"author\":{\"@id\":\"https:\\\/\\\/gentedebasquet.com.ar\\\/sitio\\\/#\\\/schema\\\/person\\\/ca0b63bbb977369988a7bbbdc519943a\"},\"breadcrumb\":{\"@id\":\"http:\\\/\\\/gentedebasquet.com.ar\\\/sitio\\\/2015\\\/12\\\/15\\\/se-guardo-para-lo-mejor\\\/#breadcrumb\"},\"inLanguage\":\"es\",\"potentialAction\":[{\"@type\":\"ReadAction\",\"target\":[\"http:\\\/\\\/gentedebasquet.com.ar\\\/sitio\\\/2015\\\/12\\\/15\\\/se-guardo-para-lo-mejor\\\/\"]}]},{\"@type\":\"ImageObject\",\"inLanguage\":\"es\",\"@id\":\"http:\\\/\\\/gentedebasquet.com.ar\\\/sitio\\\/2015\\\/12\\\/15\\\/se-guardo-para-lo-mejor\\\/#primaryimage\",\"url\":\"https:\\\/\\\/gentedebasquet.com.ar\\\/sitio\\\/wp-content\\\/uploads\\\/2015\\\/12\\\/Villa-Mitre-Liniers-Acosta.jpg\",\"contentUrl\":\"https:\\\/\\\/gentedebasquet.com.ar\\\/sitio\\\/wp-content\\\/uploads\\\/2015\\\/12\\\/Villa-Mitre-Liniers-Acosta.jpg\",\"width\":690,\"height\":319},{\"@type\":\"BreadcrumbList\",\"@id\":\"http:\\\/\\\/gentedebasquet.com.ar\\\/sitio\\\/2015\\\/12\\\/15\\\/se-guardo-para-lo-mejor\\\/#breadcrumb\",\"itemListElement\":[{\"@type\":\"ListItem\",\"position\":1,\"name\":\"Portada\",\"item\":\"https:\\\/\\\/gentedebasquet.com.ar\\\/sitio\\\/\"},{\"@type\":\"ListItem\",\"position\":2,\"name\":\"Se guard\u00f3 para lo mejor\"}]},{\"@type\":\"WebSite\",\"@id\":\"https:\\\/\\\/gentedebasquet.com.ar\\\/sitio\\\/#website\",\"url\":\"https:\\\/\\\/gentedebasquet.com.ar\\\/sitio\\\/\",\"name\":\"Gente de B\u00e1squet\",\"description\":\"La revista del basquet de Bah\u00eda Blanca\",\"potentialAction\":[{\"@type\":\"SearchAction\",\"target\":{\"@type\":\"EntryPoint\",\"urlTemplate\":\"https:\\\/\\\/gentedebasquet.com.ar\\\/sitio\\\/?s={search_term_string}\"},\"query-input\":{\"@type\":\"PropertyValueSpecification\",\"valueRequired\":true,\"valueName\":\"search_term_string\"}}],\"inLanguage\":\"es\"},{\"@type\":\"Person\",\"@id\":\"https:\\\/\\\/gentedebasquet.com.ar\\\/sitio\\\/#\\\/schema\\\/person\\\/ca0b63bbb977369988a7bbbdc519943a\",\"name\":\"Gente de B\u00e1squet\",\"image\":{\"@type\":\"ImageObject\",\"inLanguage\":\"es\",\"@id\":\"https:\\\/\\\/secure.gravatar.com\\\/avatar\\\/7f2c48bdc33b30088f941fb6082e555f2874c98e20cb159d7b92b50eadfce793?s=96&d=mm&r=g\",\"url\":\"https:\\\/\\\/secure.gravatar.com\\\/avatar\\\/7f2c48bdc33b30088f941fb6082e555f2874c98e20cb159d7b92b50eadfce793?s=96&d=mm&r=g\",\"contentUrl\":\"https:\\\/\\\/secure.gravatar.com\\\/avatar\\\/7f2c48bdc33b30088f941fb6082e555f2874c98e20cb159d7b92b50eadfce793?s=96&d=mm&r=g\",\"caption\":\"Gente de B\u00e1squet\"},\"sameAs\":[\"http:\\\/\\\/gentedebasquet.com.ar\\\/sitio\"],\"url\":\"https:\\\/\\\/gentedebasquet.com.ar\\\/sitio\\\/author\\\/ulises\\\/\"}]}<\/script>\n<!-- \/ Yoast SEO plugin. -->","yoast_head_json":{"title":"Se guard\u00f3 para lo mejor - Gente de B\u00e1squet","robots":{"index":"index","follow":"follow","max-snippet":"max-snippet:-1","max-image-preview":"max-image-preview:large","max-video-preview":"max-video-preview:-1"},"canonical":"http:\/\/gentedebasquet.com.ar\/sitio\/2015\/12\/15\/se-guardo-para-lo-mejor\/","og_locale":"es_ES","og_type":"article","og_title":"Se guard\u00f3 para lo mejor - Gente de B\u00e1squet","og_description":"Con dos bombas en el cierre, Acosta le dio el triunfo a Villa Mitre: 93-89 a Liniers","og_url":"http:\/\/gentedebasquet.com.ar\/sitio\/2015\/12\/15\/se-guardo-para-lo-mejor\/","og_site_name":"Gente de B\u00e1squet","article_published_time":"2015-12-16T02:55:05+00:00","og_image":[{"width":690,"height":319,"url":"http:\/\/gentedebasquet.com.ar\/sitio\/wp-content\/uploads\/2015\/12\/Villa-Mitre-Liniers-Acosta.jpg","type":"image\/jpeg"}],"author":"Gente de B\u00e1squet","twitter_card":"summary_large_image","twitter_misc":{"Escrito por":"Gente de B\u00e1squet","Tiempo de lectura":"5 minutos"},"schema":{"@context":"https:\/\/schema.org","@graph":[{"@type":"Article","@id":"http:\/\/gentedebasquet.com.ar\/sitio\/2015\/12\/15\/se-guardo-para-lo-mejor\/#article","isPartOf":{"@id":"http:\/\/gentedebasquet.com.ar\/sitio\/2015\/12\/15\/se-guardo-para-lo-mejor\/"},"author":{"name":"Gente de B\u00e1squet","@id":"https:\/\/gentedebasquet.com.ar\/sitio\/#\/schema\/person\/ca0b63bbb977369988a7bbbdc519943a"},"headline":"Se guard\u00f3 para lo mejor","datePublished":"2015-12-16T02:55:05+00:00","mainEntityOfPage":{"@id":"http:\/\/gentedebasquet.com.ar\/sitio\/2015\/12\/15\/se-guardo-para-lo-mejor\/"},"wordCount":947,"image":{"@id":"http:\/\/gentedebasquet.com.ar\/sitio\/2015\/12\/15\/se-guardo-para-lo-mejor\/#primaryimage"},"thumbnailUrl":"https:\/\/gentedebasquet.com.ar\/sitio\/wp-content\/uploads\/2015\/12\/Villa-Mitre-Liniers-Acosta.jpg","keywords":["Agust\u00edn Dottori","David Pineda","Gaston Diomedi","Gonzalo Mart\u00ednez","Liniers","Marcelo Berdini","Mariano Pizzo","Mat\u00edas Mart\u00ednez","Nicol\u00e1s Renzi","Ramiro Heinrich","Sebasti\u00e1n Acosta","Villa Mitre"],"articleSection":["Primera","Slide"],"inLanguage":"es"},{"@type":"WebPage","@id":"http:\/\/gentedebasquet.com.ar\/sitio\/2015\/12\/15\/se-guardo-para-lo-mejor\/","url":"http:\/\/gentedebasquet.com.ar\/sitio\/2015\/12\/15\/se-guardo-para-lo-mejor\/","name":"Se guard\u00f3 para lo mejor - Gente de B\u00e1squet","isPartOf":{"@id":"https:\/\/gentedebasquet.com.ar\/sitio\/#website"},"primaryImageOfPage":{"@id":"http:\/\/gentedebasquet.com.ar\/sitio\/2015\/12\/15\/se-guardo-para-lo-mejor\/#primaryimage"},"image":{"@id":"http:\/\/gentedebasquet.com.ar\/sitio\/2015\/12\/15\/se-guardo-para-lo-mejor\/#primaryimage"},"thumbnailUrl":"https:\/\/gentedebasquet.com.ar\/sitio\/wp-content\/uploads\/2015\/12\/Villa-Mitre-Liniers-Acosta.jpg","datePublished":"2015-12-16T02:55:05+00:00","author":{"@id":"https:\/\/gentedebasquet.com.ar\/sitio\/#\/schema\/person\/ca0b63bbb977369988a7bbbdc519943a"},"breadcrumb":{"@id":"http:\/\/gentedebasquet.com.ar\/sitio\/2015\/12\/15\/se-guardo-para-lo-mejor\/#breadcrumb"},"inLanguage":"es","potentialAction":[{"@type":"ReadAction","target":["http:\/\/gentedebasquet.com.ar\/sitio\/2015\/12\/15\/se-guardo-para-lo-mejor\/"]}]},{"@type":"ImageObject","inLanguage":"es","@id":"http:\/\/gentedebasquet.com.ar\/sitio\/2015\/12\/15\/se-guardo-para-lo-mejor\/#primaryimage","url":"https:\/\/gentedebasquet.com.ar\/sitio\/wp-content\/uploads\/2015\/12\/Villa-Mitre-Liniers-Acosta.jpg","contentUrl":"https:\/\/gentedebasquet.com.ar\/sitio\/wp-content\/uploads\/2015\/12\/Villa-Mitre-Liniers-Acosta.jpg","width":690,"height":319},{"@type":"BreadcrumbList","@id":"http:\/\/gentedebasquet.com.ar\/sitio\/2015\/12\/15\/se-guardo-para-lo-mejor\/#breadcrumb","itemListElement":[{"@type":"ListItem","position":1,"name":"Portada","item":"https:\/\/gentedebasquet.com.ar\/sitio\/"},{"@type":"ListItem","position":2,"name":"Se guard\u00f3 para lo mejor"}]},{"@type":"WebSite","@id":"https:\/\/gentedebasquet.com.ar\/sitio\/#website","url":"https:\/\/gentedebasquet.com.ar\/sitio\/","name":"Gente de B\u00e1squet","description":"La revista del basquet de Bah\u00eda Blanca","potentialAction":[{"@type":"SearchAction","target":{"@type":"EntryPoint","urlTemplate":"https:\/\/gentedebasquet.com.ar\/sitio\/?s={search_term_string}"},"query-input":{"@type":"PropertyValueSpecification","valueRequired":true,"valueName":"search_term_string"}}],"inLanguage":"es"},{"@type":"Person","@id":"https:\/\/gentedebasquet.com.ar\/sitio\/#\/schema\/person\/ca0b63bbb977369988a7bbbdc519943a","name":"Gente de B\u00e1squet","image":{"@type":"ImageObject","inLanguage":"es","@id":"https:\/\/secure.gravatar.com\/avatar\/7f2c48bdc33b30088f941fb6082e555f2874c98e20cb159d7b92b50eadfce793?s=96&d=mm&r=g","url":"https:\/\/secure.gravatar.com\/avatar\/7f2c48bdc33b30088f941fb6082e555f2874c98e20cb159d7b92b50eadfce793?s=96&d=mm&r=g","contentUrl":"https:\/\/secure.gravatar.com\/avatar\/7f2c48bdc33b30088f941fb6082e555f2874c98e20cb159d7b92b50eadfce793?s=96&d=mm&r=g","caption":"Gente de B\u00e1squet"},"sameAs":["http:\/\/gentedebasquet.com.ar\/sitio"],"url":"https:\/\/gentedebasquet.com.ar\/sitio\/author\/ulises\/"}]}},"_links":{"self":[{"href":"https:\/\/gentedebasquet.com.ar\/sitio\/wp-json\/wp\/v2\/posts\/55211","targetHints":{"allow":["GET"]}}],"collection":[{"href":"https:\/\/gentedebasquet.com.ar\/sitio\/wp-json\/wp\/v2\/posts"}],"about":[{"href":"https:\/\/gentedebasquet.com.ar\/sitio\/wp-json\/wp\/v2\/types\/post"}],"author":[{"embeddable":true,"href":"https:\/\/gentedebasquet.com.ar\/sitio\/wp-json\/wp\/v2\/users\/1"}],"replies":[{"embeddable":true,"href":"https:\/\/gentedebasquet.com.ar\/sitio\/wp-json\/wp\/v2\/comments?post=55211"}],"version-history":[{"count":0,"href":"https:\/\/gentedebasquet.com.ar\/sitio\/wp-json\/wp\/v2\/posts\/55211\/revisions"}],"wp:featuredmedia":[{"embeddable":true,"href":"https:\/\/gentedebasquet.com.ar\/sitio\/wp-json\/wp\/v2\/media\/55202"}],"wp:attachment":[{"href":"https:\/\/gentedebasquet.com.ar\/sitio\/wp-json\/wp\/v2\/media?parent=55211"}],"wp:term":[{"taxonomy":"category","embeddable":true,"href":"https:\/\/gentedebasquet.com.ar\/sitio\/wp-json\/wp\/v2\/categories?post=55211"},{"taxonomy":"post_tag","embeddable":true,"href":"https:\/\/gentedebasquet.com.ar\/sitio\/wp-json\/wp\/v2\/tags?post=55211"}],"curies":[{"name":"wp","href":"https:\/\/api.w.org\/{rel}","templated":true}]}}