{"id":55228,"date":"2015-12-15T22:58:20","date_gmt":"2015-12-16T01:58:20","guid":{"rendered":"http:\/\/www.gentedebasquet.com.ar\/?p=55228"},"modified":"2015-12-15T22:58:20","modified_gmt":"2015-12-16T01:58:20","slug":"estamos-tranquilos-y-con-mucha-confianza","status":"publish","type":"post","link":"https:\/\/gentedebasquet.com.ar\/sitio\/2015\/12\/15\/estamos-tranquilos-y-con-mucha-confianza\/","title":{"rendered":"\u201cEstamos tranquilos y con confianza\u201d"},"content":{"rendered":"<p><b>Franco Pennacchiotti analiz\u00f3 lo que dej\u00f3 el gran triunfo ante Villa Mitre del \u00faltimo s\u00e1bado. Adem\u00e1s, el interno se refiri\u00f3 al buen nivel defensivo que viene demostrando el equipo en sus \u00faltimas presentaciones y a la gira del pr\u00f3ximo fin de semana por Jun\u00edn que cerrar\u00e1 el a\u00f1o para Bahiense del Norte. En la misma, el Tricolor visitar\u00e1 el viernes a Sarmiento y el domingo a San Mart\u00edn.<\/b><\/p>\n<p>El \u00faltimo s\u00e1bado, Bahiense del Norte cerr\u00f3 la primera parte de la temporada en condici\u00f3n de local y lo hizo de la mejor manera. La victoria ante Villa Mitre, puntero y \u00fanico rival al que el Tricolor no le hab\u00eda podido ganar, fue una inyecci\u00f3n an\u00edmica para el conjunto de Alejandro Navallo. M\u00e1s a\u00fan, si se tiene en cuenta que pocos d\u00edas atr\u00e1s el equipo hab\u00eda quedado afuera, ante Liniers, en las semifinales del torneo domestico de la ciudad.<\/p>\n<p>Franco Pennacchiotti, interno y goleador del Tricolor, resalt\u00f3 la importancia de dicho encuentro ante Villa Mitre. \u201cEra el \u00fanico rival al que nos faltaba ganarles de local. Ten\u00edamos que recuperar ese partido que perdimos ac\u00e1 con ellos, fue el primero y nos doli\u00f3 bastante porque despu\u00e9s demostramos que podemos defender bastante bien la local\u00eda\u201d, sostuvo. \u201cTuvimos una semana cargada de partidos y emociones, jugando el torneo local y quedando afuera tan cerca de la final. A m\u00ed, particularmente me cost\u00f3 ponerme el chip de que es otro torneo, pero por suerte los chicos jugaron bien, muy tranquilos y sacamos una victoria important\u00edsima\u201d, sentenci\u00f3.<\/p>\n<p>Al tener un partido tan importante, despu\u00e9s de la ca\u00edda ajustada (1-2) en semifinales ante Liniers por el torneo local de la ciudad, Pennacchiotti cont\u00f3 que no sab\u00eda c\u00f3mo iba a reaccionar el equipo. \u201cDespu\u00e9s de haber perdido en un final tan cerrado con Liniers, ten\u00eda dudas de c\u00f3mo \u00edbamos a reaccionar. Pero realmente mantuvimos la calma en todo momento. A m\u00ed, personalmente, me transmiti\u00f3 mucha tranquilidad verlos a todos as\u00ed. Me sent\u00ed muy c\u00f3modo jugando todo el partido\u201d, apunt\u00f3.<\/p>\n<p>Contra Villa Mitre, al igual que frente a Independiente y P\u00e9rfora, Bahiense demostr\u00f3 una gran nivel defensivo y de esto tambi\u00e9n habl\u00f3 el pivot. \u201cVenimos mejorando mucho la defensa. Se nota un progreso continuo desde principio de a\u00f1o. Es importante que los chicos empiecen a saber c\u00f3mo defender en este tipo de partidos en los que viene mucha gente, que es cl\u00e1sico. Eso nos da mucha gratificaci\u00f3n a nosotros los mayores\u201d, se\u00f1al\u00f3.<\/p>\n<p>La vuelta al club de Luciano Fern\u00e1ndez, tras su pr\u00e9stamo en San Lorenzo del Sud, y ahora tambi\u00e9n la llegada de An\u00edbal Buzzo proveniente de Estudiantes, van completando el equipo de cara a lo que resta del torneo. \u201cDe a poco se van acomodando las piezas y estamos notando desde adentro que el juego es m\u00e1s fluido. Lucho (Fern\u00e1ndez) nos va a dar mucha defensa porque es muy intenso y es lo que necesit\u00e1bamos en el per\u00edmetro. Estamos muy tranquilos y con mucha confianza, sobre todo por como venimos jugando. De visitante lo estamos haciendo bien aunque que no es f\u00e1cil y tenemos errores en los \u00faltimos cuartos. Pero de a poco vamos a ir mejorando y el torneo dir\u00e1 d\u00f3nde vamos a estar ubicados\u201d, mencion\u00f3.<\/p>\n<p>Por \u00faltimo, Pennacchiotti hizo referencia a lo que se viene para cerrar el a\u00f1o: la gira por Jun\u00edn para visitar el viernes a Sarmiento y el domingo a San Mart\u00edn. \u201cSi traemos un partido de Jun\u00edn est\u00e1 m\u00e1s que bien. Tienen una local\u00eda muy fuerte, sobre todo San Mart\u00edn. He jugado ah\u00ed y es una cancha muy complicada y saben c\u00f3mo jugar. Tenemos que ir a hacer lo nuestro, estar tranquilos y aprovechar los momentos que tenemos los tiradores abiertos y va a depender mucho de eso, adem\u00e1s de tratar de llegar a los \u00faltimos cuartos parejos que es otra de las claves cuando jugas de visitante\u201d, finaliz\u00f3.<\/p>\n<p><strong>Fuente:<\/strong> Prensa Bahiense del Norte.<\/p>\n","protected":false},"excerpt":{"rendered":"<p>Pennacchiotti habl\u00f3 del triunfo ante Villa Mitre y de lo que vendr\u00e1 en el TFB<\/p>\n","protected":false},"author":1,"featured_media":55229,"comment_status":"closed","ping_status":"open","sticky":false,"template":"","format":"standard","meta":{"jnews-multi-image_gallery":[],"jnews_single_post":[],"jnews_primary_category":[],"footnotes":""},"categories":[36,39,101],"tags":[5,87,40],"class_list":["post-55228","post","type-post","status-publish","format-standard","has-post-thumbnail","hentry","category-federal","category-nacional","category-slide","tag-bahiense-del-norte","tag-franco-pennacchiotti","tag-torneo-federal"],"yoast_head":"<!-- This site is optimized with the Yoast SEO plugin v27.5 - https:\/\/yoast.com\/product\/yoast-seo-wordpress\/ -->\n<title>\u201cEstamos tranquilos y con confianza\u201d - Gente de B\u00e1squet<\/title>\n<meta name=\"robots\" content=\"index, follow, max-snippet:-1, max-image-preview:large, max-video-preview:-1\" \/>\n<link rel=\"canonical\" href=\"http:\/\/gentedebasquet.com.ar\/sitio\/2015\/12\/15\/estamos-tranquilos-y-con-mucha-confianza\/\" \/>\n<meta property=\"og:locale\" content=\"es_ES\" \/>\n<meta property=\"og:type\" content=\"article\" \/>\n<meta property=\"og:title\" content=\"\u201cEstamos tranquilos y con confianza\u201d - Gente de B\u00e1squet\" \/>\n<meta property=\"og:description\" content=\"Pennacchiotti habl\u00f3 del triunfo ante Villa Mitre y de lo que vendr\u00e1 en el TFB\" \/>\n<meta property=\"og:url\" content=\"http:\/\/gentedebasquet.com.ar\/sitio\/2015\/12\/15\/estamos-tranquilos-y-con-mucha-confianza\/\" \/>\n<meta property=\"og:site_name\" content=\"Gente de B\u00e1squet\" \/>\n<meta property=\"article:published_time\" content=\"2015-12-16T01:58:20+00:00\" \/>\n<meta property=\"og:image\" content=\"http:\/\/gentedebasquet.com.ar\/sitio\/wp-content\/uploads\/2015\/12\/penna.jpg\" \/>\n\t<meta property=\"og:image:width\" content=\"690\" \/>\n\t<meta property=\"og:image:height\" content=\"319\" \/>\n\t<meta property=\"og:image:type\" content=\"image\/jpeg\" \/>\n<meta name=\"author\" content=\"Gente de B\u00e1squet\" \/>\n<meta name=\"twitter:card\" content=\"summary_large_image\" \/>\n<meta name=\"twitter:label1\" content=\"Escrito por\" \/>\n\t<meta name=\"twitter:data1\" content=\"Gente de B\u00e1squet\" \/>\n\t<meta name=\"twitter:label2\" content=\"Tiempo de lectura\" \/>\n\t<meta name=\"twitter:data2\" content=\"3 minutos\" \/>\n<script type=\"application\/ld+json\" class=\"yoast-schema-graph\">{\"@context\":\"https:\\\/\\\/schema.org\",\"@graph\":[{\"@type\":\"Article\",\"@id\":\"http:\\\/\\\/gentedebasquet.com.ar\\\/sitio\\\/2015\\\/12\\\/15\\\/estamos-tranquilos-y-con-mucha-confianza\\\/#article\",\"isPartOf\":{\"@id\":\"http:\\\/\\\/gentedebasquet.com.ar\\\/sitio\\\/2015\\\/12\\\/15\\\/estamos-tranquilos-y-con-mucha-confianza\\\/\"},\"author\":{\"name\":\"Gente de B\u00e1squet\",\"@id\":\"https:\\\/\\\/gentedebasquet.com.ar\\\/sitio\\\/#\\\/schema\\\/person\\\/ca0b63bbb977369988a7bbbdc519943a\"},\"headline\":\"\u201cEstamos tranquilos y con confianza\u201d\",\"datePublished\":\"2015-12-16T01:58:20+00:00\",\"mainEntityOfPage\":{\"@id\":\"http:\\\/\\\/gentedebasquet.com.ar\\\/sitio\\\/2015\\\/12\\\/15\\\/estamos-tranquilos-y-con-mucha-confianza\\\/\"},\"wordCount\":700,\"image\":{\"@id\":\"http:\\\/\\\/gentedebasquet.com.ar\\\/sitio\\\/2015\\\/12\\\/15\\\/estamos-tranquilos-y-con-mucha-confianza\\\/#primaryimage\"},\"thumbnailUrl\":\"https:\\\/\\\/gentedebasquet.com.ar\\\/sitio\\\/wp-content\\\/uploads\\\/2015\\\/12\\\/penna.jpg\",\"keywords\":[\"Bahiense Del Norte\",\"Franco Pennacchiotti\",\"Torneo Federal\"],\"articleSection\":[\"Federal\",\"Nacional\",\"Slide\"],\"inLanguage\":\"es\"},{\"@type\":\"WebPage\",\"@id\":\"http:\\\/\\\/gentedebasquet.com.ar\\\/sitio\\\/2015\\\/12\\\/15\\\/estamos-tranquilos-y-con-mucha-confianza\\\/\",\"url\":\"http:\\\/\\\/gentedebasquet.com.ar\\\/sitio\\\/2015\\\/12\\\/15\\\/estamos-tranquilos-y-con-mucha-confianza\\\/\",\"name\":\"\u201cEstamos tranquilos y con confianza\u201d - Gente de B\u00e1squet\",\"isPartOf\":{\"@id\":\"https:\\\/\\\/gentedebasquet.com.ar\\\/sitio\\\/#website\"},\"primaryImageOfPage\":{\"@id\":\"http:\\\/\\\/gentedebasquet.com.ar\\\/sitio\\\/2015\\\/12\\\/15\\\/estamos-tranquilos-y-con-mucha-confianza\\\/#primaryimage\"},\"image\":{\"@id\":\"http:\\\/\\\/gentedebasquet.com.ar\\\/sitio\\\/2015\\\/12\\\/15\\\/estamos-tranquilos-y-con-mucha-confianza\\\/#primaryimage\"},\"thumbnailUrl\":\"https:\\\/\\\/gentedebasquet.com.ar\\\/sitio\\\/wp-content\\\/uploads\\\/2015\\\/12\\\/penna.jpg\",\"datePublished\":\"2015-12-16T01:58:20+00:00\",\"author\":{\"@id\":\"https:\\\/\\\/gentedebasquet.com.ar\\\/sitio\\\/#\\\/schema\\\/person\\\/ca0b63bbb977369988a7bbbdc519943a\"},\"breadcrumb\":{\"@id\":\"http:\\\/\\\/gentedebasquet.com.ar\\\/sitio\\\/2015\\\/12\\\/15\\\/estamos-tranquilos-y-con-mucha-confianza\\\/#breadcrumb\"},\"inLanguage\":\"es\",\"potentialAction\":[{\"@type\":\"ReadAction\",\"target\":[\"http:\\\/\\\/gentedebasquet.com.ar\\\/sitio\\\/2015\\\/12\\\/15\\\/estamos-tranquilos-y-con-mucha-confianza\\\/\"]}]},{\"@type\":\"ImageObject\",\"inLanguage\":\"es\",\"@id\":\"http:\\\/\\\/gentedebasquet.com.ar\\\/sitio\\\/2015\\\/12\\\/15\\\/estamos-tranquilos-y-con-mucha-confianza\\\/#primaryimage\",\"url\":\"https:\\\/\\\/gentedebasquet.com.ar\\\/sitio\\\/wp-content\\\/uploads\\\/2015\\\/12\\\/penna.jpg\",\"contentUrl\":\"https:\\\/\\\/gentedebasquet.com.ar\\\/sitio\\\/wp-content\\\/uploads\\\/2015\\\/12\\\/penna.jpg\",\"width\":690,\"height\":319},{\"@type\":\"BreadcrumbList\",\"@id\":\"http:\\\/\\\/gentedebasquet.com.ar\\\/sitio\\\/2015\\\/12\\\/15\\\/estamos-tranquilos-y-con-mucha-confianza\\\/#breadcrumb\",\"itemListElement\":[{\"@type\":\"ListItem\",\"position\":1,\"name\":\"Portada\",\"item\":\"https:\\\/\\\/gentedebasquet.com.ar\\\/sitio\\\/\"},{\"@type\":\"ListItem\",\"position\":2,\"name\":\"\u201cEstamos tranquilos y con confianza\u201d\"}]},{\"@type\":\"WebSite\",\"@id\":\"https:\\\/\\\/gentedebasquet.com.ar\\\/sitio\\\/#website\",\"url\":\"https:\\\/\\\/gentedebasquet.com.ar\\\/sitio\\\/\",\"name\":\"Gente de B\u00e1squet\",\"description\":\"La revista del basquet de Bah\u00eda Blanca\",\"potentialAction\":[{\"@type\":\"SearchAction\",\"target\":{\"@type\":\"EntryPoint\",\"urlTemplate\":\"https:\\\/\\\/gentedebasquet.com.ar\\\/sitio\\\/?s={search_term_string}\"},\"query-input\":{\"@type\":\"PropertyValueSpecification\",\"valueRequired\":true,\"valueName\":\"search_term_string\"}}],\"inLanguage\":\"es\"},{\"@type\":\"Person\",\"@id\":\"https:\\\/\\\/gentedebasquet.com.ar\\\/sitio\\\/#\\\/schema\\\/person\\\/ca0b63bbb977369988a7bbbdc519943a\",\"name\":\"Gente de B\u00e1squet\",\"image\":{\"@type\":\"ImageObject\",\"inLanguage\":\"es\",\"@id\":\"https:\\\/\\\/secure.gravatar.com\\\/avatar\\\/7f2c48bdc33b30088f941fb6082e555f2874c98e20cb159d7b92b50eadfce793?s=96&d=mm&r=g\",\"url\":\"https:\\\/\\\/secure.gravatar.com\\\/avatar\\\/7f2c48bdc33b30088f941fb6082e555f2874c98e20cb159d7b92b50eadfce793?s=96&d=mm&r=g\",\"contentUrl\":\"https:\\\/\\\/secure.gravatar.com\\\/avatar\\\/7f2c48bdc33b30088f941fb6082e555f2874c98e20cb159d7b92b50eadfce793?s=96&d=mm&r=g\",\"caption\":\"Gente de B\u00e1squet\"},\"sameAs\":[\"http:\\\/\\\/gentedebasquet.com.ar\\\/sitio\"],\"url\":\"https:\\\/\\\/gentedebasquet.com.ar\\\/sitio\\\/author\\\/ulises\\\/\"}]}<\/script>\n<!-- \/ Yoast SEO plugin. -->","yoast_head_json":{"title":"\u201cEstamos tranquilos y con confianza\u201d - Gente de B\u00e1squet","robots":{"index":"index","follow":"follow","max-snippet":"max-snippet:-1","max-image-preview":"max-image-preview:large","max-video-preview":"max-video-preview:-1"},"canonical":"http:\/\/gentedebasquet.com.ar\/sitio\/2015\/12\/15\/estamos-tranquilos-y-con-mucha-confianza\/","og_locale":"es_ES","og_type":"article","og_title":"\u201cEstamos tranquilos y con confianza\u201d - Gente de B\u00e1squet","og_description":"Pennacchiotti habl\u00f3 del triunfo ante Villa Mitre y de lo que vendr\u00e1 en el TFB","og_url":"http:\/\/gentedebasquet.com.ar\/sitio\/2015\/12\/15\/estamos-tranquilos-y-con-mucha-confianza\/","og_site_name":"Gente de B\u00e1squet","article_published_time":"2015-12-16T01:58:20+00:00","og_image":[{"width":690,"height":319,"url":"http:\/\/gentedebasquet.com.ar\/sitio\/wp-content\/uploads\/2015\/12\/penna.jpg","type":"image\/jpeg"}],"author":"Gente de B\u00e1squet","twitter_card":"summary_large_image","twitter_misc":{"Escrito por":"Gente de B\u00e1squet","Tiempo de lectura":"3 minutos"},"schema":{"@context":"https:\/\/schema.org","@graph":[{"@type":"Article","@id":"http:\/\/gentedebasquet.com.ar\/sitio\/2015\/12\/15\/estamos-tranquilos-y-con-mucha-confianza\/#article","isPartOf":{"@id":"http:\/\/gentedebasquet.com.ar\/sitio\/2015\/12\/15\/estamos-tranquilos-y-con-mucha-confianza\/"},"author":{"name":"Gente de B\u00e1squet","@id":"https:\/\/gentedebasquet.com.ar\/sitio\/#\/schema\/person\/ca0b63bbb977369988a7bbbdc519943a"},"headline":"\u201cEstamos tranquilos y con confianza\u201d","datePublished":"2015-12-16T01:58:20+00:00","mainEntityOfPage":{"@id":"http:\/\/gentedebasquet.com.ar\/sitio\/2015\/12\/15\/estamos-tranquilos-y-con-mucha-confianza\/"},"wordCount":700,"image":{"@id":"http:\/\/gentedebasquet.com.ar\/sitio\/2015\/12\/15\/estamos-tranquilos-y-con-mucha-confianza\/#primaryimage"},"thumbnailUrl":"https:\/\/gentedebasquet.com.ar\/sitio\/wp-content\/uploads\/2015\/12\/penna.jpg","keywords":["Bahiense Del Norte","Franco Pennacchiotti","Torneo Federal"],"articleSection":["Federal","Nacional","Slide"],"inLanguage":"es"},{"@type":"WebPage","@id":"http:\/\/gentedebasquet.com.ar\/sitio\/2015\/12\/15\/estamos-tranquilos-y-con-mucha-confianza\/","url":"http:\/\/gentedebasquet.com.ar\/sitio\/2015\/12\/15\/estamos-tranquilos-y-con-mucha-confianza\/","name":"\u201cEstamos tranquilos y con confianza\u201d - Gente de B\u00e1squet","isPartOf":{"@id":"https:\/\/gentedebasquet.com.ar\/sitio\/#website"},"primaryImageOfPage":{"@id":"http:\/\/gentedebasquet.com.ar\/sitio\/2015\/12\/15\/estamos-tranquilos-y-con-mucha-confianza\/#primaryimage"},"image":{"@id":"http:\/\/gentedebasquet.com.ar\/sitio\/2015\/12\/15\/estamos-tranquilos-y-con-mucha-confianza\/#primaryimage"},"thumbnailUrl":"https:\/\/gentedebasquet.com.ar\/sitio\/wp-content\/uploads\/2015\/12\/penna.jpg","datePublished":"2015-12-16T01:58:20+00:00","author":{"@id":"https:\/\/gentedebasquet.com.ar\/sitio\/#\/schema\/person\/ca0b63bbb977369988a7bbbdc519943a"},"breadcrumb":{"@id":"http:\/\/gentedebasquet.com.ar\/sitio\/2015\/12\/15\/estamos-tranquilos-y-con-mucha-confianza\/#breadcrumb"},"inLanguage":"es","potentialAction":[{"@type":"ReadAction","target":["http:\/\/gentedebasquet.com.ar\/sitio\/2015\/12\/15\/estamos-tranquilos-y-con-mucha-confianza\/"]}]},{"@type":"ImageObject","inLanguage":"es","@id":"http:\/\/gentedebasquet.com.ar\/sitio\/2015\/12\/15\/estamos-tranquilos-y-con-mucha-confianza\/#primaryimage","url":"https:\/\/gentedebasquet.com.ar\/sitio\/wp-content\/uploads\/2015\/12\/penna.jpg","contentUrl":"https:\/\/gentedebasquet.com.ar\/sitio\/wp-content\/uploads\/2015\/12\/penna.jpg","width":690,"height":319},{"@type":"BreadcrumbList","@id":"http:\/\/gentedebasquet.com.ar\/sitio\/2015\/12\/15\/estamos-tranquilos-y-con-mucha-confianza\/#breadcrumb","itemListElement":[{"@type":"ListItem","position":1,"name":"Portada","item":"https:\/\/gentedebasquet.com.ar\/sitio\/"},{"@type":"ListItem","position":2,"name":"\u201cEstamos tranquilos y con confianza\u201d"}]},{"@type":"WebSite","@id":"https:\/\/gentedebasquet.com.ar\/sitio\/#website","url":"https:\/\/gentedebasquet.com.ar\/sitio\/","name":"Gente de B\u00e1squet","description":"La revista del basquet de Bah\u00eda Blanca","potentialAction":[{"@type":"SearchAction","target":{"@type":"EntryPoint","urlTemplate":"https:\/\/gentedebasquet.com.ar\/sitio\/?s={search_term_string}"},"query-input":{"@type":"PropertyValueSpecification","valueRequired":true,"valueName":"search_term_string"}}],"inLanguage":"es"},{"@type":"Person","@id":"https:\/\/gentedebasquet.com.ar\/sitio\/#\/schema\/person\/ca0b63bbb977369988a7bbbdc519943a","name":"Gente de B\u00e1squet","image":{"@type":"ImageObject","inLanguage":"es","@id":"https:\/\/secure.gravatar.com\/avatar\/7f2c48bdc33b30088f941fb6082e555f2874c98e20cb159d7b92b50eadfce793?s=96&d=mm&r=g","url":"https:\/\/secure.gravatar.com\/avatar\/7f2c48bdc33b30088f941fb6082e555f2874c98e20cb159d7b92b50eadfce793?s=96&d=mm&r=g","contentUrl":"https:\/\/secure.gravatar.com\/avatar\/7f2c48bdc33b30088f941fb6082e555f2874c98e20cb159d7b92b50eadfce793?s=96&d=mm&r=g","caption":"Gente de B\u00e1squet"},"sameAs":["http:\/\/gentedebasquet.com.ar\/sitio"],"url":"https:\/\/gentedebasquet.com.ar\/sitio\/author\/ulises\/"}]}},"_links":{"self":[{"href":"https:\/\/gentedebasquet.com.ar\/sitio\/wp-json\/wp\/v2\/posts\/55228","targetHints":{"allow":["GET"]}}],"collection":[{"href":"https:\/\/gentedebasquet.com.ar\/sitio\/wp-json\/wp\/v2\/posts"}],"about":[{"href":"https:\/\/gentedebasquet.com.ar\/sitio\/wp-json\/wp\/v2\/types\/post"}],"author":[{"embeddable":true,"href":"https:\/\/gentedebasquet.com.ar\/sitio\/wp-json\/wp\/v2\/users\/1"}],"replies":[{"embeddable":true,"href":"https:\/\/gentedebasquet.com.ar\/sitio\/wp-json\/wp\/v2\/comments?post=55228"}],"version-history":[{"count":0,"href":"https:\/\/gentedebasquet.com.ar\/sitio\/wp-json\/wp\/v2\/posts\/55228\/revisions"}],"wp:featuredmedia":[{"embeddable":true,"href":"https:\/\/gentedebasquet.com.ar\/sitio\/wp-json\/wp\/v2\/media\/55229"}],"wp:attachment":[{"href":"https:\/\/gentedebasquet.com.ar\/sitio\/wp-json\/wp\/v2\/media?parent=55228"}],"wp:term":[{"taxonomy":"category","embeddable":true,"href":"https:\/\/gentedebasquet.com.ar\/sitio\/wp-json\/wp\/v2\/categories?post=55228"},{"taxonomy":"post_tag","embeddable":true,"href":"https:\/\/gentedebasquet.com.ar\/sitio\/wp-json\/wp\/v2\/tags?post=55228"}],"curies":[{"name":"wp","href":"https:\/\/api.w.org\/{rel}","templated":true}]}}