{"id":55272,"date":"2015-12-18T01:00:45","date_gmt":"2015-12-18T04:00:45","guid":{"rendered":"http:\/\/www.gentedebasquet.com.ar\/?p=55272"},"modified":"2015-12-18T01:00:45","modified_gmt":"2015-12-18T04:00:45","slug":"ya-se-acerca-noche-buena","status":"publish","type":"post","link":"https:\/\/gentedebasquet.com.ar\/sitio\/2015\/12\/18\/ya-se-acerca-noche-buena\/","title":{"rendered":"Ya se acerca noche buena&#8230;"},"content":{"rendered":"<p><strong>Con mucha mas solvencia que en el primer juego, Villa Mitre derrot\u00f3 a Liniers por 80 a 64 y qued\u00f3 a un paso del t\u00edtulo. El tricolor podr\u00eda consagrarse el pr\u00f3ximo mi\u00e9rcoles, en su estadio. El chivo, por su parte, est\u00e1 obligado a ganar tres partidos en fila para revertir las finales de Primera Divisi\u00f3n. Sebasti\u00e1n Acosta (17, con 6\/6 en dobles), Nicol\u00e1s Renzi (13, 14 rebotes y 5 robos), Ramiro Heinrich (12 y 9 tableros) y Gast\u00f3n Diomedi (14) fueron los m\u00e1s valiosos en el conjunto de Ariel Ugolini. Mientras que Mariano Pizzo (15 y 8 recobres) fue el \u00fanico destacado en el conjunto albinegro.<\/strong><\/p>\n<p>Completamente diferente al <a href=\"http:\/\/www.gentedebasquet.com.ar\/se-guardo-para-lo-mejor\/\" target=\"_blank\" rel=\"noopener\">primer partido<\/a>, cuando Villa Mitre debi\u00f3 remontar -11 puntos- y luchar hasta la \u00faltima pelota para qued\u00e1rselo. La segunda versi\u00f3n de las finales fue totalmente tricolor, pese a que en el PT, y en base a los aciertos de Mat\u00edas Mart\u00ednez a distancia (3\/4), los movimientos de siempre de Pizzo y un interesante pasaje de Marinsalta (3\/4 en cancha incluyendo un triple, m\u00e1s una tapa), el Chivo le discuti\u00f3 el juego a Villa Mitre.<\/p>\n<p>La \u00fanica bomba de Gonzalo Mart\u00ednez (1\/7) sirvi\u00f3 para que Liniers alcance 5 de luz (19-14) a 1m40 del fina del 1C. Fue la m\u00e1xima a su favor en toda la noche y, a la postre, el \u00faltimo momento en el que estuvo al frente. Porque Pineda le cambi\u00f3 el aire al conjunto de Ugolini y Acosta clav\u00f3 el triple que cerr\u00f3 el 1C (21-21). A partir del 2C, Heinrich (6 y 4 rebotes) tom\u00f3 la posta en la pintura, acopl\u00e1ndose a la prolijidad de Acosta. El tricolor pas\u00f3 al frente (32-36) y se fue al descanso largo en ventaja.<\/p>\n<p>De regreso, el Chivo dependi\u00f3 excesivamente de lo producido por Mariano Pizzo, autor de los \u00fanicos 6 puntos que su equipo anot\u00f3 en los primeros 8m04 del complemento. El tricolor puso mucha atenci\u00f3n en los tiradores, cort\u00f3 los circuitos del conjunto de Aleksoski y goz\u00f3 de 10 tantos de ventaja (43-53). Esa diferencia se agrand\u00f3 cuando Diomedi rompi\u00f3 primera l\u00ednea y Bollo anot\u00f3 un doble con bonus.<\/p>\n<p>Hasta ese momento, la \u00fanica preocupaci\u00f3n del tricolor pasaba por contar con varios jugadores con cuatro faltas. Aunque Liniers no tuvo reacci\u00f3n, a Mat\u00edas Mart\u00ednez se le cerr\u00f3 el aro (0\/6 en cancha en el ST), Gonzalo Mart\u00ednez entr\u00f3 en la confusi\u00f3n global (1\/8) y, para colmo, Santiago Torre mostr\u00f3 signos de que su contractura lo tiene a mal traer. En medio de ese panorama, los primeros en salir por cinco fueron del Chivo: Pizzo, Starc y Dottori.<\/p>\n<p>Villa Mitre comenz\u00f3 a jugar con el tablero, entr\u00f3 en el ritmo que la gente le contagi\u00f3 y se pas\u00f3 la pelota hasta el ep\u00edlogo. Finalmente, la m\u00e1xima lleg\u00f3 con el sonido de la \u00faltima chicharra (14), el mismo que le indic\u00f3 al tricolor que est\u00e1 a un partido del t\u00edtulo y de alcanzar el tan ansiado trofeo Alberto Pedro Cabrera, ese que la Asociaci\u00f3n Bahiense instituy\u00f3 en 2001 para entregarle a aquella\u00a0entidad que se\u00a0adjudique el torneo de primera divisi\u00f3n en tres temporadas consecutivas o cinco alternadas. Villa Mitre tiene cuatro (2008, 09, 12 y 13) y ya se acerca noche buena&#8230;<\/p>\n<p>&nbsp;<\/p>\n<p>[vimeo]http:\/\/vimeo.com\/149365929[\/vimeo]<\/p>\n<p>&nbsp;<\/p>\n<p><strong>S\u00edntesis |<\/strong> Primera Divisi\u00f3n &#8211; Finales &#8211; Juego #2<\/p>\n<p><strong>Liniers 64:<\/strong> Mat\u00edas Mart\u00ednez 11, Gonzalo Mart\u00ednez 5, Mariano Pizzo 15 (x), Fabricio Starc 6 (x), Facundo Goenaga 0 (Fi); Agust\u00edn Dottori 6 (x), Santiago Torre 11, Jul\u00e1n Marinsalta 3 e Iv\u00e1n Petrini 3. DT: Sebasti\u00e1n Aleksoski.<\/p>\n<p><strong>Villa Mitre 80:<\/strong> Marcelo Berdini 10, Gast\u00f3n Diomedi 14, Nicol\u00e1s Renzi 13, Santiago Susbielles 3, Ramiro Heinrich 12 (Fi); David Pineda 2, Sebasti\u00e1n Acosta 17 (x), Javier Bollo 9 (x) y Carlos P\u00e9rez 0. DT. Ariel Ugolini.<\/p>\n<p><strong>Parciales:<\/strong> 21-21, 37-38 (16-17), 51-60 (14-22) y 64-80 (13-20).<\/p>\n<p><strong>\u00c1rbitros:<\/strong> Alejandro Ramallo &#8211; Emanuel s\u00e1nchez &#8211; Sebasti\u00e1n Giannino.<\/p>\n<p><strong>Estadio:<\/strong> Osvaldo Casanova (Estudiantes).<\/p>\n<p><a class=\"modalf iframe\" title=\"Planilla\" href=\"https:\/\/docs.google.com\/spreadsheets\/d\/1pWJtKv0MezwfaQH_C_KSrJkyHkXtJEwpfTjyIN8n8rg\/pubhtml\" target=\"_blank\" rel=\"noopener\">Ver Planilla<\/a><\/p>\n<p><strong>Serie:<\/strong> Villa Mitre, 2-0.<\/p>\n<p><strong>Juego #3:<\/strong> mi\u00e9rcoles 23 a las 21 en el Jos\u00e9 Mart\u00ednez.<\/p>\n<p><strong>Fotos:<\/strong> Mart\u00edn G\u00e1lvez.<\/p>\n","protected":false},"excerpt":{"rendered":"<p>En el Casanova, Villa Mitre venci\u00f3 a Liniers 80 a 64 y qued\u00f3 a un paso del t\u00edtulo<\/p>\n","protected":false},"author":1,"featured_media":55276,"comment_status":"closed","ping_status":"open","sticky":false,"template":"","format":"standard","meta":{"jnews-multi-image_gallery":[],"jnews_single_post":[],"jnews_primary_category":[],"footnotes":""},"categories":[23,101],"tags":[14,243,232,725,22],"class_list":["post-55272","post","type-post","status-publish","format-standard","has-post-thumbnail","hentry","category-primera","category-slide","tag-liniers","tag-mariano-pizzo","tag-nicolas-renzi","tag-sebastian-acosta","tag-villa-mitre"],"yoast_head":"<!-- This site is optimized with the Yoast SEO plugin v27.5 - https:\/\/yoast.com\/product\/yoast-seo-wordpress\/ -->\n<title>Ya se acerca noche buena... - Gente de B\u00e1squet<\/title>\n<meta name=\"robots\" content=\"index, follow, max-snippet:-1, max-image-preview:large, max-video-preview:-1\" \/>\n<link rel=\"canonical\" href=\"http:\/\/gentedebasquet.com.ar\/sitio\/2015\/12\/18\/ya-se-acerca-noche-buena\/\" \/>\n<meta property=\"og:locale\" content=\"es_ES\" \/>\n<meta property=\"og:type\" content=\"article\" \/>\n<meta property=\"og:title\" content=\"Ya se acerca noche buena... - Gente de B\u00e1squet\" \/>\n<meta property=\"og:description\" content=\"En el Casanova, Villa Mitre venci\u00f3 a Liniers 80 a 64 y qued\u00f3 a un paso del t\u00edtulo\" \/>\n<meta property=\"og:url\" content=\"http:\/\/gentedebasquet.com.ar\/sitio\/2015\/12\/18\/ya-se-acerca-noche-buena\/\" \/>\n<meta property=\"og:site_name\" content=\"Gente de B\u00e1squet\" \/>\n<meta property=\"article:published_time\" content=\"2015-12-18T04:00:45+00:00\" \/>\n<meta property=\"og:image\" content=\"http:\/\/gentedebasquet.com.ar\/sitio\/wp-content\/uploads\/2015\/12\/Liniers-Villa-Mitre-Renzi.jpg\" \/>\n\t<meta property=\"og:image:width\" content=\"690\" \/>\n\t<meta property=\"og:image:height\" content=\"319\" \/>\n\t<meta property=\"og:image:type\" content=\"image\/jpeg\" \/>\n<meta name=\"author\" content=\"Gente de B\u00e1squet\" \/>\n<meta name=\"twitter:card\" content=\"summary_large_image\" \/>\n<meta name=\"twitter:label1\" content=\"Escrito por\" \/>\n\t<meta name=\"twitter:data1\" content=\"Gente de B\u00e1squet\" \/>\n\t<meta name=\"twitter:label2\" content=\"Tiempo de lectura\" \/>\n\t<meta name=\"twitter:data2\" content=\"3 minutos\" \/>\n<script type=\"application\/ld+json\" class=\"yoast-schema-graph\">{\"@context\":\"https:\\\/\\\/schema.org\",\"@graph\":[{\"@type\":\"Article\",\"@id\":\"http:\\\/\\\/gentedebasquet.com.ar\\\/sitio\\\/2015\\\/12\\\/18\\\/ya-se-acerca-noche-buena\\\/#article\",\"isPartOf\":{\"@id\":\"http:\\\/\\\/gentedebasquet.com.ar\\\/sitio\\\/2015\\\/12\\\/18\\\/ya-se-acerca-noche-buena\\\/\"},\"author\":{\"name\":\"Gente de B\u00e1squet\",\"@id\":\"https:\\\/\\\/gentedebasquet.com.ar\\\/sitio\\\/#\\\/schema\\\/person\\\/ca0b63bbb977369988a7bbbdc519943a\"},\"headline\":\"Ya se acerca noche buena&#8230;\",\"datePublished\":\"2015-12-18T04:00:45+00:00\",\"mainEntityOfPage\":{\"@id\":\"http:\\\/\\\/gentedebasquet.com.ar\\\/sitio\\\/2015\\\/12\\\/18\\\/ya-se-acerca-noche-buena\\\/\"},\"wordCount\":665,\"image\":{\"@id\":\"http:\\\/\\\/gentedebasquet.com.ar\\\/sitio\\\/2015\\\/12\\\/18\\\/ya-se-acerca-noche-buena\\\/#primaryimage\"},\"thumbnailUrl\":\"https:\\\/\\\/gentedebasquet.com.ar\\\/sitio\\\/wp-content\\\/uploads\\\/2015\\\/12\\\/Liniers-Villa-Mitre-Renzi.jpg\",\"keywords\":[\"Liniers\",\"Mariano Pizzo\",\"Nicol\u00e1s Renzi\",\"Sebasti\u00e1n Acosta\",\"Villa Mitre\"],\"articleSection\":[\"Primera\",\"Slide\"],\"inLanguage\":\"es\"},{\"@type\":\"WebPage\",\"@id\":\"http:\\\/\\\/gentedebasquet.com.ar\\\/sitio\\\/2015\\\/12\\\/18\\\/ya-se-acerca-noche-buena\\\/\",\"url\":\"http:\\\/\\\/gentedebasquet.com.ar\\\/sitio\\\/2015\\\/12\\\/18\\\/ya-se-acerca-noche-buena\\\/\",\"name\":\"Ya se acerca noche buena... - Gente de B\u00e1squet\",\"isPartOf\":{\"@id\":\"https:\\\/\\\/gentedebasquet.com.ar\\\/sitio\\\/#website\"},\"primaryImageOfPage\":{\"@id\":\"http:\\\/\\\/gentedebasquet.com.ar\\\/sitio\\\/2015\\\/12\\\/18\\\/ya-se-acerca-noche-buena\\\/#primaryimage\"},\"image\":{\"@id\":\"http:\\\/\\\/gentedebasquet.com.ar\\\/sitio\\\/2015\\\/12\\\/18\\\/ya-se-acerca-noche-buena\\\/#primaryimage\"},\"thumbnailUrl\":\"https:\\\/\\\/gentedebasquet.com.ar\\\/sitio\\\/wp-content\\\/uploads\\\/2015\\\/12\\\/Liniers-Villa-Mitre-Renzi.jpg\",\"datePublished\":\"2015-12-18T04:00:45+00:00\",\"author\":{\"@id\":\"https:\\\/\\\/gentedebasquet.com.ar\\\/sitio\\\/#\\\/schema\\\/person\\\/ca0b63bbb977369988a7bbbdc519943a\"},\"breadcrumb\":{\"@id\":\"http:\\\/\\\/gentedebasquet.com.ar\\\/sitio\\\/2015\\\/12\\\/18\\\/ya-se-acerca-noche-buena\\\/#breadcrumb\"},\"inLanguage\":\"es\",\"potentialAction\":[{\"@type\":\"ReadAction\",\"target\":[\"http:\\\/\\\/gentedebasquet.com.ar\\\/sitio\\\/2015\\\/12\\\/18\\\/ya-se-acerca-noche-buena\\\/\"]}]},{\"@type\":\"ImageObject\",\"inLanguage\":\"es\",\"@id\":\"http:\\\/\\\/gentedebasquet.com.ar\\\/sitio\\\/2015\\\/12\\\/18\\\/ya-se-acerca-noche-buena\\\/#primaryimage\",\"url\":\"https:\\\/\\\/gentedebasquet.com.ar\\\/sitio\\\/wp-content\\\/uploads\\\/2015\\\/12\\\/Liniers-Villa-Mitre-Renzi.jpg\",\"contentUrl\":\"https:\\\/\\\/gentedebasquet.com.ar\\\/sitio\\\/wp-content\\\/uploads\\\/2015\\\/12\\\/Liniers-Villa-Mitre-Renzi.jpg\",\"width\":690,\"height\":319},{\"@type\":\"BreadcrumbList\",\"@id\":\"http:\\\/\\\/gentedebasquet.com.ar\\\/sitio\\\/2015\\\/12\\\/18\\\/ya-se-acerca-noche-buena\\\/#breadcrumb\",\"itemListElement\":[{\"@type\":\"ListItem\",\"position\":1,\"name\":\"Portada\",\"item\":\"https:\\\/\\\/gentedebasquet.com.ar\\\/sitio\\\/\"},{\"@type\":\"ListItem\",\"position\":2,\"name\":\"Ya se acerca noche buena&#8230;\"}]},{\"@type\":\"WebSite\",\"@id\":\"https:\\\/\\\/gentedebasquet.com.ar\\\/sitio\\\/#website\",\"url\":\"https:\\\/\\\/gentedebasquet.com.ar\\\/sitio\\\/\",\"name\":\"Gente de B\u00e1squet\",\"description\":\"La revista del basquet de Bah\u00eda Blanca\",\"potentialAction\":[{\"@type\":\"SearchAction\",\"target\":{\"@type\":\"EntryPoint\",\"urlTemplate\":\"https:\\\/\\\/gentedebasquet.com.ar\\\/sitio\\\/?s={search_term_string}\"},\"query-input\":{\"@type\":\"PropertyValueSpecification\",\"valueRequired\":true,\"valueName\":\"search_term_string\"}}],\"inLanguage\":\"es\"},{\"@type\":\"Person\",\"@id\":\"https:\\\/\\\/gentedebasquet.com.ar\\\/sitio\\\/#\\\/schema\\\/person\\\/ca0b63bbb977369988a7bbbdc519943a\",\"name\":\"Gente de B\u00e1squet\",\"image\":{\"@type\":\"ImageObject\",\"inLanguage\":\"es\",\"@id\":\"https:\\\/\\\/secure.gravatar.com\\\/avatar\\\/7f2c48bdc33b30088f941fb6082e555f2874c98e20cb159d7b92b50eadfce793?s=96&d=mm&r=g\",\"url\":\"https:\\\/\\\/secure.gravatar.com\\\/avatar\\\/7f2c48bdc33b30088f941fb6082e555f2874c98e20cb159d7b92b50eadfce793?s=96&d=mm&r=g\",\"contentUrl\":\"https:\\\/\\\/secure.gravatar.com\\\/avatar\\\/7f2c48bdc33b30088f941fb6082e555f2874c98e20cb159d7b92b50eadfce793?s=96&d=mm&r=g\",\"caption\":\"Gente de B\u00e1squet\"},\"sameAs\":[\"http:\\\/\\\/gentedebasquet.com.ar\\\/sitio\"],\"url\":\"https:\\\/\\\/gentedebasquet.com.ar\\\/sitio\\\/author\\\/ulises\\\/\"}]}<\/script>\n<!-- \/ Yoast SEO plugin. -->","yoast_head_json":{"title":"Ya se acerca noche buena... - Gente de B\u00e1squet","robots":{"index":"index","follow":"follow","max-snippet":"max-snippet:-1","max-image-preview":"max-image-preview:large","max-video-preview":"max-video-preview:-1"},"canonical":"http:\/\/gentedebasquet.com.ar\/sitio\/2015\/12\/18\/ya-se-acerca-noche-buena\/","og_locale":"es_ES","og_type":"article","og_title":"Ya se acerca noche buena... - Gente de B\u00e1squet","og_description":"En el Casanova, Villa Mitre venci\u00f3 a Liniers 80 a 64 y qued\u00f3 a un paso del t\u00edtulo","og_url":"http:\/\/gentedebasquet.com.ar\/sitio\/2015\/12\/18\/ya-se-acerca-noche-buena\/","og_site_name":"Gente de B\u00e1squet","article_published_time":"2015-12-18T04:00:45+00:00","og_image":[{"width":690,"height":319,"url":"http:\/\/gentedebasquet.com.ar\/sitio\/wp-content\/uploads\/2015\/12\/Liniers-Villa-Mitre-Renzi.jpg","type":"image\/jpeg"}],"author":"Gente de B\u00e1squet","twitter_card":"summary_large_image","twitter_misc":{"Escrito por":"Gente de B\u00e1squet","Tiempo de lectura":"3 minutos"},"schema":{"@context":"https:\/\/schema.org","@graph":[{"@type":"Article","@id":"http:\/\/gentedebasquet.com.ar\/sitio\/2015\/12\/18\/ya-se-acerca-noche-buena\/#article","isPartOf":{"@id":"http:\/\/gentedebasquet.com.ar\/sitio\/2015\/12\/18\/ya-se-acerca-noche-buena\/"},"author":{"name":"Gente de B\u00e1squet","@id":"https:\/\/gentedebasquet.com.ar\/sitio\/#\/schema\/person\/ca0b63bbb977369988a7bbbdc519943a"},"headline":"Ya se acerca noche buena&#8230;","datePublished":"2015-12-18T04:00:45+00:00","mainEntityOfPage":{"@id":"http:\/\/gentedebasquet.com.ar\/sitio\/2015\/12\/18\/ya-se-acerca-noche-buena\/"},"wordCount":665,"image":{"@id":"http:\/\/gentedebasquet.com.ar\/sitio\/2015\/12\/18\/ya-se-acerca-noche-buena\/#primaryimage"},"thumbnailUrl":"https:\/\/gentedebasquet.com.ar\/sitio\/wp-content\/uploads\/2015\/12\/Liniers-Villa-Mitre-Renzi.jpg","keywords":["Liniers","Mariano Pizzo","Nicol\u00e1s Renzi","Sebasti\u00e1n Acosta","Villa Mitre"],"articleSection":["Primera","Slide"],"inLanguage":"es"},{"@type":"WebPage","@id":"http:\/\/gentedebasquet.com.ar\/sitio\/2015\/12\/18\/ya-se-acerca-noche-buena\/","url":"http:\/\/gentedebasquet.com.ar\/sitio\/2015\/12\/18\/ya-se-acerca-noche-buena\/","name":"Ya se acerca noche buena... - Gente de B\u00e1squet","isPartOf":{"@id":"https:\/\/gentedebasquet.com.ar\/sitio\/#website"},"primaryImageOfPage":{"@id":"http:\/\/gentedebasquet.com.ar\/sitio\/2015\/12\/18\/ya-se-acerca-noche-buena\/#primaryimage"},"image":{"@id":"http:\/\/gentedebasquet.com.ar\/sitio\/2015\/12\/18\/ya-se-acerca-noche-buena\/#primaryimage"},"thumbnailUrl":"https:\/\/gentedebasquet.com.ar\/sitio\/wp-content\/uploads\/2015\/12\/Liniers-Villa-Mitre-Renzi.jpg","datePublished":"2015-12-18T04:00:45+00:00","author":{"@id":"https:\/\/gentedebasquet.com.ar\/sitio\/#\/schema\/person\/ca0b63bbb977369988a7bbbdc519943a"},"breadcrumb":{"@id":"http:\/\/gentedebasquet.com.ar\/sitio\/2015\/12\/18\/ya-se-acerca-noche-buena\/#breadcrumb"},"inLanguage":"es","potentialAction":[{"@type":"ReadAction","target":["http:\/\/gentedebasquet.com.ar\/sitio\/2015\/12\/18\/ya-se-acerca-noche-buena\/"]}]},{"@type":"ImageObject","inLanguage":"es","@id":"http:\/\/gentedebasquet.com.ar\/sitio\/2015\/12\/18\/ya-se-acerca-noche-buena\/#primaryimage","url":"https:\/\/gentedebasquet.com.ar\/sitio\/wp-content\/uploads\/2015\/12\/Liniers-Villa-Mitre-Renzi.jpg","contentUrl":"https:\/\/gentedebasquet.com.ar\/sitio\/wp-content\/uploads\/2015\/12\/Liniers-Villa-Mitre-Renzi.jpg","width":690,"height":319},{"@type":"BreadcrumbList","@id":"http:\/\/gentedebasquet.com.ar\/sitio\/2015\/12\/18\/ya-se-acerca-noche-buena\/#breadcrumb","itemListElement":[{"@type":"ListItem","position":1,"name":"Portada","item":"https:\/\/gentedebasquet.com.ar\/sitio\/"},{"@type":"ListItem","position":2,"name":"Ya se acerca noche buena&#8230;"}]},{"@type":"WebSite","@id":"https:\/\/gentedebasquet.com.ar\/sitio\/#website","url":"https:\/\/gentedebasquet.com.ar\/sitio\/","name":"Gente de B\u00e1squet","description":"La revista del basquet de Bah\u00eda Blanca","potentialAction":[{"@type":"SearchAction","target":{"@type":"EntryPoint","urlTemplate":"https:\/\/gentedebasquet.com.ar\/sitio\/?s={search_term_string}"},"query-input":{"@type":"PropertyValueSpecification","valueRequired":true,"valueName":"search_term_string"}}],"inLanguage":"es"},{"@type":"Person","@id":"https:\/\/gentedebasquet.com.ar\/sitio\/#\/schema\/person\/ca0b63bbb977369988a7bbbdc519943a","name":"Gente de B\u00e1squet","image":{"@type":"ImageObject","inLanguage":"es","@id":"https:\/\/secure.gravatar.com\/avatar\/7f2c48bdc33b30088f941fb6082e555f2874c98e20cb159d7b92b50eadfce793?s=96&d=mm&r=g","url":"https:\/\/secure.gravatar.com\/avatar\/7f2c48bdc33b30088f941fb6082e555f2874c98e20cb159d7b92b50eadfce793?s=96&d=mm&r=g","contentUrl":"https:\/\/secure.gravatar.com\/avatar\/7f2c48bdc33b30088f941fb6082e555f2874c98e20cb159d7b92b50eadfce793?s=96&d=mm&r=g","caption":"Gente de B\u00e1squet"},"sameAs":["http:\/\/gentedebasquet.com.ar\/sitio"],"url":"https:\/\/gentedebasquet.com.ar\/sitio\/author\/ulises\/"}]}},"_links":{"self":[{"href":"https:\/\/gentedebasquet.com.ar\/sitio\/wp-json\/wp\/v2\/posts\/55272","targetHints":{"allow":["GET"]}}],"collection":[{"href":"https:\/\/gentedebasquet.com.ar\/sitio\/wp-json\/wp\/v2\/posts"}],"about":[{"href":"https:\/\/gentedebasquet.com.ar\/sitio\/wp-json\/wp\/v2\/types\/post"}],"author":[{"embeddable":true,"href":"https:\/\/gentedebasquet.com.ar\/sitio\/wp-json\/wp\/v2\/users\/1"}],"replies":[{"embeddable":true,"href":"https:\/\/gentedebasquet.com.ar\/sitio\/wp-json\/wp\/v2\/comments?post=55272"}],"version-history":[{"count":0,"href":"https:\/\/gentedebasquet.com.ar\/sitio\/wp-json\/wp\/v2\/posts\/55272\/revisions"}],"wp:featuredmedia":[{"embeddable":true,"href":"https:\/\/gentedebasquet.com.ar\/sitio\/wp-json\/wp\/v2\/media\/55276"}],"wp:attachment":[{"href":"https:\/\/gentedebasquet.com.ar\/sitio\/wp-json\/wp\/v2\/media?parent=55272"}],"wp:term":[{"taxonomy":"category","embeddable":true,"href":"https:\/\/gentedebasquet.com.ar\/sitio\/wp-json\/wp\/v2\/categories?post=55272"},{"taxonomy":"post_tag","embeddable":true,"href":"https:\/\/gentedebasquet.com.ar\/sitio\/wp-json\/wp\/v2\/tags?post=55272"}],"curies":[{"name":"wp","href":"https:\/\/api.w.org\/{rel}","templated":true}]}}