{"id":55341,"date":"2015-12-19T20:51:10","date_gmt":"2015-12-19T23:51:10","guid":{"rendered":"http:\/\/www.gentedebasquet.com.ar\/?p=55341"},"modified":"2015-12-19T20:51:10","modified_gmt":"2015-12-19T23:51:10","slug":"toco-las-violas-del-triunfo","status":"publish","type":"post","link":"https:\/\/gentedebasquet.com.ar\/sitio\/2015\/12\/19\/toco-las-violas-del-triunfo\/","title":{"rendered":"Toc\u00f3 las Violas del triunfo"},"content":{"rendered":"<p><b>En un partido de goleo bajo, Independiente derrot\u00f3 en el Hermanos Barral a 9 De Julio por 44-28 y se consagr\u00f3 <a href=\"http:\/\/www.gentedebasquet.com.ar\/primera-femenino-posiciones-3\/\" target=\"_blank\" rel=\"noopener\">campe\u00f3n del torneo de Primera Divisi\u00f3n Femenino<\/a> por segunda vez en la historia. Tras 11 minutos desfavorables, el Viola mejor\u00f3 su imagen y tuvo dos cuartos arrasadores (2C y 3C) para lograr el quiebre del partido. Las destacadas del ganador fueron Bel\u00e9n Tombesi (18 &#8211; 1\/1 T3, 3\/5 TL y 11 rebotes), Nadia Vrizz (14 &#8211; 7\/11 T2) y Marianella Pye (6 &#8211; 3\/4 T2, 14 rebotes, 3 asistencias y 1 tapa). En el visitante, las de mejor rendimiento fueron Guillermina Rial (8 y 8 recobres) y Florencia Gorriti (6, 4 tableros, 2 recuperos y 1 tapa).<\/b><\/p>\n<p>Debido a un comienzo opaco e impreciso (0\/6 TC y 0\/2 TL, que a la postre iba a llevar a un cuarto de goleo bajo), la inauguraci\u00f3n del lum\u00ednico en el Hermanos Barral se hizo desear. Fue Vrizz (4 &#8211; 2\/4 T2), a falta de 7m10s, la que logr\u00f3 la primera conquista del partido. No obstante, pese a la baja efectividad de ambos (cerraron el 1C con 6\/30 TC y 1\/10 TL), fue el visitante el que logr\u00f3 \u00a0irse con una ventaja m\u00ednima al 2C tras un tiro libre convertido por Rial.<\/p>\n<p>El segundo chico fue un monologo del viola, porque la escuadra dirigida por Albiz\u00fa logr\u00f3 realizar un gran juego de pases (repartieron 4 asistencias) y anularon el juego ofensivo del visitante, releg\u00e1ndolo a obtener un magro porcentaje en sus tiros (0\/4 T3, 3\/9 T2 y 1\/2 TL). En ataque no fueron menos, y apostando a las sobresalientes actuaciones de Vrizz (10) y Tombesi (6 y 4 rebotes) sumados al trabajo silencioso de Pye (2, 4 rebotes y 2 asistencias), las de calle Italia lograron encontrar diferencia de doble digito (24-14) en el cierre del segmento.<\/p>\n<p>A la vuelta de los vestuarios, Independiente continu\u00f3 incrementando la brecha en el lum\u00ednico y lleg\u00f3 a sacar la m\u00e1xima del partido, que fue de 19 (35-16) a falta de 1m07s. Para ello, se apoy\u00f3 en la buena labor de Tombesi (5 con 2\/4 TC \u2013 incluido un triple \u2013 y 5 rebotes) y la eficacia que obtuvo en dobles (4\/10). Por su parte, 9 De Julio termin\u00f3 de hundirse en una crisis irremontable porque estuvo 7 minutos sin lograr una conversi\u00f3n de campo, sigui\u00f3 peleado con el aro (2\/14 TC) y el partido se le hizo, cada vez m\u00e1s, cuesta arriba.<\/p>\n<p>A pesar de ello, un triple de la U17 Carla Ru\u00edz para finalizar el 3C sumados a un parcial de 7-2, con puntos de Rial (5 \u2013 efectuando su \u00fanico triple de la noche en 6 intentos) y Florencia Gorriti, en el arranque del 4C achic\u00f3 la diferencia en el electr\u00f3nico (37-26) y esperanz\u00f3 al 9 con lograr una remontada. Sin embargo, una nueva aparici\u00f3n de Tombesi en ofensiva (sumando sus 5 puntos del cuarto de forma consecutiva) en conjunto con una sobresaliente tarea reboteadora de Pye en ambos tableros (baj\u00f3 4 defensivos y 5 ofensivos) terminaron de sentenciar el triunfo y la consagraci\u00f3n del viola en el Torneo de Primera Divisi\u00f3n Femenino.<\/p>\n<p><iframe loading=\"lazy\" src=\"https:\/\/www.youtube.com\/embed\/5lx_O0viW2k\" height=\"440\" width=\"640\" allowfullscreen=\"\" frameborder=\"0\"><\/iframe><\/p>\n<p>&nbsp;<\/p>\n<p><b>S\u00edntesis |<\/b>\u00a0Primera Femenino \u2013 Segundo Tramo \u2013 Fecha #12<\/p>\n<p><b>Independiente 44:<\/b> Sof\u00eda Bailetti 0, Josefina Calvento 4, Sol Sosa 0, Nadia Vrizz 14, Bel\u00e9n Tombesi 18 (FI); Marianella Leal 2, Marianella Pye 6, Julieta Brossard 0 y Victoria P\u00e9rez 0. <strong>DT:<\/strong> Viviana Albiz\u00fa.<\/p>\n<p><b>9 De Julio 28:<\/b> Guillermina Rial 8, Nerina Franco 3, Nancy Elizondo 2, Florencia Gorriti 6, Julieta Prieto 4 (FI); Carolina Arro 2, Carla Ru\u00edz 3, Magdalena Gorriti 0 e Ivana L\u00f3pez 0. <strong>DT:<\/strong> Luciano Deminicis.<\/p>\n<p><b>Parciales:<\/b> 6-7, 24-14 (18-7), 35-19 (11-5) y 44-28 (9-9).<\/p>\n<p><b>\u00c1rbitros:<\/b> Sebasti\u00e1n Giannino \u2013 Lu\u00eds Blanco.<\/p>\n<p><b>Estadio:<\/b> Ra\u00fal y N\u00e9stor Barral (Independiente).<\/p>\n<p><a class=\"modalf iframe\" title=\"Planilla\" href=\"https:\/\/docs.google.com\/spreadsheets\/d\/1hdum7FJ1j5Jp7TOocKIPzdzzviDw34Kd-jlAJ9brMcQ\/pubhtml\" target=\"_blank\" rel=\"noopener\">Ver Planilla<\/a><\/p>\n<p><b>Fotos:<\/b> Mauro Giovannini.<\/p>\n","protected":false},"excerpt":{"rendered":"<p>Independiente venci\u00f3 a 9 de Julio y se coron\u00f3 campe\u00f3n por 2da vez en la historia<\/p>\n","protected":false},"author":1,"featured_media":55362,"comment_status":"closed","ping_status":"open","sticky":false,"template":"","format":"standard","meta":{"jnews-multi-image_gallery":[],"jnews_single_post":[],"jnews_primary_category":[],"footnotes":""},"categories":[33,526,101],"tags":[2,12,731],"class_list":["post-55341","post","type-post","status-publish","format-standard","has-post-thumbnail","hentry","category-femenino","category-primera-femenino-2","category-slide","tag-9dejulio","tag-independiente","tag-viviana-albizu"],"yoast_head":"<!-- This site is optimized with the Yoast SEO plugin v27.5 - https:\/\/yoast.com\/product\/yoast-seo-wordpress\/ -->\n<title>Toc\u00f3 las Violas del triunfo - Gente de B\u00e1squet<\/title>\n<meta name=\"robots\" content=\"index, follow, max-snippet:-1, max-image-preview:large, max-video-preview:-1\" \/>\n<link rel=\"canonical\" href=\"https:\/\/gentedebasquet.com.ar\/sitio\/2015\/12\/19\/toco-las-violas-del-triunfo\/\" \/>\n<meta property=\"og:locale\" content=\"es_ES\" \/>\n<meta property=\"og:type\" content=\"article\" \/>\n<meta property=\"og:title\" content=\"Toc\u00f3 las Violas del triunfo - Gente de B\u00e1squet\" \/>\n<meta property=\"og:description\" content=\"Independiente venci\u00f3 a 9 de Julio y se coron\u00f3 campe\u00f3n por 2da vez en la historia\" \/>\n<meta property=\"og:url\" content=\"https:\/\/gentedebasquet.com.ar\/sitio\/2015\/12\/19\/toco-las-violas-del-triunfo\/\" \/>\n<meta property=\"og:site_name\" content=\"Gente de B\u00e1squet\" \/>\n<meta property=\"article:published_time\" content=\"2015-12-19T23:51:10+00:00\" \/>\n<meta property=\"og:image\" content=\"https:\/\/gentedebasquet.com.ar\/sitio\/wp-content\/uploads\/2015\/12\/Independiente1.jpg\" \/>\n\t<meta property=\"og:image:width\" content=\"690\" \/>\n\t<meta property=\"og:image:height\" content=\"319\" \/>\n\t<meta property=\"og:image:type\" content=\"image\/jpeg\" \/>\n<meta name=\"author\" content=\"Gente de B\u00e1squet\" \/>\n<meta name=\"twitter:card\" content=\"summary_large_image\" \/>\n<meta name=\"twitter:label1\" content=\"Escrito por\" \/>\n\t<meta name=\"twitter:data1\" content=\"Gente de B\u00e1squet\" \/>\n\t<meta name=\"twitter:label2\" content=\"Tiempo de lectura\" \/>\n\t<meta name=\"twitter:data2\" content=\"3 minutos\" \/>\n<script type=\"application\/ld+json\" class=\"yoast-schema-graph\">{\"@context\":\"https:\\\/\\\/schema.org\",\"@graph\":[{\"@type\":\"Article\",\"@id\":\"https:\\\/\\\/gentedebasquet.com.ar\\\/sitio\\\/2015\\\/12\\\/19\\\/toco-las-violas-del-triunfo\\\/#article\",\"isPartOf\":{\"@id\":\"https:\\\/\\\/gentedebasquet.com.ar\\\/sitio\\\/2015\\\/12\\\/19\\\/toco-las-violas-del-triunfo\\\/\"},\"author\":{\"name\":\"Gente de B\u00e1squet\",\"@id\":\"https:\\\/\\\/gentedebasquet.com.ar\\\/sitio\\\/#\\\/schema\\\/person\\\/ca0b63bbb977369988a7bbbdc519943a\"},\"headline\":\"Toc\u00f3 las Violas del triunfo\",\"datePublished\":\"2015-12-19T23:51:10+00:00\",\"mainEntityOfPage\":{\"@id\":\"https:\\\/\\\/gentedebasquet.com.ar\\\/sitio\\\/2015\\\/12\\\/19\\\/toco-las-violas-del-triunfo\\\/\"},\"wordCount\":582,\"image\":{\"@id\":\"https:\\\/\\\/gentedebasquet.com.ar\\\/sitio\\\/2015\\\/12\\\/19\\\/toco-las-violas-del-triunfo\\\/#primaryimage\"},\"thumbnailUrl\":\"https:\\\/\\\/gentedebasquet.com.ar\\\/sitio\\\/wp-content\\\/uploads\\\/2015\\\/12\\\/Independiente1.jpg\",\"keywords\":[\"9 de Julio\",\"independiente\",\"Viviana Albizu\"],\"articleSection\":[\"Femenino\",\"Primera Femenino\",\"Slide\"],\"inLanguage\":\"es\"},{\"@type\":\"WebPage\",\"@id\":\"https:\\\/\\\/gentedebasquet.com.ar\\\/sitio\\\/2015\\\/12\\\/19\\\/toco-las-violas-del-triunfo\\\/\",\"url\":\"https:\\\/\\\/gentedebasquet.com.ar\\\/sitio\\\/2015\\\/12\\\/19\\\/toco-las-violas-del-triunfo\\\/\",\"name\":\"Toc\u00f3 las Violas del triunfo - Gente de B\u00e1squet\",\"isPartOf\":{\"@id\":\"https:\\\/\\\/gentedebasquet.com.ar\\\/sitio\\\/#website\"},\"primaryImageOfPage\":{\"@id\":\"https:\\\/\\\/gentedebasquet.com.ar\\\/sitio\\\/2015\\\/12\\\/19\\\/toco-las-violas-del-triunfo\\\/#primaryimage\"},\"image\":{\"@id\":\"https:\\\/\\\/gentedebasquet.com.ar\\\/sitio\\\/2015\\\/12\\\/19\\\/toco-las-violas-del-triunfo\\\/#primaryimage\"},\"thumbnailUrl\":\"https:\\\/\\\/gentedebasquet.com.ar\\\/sitio\\\/wp-content\\\/uploads\\\/2015\\\/12\\\/Independiente1.jpg\",\"datePublished\":\"2015-12-19T23:51:10+00:00\",\"author\":{\"@id\":\"https:\\\/\\\/gentedebasquet.com.ar\\\/sitio\\\/#\\\/schema\\\/person\\\/ca0b63bbb977369988a7bbbdc519943a\"},\"breadcrumb\":{\"@id\":\"https:\\\/\\\/gentedebasquet.com.ar\\\/sitio\\\/2015\\\/12\\\/19\\\/toco-las-violas-del-triunfo\\\/#breadcrumb\"},\"inLanguage\":\"es\",\"potentialAction\":[{\"@type\":\"ReadAction\",\"target\":[\"https:\\\/\\\/gentedebasquet.com.ar\\\/sitio\\\/2015\\\/12\\\/19\\\/toco-las-violas-del-triunfo\\\/\"]}]},{\"@type\":\"ImageObject\",\"inLanguage\":\"es\",\"@id\":\"https:\\\/\\\/gentedebasquet.com.ar\\\/sitio\\\/2015\\\/12\\\/19\\\/toco-las-violas-del-triunfo\\\/#primaryimage\",\"url\":\"https:\\\/\\\/gentedebasquet.com.ar\\\/sitio\\\/wp-content\\\/uploads\\\/2015\\\/12\\\/Independiente1.jpg\",\"contentUrl\":\"https:\\\/\\\/gentedebasquet.com.ar\\\/sitio\\\/wp-content\\\/uploads\\\/2015\\\/12\\\/Independiente1.jpg\",\"width\":690,\"height\":319},{\"@type\":\"BreadcrumbList\",\"@id\":\"https:\\\/\\\/gentedebasquet.com.ar\\\/sitio\\\/2015\\\/12\\\/19\\\/toco-las-violas-del-triunfo\\\/#breadcrumb\",\"itemListElement\":[{\"@type\":\"ListItem\",\"position\":1,\"name\":\"Portada\",\"item\":\"https:\\\/\\\/gentedebasquet.com.ar\\\/sitio\\\/\"},{\"@type\":\"ListItem\",\"position\":2,\"name\":\"Toc\u00f3 las Violas del triunfo\"}]},{\"@type\":\"WebSite\",\"@id\":\"https:\\\/\\\/gentedebasquet.com.ar\\\/sitio\\\/#website\",\"url\":\"https:\\\/\\\/gentedebasquet.com.ar\\\/sitio\\\/\",\"name\":\"Gente de B\u00e1squet\",\"description\":\"La revista del basquet de Bah\u00eda Blanca\",\"potentialAction\":[{\"@type\":\"SearchAction\",\"target\":{\"@type\":\"EntryPoint\",\"urlTemplate\":\"https:\\\/\\\/gentedebasquet.com.ar\\\/sitio\\\/?s={search_term_string}\"},\"query-input\":{\"@type\":\"PropertyValueSpecification\",\"valueRequired\":true,\"valueName\":\"search_term_string\"}}],\"inLanguage\":\"es\"},{\"@type\":\"Person\",\"@id\":\"https:\\\/\\\/gentedebasquet.com.ar\\\/sitio\\\/#\\\/schema\\\/person\\\/ca0b63bbb977369988a7bbbdc519943a\",\"name\":\"Gente de B\u00e1squet\",\"image\":{\"@type\":\"ImageObject\",\"inLanguage\":\"es\",\"@id\":\"https:\\\/\\\/secure.gravatar.com\\\/avatar\\\/7f2c48bdc33b30088f941fb6082e555f2874c98e20cb159d7b92b50eadfce793?s=96&d=mm&r=g\",\"url\":\"https:\\\/\\\/secure.gravatar.com\\\/avatar\\\/7f2c48bdc33b30088f941fb6082e555f2874c98e20cb159d7b92b50eadfce793?s=96&d=mm&r=g\",\"contentUrl\":\"https:\\\/\\\/secure.gravatar.com\\\/avatar\\\/7f2c48bdc33b30088f941fb6082e555f2874c98e20cb159d7b92b50eadfce793?s=96&d=mm&r=g\",\"caption\":\"Gente de B\u00e1squet\"},\"sameAs\":[\"http:\\\/\\\/gentedebasquet.com.ar\\\/sitio\"],\"url\":\"https:\\\/\\\/gentedebasquet.com.ar\\\/sitio\\\/author\\\/ulises\\\/\"}]}<\/script>\n<!-- \/ Yoast SEO plugin. -->","yoast_head_json":{"title":"Toc\u00f3 las Violas del triunfo - Gente de B\u00e1squet","robots":{"index":"index","follow":"follow","max-snippet":"max-snippet:-1","max-image-preview":"max-image-preview:large","max-video-preview":"max-video-preview:-1"},"canonical":"https:\/\/gentedebasquet.com.ar\/sitio\/2015\/12\/19\/toco-las-violas-del-triunfo\/","og_locale":"es_ES","og_type":"article","og_title":"Toc\u00f3 las Violas del triunfo - Gente de B\u00e1squet","og_description":"Independiente venci\u00f3 a 9 de Julio y se coron\u00f3 campe\u00f3n por 2da vez en la historia","og_url":"https:\/\/gentedebasquet.com.ar\/sitio\/2015\/12\/19\/toco-las-violas-del-triunfo\/","og_site_name":"Gente de B\u00e1squet","article_published_time":"2015-12-19T23:51:10+00:00","og_image":[{"width":690,"height":319,"url":"https:\/\/gentedebasquet.com.ar\/sitio\/wp-content\/uploads\/2015\/12\/Independiente1.jpg","type":"image\/jpeg"}],"author":"Gente de B\u00e1squet","twitter_card":"summary_large_image","twitter_misc":{"Escrito por":"Gente de B\u00e1squet","Tiempo de lectura":"3 minutos"},"schema":{"@context":"https:\/\/schema.org","@graph":[{"@type":"Article","@id":"https:\/\/gentedebasquet.com.ar\/sitio\/2015\/12\/19\/toco-las-violas-del-triunfo\/#article","isPartOf":{"@id":"https:\/\/gentedebasquet.com.ar\/sitio\/2015\/12\/19\/toco-las-violas-del-triunfo\/"},"author":{"name":"Gente de B\u00e1squet","@id":"https:\/\/gentedebasquet.com.ar\/sitio\/#\/schema\/person\/ca0b63bbb977369988a7bbbdc519943a"},"headline":"Toc\u00f3 las Violas del triunfo","datePublished":"2015-12-19T23:51:10+00:00","mainEntityOfPage":{"@id":"https:\/\/gentedebasquet.com.ar\/sitio\/2015\/12\/19\/toco-las-violas-del-triunfo\/"},"wordCount":582,"image":{"@id":"https:\/\/gentedebasquet.com.ar\/sitio\/2015\/12\/19\/toco-las-violas-del-triunfo\/#primaryimage"},"thumbnailUrl":"https:\/\/gentedebasquet.com.ar\/sitio\/wp-content\/uploads\/2015\/12\/Independiente1.jpg","keywords":["9 de Julio","independiente","Viviana Albizu"],"articleSection":["Femenino","Primera Femenino","Slide"],"inLanguage":"es"},{"@type":"WebPage","@id":"https:\/\/gentedebasquet.com.ar\/sitio\/2015\/12\/19\/toco-las-violas-del-triunfo\/","url":"https:\/\/gentedebasquet.com.ar\/sitio\/2015\/12\/19\/toco-las-violas-del-triunfo\/","name":"Toc\u00f3 las Violas del triunfo - Gente de B\u00e1squet","isPartOf":{"@id":"https:\/\/gentedebasquet.com.ar\/sitio\/#website"},"primaryImageOfPage":{"@id":"https:\/\/gentedebasquet.com.ar\/sitio\/2015\/12\/19\/toco-las-violas-del-triunfo\/#primaryimage"},"image":{"@id":"https:\/\/gentedebasquet.com.ar\/sitio\/2015\/12\/19\/toco-las-violas-del-triunfo\/#primaryimage"},"thumbnailUrl":"https:\/\/gentedebasquet.com.ar\/sitio\/wp-content\/uploads\/2015\/12\/Independiente1.jpg","datePublished":"2015-12-19T23:51:10+00:00","author":{"@id":"https:\/\/gentedebasquet.com.ar\/sitio\/#\/schema\/person\/ca0b63bbb977369988a7bbbdc519943a"},"breadcrumb":{"@id":"https:\/\/gentedebasquet.com.ar\/sitio\/2015\/12\/19\/toco-las-violas-del-triunfo\/#breadcrumb"},"inLanguage":"es","potentialAction":[{"@type":"ReadAction","target":["https:\/\/gentedebasquet.com.ar\/sitio\/2015\/12\/19\/toco-las-violas-del-triunfo\/"]}]},{"@type":"ImageObject","inLanguage":"es","@id":"https:\/\/gentedebasquet.com.ar\/sitio\/2015\/12\/19\/toco-las-violas-del-triunfo\/#primaryimage","url":"https:\/\/gentedebasquet.com.ar\/sitio\/wp-content\/uploads\/2015\/12\/Independiente1.jpg","contentUrl":"https:\/\/gentedebasquet.com.ar\/sitio\/wp-content\/uploads\/2015\/12\/Independiente1.jpg","width":690,"height":319},{"@type":"BreadcrumbList","@id":"https:\/\/gentedebasquet.com.ar\/sitio\/2015\/12\/19\/toco-las-violas-del-triunfo\/#breadcrumb","itemListElement":[{"@type":"ListItem","position":1,"name":"Portada","item":"https:\/\/gentedebasquet.com.ar\/sitio\/"},{"@type":"ListItem","position":2,"name":"Toc\u00f3 las Violas del triunfo"}]},{"@type":"WebSite","@id":"https:\/\/gentedebasquet.com.ar\/sitio\/#website","url":"https:\/\/gentedebasquet.com.ar\/sitio\/","name":"Gente de B\u00e1squet","description":"La revista del basquet de Bah\u00eda Blanca","potentialAction":[{"@type":"SearchAction","target":{"@type":"EntryPoint","urlTemplate":"https:\/\/gentedebasquet.com.ar\/sitio\/?s={search_term_string}"},"query-input":{"@type":"PropertyValueSpecification","valueRequired":true,"valueName":"search_term_string"}}],"inLanguage":"es"},{"@type":"Person","@id":"https:\/\/gentedebasquet.com.ar\/sitio\/#\/schema\/person\/ca0b63bbb977369988a7bbbdc519943a","name":"Gente de B\u00e1squet","image":{"@type":"ImageObject","inLanguage":"es","@id":"https:\/\/secure.gravatar.com\/avatar\/7f2c48bdc33b30088f941fb6082e555f2874c98e20cb159d7b92b50eadfce793?s=96&d=mm&r=g","url":"https:\/\/secure.gravatar.com\/avatar\/7f2c48bdc33b30088f941fb6082e555f2874c98e20cb159d7b92b50eadfce793?s=96&d=mm&r=g","contentUrl":"https:\/\/secure.gravatar.com\/avatar\/7f2c48bdc33b30088f941fb6082e555f2874c98e20cb159d7b92b50eadfce793?s=96&d=mm&r=g","caption":"Gente de B\u00e1squet"},"sameAs":["http:\/\/gentedebasquet.com.ar\/sitio"],"url":"https:\/\/gentedebasquet.com.ar\/sitio\/author\/ulises\/"}]}},"_links":{"self":[{"href":"https:\/\/gentedebasquet.com.ar\/sitio\/wp-json\/wp\/v2\/posts\/55341","targetHints":{"allow":["GET"]}}],"collection":[{"href":"https:\/\/gentedebasquet.com.ar\/sitio\/wp-json\/wp\/v2\/posts"}],"about":[{"href":"https:\/\/gentedebasquet.com.ar\/sitio\/wp-json\/wp\/v2\/types\/post"}],"author":[{"embeddable":true,"href":"https:\/\/gentedebasquet.com.ar\/sitio\/wp-json\/wp\/v2\/users\/1"}],"replies":[{"embeddable":true,"href":"https:\/\/gentedebasquet.com.ar\/sitio\/wp-json\/wp\/v2\/comments?post=55341"}],"version-history":[{"count":0,"href":"https:\/\/gentedebasquet.com.ar\/sitio\/wp-json\/wp\/v2\/posts\/55341\/revisions"}],"wp:featuredmedia":[{"embeddable":true,"href":"https:\/\/gentedebasquet.com.ar\/sitio\/wp-json\/wp\/v2\/media\/55362"}],"wp:attachment":[{"href":"https:\/\/gentedebasquet.com.ar\/sitio\/wp-json\/wp\/v2\/media?parent=55341"}],"wp:term":[{"taxonomy":"category","embeddable":true,"href":"https:\/\/gentedebasquet.com.ar\/sitio\/wp-json\/wp\/v2\/categories?post=55341"},{"taxonomy":"post_tag","embeddable":true,"href":"https:\/\/gentedebasquet.com.ar\/sitio\/wp-json\/wp\/v2\/tags?post=55341"}],"curies":[{"name":"wp","href":"https:\/\/api.w.org\/{rel}","templated":true}]}}