{"id":55446,"date":"2015-12-21T18:02:46","date_gmt":"2015-12-21T21:02:46","guid":{"rendered":"http:\/\/www.gentedebasquet.com.ar\/?p=55446"},"modified":"2015-12-21T18:02:46","modified_gmt":"2015-12-21T21:02:46","slug":"el-albo-no-dejo-dudas","status":"publish","type":"post","link":"https:\/\/gentedebasquet.com.ar\/sitio\/2015\/12\/21\/el-albo-no-dejo-dudas\/","title":{"rendered":"El Albo no dej\u00f3 dudas"},"content":{"rendered":"<p><b>Estudiantes comenz\u00f3 las finales de U15 BIS derrotando contundentemente a Pac\u00edfico por 89-55. El equipo ganador fue avasallador y domin\u00f3 el tr\u00e1mite del partido durante los 40 minutos para jam\u00e1s ver peligrar su victoria. Albano Rosso fue la figura del albo al sumar 18 puntos (9\/12 T2), 5 recuperos, 3 asistencias y 2 tapas. Otros destacados en el local fueron Federico Hipperdinger (14 &#8211; 4\/8 TL &#8211; y 6 tableros), Tom\u00e1s Rolheiser (10 &#8211; 5\/8 T2), Guillermo Bonzini (10 &#8211; 4\/7 T2) y Lucas Ribes (9, 4 asistencias y 4 tapas). En el verde, los \u00fanicos en superar la barrera del doble digito fueron Germ\u00e1n Gonz\u00e1lez (16 &#8211; 4\/5 T2, 8\/12 TL) y Juan Mar\u00eda Schestel (11 &#8211; 1\/1 T3, 3\/6 T2).<\/b><\/p>\n<p>A Estudiantes solamente le cost\u00f3 dos minutos destrabar el partido. Una vez que lo hizo, impuso condiciones y domin\u00f3 las acciones a gusto y placer para encontrar ventaja de doble digito (11-1) a falta de 4m37s. M\u00e1s a\u00fan, con una buena tarea de Rosso en la recuperaci\u00f3n de la bola para cambiarla por puntos f\u00e1ciles (6 y 3 recuperos) en conjunto con la b\u00fasqueda constante de Rolheiser (recibi\u00f3 3 asistencias y totaliz\u00f3 10 &#8211; 5\/7 T2 &#8211; en el 1C), el aporte ofensivo de Hipperdinger (4) y el mal manejo de bal\u00f3n por parte de Pac\u00edfico (11 perdidas), el albo sac\u00f3 mayor diferencia sobre el final del segmento (22-9). Cabe destacar que Germ\u00e1n Gonz\u00e1lez fue el m\u00e1s sobresaliente del verde sumando 7 de los 9 puntos (3\/4 T2 y 1\/2TL).<\/p>\n<p>S\u00ed bien Pac\u00edfico tuvo un buen arranque de 2C y, parcial mediante de 0-3 con puntos de Schestel (9 de los 13 &#8211; 1\/1 T3, 2\/4 T2, 2\/4 TL), logr\u00f3 ponerse a 10 (22-12), jam\u00e1s pudo plasmar una idea de juego clara y el local se lo hizo sentir. Es que el recambi\u00f3 obligatorio de los 5 iniciales, le otorg\u00f3 versatilidad en ofensiva para realizar un gran juego de pases (7 asistencias) y eficacia a la hora de atacar el aro (10\/19 TC). Adem\u00e1s, con el goleo de Bonzini (7 &#8211; 3\/6 T2), Agust\u00edn Alonso (5), Ribes (5 &#8211; 2\/3 T2, 1\/2 TL) y Lucero (4 \u2013 2\/4 T2) m\u00e1s las imprecisos del verde en el traslado de la bola (13 perdidas en el 2C), la escuadra de Vul se permiti\u00f3 gozar de una ventaja de m\u00e1s de 20 puntos camino a los vestuarios.<\/p>\n<p>Con una diferencia tan amplia en el marcador no hubo existencia de una segunda parte, debido a que el local sigui\u00f3 con su supremac\u00eda y borr\u00f3 al verde de la cancha. Con las actuaciones de Rosso (8 &#8211; 2\/6 T2 &#8211; 2 tapas y 2 recuperos) e Hipperdinger (4 &#8211; 2\/4 TL), Estudiantes acrecent\u00f3 la brecha en el electr\u00f3nico sacando una diferencia de m\u00e1s de 30 puntos al finalizar el 3C (66-35). No obstante, con 7 minutos transcurridos del 4C, la escuadra de calle Santa Fe supo alcanzar su techo en una m\u00e1xima de 41 (84-43\/86-45). Para ello, se apoy\u00f3 en las buenas tareas de Hipperdinger (6 &#8211; 3\/4 T2), Rosso (4 -2\/2 T2), Santiago Alonso (4 &#8211; 2\/3 T2) y Ribes (4, 2 asistencias y 4 tapas). Sobre el final, los puntos de Gonz\u00e1lez (7 \u2013 1\/1 T2, 5\/6 TL), Blanco (6) y Redivo (4 \u2013 1\/1 T3, 1\/2 TL) para Pac\u00edfico terminaron de cerrar y \u00a0decorar el marcador final.<\/p>\n<p>De esta manera, ambos equipos volver\u00e1n a verse las caras el d\u00eda Mi\u00e9rcoles 23 en el William Harding Green para jugar el segundo compromiso de las finales de Infantiles BIS. De repetir el albo, se consagrara campe\u00f3n. Caso contrario, Pac\u00edfico estirara la serie y llevara la definici\u00f3n a un tercer partido en el Osvaldo Casanova.<\/p>\n<p><iframe loading=\"lazy\" width=\"640\" height=\"420\" src=\"https:\/\/www.youtube.com\/embed\/X1fIDoF8Cl0\" frameborder=\"0\" allowfullscreen><\/iframe><\/p>\n<p>&nbsp;<\/p>\n<p><b>S\u00edntesis |\u00a0<\/b>U15 \u201cB\u201d \u2013 Final \u2013 Juego #1<\/p>\n<p><b>Estudiantes \u201cB\u201d 89:<\/b> Albano Rosso 18, Jer\u00f3nimo Mart\u00ednez 0, Juli\u00e1n Sabattini 8, Tom\u00e1s Rolheiser 10, Federico Hipperdinger 14 (FI); Agust\u00edn Alonso 7, Ezequiel Mart\u00ednez 0, Tom\u00e1s Lucero 6, Lucas Ribes 9, Santiago Alonso 6 y Guillermo Bonzini 10. <strong>DT:<\/strong> Ignacio Vul.<\/p>\n<p><b>Pac\u00edfico \u201cB\u201d 55:<\/b> Juan Cruz Redivo 8, Gonzalo Riquelme 2, Andre Matz 0, Lautaro Cabrera 0, Germ\u00e1n Gonz\u00e1lez 16 (FI); Nahuel Olivera 4, Juan Mar\u00eda Schestel 11, Mariano Riquelme 2, Emanuel Blanco 7 y Agust\u00edn S\u00e1nchez 5. <strong>DT:<\/strong> Mauro Richotti.<\/p>\n<p><b>Parciales:<\/b> 22-9, 45-22 (23-13), 66-35 (21-13) y 89-55 (23-20).<\/p>\n<p><b>\u00c1rbitros:<\/b> Mauro Reyes \u2013 Jorge Blanco \u2013 Lisandro Pardo.<\/p>\n<p><b>Estadio:<\/b> Osvaldo Casanova (Estudiantes).<\/p>\n<p><a class=\"modalf iframe\" title=\"Planilla\" href=\"https:\/\/docs.google.com\/spreadsheets\/d\/1pkxwC8gANR7Dx4HOu8H7a9pbqCbuFSGnImMZJbe19r0\/pubhtml\" target=\"_blank\" rel=\"noopener\">Ver Planilla<\/a><\/p>\n<p><b>Serie:<\/b> Estudiantes, 1-0.<\/p>\n<p><b>Juego #2:<\/b> Mi\u00e9rcoles 23 a las 18.30 en Pacifico.<\/p>\n<p><b>Fotos:<\/b> Mauro Giovannini.<\/p>\n<p>&nbsp;<\/p>\n<h6 style=\"text-align: center;\">ESTUDIANTES U15 B<\/h6>\n<p><a href=\"http:\/\/www.gentedebasquet.com.ar\/wp-content\/uploads\/2015\/12\/Estudiantes-U15-B.jpg\"><img decoding=\"async\" class=\"aligncenter size-full wp-image-55431\" alt=\"Estudiantes U15 B\" src=\"http:\/\/www.gentedebasquet.com.ar\/wp-content\/uploads\/2015\/12\/Estudiantes-U15-B.jpg\" width=\"640\" height=\"460\" srcset=\"https:\/\/gentedebasquet.com.ar\/sitio\/wp-content\/uploads\/2015\/12\/Estudiantes-U15-B.jpg 640w, https:\/\/gentedebasquet.com.ar\/sitio\/wp-content\/uploads\/2015\/12\/Estudiantes-U15-B-300x216.jpg 300w\" sizes=\"(max-width: 640px) 100vw, 640px\" \/><\/a><\/p>\n<h6 style=\"text-align: center;\">PAC\u00cdFICO U15 B<\/h6>\n<p><a href=\"http:\/\/www.gentedebasquet.com.ar\/wp-content\/uploads\/2015\/12\/Pac\u00edfico-U15-B.jpg\"><img decoding=\"async\" class=\"aligncenter size-full wp-image-55432\" alt=\"Pac\u00edfico U15 B\" src=\"http:\/\/www.gentedebasquet.com.ar\/wp-content\/uploads\/2015\/12\/Pac\u00edfico-U15-B.jpg\" width=\"640\" height=\"460\" \/><\/a><\/p>\n","protected":false},"excerpt":{"rendered":"<p>Estudiantes derrot\u00f3 a Pac\u00edfico por 89 a 55 en el inicio de las finales de U15 Bis<\/p>\n","protected":false},"author":1,"featured_media":55430,"comment_status":"closed","ping_status":"open","sticky":false,"template":"","format":"standard","meta":{"jnews-multi-image_gallery":[],"jnews_single_post":[],"jnews_primary_category":[],"footnotes":""},"categories":[101,27],"tags":[11,17],"class_list":["post-55446","post","type-post","status-publish","format-standard","has-post-thumbnail","hentry","category-slide","category-u15","tag-estudiantes","tag-pacifico"],"yoast_head":"<!-- This site is optimized with the Yoast SEO plugin v27.5 - https:\/\/yoast.com\/product\/yoast-seo-wordpress\/ -->\n<title>El Albo no dej\u00f3 dudas - Gente de B\u00e1squet<\/title>\n<meta name=\"robots\" content=\"index, follow, max-snippet:-1, max-image-preview:large, max-video-preview:-1\" \/>\n<link rel=\"canonical\" href=\"http:\/\/gentedebasquet.com.ar\/sitio\/2015\/12\/21\/el-albo-no-dejo-dudas\/\" \/>\n<meta property=\"og:locale\" content=\"es_ES\" \/>\n<meta property=\"og:type\" content=\"article\" \/>\n<meta property=\"og:title\" content=\"El Albo no dej\u00f3 dudas - Gente de B\u00e1squet\" \/>\n<meta property=\"og:description\" content=\"Estudiantes derrot\u00f3 a Pac\u00edfico por 89 a 55 en el inicio de las finales de U15 Bis\" \/>\n<meta property=\"og:url\" content=\"http:\/\/gentedebasquet.com.ar\/sitio\/2015\/12\/21\/el-albo-no-dejo-dudas\/\" \/>\n<meta property=\"og:site_name\" content=\"Gente de B\u00e1squet\" \/>\n<meta property=\"article:published_time\" content=\"2015-12-21T21:02:46+00:00\" \/>\n<meta property=\"og:image\" content=\"http:\/\/gentedebasquet.com.ar\/sitio\/wp-content\/uploads\/2015\/12\/Estudiantes-Pacifico-U15-B.jpg\" \/>\n\t<meta property=\"og:image:width\" content=\"690\" \/>\n\t<meta property=\"og:image:height\" content=\"319\" \/>\n\t<meta property=\"og:image:type\" content=\"image\/jpeg\" \/>\n<meta name=\"author\" content=\"Gente de B\u00e1squet\" \/>\n<meta name=\"twitter:card\" content=\"summary_large_image\" \/>\n<meta name=\"twitter:label1\" content=\"Escrito por\" \/>\n\t<meta name=\"twitter:data1\" content=\"Gente de B\u00e1squet\" \/>\n\t<meta name=\"twitter:label2\" content=\"Tiempo de lectura\" \/>\n\t<meta name=\"twitter:data2\" content=\"3 minutos\" \/>\n<script type=\"application\/ld+json\" class=\"yoast-schema-graph\">{\"@context\":\"https:\\\/\\\/schema.org\",\"@graph\":[{\"@type\":\"Article\",\"@id\":\"http:\\\/\\\/gentedebasquet.com.ar\\\/sitio\\\/2015\\\/12\\\/21\\\/el-albo-no-dejo-dudas\\\/#article\",\"isPartOf\":{\"@id\":\"http:\\\/\\\/gentedebasquet.com.ar\\\/sitio\\\/2015\\\/12\\\/21\\\/el-albo-no-dejo-dudas\\\/\"},\"author\":{\"name\":\"Gente de B\u00e1squet\",\"@id\":\"https:\\\/\\\/gentedebasquet.com.ar\\\/sitio\\\/#\\\/schema\\\/person\\\/ca0b63bbb977369988a7bbbdc519943a\"},\"headline\":\"El Albo no dej\u00f3 dudas\",\"datePublished\":\"2015-12-21T21:02:46+00:00\",\"mainEntityOfPage\":{\"@id\":\"http:\\\/\\\/gentedebasquet.com.ar\\\/sitio\\\/2015\\\/12\\\/21\\\/el-albo-no-dejo-dudas\\\/\"},\"wordCount\":696,\"image\":{\"@id\":\"http:\\\/\\\/gentedebasquet.com.ar\\\/sitio\\\/2015\\\/12\\\/21\\\/el-albo-no-dejo-dudas\\\/#primaryimage\"},\"thumbnailUrl\":\"https:\\\/\\\/gentedebasquet.com.ar\\\/sitio\\\/wp-content\\\/uploads\\\/2015\\\/12\\\/Estudiantes-Pacifico-U15-B.jpg\",\"keywords\":[\"Estudiantes\",\"Pacifico\"],\"articleSection\":[\"Slide\",\"U15\"],\"inLanguage\":\"es\"},{\"@type\":\"WebPage\",\"@id\":\"http:\\\/\\\/gentedebasquet.com.ar\\\/sitio\\\/2015\\\/12\\\/21\\\/el-albo-no-dejo-dudas\\\/\",\"url\":\"http:\\\/\\\/gentedebasquet.com.ar\\\/sitio\\\/2015\\\/12\\\/21\\\/el-albo-no-dejo-dudas\\\/\",\"name\":\"El Albo no dej\u00f3 dudas - Gente de B\u00e1squet\",\"isPartOf\":{\"@id\":\"https:\\\/\\\/gentedebasquet.com.ar\\\/sitio\\\/#website\"},\"primaryImageOfPage\":{\"@id\":\"http:\\\/\\\/gentedebasquet.com.ar\\\/sitio\\\/2015\\\/12\\\/21\\\/el-albo-no-dejo-dudas\\\/#primaryimage\"},\"image\":{\"@id\":\"http:\\\/\\\/gentedebasquet.com.ar\\\/sitio\\\/2015\\\/12\\\/21\\\/el-albo-no-dejo-dudas\\\/#primaryimage\"},\"thumbnailUrl\":\"https:\\\/\\\/gentedebasquet.com.ar\\\/sitio\\\/wp-content\\\/uploads\\\/2015\\\/12\\\/Estudiantes-Pacifico-U15-B.jpg\",\"datePublished\":\"2015-12-21T21:02:46+00:00\",\"author\":{\"@id\":\"https:\\\/\\\/gentedebasquet.com.ar\\\/sitio\\\/#\\\/schema\\\/person\\\/ca0b63bbb977369988a7bbbdc519943a\"},\"breadcrumb\":{\"@id\":\"http:\\\/\\\/gentedebasquet.com.ar\\\/sitio\\\/2015\\\/12\\\/21\\\/el-albo-no-dejo-dudas\\\/#breadcrumb\"},\"inLanguage\":\"es\",\"potentialAction\":[{\"@type\":\"ReadAction\",\"target\":[\"http:\\\/\\\/gentedebasquet.com.ar\\\/sitio\\\/2015\\\/12\\\/21\\\/el-albo-no-dejo-dudas\\\/\"]}]},{\"@type\":\"ImageObject\",\"inLanguage\":\"es\",\"@id\":\"http:\\\/\\\/gentedebasquet.com.ar\\\/sitio\\\/2015\\\/12\\\/21\\\/el-albo-no-dejo-dudas\\\/#primaryimage\",\"url\":\"https:\\\/\\\/gentedebasquet.com.ar\\\/sitio\\\/wp-content\\\/uploads\\\/2015\\\/12\\\/Estudiantes-Pacifico-U15-B.jpg\",\"contentUrl\":\"https:\\\/\\\/gentedebasquet.com.ar\\\/sitio\\\/wp-content\\\/uploads\\\/2015\\\/12\\\/Estudiantes-Pacifico-U15-B.jpg\",\"width\":690,\"height\":319},{\"@type\":\"BreadcrumbList\",\"@id\":\"http:\\\/\\\/gentedebasquet.com.ar\\\/sitio\\\/2015\\\/12\\\/21\\\/el-albo-no-dejo-dudas\\\/#breadcrumb\",\"itemListElement\":[{\"@type\":\"ListItem\",\"position\":1,\"name\":\"Portada\",\"item\":\"https:\\\/\\\/gentedebasquet.com.ar\\\/sitio\\\/\"},{\"@type\":\"ListItem\",\"position\":2,\"name\":\"El Albo no dej\u00f3 dudas\"}]},{\"@type\":\"WebSite\",\"@id\":\"https:\\\/\\\/gentedebasquet.com.ar\\\/sitio\\\/#website\",\"url\":\"https:\\\/\\\/gentedebasquet.com.ar\\\/sitio\\\/\",\"name\":\"Gente de B\u00e1squet\",\"description\":\"La revista del basquet de Bah\u00eda Blanca\",\"potentialAction\":[{\"@type\":\"SearchAction\",\"target\":{\"@type\":\"EntryPoint\",\"urlTemplate\":\"https:\\\/\\\/gentedebasquet.com.ar\\\/sitio\\\/?s={search_term_string}\"},\"query-input\":{\"@type\":\"PropertyValueSpecification\",\"valueRequired\":true,\"valueName\":\"search_term_string\"}}],\"inLanguage\":\"es\"},{\"@type\":\"Person\",\"@id\":\"https:\\\/\\\/gentedebasquet.com.ar\\\/sitio\\\/#\\\/schema\\\/person\\\/ca0b63bbb977369988a7bbbdc519943a\",\"name\":\"Gente de B\u00e1squet\",\"image\":{\"@type\":\"ImageObject\",\"inLanguage\":\"es\",\"@id\":\"https:\\\/\\\/secure.gravatar.com\\\/avatar\\\/7f2c48bdc33b30088f941fb6082e555f2874c98e20cb159d7b92b50eadfce793?s=96&d=mm&r=g\",\"url\":\"https:\\\/\\\/secure.gravatar.com\\\/avatar\\\/7f2c48bdc33b30088f941fb6082e555f2874c98e20cb159d7b92b50eadfce793?s=96&d=mm&r=g\",\"contentUrl\":\"https:\\\/\\\/secure.gravatar.com\\\/avatar\\\/7f2c48bdc33b30088f941fb6082e555f2874c98e20cb159d7b92b50eadfce793?s=96&d=mm&r=g\",\"caption\":\"Gente de B\u00e1squet\"},\"sameAs\":[\"http:\\\/\\\/gentedebasquet.com.ar\\\/sitio\"],\"url\":\"https:\\\/\\\/gentedebasquet.com.ar\\\/sitio\\\/author\\\/ulises\\\/\"}]}<\/script>\n<!-- \/ Yoast SEO plugin. -->","yoast_head_json":{"title":"El Albo no dej\u00f3 dudas - Gente de B\u00e1squet","robots":{"index":"index","follow":"follow","max-snippet":"max-snippet:-1","max-image-preview":"max-image-preview:large","max-video-preview":"max-video-preview:-1"},"canonical":"http:\/\/gentedebasquet.com.ar\/sitio\/2015\/12\/21\/el-albo-no-dejo-dudas\/","og_locale":"es_ES","og_type":"article","og_title":"El Albo no dej\u00f3 dudas - Gente de B\u00e1squet","og_description":"Estudiantes derrot\u00f3 a Pac\u00edfico por 89 a 55 en el inicio de las finales de U15 Bis","og_url":"http:\/\/gentedebasquet.com.ar\/sitio\/2015\/12\/21\/el-albo-no-dejo-dudas\/","og_site_name":"Gente de B\u00e1squet","article_published_time":"2015-12-21T21:02:46+00:00","og_image":[{"width":690,"height":319,"url":"http:\/\/gentedebasquet.com.ar\/sitio\/wp-content\/uploads\/2015\/12\/Estudiantes-Pacifico-U15-B.jpg","type":"image\/jpeg"}],"author":"Gente de B\u00e1squet","twitter_card":"summary_large_image","twitter_misc":{"Escrito por":"Gente de B\u00e1squet","Tiempo de lectura":"3 minutos"},"schema":{"@context":"https:\/\/schema.org","@graph":[{"@type":"Article","@id":"http:\/\/gentedebasquet.com.ar\/sitio\/2015\/12\/21\/el-albo-no-dejo-dudas\/#article","isPartOf":{"@id":"http:\/\/gentedebasquet.com.ar\/sitio\/2015\/12\/21\/el-albo-no-dejo-dudas\/"},"author":{"name":"Gente de B\u00e1squet","@id":"https:\/\/gentedebasquet.com.ar\/sitio\/#\/schema\/person\/ca0b63bbb977369988a7bbbdc519943a"},"headline":"El Albo no dej\u00f3 dudas","datePublished":"2015-12-21T21:02:46+00:00","mainEntityOfPage":{"@id":"http:\/\/gentedebasquet.com.ar\/sitio\/2015\/12\/21\/el-albo-no-dejo-dudas\/"},"wordCount":696,"image":{"@id":"http:\/\/gentedebasquet.com.ar\/sitio\/2015\/12\/21\/el-albo-no-dejo-dudas\/#primaryimage"},"thumbnailUrl":"https:\/\/gentedebasquet.com.ar\/sitio\/wp-content\/uploads\/2015\/12\/Estudiantes-Pacifico-U15-B.jpg","keywords":["Estudiantes","Pacifico"],"articleSection":["Slide","U15"],"inLanguage":"es"},{"@type":"WebPage","@id":"http:\/\/gentedebasquet.com.ar\/sitio\/2015\/12\/21\/el-albo-no-dejo-dudas\/","url":"http:\/\/gentedebasquet.com.ar\/sitio\/2015\/12\/21\/el-albo-no-dejo-dudas\/","name":"El Albo no dej\u00f3 dudas - Gente de B\u00e1squet","isPartOf":{"@id":"https:\/\/gentedebasquet.com.ar\/sitio\/#website"},"primaryImageOfPage":{"@id":"http:\/\/gentedebasquet.com.ar\/sitio\/2015\/12\/21\/el-albo-no-dejo-dudas\/#primaryimage"},"image":{"@id":"http:\/\/gentedebasquet.com.ar\/sitio\/2015\/12\/21\/el-albo-no-dejo-dudas\/#primaryimage"},"thumbnailUrl":"https:\/\/gentedebasquet.com.ar\/sitio\/wp-content\/uploads\/2015\/12\/Estudiantes-Pacifico-U15-B.jpg","datePublished":"2015-12-21T21:02:46+00:00","author":{"@id":"https:\/\/gentedebasquet.com.ar\/sitio\/#\/schema\/person\/ca0b63bbb977369988a7bbbdc519943a"},"breadcrumb":{"@id":"http:\/\/gentedebasquet.com.ar\/sitio\/2015\/12\/21\/el-albo-no-dejo-dudas\/#breadcrumb"},"inLanguage":"es","potentialAction":[{"@type":"ReadAction","target":["http:\/\/gentedebasquet.com.ar\/sitio\/2015\/12\/21\/el-albo-no-dejo-dudas\/"]}]},{"@type":"ImageObject","inLanguage":"es","@id":"http:\/\/gentedebasquet.com.ar\/sitio\/2015\/12\/21\/el-albo-no-dejo-dudas\/#primaryimage","url":"https:\/\/gentedebasquet.com.ar\/sitio\/wp-content\/uploads\/2015\/12\/Estudiantes-Pacifico-U15-B.jpg","contentUrl":"https:\/\/gentedebasquet.com.ar\/sitio\/wp-content\/uploads\/2015\/12\/Estudiantes-Pacifico-U15-B.jpg","width":690,"height":319},{"@type":"BreadcrumbList","@id":"http:\/\/gentedebasquet.com.ar\/sitio\/2015\/12\/21\/el-albo-no-dejo-dudas\/#breadcrumb","itemListElement":[{"@type":"ListItem","position":1,"name":"Portada","item":"https:\/\/gentedebasquet.com.ar\/sitio\/"},{"@type":"ListItem","position":2,"name":"El Albo no dej\u00f3 dudas"}]},{"@type":"WebSite","@id":"https:\/\/gentedebasquet.com.ar\/sitio\/#website","url":"https:\/\/gentedebasquet.com.ar\/sitio\/","name":"Gente de B\u00e1squet","description":"La revista del basquet de Bah\u00eda Blanca","potentialAction":[{"@type":"SearchAction","target":{"@type":"EntryPoint","urlTemplate":"https:\/\/gentedebasquet.com.ar\/sitio\/?s={search_term_string}"},"query-input":{"@type":"PropertyValueSpecification","valueRequired":true,"valueName":"search_term_string"}}],"inLanguage":"es"},{"@type":"Person","@id":"https:\/\/gentedebasquet.com.ar\/sitio\/#\/schema\/person\/ca0b63bbb977369988a7bbbdc519943a","name":"Gente de B\u00e1squet","image":{"@type":"ImageObject","inLanguage":"es","@id":"https:\/\/secure.gravatar.com\/avatar\/7f2c48bdc33b30088f941fb6082e555f2874c98e20cb159d7b92b50eadfce793?s=96&d=mm&r=g","url":"https:\/\/secure.gravatar.com\/avatar\/7f2c48bdc33b30088f941fb6082e555f2874c98e20cb159d7b92b50eadfce793?s=96&d=mm&r=g","contentUrl":"https:\/\/secure.gravatar.com\/avatar\/7f2c48bdc33b30088f941fb6082e555f2874c98e20cb159d7b92b50eadfce793?s=96&d=mm&r=g","caption":"Gente de B\u00e1squet"},"sameAs":["http:\/\/gentedebasquet.com.ar\/sitio"],"url":"https:\/\/gentedebasquet.com.ar\/sitio\/author\/ulises\/"}]}},"_links":{"self":[{"href":"https:\/\/gentedebasquet.com.ar\/sitio\/wp-json\/wp\/v2\/posts\/55446","targetHints":{"allow":["GET"]}}],"collection":[{"href":"https:\/\/gentedebasquet.com.ar\/sitio\/wp-json\/wp\/v2\/posts"}],"about":[{"href":"https:\/\/gentedebasquet.com.ar\/sitio\/wp-json\/wp\/v2\/types\/post"}],"author":[{"embeddable":true,"href":"https:\/\/gentedebasquet.com.ar\/sitio\/wp-json\/wp\/v2\/users\/1"}],"replies":[{"embeddable":true,"href":"https:\/\/gentedebasquet.com.ar\/sitio\/wp-json\/wp\/v2\/comments?post=55446"}],"version-history":[{"count":0,"href":"https:\/\/gentedebasquet.com.ar\/sitio\/wp-json\/wp\/v2\/posts\/55446\/revisions"}],"wp:featuredmedia":[{"embeddable":true,"href":"https:\/\/gentedebasquet.com.ar\/sitio\/wp-json\/wp\/v2\/media\/55430"}],"wp:attachment":[{"href":"https:\/\/gentedebasquet.com.ar\/sitio\/wp-json\/wp\/v2\/media?parent=55446"}],"wp:term":[{"taxonomy":"category","embeddable":true,"href":"https:\/\/gentedebasquet.com.ar\/sitio\/wp-json\/wp\/v2\/categories?post=55446"},{"taxonomy":"post_tag","embeddable":true,"href":"https:\/\/gentedebasquet.com.ar\/sitio\/wp-json\/wp\/v2\/tags?post=55446"}],"curies":[{"name":"wp","href":"https:\/\/api.w.org\/{rel}","templated":true}]}}