{"id":55526,"date":"2015-12-23T21:31:08","date_gmt":"2015-12-24T00:31:08","guid":{"rendered":"http:\/\/www.gentedebasquet.com.ar\/?p=55526"},"modified":"2015-12-23T21:31:08","modified_gmt":"2015-12-24T00:31:08","slug":"pequenos-gigantes-2","status":"publish","type":"post","link":"https:\/\/gentedebasquet.com.ar\/sitio\/2015\/12\/23\/pequenos-gigantes-2\/","title":{"rendered":"Peque\u00f1os gigantes"},"content":{"rendered":"<p><strong>Bahiense del Norte se consagr\u00f3 campe\u00f3n de la categor\u00eda U13, al vencer en el segundo encuentro de las finales a Argentino por un claro 79 a 36. Liderados por Emanuel Fern\u00e1ndez (13 y 29 de valoraci\u00f3n) y acompa\u00f1ados por un goleo repartido entre Santiago Sartor (15, 7\/10 T2), Lucas Peralta (13), Bautista Ott (11, 11 rebotes y 4 tapas) y Pedro Rossi (10); el tricolor de calle Salta no dio ventajas para obtener el torneo. Mientras que \u201cArge\u201d intent\u00f3 hacerle fuerza mediante la versatilidad de Ferm\u00edn Mariezcurrena (8 y 11 rebotes) y la din\u00e1mica de Bautista Fava (8).<\/strong> <span style=\"color: #ff6600;\"><br \/>\n<\/span><\/p>\n<p>Desde un principio Bahiense impuso su superioridad; primero demostrando que defensivamente tiene muchas herramientas para complicar el traslado del rival y hacerse r\u00e1pido del bal\u00f3n (14 p\u00e9rdidas Argentino) y anotar con facilidad en contraataque de la mano de Fern\u00e1ndez (7) y Peralta (11) El local intento con algunas acciones individuales aisladas, aunque forzaron demasiado sus lanzamientos ante una asfixiante defensa de la visita.<\/p>\n<p>Con el ingreso de Ott (7, 5 rebotes y 2 tapas), los de la calle Salta obtuvieron a\u00fan m\u00e1s fortaleza en la pintura; aunque de a poco se fueron relajando y cediendo terreno ante el asedio de un cambio de actitud de Argentino. Mariezcurrena-Varela-Fava (14 de los 16 que convirti\u00f3 en el cuarto) se complementaron a la perfecci\u00f3n para incomodar al rival, intentando meterse en juego. De esta manera el local gan\u00f3 el chico y se esperanzaba con extender su buen momento en la segunda mitad.<\/p>\n<p>A la vuelta del vestuario, Bahiense fue a buscar el quiebre en el marcador, dado que sali\u00f3 con toda la carne al asador. Ott volvi\u00f3 a imponer su talla en la pintura, Fern\u00e1ndez continu\u00f3 demostrando su talento y Sartor se mantuvo enfocado con el cesto. Y vaya que quebraron, no solo el marcador sino las ilusiones del due\u00f1o de casa, quienes de a poco fueron disminuyendo el rendimiento colectivo que hab\u00edan logrado en el segmento anterior y en comienzos del tercero, cediendo una vez m\u00e1s el bal\u00f3n (9 p\u00e9rdidas).<\/p>\n<p>Ya en el ep\u00edlogo, Sartor demostr\u00f3 su movilidad para comandar las ofensivas de Bahiense y poco a poco ir d\u00e1ndole forma al campeonato que estaban obteniendo. Algunas acciones de Parollo y Arana lograron poner euf\u00f3rica a la parcialidad local, quienes a pesar de la desventaja no cesaron en intentar alentar a los suyos, con un clima de cordialidad y respeto. Ataque por ataque Bahiense fue demostrando el\/los porque se consagr\u00f3 campe\u00f3n de la categor\u00eda, marcando picos de un muy buen nivel de chicos que seguramente ser\u00e1n hombres en cada cancha que les toque jugar.<\/p>\n<p>&nbsp;<\/p>\n<p>[vimeo]http:\/\/vimeo.com\/149941138[\/vimeo]<\/p>\n<p>&nbsp;<\/p>\n<p><strong>S\u00edntesis |<\/strong><strong>\u00a0<\/strong>U13 \u2013 Finales \u2013 Juego #2<\/p>\n<p><strong>Argentino 36:<\/strong> Vito Parollo 6, Nicol\u00e1s Aliotta 0, Tom\u00e1s Arana 2, Eros Marziani 1 y Ramiro Lorenzo 2 (F.I.); Mirko Cenzual 3, Francisco Uyua 0, Bautista Fava 8, Ferm\u00edn Mariezcurrena 8, Maximiliano Varela 6 y Albano Arana 0.\u00a0DT: Alan Rava.<\/p>\n<p><strong>Bahiense 79:<\/strong>\u00a0Franco De La Ace\u00f1a 0, Emanuel Fern\u00e1ndez 12, Santiago Sartor 15, Lucas Peralta 13 y Pedro Rossi 10 (F.I.); Maximiliano Bloga 2, Augusta Lamovega 0, Juan Cruz Dauphin 0, Bruno Mandolesi 2, Juli\u00e1n Lambertucci 8, Bautista Ott 11 y Sebasti\u00e1n Luengo 4.\u00a0DT: Santiago Cappa.<\/p>\n<p><strong>Parciales:<\/strong> 5-31, 21-43 (16-12), 30-59 (9-16) y 36-79 (6-20).<\/p>\n<p><strong>Estadio:<\/strong>\u00a0Ardubilio Severini (Argentino)<\/p>\n<p><a class=\"modalf iframe\" title=\"Planilla\" href=\"https:\/\/docs.google.com\/spreadsheets\/d\/1r8v5ZZXPmacONvcYfpyvRoMr7ukeqzQ30sEUDPOoKFU\/pubhtml\" target=\"_blank\" rel=\"noopener\">Ver Planilla<\/a><\/p>\n<p><b>Serie<\/b>: Bahiense, 2-0.<\/p>\n<p>&nbsp;<\/p>\n<h6>El capit\u00e1n: Emanuel Fern\u00e1ndez<\/h6>\n<p>[vimeo]http:\/\/vimeo.com\/149936324[\/vimeo]<\/p>\n<p>&nbsp;<\/p>\n<h6><strong>Argentino festej\u00f3 con los suyos un importante sub-campeonato<\/strong><\/h6>\n<p>[vimeo]http:\/\/vimeo.com\/149936472[\/vimeo]<\/p>\n<p>&nbsp;<\/p>\n<h6 style=\"text-align: center;\"><strong>Reconocimiento<\/strong><\/h6>\n<p><a href=\"http:\/\/gentedebasquet.com.ar\/sitio\/wp-content\/uploads\/2015\/12\/Reconocimiento-a-Bahiense.jpg\"><img decoding=\"async\" class=\"aligncenter size-full wp-image-55534\" alt=\"Reconocimiento a Bahiense\" src=\"http:\/\/gentedebasquet.com.ar\/sitio\/wp-content\/uploads\/2015\/12\/Reconocimiento-a-Bahiense.jpg\" width=\"640\" height=\"480\" srcset=\"https:\/\/gentedebasquet.com.ar\/sitio\/wp-content\/uploads\/2015\/12\/Reconocimiento-a-Bahiense.jpg 640w, https:\/\/gentedebasquet.com.ar\/sitio\/wp-content\/uploads\/2015\/12\/Reconocimiento-a-Bahiense-300x225.jpg 300w\" sizes=\"(max-width: 640px) 100vw, 640px\" \/><\/a><\/p>\n<p>La Sub-Comisi\u00f3n de b\u00e1squet de Argentino, comandada por Jorge Paletta, le entreg\u00f3 un diploma a Bahiense en homenaje por la campa\u00f1a realizada en la Liga U13.\u00a0El mismo fue entregado de capit\u00e1n a capit\u00e1n, de Ferm\u00edn Mariezcurrena (Argentino) a Emanuel Fern\u00e1ndez (Bahiense), en medio de un encuentro entre ambos planteles en el sector de mitad de cancha.\u00a0Un buen gesto de fraternidad.<\/p>\n<h6><strong style=\"line-height: 1.5em;\">Esos peque\u00f1os detalles<\/strong><\/h6>\n<p>Bahiense festej\u00f3 el campeonato obtenido con la tradicional espuma de carnaval, divirti\u00e9ndose y disfrutando del momento como tiene que ser.\u00a0Pero lo que m\u00e1s sorprendi\u00f3 que algunas madres ligadas a Bahiense se encargaron de recolectar cada aerosol tirado en la cancha y sus alrededores para situarlos en el correspondiente cesto de residuos. Un gesto digno de resaltar, admirar y copiar; porque refleja uno de los valores que nunca deber\u00edamos perder: respeto.<\/p>\n","protected":false},"excerpt":{"rendered":"<p>Bahiense venci\u00f3 79-36 a Argentino y se consagr\u00f3 campe\u00f3n en U13<\/p>\n","protected":false},"author":1,"featured_media":55531,"comment_status":"closed","ping_status":"open","sticky":false,"template":"","format":"standard","meta":{"jnews-multi-image_gallery":[],"jnews_single_post":[],"jnews_primary_category":[],"footnotes":""},"categories":[101,41],"tags":[4,287,928],"class_list":["post-55526","post","type-post","status-publish","format-standard","has-post-thumbnail","hentry","category-slide","category-u13","tag-argentino","tag-bahiense","tag-emanuel-fernandez"],"yoast_head":"<!-- This site is optimized with the Yoast SEO plugin v27.5 - https:\/\/yoast.com\/product\/yoast-seo-wordpress\/ -->\n<title>Peque\u00f1os gigantes - Gente de B\u00e1squet<\/title>\n<meta name=\"robots\" content=\"index, follow, max-snippet:-1, max-image-preview:large, max-video-preview:-1\" \/>\n<link rel=\"canonical\" href=\"https:\/\/gentedebasquet.com.ar\/sitio\/2015\/12\/23\/pequenos-gigantes-2\/\" \/>\n<meta property=\"og:locale\" content=\"es_ES\" \/>\n<meta property=\"og:type\" content=\"article\" \/>\n<meta property=\"og:title\" content=\"Peque\u00f1os gigantes - Gente de B\u00e1squet\" \/>\n<meta property=\"og:description\" content=\"Bahiense venci\u00f3 79-36 a Argentino y se consagr\u00f3 campe\u00f3n en U13\" \/>\n<meta property=\"og:url\" content=\"https:\/\/gentedebasquet.com.ar\/sitio\/2015\/12\/23\/pequenos-gigantes-2\/\" \/>\n<meta property=\"og:site_name\" content=\"Gente de B\u00e1squet\" \/>\n<meta property=\"article:published_time\" content=\"2015-12-24T00:31:08+00:00\" \/>\n<meta property=\"og:image\" content=\"https:\/\/gentedebasquet.com.ar\/sitio\/wp-content\/uploads\/2015\/12\/Bahiense2.jpg\" \/>\n\t<meta property=\"og:image:width\" content=\"690\" \/>\n\t<meta property=\"og:image:height\" content=\"319\" \/>\n\t<meta property=\"og:image:type\" content=\"image\/jpeg\" \/>\n<meta name=\"author\" content=\"Gente de B\u00e1squet\" \/>\n<meta name=\"twitter:card\" content=\"summary_large_image\" \/>\n<meta name=\"twitter:label1\" content=\"Escrito por\" \/>\n\t<meta name=\"twitter:data1\" content=\"Gente de B\u00e1squet\" \/>\n\t<meta name=\"twitter:label2\" content=\"Tiempo de lectura\" \/>\n\t<meta name=\"twitter:data2\" content=\"4 minutos\" \/>\n<script type=\"application\/ld+json\" class=\"yoast-schema-graph\">{\"@context\":\"https:\\\/\\\/schema.org\",\"@graph\":[{\"@type\":\"Article\",\"@id\":\"https:\\\/\\\/gentedebasquet.com.ar\\\/sitio\\\/2015\\\/12\\\/23\\\/pequenos-gigantes-2\\\/#article\",\"isPartOf\":{\"@id\":\"https:\\\/\\\/gentedebasquet.com.ar\\\/sitio\\\/2015\\\/12\\\/23\\\/pequenos-gigantes-2\\\/\"},\"author\":{\"name\":\"Gente de B\u00e1squet\",\"@id\":\"https:\\\/\\\/gentedebasquet.com.ar\\\/sitio\\\/#\\\/schema\\\/person\\\/ca0b63bbb977369988a7bbbdc519943a\"},\"headline\":\"Peque\u00f1os gigantes\",\"datePublished\":\"2015-12-24T00:31:08+00:00\",\"mainEntityOfPage\":{\"@id\":\"https:\\\/\\\/gentedebasquet.com.ar\\\/sitio\\\/2015\\\/12\\\/23\\\/pequenos-gigantes-2\\\/\"},\"wordCount\":714,\"image\":{\"@id\":\"https:\\\/\\\/gentedebasquet.com.ar\\\/sitio\\\/2015\\\/12\\\/23\\\/pequenos-gigantes-2\\\/#primaryimage\"},\"thumbnailUrl\":\"https:\\\/\\\/gentedebasquet.com.ar\\\/sitio\\\/wp-content\\\/uploads\\\/2015\\\/12\\\/Bahiense2.jpg\",\"keywords\":[\"Argentino\",\"Bahiense\",\"Emanuel Fern\u00e1ndez\"],\"articleSection\":[\"Slide\",\"U13\"],\"inLanguage\":\"es\"},{\"@type\":\"WebPage\",\"@id\":\"https:\\\/\\\/gentedebasquet.com.ar\\\/sitio\\\/2015\\\/12\\\/23\\\/pequenos-gigantes-2\\\/\",\"url\":\"https:\\\/\\\/gentedebasquet.com.ar\\\/sitio\\\/2015\\\/12\\\/23\\\/pequenos-gigantes-2\\\/\",\"name\":\"Peque\u00f1os gigantes - Gente de B\u00e1squet\",\"isPartOf\":{\"@id\":\"https:\\\/\\\/gentedebasquet.com.ar\\\/sitio\\\/#website\"},\"primaryImageOfPage\":{\"@id\":\"https:\\\/\\\/gentedebasquet.com.ar\\\/sitio\\\/2015\\\/12\\\/23\\\/pequenos-gigantes-2\\\/#primaryimage\"},\"image\":{\"@id\":\"https:\\\/\\\/gentedebasquet.com.ar\\\/sitio\\\/2015\\\/12\\\/23\\\/pequenos-gigantes-2\\\/#primaryimage\"},\"thumbnailUrl\":\"https:\\\/\\\/gentedebasquet.com.ar\\\/sitio\\\/wp-content\\\/uploads\\\/2015\\\/12\\\/Bahiense2.jpg\",\"datePublished\":\"2015-12-24T00:31:08+00:00\",\"author\":{\"@id\":\"https:\\\/\\\/gentedebasquet.com.ar\\\/sitio\\\/#\\\/schema\\\/person\\\/ca0b63bbb977369988a7bbbdc519943a\"},\"breadcrumb\":{\"@id\":\"https:\\\/\\\/gentedebasquet.com.ar\\\/sitio\\\/2015\\\/12\\\/23\\\/pequenos-gigantes-2\\\/#breadcrumb\"},\"inLanguage\":\"es\",\"potentialAction\":[{\"@type\":\"ReadAction\",\"target\":[\"https:\\\/\\\/gentedebasquet.com.ar\\\/sitio\\\/2015\\\/12\\\/23\\\/pequenos-gigantes-2\\\/\"]}]},{\"@type\":\"ImageObject\",\"inLanguage\":\"es\",\"@id\":\"https:\\\/\\\/gentedebasquet.com.ar\\\/sitio\\\/2015\\\/12\\\/23\\\/pequenos-gigantes-2\\\/#primaryimage\",\"url\":\"https:\\\/\\\/gentedebasquet.com.ar\\\/sitio\\\/wp-content\\\/uploads\\\/2015\\\/12\\\/Bahiense2.jpg\",\"contentUrl\":\"https:\\\/\\\/gentedebasquet.com.ar\\\/sitio\\\/wp-content\\\/uploads\\\/2015\\\/12\\\/Bahiense2.jpg\",\"width\":690,\"height\":319},{\"@type\":\"BreadcrumbList\",\"@id\":\"https:\\\/\\\/gentedebasquet.com.ar\\\/sitio\\\/2015\\\/12\\\/23\\\/pequenos-gigantes-2\\\/#breadcrumb\",\"itemListElement\":[{\"@type\":\"ListItem\",\"position\":1,\"name\":\"Portada\",\"item\":\"https:\\\/\\\/gentedebasquet.com.ar\\\/sitio\\\/\"},{\"@type\":\"ListItem\",\"position\":2,\"name\":\"Peque\u00f1os gigantes\"}]},{\"@type\":\"WebSite\",\"@id\":\"https:\\\/\\\/gentedebasquet.com.ar\\\/sitio\\\/#website\",\"url\":\"https:\\\/\\\/gentedebasquet.com.ar\\\/sitio\\\/\",\"name\":\"Gente de B\u00e1squet\",\"description\":\"La revista del basquet de Bah\u00eda Blanca\",\"potentialAction\":[{\"@type\":\"SearchAction\",\"target\":{\"@type\":\"EntryPoint\",\"urlTemplate\":\"https:\\\/\\\/gentedebasquet.com.ar\\\/sitio\\\/?s={search_term_string}\"},\"query-input\":{\"@type\":\"PropertyValueSpecification\",\"valueRequired\":true,\"valueName\":\"search_term_string\"}}],\"inLanguage\":\"es\"},{\"@type\":\"Person\",\"@id\":\"https:\\\/\\\/gentedebasquet.com.ar\\\/sitio\\\/#\\\/schema\\\/person\\\/ca0b63bbb977369988a7bbbdc519943a\",\"name\":\"Gente de B\u00e1squet\",\"image\":{\"@type\":\"ImageObject\",\"inLanguage\":\"es\",\"@id\":\"https:\\\/\\\/secure.gravatar.com\\\/avatar\\\/7f2c48bdc33b30088f941fb6082e555f2874c98e20cb159d7b92b50eadfce793?s=96&d=mm&r=g\",\"url\":\"https:\\\/\\\/secure.gravatar.com\\\/avatar\\\/7f2c48bdc33b30088f941fb6082e555f2874c98e20cb159d7b92b50eadfce793?s=96&d=mm&r=g\",\"contentUrl\":\"https:\\\/\\\/secure.gravatar.com\\\/avatar\\\/7f2c48bdc33b30088f941fb6082e555f2874c98e20cb159d7b92b50eadfce793?s=96&d=mm&r=g\",\"caption\":\"Gente de B\u00e1squet\"},\"sameAs\":[\"http:\\\/\\\/gentedebasquet.com.ar\\\/sitio\"],\"url\":\"https:\\\/\\\/gentedebasquet.com.ar\\\/sitio\\\/author\\\/ulises\\\/\"}]}<\/script>\n<!-- \/ Yoast SEO plugin. -->","yoast_head_json":{"title":"Peque\u00f1os gigantes - Gente de B\u00e1squet","robots":{"index":"index","follow":"follow","max-snippet":"max-snippet:-1","max-image-preview":"max-image-preview:large","max-video-preview":"max-video-preview:-1"},"canonical":"https:\/\/gentedebasquet.com.ar\/sitio\/2015\/12\/23\/pequenos-gigantes-2\/","og_locale":"es_ES","og_type":"article","og_title":"Peque\u00f1os gigantes - Gente de B\u00e1squet","og_description":"Bahiense venci\u00f3 79-36 a Argentino y se consagr\u00f3 campe\u00f3n en U13","og_url":"https:\/\/gentedebasquet.com.ar\/sitio\/2015\/12\/23\/pequenos-gigantes-2\/","og_site_name":"Gente de B\u00e1squet","article_published_time":"2015-12-24T00:31:08+00:00","og_image":[{"width":690,"height":319,"url":"https:\/\/gentedebasquet.com.ar\/sitio\/wp-content\/uploads\/2015\/12\/Bahiense2.jpg","type":"image\/jpeg"}],"author":"Gente de B\u00e1squet","twitter_card":"summary_large_image","twitter_misc":{"Escrito por":"Gente de B\u00e1squet","Tiempo de lectura":"4 minutos"},"schema":{"@context":"https:\/\/schema.org","@graph":[{"@type":"Article","@id":"https:\/\/gentedebasquet.com.ar\/sitio\/2015\/12\/23\/pequenos-gigantes-2\/#article","isPartOf":{"@id":"https:\/\/gentedebasquet.com.ar\/sitio\/2015\/12\/23\/pequenos-gigantes-2\/"},"author":{"name":"Gente de B\u00e1squet","@id":"https:\/\/gentedebasquet.com.ar\/sitio\/#\/schema\/person\/ca0b63bbb977369988a7bbbdc519943a"},"headline":"Peque\u00f1os gigantes","datePublished":"2015-12-24T00:31:08+00:00","mainEntityOfPage":{"@id":"https:\/\/gentedebasquet.com.ar\/sitio\/2015\/12\/23\/pequenos-gigantes-2\/"},"wordCount":714,"image":{"@id":"https:\/\/gentedebasquet.com.ar\/sitio\/2015\/12\/23\/pequenos-gigantes-2\/#primaryimage"},"thumbnailUrl":"https:\/\/gentedebasquet.com.ar\/sitio\/wp-content\/uploads\/2015\/12\/Bahiense2.jpg","keywords":["Argentino","Bahiense","Emanuel Fern\u00e1ndez"],"articleSection":["Slide","U13"],"inLanguage":"es"},{"@type":"WebPage","@id":"https:\/\/gentedebasquet.com.ar\/sitio\/2015\/12\/23\/pequenos-gigantes-2\/","url":"https:\/\/gentedebasquet.com.ar\/sitio\/2015\/12\/23\/pequenos-gigantes-2\/","name":"Peque\u00f1os gigantes - Gente de B\u00e1squet","isPartOf":{"@id":"https:\/\/gentedebasquet.com.ar\/sitio\/#website"},"primaryImageOfPage":{"@id":"https:\/\/gentedebasquet.com.ar\/sitio\/2015\/12\/23\/pequenos-gigantes-2\/#primaryimage"},"image":{"@id":"https:\/\/gentedebasquet.com.ar\/sitio\/2015\/12\/23\/pequenos-gigantes-2\/#primaryimage"},"thumbnailUrl":"https:\/\/gentedebasquet.com.ar\/sitio\/wp-content\/uploads\/2015\/12\/Bahiense2.jpg","datePublished":"2015-12-24T00:31:08+00:00","author":{"@id":"https:\/\/gentedebasquet.com.ar\/sitio\/#\/schema\/person\/ca0b63bbb977369988a7bbbdc519943a"},"breadcrumb":{"@id":"https:\/\/gentedebasquet.com.ar\/sitio\/2015\/12\/23\/pequenos-gigantes-2\/#breadcrumb"},"inLanguage":"es","potentialAction":[{"@type":"ReadAction","target":["https:\/\/gentedebasquet.com.ar\/sitio\/2015\/12\/23\/pequenos-gigantes-2\/"]}]},{"@type":"ImageObject","inLanguage":"es","@id":"https:\/\/gentedebasquet.com.ar\/sitio\/2015\/12\/23\/pequenos-gigantes-2\/#primaryimage","url":"https:\/\/gentedebasquet.com.ar\/sitio\/wp-content\/uploads\/2015\/12\/Bahiense2.jpg","contentUrl":"https:\/\/gentedebasquet.com.ar\/sitio\/wp-content\/uploads\/2015\/12\/Bahiense2.jpg","width":690,"height":319},{"@type":"BreadcrumbList","@id":"https:\/\/gentedebasquet.com.ar\/sitio\/2015\/12\/23\/pequenos-gigantes-2\/#breadcrumb","itemListElement":[{"@type":"ListItem","position":1,"name":"Portada","item":"https:\/\/gentedebasquet.com.ar\/sitio\/"},{"@type":"ListItem","position":2,"name":"Peque\u00f1os gigantes"}]},{"@type":"WebSite","@id":"https:\/\/gentedebasquet.com.ar\/sitio\/#website","url":"https:\/\/gentedebasquet.com.ar\/sitio\/","name":"Gente de B\u00e1squet","description":"La revista del basquet de Bah\u00eda Blanca","potentialAction":[{"@type":"SearchAction","target":{"@type":"EntryPoint","urlTemplate":"https:\/\/gentedebasquet.com.ar\/sitio\/?s={search_term_string}"},"query-input":{"@type":"PropertyValueSpecification","valueRequired":true,"valueName":"search_term_string"}}],"inLanguage":"es"},{"@type":"Person","@id":"https:\/\/gentedebasquet.com.ar\/sitio\/#\/schema\/person\/ca0b63bbb977369988a7bbbdc519943a","name":"Gente de B\u00e1squet","image":{"@type":"ImageObject","inLanguage":"es","@id":"https:\/\/secure.gravatar.com\/avatar\/7f2c48bdc33b30088f941fb6082e555f2874c98e20cb159d7b92b50eadfce793?s=96&d=mm&r=g","url":"https:\/\/secure.gravatar.com\/avatar\/7f2c48bdc33b30088f941fb6082e555f2874c98e20cb159d7b92b50eadfce793?s=96&d=mm&r=g","contentUrl":"https:\/\/secure.gravatar.com\/avatar\/7f2c48bdc33b30088f941fb6082e555f2874c98e20cb159d7b92b50eadfce793?s=96&d=mm&r=g","caption":"Gente de B\u00e1squet"},"sameAs":["http:\/\/gentedebasquet.com.ar\/sitio"],"url":"https:\/\/gentedebasquet.com.ar\/sitio\/author\/ulises\/"}]}},"_links":{"self":[{"href":"https:\/\/gentedebasquet.com.ar\/sitio\/wp-json\/wp\/v2\/posts\/55526","targetHints":{"allow":["GET"]}}],"collection":[{"href":"https:\/\/gentedebasquet.com.ar\/sitio\/wp-json\/wp\/v2\/posts"}],"about":[{"href":"https:\/\/gentedebasquet.com.ar\/sitio\/wp-json\/wp\/v2\/types\/post"}],"author":[{"embeddable":true,"href":"https:\/\/gentedebasquet.com.ar\/sitio\/wp-json\/wp\/v2\/users\/1"}],"replies":[{"embeddable":true,"href":"https:\/\/gentedebasquet.com.ar\/sitio\/wp-json\/wp\/v2\/comments?post=55526"}],"version-history":[{"count":0,"href":"https:\/\/gentedebasquet.com.ar\/sitio\/wp-json\/wp\/v2\/posts\/55526\/revisions"}],"wp:featuredmedia":[{"embeddable":true,"href":"https:\/\/gentedebasquet.com.ar\/sitio\/wp-json\/wp\/v2\/media\/55531"}],"wp:attachment":[{"href":"https:\/\/gentedebasquet.com.ar\/sitio\/wp-json\/wp\/v2\/media?parent=55526"}],"wp:term":[{"taxonomy":"category","embeddable":true,"href":"https:\/\/gentedebasquet.com.ar\/sitio\/wp-json\/wp\/v2\/categories?post=55526"},{"taxonomy":"post_tag","embeddable":true,"href":"https:\/\/gentedebasquet.com.ar\/sitio\/wp-json\/wp\/v2\/tags?post=55526"}],"curies":[{"name":"wp","href":"https:\/\/api.w.org\/{rel}","templated":true}]}}