{"id":5553,"date":"2012-07-15T15:45:00","date_gmt":"2012-07-15T15:45:00","guid":{"rendered":"http:\/\/www.gentedebasquet.com.ar\/?p=5553"},"modified":"2012-07-15T15:45:00","modified_gmt":"2012-07-15T15:45:00","slug":"aca-estan-estos-son","status":"publish","type":"post","link":"https:\/\/gentedebasquet.com.ar\/sitio\/2012\/07\/15\/aca-estan-estos-son\/","title":{"rendered":"Ac\u00e1 est\u00e1n, estos son"},"content":{"rendered":"<p><strong><em><a href=\"http:\/\/www.gentedebasquet.com.ar\/wp-content\/uploads\/2012\/07\/Luis-Scola.jpg\"><img decoding=\"async\" class=\"alignnone size-full wp-image-5554\" title=\"Luis Scola\" src=\"http:\/\/www.gentedebasquet.com.ar\/wp-content\/uploads\/2012\/07\/Luis-Scola.jpg\" alt=\"\" width=\"448\" height=\"335\" \/><\/a>Luego de dos d\u00edas libres el equipo vuelve a entrenarse este domingo a las 19 en UADE. El m\u00e9dico Diego Grippo inform\u00f3 que Scola estar\u00e1 disponible. Adem\u00e1s, se confirm\u00f3 que Delfino se sumar\u00e1 el mi\u00e9rcoles 18 en Madrid. El t\u00e9cnico Julio Lamas resolvi\u00f3 el corte de Quinteros y cerr\u00f3 la lista de 12 para Londres.<!--more--><\/em><\/strong><\/p>\n<p>La Selecci\u00f3n Argentina, luego de dos d\u00edas libres, se reencuentra este domingo al mediod\u00eda en Buenos Aires y tiene entrenamiento en el estadio de la Universidad Argentina de la Empresa (UADE) de 19 a 21 horas. Las novedades de las \u00faltimas horas son la evoluci\u00f3n favorable de Luis Scola, el corte de Paolo Quinteros y la reincorporaci\u00f3n de Carlos Delfino a partir del mi\u00e9rcoles 18 en Madrid.<\/p>\n<p>Luis Scola se retir\u00f3 con dolor en el partido con Brasil del jueves pasado en Foz de Iguaz\u00fa, por un mal movimiento de la articulaci\u00f3n de la rodilla derecha. Durante viernes y s\u00e1bado se entren\u00f3 por su cuenta para probar la rodilla y se sinti\u00f3 bien.<\/p>\n<p>El m\u00e9dico del equipo, Dr. Diego Grippo, dijo este domingo: \u201cLuis evolucion\u00f3 favorablemente del traumatismo en su rodilla derecha. Se descarta una lesi\u00f3n grave y estar\u00e1 disponible para entrenar hoy. Si lo hace sin inconvenientes no se realizar\u00e1 la resonancia magn\u00e9tica que est\u00e1 programada para ma\u00f1ana\u201d.<\/p>\n<p>Por otra parte el presidente de la CABB, Germ\u00e1n Vaccaro, confirm\u00f3 desde Madrid que se resolvi\u00f3 el pago del seguro de Carlos Delfino. El escolta santafesino contin\u00faa en Italia a la espera del nacimiento de sus hijos mellizos, programado para el martes 17. Un d\u00eda despu\u00e9s se reincorporar\u00e1 a la Selecci\u00f3n, en Madrid. Definida su situaci\u00f3n, el entrenador Julio Lamas resolvi\u00f3 el corte de Paolo Quinteros y cerr\u00f3 la lista de 12 para Londres.<\/p>\n<p><strong>LUNES: ENTRENAMIENTO, CONFERENCIA DE PRENSA Y VUELO<\/strong><\/p>\n<p>El lunes 16 habr\u00e1 entrenamiento en UADE de 10 a 12, mientras que a las 16 horas se realizar\u00e1 una conferencia de prensa\u00a0con los jugadores y el entrenador en jefe Julio Lamas. Por la noche, a las 21.35, el equipo volar\u00e1 a Madrid. En Espa\u00f1a habr\u00e1 partido el 20 contra el local en La Coru\u00f1a y el 22 contra Estados Unidos en Barcelona. El arribo a la villa ol\u00edmpica en Londres est\u00e1 previsto para el mi\u00e9rcoles 25, con un \u00faltimo partido preparatorio el jueves 26, ante Gran Breta\u00f1a.<\/p>\n<p><strong>SELECCION ARGENTINA DE BASQUET<br \/>\nMASCULINA MAYOR<br \/>\nJUEGOS OLIMPICOS LONDRES 2012<\/strong><\/p>\n<p>Pablo Prigioni<br \/>\nPuesto: Base<br \/>\nAltura: 1,86<br \/>\nFecha de nacimiento: 17\/05\/77<br \/>\nLugar: R\u00edo Tercero, C\u00f3rdoba<br \/>\nEquipo: Caja Laboral Vitoria (ACB, Espa\u00f1a)<\/p>\n<p>Facundo Campazzo<br \/>\nPuesto: Base<br \/>\nAltura: 1,79<br \/>\nNacimiento: 23\/03\/91<br \/>\nLugar: C\u00f3rdoba<br \/>\nClub: Pe\u00f1arol (Mar del Plata)<\/p>\n<p><strong>Emanuel David Gin\u00f3bili<\/strong><br \/>\nPuesto: Escolta<br \/>\nAltura: 1,98<br \/>\nFecha de nacimiento: 28\/07\/77<br \/>\nLugar: Bah\u00eda Blanca, Buenos Aires<br \/>\nEquipo: San Antonio Spurs (NBA, Estados Unidos)<\/p>\n<p>Carlos Francisco Delfino<br \/>\nPuesto: Escolta<br \/>\nAltura: 1,98<br \/>\nFecha de nacimiento: 29\/08\/82<br \/>\nLugar: Santa Fe<br \/>\nEquipo: Milwaukee Bucks (NBA, Estados Unidos)<\/p>\n<p>Andr\u00e9s Marcelo Nocioni<br \/>\nPuesto: Alero<br \/>\nAltura: 2,00<br \/>\nFecha de nacimiento: 30\/11\/79<br \/>\nLugar: G\u00e1lvez, Santa Fe<br \/>\nEquipo: Caja Laboral Vitoria (ACB, Espa\u00f1a)<\/p>\n<p><strong>Hern\u00e1n Emilio Jasen<\/strong><br \/>\nPuesto: Alero<br \/>\nAltura: 1,99<br \/>\nFecha de nacimiento: 04\/02\/78<br \/>\nLugar: Bah\u00eda Blanca, Buenos Aires<br \/>\nEquipo: Cajasol Sevilla (ACB, Espa\u00f1a)<\/p>\n<p>Marcos Daniel Mata<br \/>\nPuesto: Alero<br \/>\nAltura: 2,01<br \/>\nNacimiento: 01\/08\/86<br \/>\nLugar: Mar del Plata (Buenos Aires)<br \/>\nClub: Pe\u00f1arol (Mar del Plata)<\/p>\n<p>Luis Alberto Scola<br \/>\nPuesto: Ala-pivote<br \/>\nAltura: 2,07<br \/>\nFecha de nacimiento: 30\/04\/80<br \/>\nLugar: Ciudad de Buenos Aires<br \/>\nEquipo: Houston Rockets (NBA, Estados Unidos)<\/p>\n<p>Guillermo Federico Kammerichs<br \/>\nPuesto: Ala-pivote<br \/>\nAltura: 2,04<br \/>\nFecha de nacimiento: 21\/06\/80<br \/>\nLugar: Goya, Corrientes<br \/>\nEquipo: Flamengo (Brasil)<\/p>\n<p>Leonardo Mart\u00edn Guti\u00e9rrez<br \/>\nPuesto: Ala-pivote<br \/>\nAltura: 2,00<br \/>\nNacimiento: 16\/05\/78<br \/>\nLugar: Marcos Ju\u00e1rez (C\u00f3rdoba)<br \/>\nClub: Pe\u00f1arol (Mar del Plata)<\/p>\n<p>Juan Pedro Guti\u00e9rrez<br \/>\nPuesto: Pivote<br \/>\nAltura: 2,06<br \/>\nFecha de nacimiento: 10\/10\/83<br \/>\nLugar: Nueve de Julio, Buenos Aires<br \/>\nEquipo: Obras Sanitarias (Capital Federal)<\/p>\n<p>Mart\u00edn Dar\u00edo Leiva<br \/>\nPuesto: Pivote<br \/>\nAltura: 2,10<br \/>\nFecha de nacimiento: 23\/04\/80<br \/>\nLugar: Ciudad de Buenos Aires<br \/>\nEquipo: Pe\u00f1arol (Mar del Plata)<\/p>\n<p><strong>CUERPO T\u00c9CNICO<\/strong><\/p>\n<p>Entrenador en Jefe: Julio Lamas<br \/>\nEntrenadores Asistentes: Sergio Hern\u00e1ndez y Gonzalo Garc\u00eda<br \/>\nPreparador F\u00edsico: Manuel \u00c1lvarez<br \/>\nM\u00e9dico: Diego Grippo<br \/>\nKinesi\u00f3logos: Jorge P\u00e1ez y Paulo Maccari<br \/>\nUtileros: Roberto Vartanian y Facundo Vartanian<br \/>\nJefe de prensa: Rodrigo Garc\u00eda<br \/>\nJefe de equipo: Othar Macharasvilli<br \/>\nPresidente de delegaci\u00f3n: Carlos Henault<\/p>\n<p><strong>EL ALMA ARGENTINA RUMBO A LONDRES<\/strong><\/p>\n<p>Viernes 20 de julio en La Coru\u00f1a (Espa\u00f1a)<br \/>\nEspa\u00f1a vs Argentina<\/p>\n<p>Domingo 22 de julio en Barcelona (Espa\u00f1a)<br \/>\nArgentina vs Estados Unidos<\/p>\n<p>Jueves 26 de julio en Londres (Gran Breta\u00f1a)<br \/>\nGran Breta\u00f1a vs Argentina<\/p>\n<p>Juegos Ol\u00edmpicos Londres 2012<br \/>\nDomingo 29 de julio al domingo 12 de agosto<\/p>\n<p>Fuente: Confederaci\u00f3n Argentina de B\u00e1squetbol<\/p>\n","protected":false},"excerpt":{"rendered":"<p>Luego de dos d\u00edas libres el equipo vuelve a entrenarse este domingo a las 19 en UADE. El m\u00e9dico Diego Grippo inform\u00f3 que Scola estar\u00e1 disponible. Adem\u00e1s, se confirm\u00f3 que Delfino se sumar\u00e1 el mi\u00e9rcoles 18 en Madrid. El t\u00e9cnico Julio Lamas resolvi\u00f3 el corte de Quinteros y cerr\u00f3 la lista de 12 para Londres.<\/p>\n","protected":false},"author":1,"featured_media":0,"comment_status":"open","ping_status":"open","sticky":false,"template":"","format":"standard","meta":{"jnews-multi-image_gallery":[],"jnews_single_post":[],"jnews_primary_category":[],"footnotes":""},"categories":[62,61],"tags":[],"class_list":["post-5553","post","type-post","status-publish","format-standard","hentry","category-londres2012","category-selecciones-nacionales"],"yoast_head":"<!-- This site is optimized with the Yoast SEO plugin v27.5 - https:\/\/yoast.com\/product\/yoast-seo-wordpress\/ -->\n<title>Ac\u00e1 est\u00e1n, estos son - Gente de B\u00e1squet<\/title>\n<meta name=\"robots\" content=\"index, follow, max-snippet:-1, max-image-preview:large, max-video-preview:-1\" \/>\n<link rel=\"canonical\" href=\"https:\/\/gentedebasquet.com.ar\/sitio\/2012\/07\/15\/aca-estan-estos-son\/\" \/>\n<meta property=\"og:locale\" content=\"es_ES\" \/>\n<meta property=\"og:type\" content=\"article\" \/>\n<meta property=\"og:title\" content=\"Ac\u00e1 est\u00e1n, estos son - Gente de B\u00e1squet\" \/>\n<meta property=\"og:description\" content=\"Luego de dos d\u00edas libres el equipo vuelve a entrenarse este domingo a las 19 en UADE. El m\u00e9dico Diego Grippo inform\u00f3 que Scola estar\u00e1 disponible. Adem\u00e1s, se confirm\u00f3 que Delfino se sumar\u00e1 el mi\u00e9rcoles 18 en Madrid. El t\u00e9cnico Julio Lamas resolvi\u00f3 el corte de Quinteros y cerr\u00f3 la lista de 12 para Londres.\" \/>\n<meta property=\"og:url\" content=\"https:\/\/gentedebasquet.com.ar\/sitio\/2012\/07\/15\/aca-estan-estos-son\/\" \/>\n<meta property=\"og:site_name\" content=\"Gente de B\u00e1squet\" \/>\n<meta property=\"article:published_time\" content=\"2012-07-15T15:45:00+00:00\" \/>\n<meta property=\"og:image\" content=\"http:\/\/www.gentedebasquet.com.ar\/wp-content\/uploads\/2012\/07\/Luis-Scola.jpg\" \/>\n<meta name=\"author\" content=\"Gente de B\u00e1squet\" \/>\n<meta name=\"twitter:card\" content=\"summary_large_image\" \/>\n<meta name=\"twitter:label1\" content=\"Escrito por\" \/>\n\t<meta name=\"twitter:data1\" content=\"Gente de B\u00e1squet\" \/>\n\t<meta name=\"twitter:label2\" content=\"Tiempo de lectura\" \/>\n\t<meta name=\"twitter:data2\" content=\"4 minutos\" \/>\n<script type=\"application\/ld+json\" class=\"yoast-schema-graph\">{\"@context\":\"https:\\\/\\\/schema.org\",\"@graph\":[{\"@type\":\"Article\",\"@id\":\"https:\\\/\\\/gentedebasquet.com.ar\\\/sitio\\\/2012\\\/07\\\/15\\\/aca-estan-estos-son\\\/#article\",\"isPartOf\":{\"@id\":\"https:\\\/\\\/gentedebasquet.com.ar\\\/sitio\\\/2012\\\/07\\\/15\\\/aca-estan-estos-son\\\/\"},\"author\":{\"name\":\"Gente de B\u00e1squet\",\"@id\":\"http:\\\/\\\/gentedebasquet.com.ar\\\/sitio\\\/#\\\/schema\\\/person\\\/ca0b63bbb977369988a7bbbdc519943a\"},\"headline\":\"Ac\u00e1 est\u00e1n, estos son\",\"datePublished\":\"2012-07-15T15:45:00+00:00\",\"mainEntityOfPage\":{\"@id\":\"https:\\\/\\\/gentedebasquet.com.ar\\\/sitio\\\/2012\\\/07\\\/15\\\/aca-estan-estos-son\\\/\"},\"wordCount\":766,\"commentCount\":0,\"image\":{\"@id\":\"https:\\\/\\\/gentedebasquet.com.ar\\\/sitio\\\/2012\\\/07\\\/15\\\/aca-estan-estos-son\\\/#primaryimage\"},\"thumbnailUrl\":\"http:\\\/\\\/www.gentedebasquet.com.ar\\\/wp-content\\\/uploads\\\/2012\\\/07\\\/Luis-Scola.jpg\",\"articleSection\":[\"Londres 2012\",\"Selecciones Nacionales\"],\"inLanguage\":\"es\",\"potentialAction\":[{\"@type\":\"CommentAction\",\"name\":\"Comment\",\"target\":[\"https:\\\/\\\/gentedebasquet.com.ar\\\/sitio\\\/2012\\\/07\\\/15\\\/aca-estan-estos-son\\\/#respond\"]}]},{\"@type\":\"WebPage\",\"@id\":\"https:\\\/\\\/gentedebasquet.com.ar\\\/sitio\\\/2012\\\/07\\\/15\\\/aca-estan-estos-son\\\/\",\"url\":\"https:\\\/\\\/gentedebasquet.com.ar\\\/sitio\\\/2012\\\/07\\\/15\\\/aca-estan-estos-son\\\/\",\"name\":\"Ac\u00e1 est\u00e1n, estos son - Gente de B\u00e1squet\",\"isPartOf\":{\"@id\":\"http:\\\/\\\/gentedebasquet.com.ar\\\/sitio\\\/#website\"},\"primaryImageOfPage\":{\"@id\":\"https:\\\/\\\/gentedebasquet.com.ar\\\/sitio\\\/2012\\\/07\\\/15\\\/aca-estan-estos-son\\\/#primaryimage\"},\"image\":{\"@id\":\"https:\\\/\\\/gentedebasquet.com.ar\\\/sitio\\\/2012\\\/07\\\/15\\\/aca-estan-estos-son\\\/#primaryimage\"},\"thumbnailUrl\":\"http:\\\/\\\/www.gentedebasquet.com.ar\\\/wp-content\\\/uploads\\\/2012\\\/07\\\/Luis-Scola.jpg\",\"datePublished\":\"2012-07-15T15:45:00+00:00\",\"author\":{\"@id\":\"http:\\\/\\\/gentedebasquet.com.ar\\\/sitio\\\/#\\\/schema\\\/person\\\/ca0b63bbb977369988a7bbbdc519943a\"},\"breadcrumb\":{\"@id\":\"https:\\\/\\\/gentedebasquet.com.ar\\\/sitio\\\/2012\\\/07\\\/15\\\/aca-estan-estos-son\\\/#breadcrumb\"},\"inLanguage\":\"es\",\"potentialAction\":[{\"@type\":\"ReadAction\",\"target\":[\"https:\\\/\\\/gentedebasquet.com.ar\\\/sitio\\\/2012\\\/07\\\/15\\\/aca-estan-estos-son\\\/\"]}]},{\"@type\":\"ImageObject\",\"inLanguage\":\"es\",\"@id\":\"https:\\\/\\\/gentedebasquet.com.ar\\\/sitio\\\/2012\\\/07\\\/15\\\/aca-estan-estos-son\\\/#primaryimage\",\"url\":\"http:\\\/\\\/www.gentedebasquet.com.ar\\\/wp-content\\\/uploads\\\/2012\\\/07\\\/Luis-Scola.jpg\",\"contentUrl\":\"http:\\\/\\\/www.gentedebasquet.com.ar\\\/wp-content\\\/uploads\\\/2012\\\/07\\\/Luis-Scola.jpg\"},{\"@type\":\"BreadcrumbList\",\"@id\":\"https:\\\/\\\/gentedebasquet.com.ar\\\/sitio\\\/2012\\\/07\\\/15\\\/aca-estan-estos-son\\\/#breadcrumb\",\"itemListElement\":[{\"@type\":\"ListItem\",\"position\":1,\"name\":\"Portada\",\"item\":\"http:\\\/\\\/gentedebasquet.com.ar\\\/sitio\\\/\"},{\"@type\":\"ListItem\",\"position\":2,\"name\":\"Ac\u00e1 est\u00e1n, estos son\"}]},{\"@type\":\"WebSite\",\"@id\":\"http:\\\/\\\/gentedebasquet.com.ar\\\/sitio\\\/#website\",\"url\":\"http:\\\/\\\/gentedebasquet.com.ar\\\/sitio\\\/\",\"name\":\"Gente de B\u00e1squet\",\"description\":\"La revista del basquet de Bah\u00eda Blanca\",\"potentialAction\":[{\"@type\":\"SearchAction\",\"target\":{\"@type\":\"EntryPoint\",\"urlTemplate\":\"http:\\\/\\\/gentedebasquet.com.ar\\\/sitio\\\/?s={search_term_string}\"},\"query-input\":{\"@type\":\"PropertyValueSpecification\",\"valueRequired\":true,\"valueName\":\"search_term_string\"}}],\"inLanguage\":\"es\"},{\"@type\":\"Person\",\"@id\":\"http:\\\/\\\/gentedebasquet.com.ar\\\/sitio\\\/#\\\/schema\\\/person\\\/ca0b63bbb977369988a7bbbdc519943a\",\"name\":\"Gente de B\u00e1squet\",\"image\":{\"@type\":\"ImageObject\",\"inLanguage\":\"es\",\"@id\":\"https:\\\/\\\/secure.gravatar.com\\\/avatar\\\/7f2c48bdc33b30088f941fb6082e555f2874c98e20cb159d7b92b50eadfce793?s=96&d=mm&r=g\",\"url\":\"https:\\\/\\\/secure.gravatar.com\\\/avatar\\\/7f2c48bdc33b30088f941fb6082e555f2874c98e20cb159d7b92b50eadfce793?s=96&d=mm&r=g\",\"contentUrl\":\"https:\\\/\\\/secure.gravatar.com\\\/avatar\\\/7f2c48bdc33b30088f941fb6082e555f2874c98e20cb159d7b92b50eadfce793?s=96&d=mm&r=g\",\"caption\":\"Gente de B\u00e1squet\"},\"sameAs\":[\"http:\\\/\\\/gentedebasquet.com.ar\\\/sitio\"],\"url\":\"https:\\\/\\\/gentedebasquet.com.ar\\\/sitio\\\/author\\\/ulises\\\/\"}]}<\/script>\n<!-- \/ Yoast SEO plugin. -->","yoast_head_json":{"title":"Ac\u00e1 est\u00e1n, estos son - Gente de B\u00e1squet","robots":{"index":"index","follow":"follow","max-snippet":"max-snippet:-1","max-image-preview":"max-image-preview:large","max-video-preview":"max-video-preview:-1"},"canonical":"https:\/\/gentedebasquet.com.ar\/sitio\/2012\/07\/15\/aca-estan-estos-son\/","og_locale":"es_ES","og_type":"article","og_title":"Ac\u00e1 est\u00e1n, estos son - Gente de B\u00e1squet","og_description":"Luego de dos d\u00edas libres el equipo vuelve a entrenarse este domingo a las 19 en UADE. El m\u00e9dico Diego Grippo inform\u00f3 que Scola estar\u00e1 disponible. Adem\u00e1s, se confirm\u00f3 que Delfino se sumar\u00e1 el mi\u00e9rcoles 18 en Madrid. El t\u00e9cnico Julio Lamas resolvi\u00f3 el corte de Quinteros y cerr\u00f3 la lista de 12 para Londres.","og_url":"https:\/\/gentedebasquet.com.ar\/sitio\/2012\/07\/15\/aca-estan-estos-son\/","og_site_name":"Gente de B\u00e1squet","article_published_time":"2012-07-15T15:45:00+00:00","og_image":[{"url":"http:\/\/www.gentedebasquet.com.ar\/wp-content\/uploads\/2012\/07\/Luis-Scola.jpg","type":"","width":"","height":""}],"author":"Gente de B\u00e1squet","twitter_card":"summary_large_image","twitter_misc":{"Escrito por":"Gente de B\u00e1squet","Tiempo de lectura":"4 minutos"},"schema":{"@context":"https:\/\/schema.org","@graph":[{"@type":"Article","@id":"https:\/\/gentedebasquet.com.ar\/sitio\/2012\/07\/15\/aca-estan-estos-son\/#article","isPartOf":{"@id":"https:\/\/gentedebasquet.com.ar\/sitio\/2012\/07\/15\/aca-estan-estos-son\/"},"author":{"name":"Gente de B\u00e1squet","@id":"http:\/\/gentedebasquet.com.ar\/sitio\/#\/schema\/person\/ca0b63bbb977369988a7bbbdc519943a"},"headline":"Ac\u00e1 est\u00e1n, estos son","datePublished":"2012-07-15T15:45:00+00:00","mainEntityOfPage":{"@id":"https:\/\/gentedebasquet.com.ar\/sitio\/2012\/07\/15\/aca-estan-estos-son\/"},"wordCount":766,"commentCount":0,"image":{"@id":"https:\/\/gentedebasquet.com.ar\/sitio\/2012\/07\/15\/aca-estan-estos-son\/#primaryimage"},"thumbnailUrl":"http:\/\/www.gentedebasquet.com.ar\/wp-content\/uploads\/2012\/07\/Luis-Scola.jpg","articleSection":["Londres 2012","Selecciones Nacionales"],"inLanguage":"es","potentialAction":[{"@type":"CommentAction","name":"Comment","target":["https:\/\/gentedebasquet.com.ar\/sitio\/2012\/07\/15\/aca-estan-estos-son\/#respond"]}]},{"@type":"WebPage","@id":"https:\/\/gentedebasquet.com.ar\/sitio\/2012\/07\/15\/aca-estan-estos-son\/","url":"https:\/\/gentedebasquet.com.ar\/sitio\/2012\/07\/15\/aca-estan-estos-son\/","name":"Ac\u00e1 est\u00e1n, estos son - Gente de B\u00e1squet","isPartOf":{"@id":"http:\/\/gentedebasquet.com.ar\/sitio\/#website"},"primaryImageOfPage":{"@id":"https:\/\/gentedebasquet.com.ar\/sitio\/2012\/07\/15\/aca-estan-estos-son\/#primaryimage"},"image":{"@id":"https:\/\/gentedebasquet.com.ar\/sitio\/2012\/07\/15\/aca-estan-estos-son\/#primaryimage"},"thumbnailUrl":"http:\/\/www.gentedebasquet.com.ar\/wp-content\/uploads\/2012\/07\/Luis-Scola.jpg","datePublished":"2012-07-15T15:45:00+00:00","author":{"@id":"http:\/\/gentedebasquet.com.ar\/sitio\/#\/schema\/person\/ca0b63bbb977369988a7bbbdc519943a"},"breadcrumb":{"@id":"https:\/\/gentedebasquet.com.ar\/sitio\/2012\/07\/15\/aca-estan-estos-son\/#breadcrumb"},"inLanguage":"es","potentialAction":[{"@type":"ReadAction","target":["https:\/\/gentedebasquet.com.ar\/sitio\/2012\/07\/15\/aca-estan-estos-son\/"]}]},{"@type":"ImageObject","inLanguage":"es","@id":"https:\/\/gentedebasquet.com.ar\/sitio\/2012\/07\/15\/aca-estan-estos-son\/#primaryimage","url":"http:\/\/www.gentedebasquet.com.ar\/wp-content\/uploads\/2012\/07\/Luis-Scola.jpg","contentUrl":"http:\/\/www.gentedebasquet.com.ar\/wp-content\/uploads\/2012\/07\/Luis-Scola.jpg"},{"@type":"BreadcrumbList","@id":"https:\/\/gentedebasquet.com.ar\/sitio\/2012\/07\/15\/aca-estan-estos-son\/#breadcrumb","itemListElement":[{"@type":"ListItem","position":1,"name":"Portada","item":"http:\/\/gentedebasquet.com.ar\/sitio\/"},{"@type":"ListItem","position":2,"name":"Ac\u00e1 est\u00e1n, estos son"}]},{"@type":"WebSite","@id":"http:\/\/gentedebasquet.com.ar\/sitio\/#website","url":"http:\/\/gentedebasquet.com.ar\/sitio\/","name":"Gente de B\u00e1squet","description":"La revista del basquet de Bah\u00eda Blanca","potentialAction":[{"@type":"SearchAction","target":{"@type":"EntryPoint","urlTemplate":"http:\/\/gentedebasquet.com.ar\/sitio\/?s={search_term_string}"},"query-input":{"@type":"PropertyValueSpecification","valueRequired":true,"valueName":"search_term_string"}}],"inLanguage":"es"},{"@type":"Person","@id":"http:\/\/gentedebasquet.com.ar\/sitio\/#\/schema\/person\/ca0b63bbb977369988a7bbbdc519943a","name":"Gente de B\u00e1squet","image":{"@type":"ImageObject","inLanguage":"es","@id":"https:\/\/secure.gravatar.com\/avatar\/7f2c48bdc33b30088f941fb6082e555f2874c98e20cb159d7b92b50eadfce793?s=96&d=mm&r=g","url":"https:\/\/secure.gravatar.com\/avatar\/7f2c48bdc33b30088f941fb6082e555f2874c98e20cb159d7b92b50eadfce793?s=96&d=mm&r=g","contentUrl":"https:\/\/secure.gravatar.com\/avatar\/7f2c48bdc33b30088f941fb6082e555f2874c98e20cb159d7b92b50eadfce793?s=96&d=mm&r=g","caption":"Gente de B\u00e1squet"},"sameAs":["http:\/\/gentedebasquet.com.ar\/sitio"],"url":"https:\/\/gentedebasquet.com.ar\/sitio\/author\/ulises\/"}]}},"_links":{"self":[{"href":"https:\/\/gentedebasquet.com.ar\/sitio\/wp-json\/wp\/v2\/posts\/5553","targetHints":{"allow":["GET"]}}],"collection":[{"href":"https:\/\/gentedebasquet.com.ar\/sitio\/wp-json\/wp\/v2\/posts"}],"about":[{"href":"https:\/\/gentedebasquet.com.ar\/sitio\/wp-json\/wp\/v2\/types\/post"}],"author":[{"embeddable":true,"href":"https:\/\/gentedebasquet.com.ar\/sitio\/wp-json\/wp\/v2\/users\/1"}],"replies":[{"embeddable":true,"href":"https:\/\/gentedebasquet.com.ar\/sitio\/wp-json\/wp\/v2\/comments?post=5553"}],"version-history":[{"count":0,"href":"https:\/\/gentedebasquet.com.ar\/sitio\/wp-json\/wp\/v2\/posts\/5553\/revisions"}],"wp:attachment":[{"href":"https:\/\/gentedebasquet.com.ar\/sitio\/wp-json\/wp\/v2\/media?parent=5553"}],"wp:term":[{"taxonomy":"category","embeddable":true,"href":"https:\/\/gentedebasquet.com.ar\/sitio\/wp-json\/wp\/v2\/categories?post=5553"},{"taxonomy":"post_tag","embeddable":true,"href":"https:\/\/gentedebasquet.com.ar\/sitio\/wp-json\/wp\/v2\/tags?post=5553"}],"curies":[{"name":"wp","href":"https:\/\/api.w.org\/{rel}","templated":true}]}}