{"id":55577,"date":"2015-12-26T19:30:08","date_gmt":"2015-12-26T22:30:08","guid":{"rendered":"http:\/\/www.gentedebasquet.com.ar\/?p=55577"},"modified":"2015-12-26T19:30:08","modified_gmt":"2015-12-26T22:30:08","slug":"otro-capitulo-para-el-albo","status":"publish","type":"post","link":"https:\/\/gentedebasquet.com.ar\/sitio\/2015\/12\/26\/otro-capitulo-para-el-albo\/","title":{"rendered":"Otro cap\u00edtulo para el albo"},"content":{"rendered":"<p><b>Estudiantes obtuvo la sexta consagraci\u00f3n\u00a0<\/b><b style=\"line-height: 1.5em;\">de Infantiles BIS<\/b><b style=\"line-height: 1.5em;\">\u00a0en su historia \u00a0tras derrotar en Osvaldo Casanova y por el tercer juego de la serie final a Pacifico 77 a 50. <a href=\"http:\/\/www.gentedebasquet.com.ar\/el-albo-no-dejo-dudas\/\">Al igual que en el primer partido de la serie<\/a>, el Albo no tuvo problemas para dominar el tr\u00e1mite del partido ya que fue contundente en su juego y dobleg\u00f3 a su rival en las estad\u00edsticas. Una vez m\u00e1s, Albano Rosso se erigi\u00f3 como la figura del partido al conseguir 30 puntos de valoraci\u00f3n, producto de haber finalizado con \u00a023 puntos (3\/4 T3, 6\/14 T2, 2\/4 TL), 5 rebotes, 6 recuperos y 5 asistencias. Otro destacado en el local fue Agust\u00edn Alonso, quien sum\u00f3 11 puntos (3\/6 T3). En el verde, que finaliz\u00f3 el partido con 41 perdidas, se destacaron Mariano Riquelme (12 &#8211; 8\/9TL, 2 recuperos y 1 asistencia) y Germ\u00e1n Gonz\u00e1lez (7 &#8211; 7\/10 TL y 7 rebotes).<\/b><\/p>\n<p>Desde el inicio del encuentro, Estudiantes puso de manifiesto la tendencia por la que transitar\u00eda el partido a lo largo de los 40 minutos y con solamente 2 minutos jugados se puso arriba en el lum\u00ednico 9-2. Con Hipperdinger (8 &#8211; 4\/8 T2), Rosso (8 y 3 asistencias) y Jer\u00f3nimo Mart\u00ednez (6 &#8211; 3\/6 T2) como los l\u00edderes ofensivos y hacedores del juego sumados al mal manejo de bal\u00f3n del visitante (14 perdidas, permiti\u00e9ndole 9 recuperos al Albo) y el dominio de la lucha a\u00e9rea (15 rebotes, 9 de ellos ofensivos) con Rolheiser como principal exponente (baj\u00f3 6 rebotes, 5 en ataque), el local comenz\u00f3 a edificar la primera diferencia (14-6\/21-12). Pacifico no supo desarrollar un buen juego estacionado y dependi\u00f3 mucho de las mandadas de Olivera (4 -2\/2 T2) y de los puntos que sumaba Mariano Riquelme desde la l\u00ednea (5 &#8211; 3\/4 TL).<\/p>\n<p>Con la nueva dotaci\u00f3n de jugadores y un parcial de 12-1 en 4 minutos del 2C, la escuadra de Vul se permiti\u00f3 gozar de una ventaja superior a los 20 puntos (37-14 a falta de 6m26s). Paulatinamente, el Albo fue aumentando la brecha gracias a las actuaciones de Santiago Alonso (6 &#8211; 3\/3 T2 -, 2 recuperos y 2 asistencias), Agust\u00edn Alonso (5), Bonzini (5) y Lucero (4 &#8211; 2\/3 T2 -, 2 robos y 1 asistencia). En la vereda de enfrente, Pacifico sigui\u00f3 con las imprecisiones en el traslado (12 perdidas), no estuvo fino a la hora de atacar el aro (1\/13 TC) y solamente se mantuvo por los constantes viajes a la l\u00ednea de libres (10\/16 TL en el 2C) con Gonz\u00e1lez (6\/8 TL) siendo el m\u00e1s efectivo.<\/p>\n<p>El complemento fue m\u00e1s de lo mismo, con Estudiantes siendo dominador y Pacifico dominado. El Albo utiliz\u00f3 el 3C para continuar estirando la diferencia. Es por ello que lleg\u00f3 a sacar ventaja de 30 (67-37) al finalizar el cuarto, apoy\u00e1ndose en la buena mano de Rosso (9) y Agust\u00edn Alonso (6 \u2013 2\/2 T3) desde los 6,75, ya que juntos combinaron 3 de los 5 T3 que tiro el local en el per\u00edodo. Para el 4C, la escuadra de calle Santa Fe sigui\u00f3 incrementando la diferencia obtenida y logr\u00f3 alcanzar su techo en una m\u00e1xima de 35 puntos (77-42 a falta de 5m06s), encontrando un buen andar de Rosso (6 &#8211; 2\/2 T3) desde la l\u00ednea de triples. Durante los \u00faltimos 4 minutos y con el partido ya asegurado, el local se mantuvo sin anotar y el visitante aprovech\u00f3 a convertir un parcial de 8-0 para decorar el marcador final, el cual le permiti\u00f3 desatar los festejos a los jugadores de Estudiantes y el tan deseado grito de\u2026 \u00a1Dale campe\u00f3n!<\/p>\n<p><iframe loading=\"lazy\" src=\"https:\/\/www.youtube.com\/embed\/T00BMrPw3Hk\" height=\"440\" width=\"640\" allowfullscreen=\"\" frameborder=\"0\"><\/iframe><\/p>\n<p>De esta manera, Estudiantes se convirti\u00f3 \u00a0en el equipo m\u00e1s consagrado de U15 BIS al sumar seis campeonatos (1988, 1989, 2010, 2011, 2014 y 2015) y tres subcampeonatos (2009, 2012 y 2013). Adem\u00e1s, los U15 BIS del Albo se suman a la lista de campeones del 2015 en categor\u00edas formativas, la cual est\u00e1 compuesta por: Bahiense del Norte U13, Olimpo U15, Olimpo U17 BIS, Estudiantes U17 y Olimpo U19. Cabe recordar que a\u00fan falta definirse el campe\u00f3n de Sub 21 (Final Extra entre Estrella y Argentino) que se jugar\u00e1 el pr\u00f3ximo Lunes 28 a las 21, en el Luis \u00c1lvarez.<\/p>\n<p><iframe loading=\"lazy\" src=\"https:\/\/www.youtube.com\/embed\/mAXs50WuxQ4\" height=\"440\" width=\"640\" allowfullscreen=\"\" frameborder=\"0\"><\/iframe><\/p>\n<p>&nbsp;<\/p>\n<p><b>S\u00edntesis |\u00a0<\/b>U15 \u201cB\u201d \u2013 Final \u2013 Juego #3<\/p>\n<p><b>Estudiantes \u201cB\u201d 77:<\/b> Albano Rosso 23, Jer\u00f3nimo Mart\u00ednez 7, Juli\u00e1n Sabattini 4, Tom\u00e1s Rolheiser 4, Federico Hipperdinger 8 (FI); Agust\u00edn Alonso 11, Ezequiel Mart\u00ednez 0, Tom\u00e1s Lucero 4, Lucas Ribes 5, Santiago Alonso 6 y Guillermo Bonzini 7. <b>DT:<\/b> Ignacio Vul.<\/p>\n<p><b>Pac\u00edfico \u201cB\u201d 50:<\/b> Juan Mar\u00eda Schestel 6, Mariano Riquelme 12, Nahuel Olivera 6, Emanuel Blanco 6, Agust\u00edn S\u00e1nchez 4 (FI); Andre Matz 2, Gonzalo Riquelme 1, Germ\u00e1n Gonz\u00e1lez 7, Juan Cruz Redivo 4 y Lautaro Cabrera 2. <b>DT: <\/b>Mauro Richotti.<\/p>\n<p><b>Parciales:<\/b> 25-13, 48-25 (23-12), 67-37 (19-12) y 77-50 (10-13).<\/p>\n<p><b>\u00c1rbitros:<\/b> Marjorie Stuardo \u2013 Lucas Andr\u00e9s \u2013 Marcelo Gordillo.<\/p>\n<p><b>Estadio:<\/b> Osvaldo Casanova (Estudiantes).<\/p>\n<p><a class=\"modalf iframe\" title=\"Planilla\" href=\"https:\/\/docs.google.com\/spreadsheets\/d\/1gusw4vuJSNsF6w1lofnaB258bPsnWB_-LGHhR5DFtPM\/pubhtml\" target=\"_blank\" rel=\"noopener\">Ver Planilla<\/a><\/p>\n<p><b>Serie:<\/b> Estudiantes, 2-1.<\/p>\n","protected":false},"excerpt":{"rendered":"<p>Estudiantes logr\u00f3 su sexto campeonato en Infantiles B al vencer a Pac\u00edfico por 77 a 50<\/p>\n","protected":false},"author":1,"featured_media":55587,"comment_status":"closed","ping_status":"open","sticky":false,"template":"","format":"standard","meta":{"jnews-multi-image_gallery":[],"jnews_single_post":[],"jnews_primary_category":[],"footnotes":""},"categories":[101,27],"tags":[11,17],"class_list":["post-55577","post","type-post","status-publish","format-standard","has-post-thumbnail","hentry","category-slide","category-u15","tag-estudiantes","tag-pacifico"],"yoast_head":"<!-- This site is optimized with the Yoast SEO plugin v27.5 - https:\/\/yoast.com\/product\/yoast-seo-wordpress\/ -->\n<title>Otro cap\u00edtulo para el albo - Gente de B\u00e1squet<\/title>\n<meta name=\"robots\" content=\"index, follow, max-snippet:-1, max-image-preview:large, max-video-preview:-1\" \/>\n<link rel=\"canonical\" href=\"https:\/\/gentedebasquet.com.ar\/sitio\/2015\/12\/26\/otro-capitulo-para-el-albo\/\" \/>\n<meta property=\"og:locale\" content=\"es_ES\" \/>\n<meta property=\"og:type\" content=\"article\" \/>\n<meta property=\"og:title\" content=\"Otro cap\u00edtulo para el albo - Gente de B\u00e1squet\" \/>\n<meta property=\"og:description\" content=\"Estudiantes logr\u00f3 su sexto campeonato en Infantiles B al vencer a Pac\u00edfico por 77 a 50\" \/>\n<meta property=\"og:url\" content=\"https:\/\/gentedebasquet.com.ar\/sitio\/2015\/12\/26\/otro-capitulo-para-el-albo\/\" \/>\n<meta property=\"og:site_name\" content=\"Gente de B\u00e1squet\" \/>\n<meta property=\"article:published_time\" content=\"2015-12-26T22:30:08+00:00\" \/>\n<meta property=\"og:image\" content=\"https:\/\/gentedebasquet.com.ar\/sitio\/wp-content\/uploads\/2015\/12\/Estudiantes-U15-B1.jpg\" \/>\n\t<meta property=\"og:image:width\" content=\"690\" \/>\n\t<meta property=\"og:image:height\" content=\"319\" \/>\n\t<meta property=\"og:image:type\" content=\"image\/jpeg\" \/>\n<meta name=\"author\" content=\"Gente de B\u00e1squet\" \/>\n<meta name=\"twitter:card\" content=\"summary_large_image\" \/>\n<meta name=\"twitter:label1\" content=\"Escrito por\" \/>\n\t<meta name=\"twitter:data1\" content=\"Gente de B\u00e1squet\" \/>\n\t<meta name=\"twitter:label2\" content=\"Tiempo de lectura\" \/>\n\t<meta name=\"twitter:data2\" content=\"4 minutos\" \/>\n<script type=\"application\/ld+json\" class=\"yoast-schema-graph\">{\"@context\":\"https:\\\/\\\/schema.org\",\"@graph\":[{\"@type\":\"Article\",\"@id\":\"https:\\\/\\\/gentedebasquet.com.ar\\\/sitio\\\/2015\\\/12\\\/26\\\/otro-capitulo-para-el-albo\\\/#article\",\"isPartOf\":{\"@id\":\"https:\\\/\\\/gentedebasquet.com.ar\\\/sitio\\\/2015\\\/12\\\/26\\\/otro-capitulo-para-el-albo\\\/\"},\"author\":{\"name\":\"Gente de B\u00e1squet\",\"@id\":\"https:\\\/\\\/gentedebasquet.com.ar\\\/sitio\\\/#\\\/schema\\\/person\\\/ca0b63bbb977369988a7bbbdc519943a\"},\"headline\":\"Otro cap\u00edtulo para el albo\",\"datePublished\":\"2015-12-26T22:30:08+00:00\",\"mainEntityOfPage\":{\"@id\":\"https:\\\/\\\/gentedebasquet.com.ar\\\/sitio\\\/2015\\\/12\\\/26\\\/otro-capitulo-para-el-albo\\\/\"},\"wordCount\":766,\"image\":{\"@id\":\"https:\\\/\\\/gentedebasquet.com.ar\\\/sitio\\\/2015\\\/12\\\/26\\\/otro-capitulo-para-el-albo\\\/#primaryimage\"},\"thumbnailUrl\":\"https:\\\/\\\/gentedebasquet.com.ar\\\/sitio\\\/wp-content\\\/uploads\\\/2015\\\/12\\\/Estudiantes-U15-B1.jpg\",\"keywords\":[\"Estudiantes\",\"Pacifico\"],\"articleSection\":[\"Slide\",\"U15\"],\"inLanguage\":\"es\"},{\"@type\":\"WebPage\",\"@id\":\"https:\\\/\\\/gentedebasquet.com.ar\\\/sitio\\\/2015\\\/12\\\/26\\\/otro-capitulo-para-el-albo\\\/\",\"url\":\"https:\\\/\\\/gentedebasquet.com.ar\\\/sitio\\\/2015\\\/12\\\/26\\\/otro-capitulo-para-el-albo\\\/\",\"name\":\"Otro cap\u00edtulo para el albo - Gente de B\u00e1squet\",\"isPartOf\":{\"@id\":\"https:\\\/\\\/gentedebasquet.com.ar\\\/sitio\\\/#website\"},\"primaryImageOfPage\":{\"@id\":\"https:\\\/\\\/gentedebasquet.com.ar\\\/sitio\\\/2015\\\/12\\\/26\\\/otro-capitulo-para-el-albo\\\/#primaryimage\"},\"image\":{\"@id\":\"https:\\\/\\\/gentedebasquet.com.ar\\\/sitio\\\/2015\\\/12\\\/26\\\/otro-capitulo-para-el-albo\\\/#primaryimage\"},\"thumbnailUrl\":\"https:\\\/\\\/gentedebasquet.com.ar\\\/sitio\\\/wp-content\\\/uploads\\\/2015\\\/12\\\/Estudiantes-U15-B1.jpg\",\"datePublished\":\"2015-12-26T22:30:08+00:00\",\"author\":{\"@id\":\"https:\\\/\\\/gentedebasquet.com.ar\\\/sitio\\\/#\\\/schema\\\/person\\\/ca0b63bbb977369988a7bbbdc519943a\"},\"breadcrumb\":{\"@id\":\"https:\\\/\\\/gentedebasquet.com.ar\\\/sitio\\\/2015\\\/12\\\/26\\\/otro-capitulo-para-el-albo\\\/#breadcrumb\"},\"inLanguage\":\"es\",\"potentialAction\":[{\"@type\":\"ReadAction\",\"target\":[\"https:\\\/\\\/gentedebasquet.com.ar\\\/sitio\\\/2015\\\/12\\\/26\\\/otro-capitulo-para-el-albo\\\/\"]}]},{\"@type\":\"ImageObject\",\"inLanguage\":\"es\",\"@id\":\"https:\\\/\\\/gentedebasquet.com.ar\\\/sitio\\\/2015\\\/12\\\/26\\\/otro-capitulo-para-el-albo\\\/#primaryimage\",\"url\":\"https:\\\/\\\/gentedebasquet.com.ar\\\/sitio\\\/wp-content\\\/uploads\\\/2015\\\/12\\\/Estudiantes-U15-B1.jpg\",\"contentUrl\":\"https:\\\/\\\/gentedebasquet.com.ar\\\/sitio\\\/wp-content\\\/uploads\\\/2015\\\/12\\\/Estudiantes-U15-B1.jpg\",\"width\":690,\"height\":319},{\"@type\":\"BreadcrumbList\",\"@id\":\"https:\\\/\\\/gentedebasquet.com.ar\\\/sitio\\\/2015\\\/12\\\/26\\\/otro-capitulo-para-el-albo\\\/#breadcrumb\",\"itemListElement\":[{\"@type\":\"ListItem\",\"position\":1,\"name\":\"Portada\",\"item\":\"https:\\\/\\\/gentedebasquet.com.ar\\\/sitio\\\/\"},{\"@type\":\"ListItem\",\"position\":2,\"name\":\"Otro cap\u00edtulo para el albo\"}]},{\"@type\":\"WebSite\",\"@id\":\"https:\\\/\\\/gentedebasquet.com.ar\\\/sitio\\\/#website\",\"url\":\"https:\\\/\\\/gentedebasquet.com.ar\\\/sitio\\\/\",\"name\":\"Gente de B\u00e1squet\",\"description\":\"La revista del basquet de Bah\u00eda Blanca\",\"potentialAction\":[{\"@type\":\"SearchAction\",\"target\":{\"@type\":\"EntryPoint\",\"urlTemplate\":\"https:\\\/\\\/gentedebasquet.com.ar\\\/sitio\\\/?s={search_term_string}\"},\"query-input\":{\"@type\":\"PropertyValueSpecification\",\"valueRequired\":true,\"valueName\":\"search_term_string\"}}],\"inLanguage\":\"es\"},{\"@type\":\"Person\",\"@id\":\"https:\\\/\\\/gentedebasquet.com.ar\\\/sitio\\\/#\\\/schema\\\/person\\\/ca0b63bbb977369988a7bbbdc519943a\",\"name\":\"Gente de B\u00e1squet\",\"image\":{\"@type\":\"ImageObject\",\"inLanguage\":\"es\",\"@id\":\"https:\\\/\\\/secure.gravatar.com\\\/avatar\\\/7f2c48bdc33b30088f941fb6082e555f2874c98e20cb159d7b92b50eadfce793?s=96&d=mm&r=g\",\"url\":\"https:\\\/\\\/secure.gravatar.com\\\/avatar\\\/7f2c48bdc33b30088f941fb6082e555f2874c98e20cb159d7b92b50eadfce793?s=96&d=mm&r=g\",\"contentUrl\":\"https:\\\/\\\/secure.gravatar.com\\\/avatar\\\/7f2c48bdc33b30088f941fb6082e555f2874c98e20cb159d7b92b50eadfce793?s=96&d=mm&r=g\",\"caption\":\"Gente de B\u00e1squet\"},\"sameAs\":[\"http:\\\/\\\/gentedebasquet.com.ar\\\/sitio\"],\"url\":\"https:\\\/\\\/gentedebasquet.com.ar\\\/sitio\\\/author\\\/ulises\\\/\"}]}<\/script>\n<!-- \/ Yoast SEO plugin. -->","yoast_head_json":{"title":"Otro cap\u00edtulo para el albo - Gente de B\u00e1squet","robots":{"index":"index","follow":"follow","max-snippet":"max-snippet:-1","max-image-preview":"max-image-preview:large","max-video-preview":"max-video-preview:-1"},"canonical":"https:\/\/gentedebasquet.com.ar\/sitio\/2015\/12\/26\/otro-capitulo-para-el-albo\/","og_locale":"es_ES","og_type":"article","og_title":"Otro cap\u00edtulo para el albo - Gente de B\u00e1squet","og_description":"Estudiantes logr\u00f3 su sexto campeonato en Infantiles B al vencer a Pac\u00edfico por 77 a 50","og_url":"https:\/\/gentedebasquet.com.ar\/sitio\/2015\/12\/26\/otro-capitulo-para-el-albo\/","og_site_name":"Gente de B\u00e1squet","article_published_time":"2015-12-26T22:30:08+00:00","og_image":[{"width":690,"height":319,"url":"https:\/\/gentedebasquet.com.ar\/sitio\/wp-content\/uploads\/2015\/12\/Estudiantes-U15-B1.jpg","type":"image\/jpeg"}],"author":"Gente de B\u00e1squet","twitter_card":"summary_large_image","twitter_misc":{"Escrito por":"Gente de B\u00e1squet","Tiempo de lectura":"4 minutos"},"schema":{"@context":"https:\/\/schema.org","@graph":[{"@type":"Article","@id":"https:\/\/gentedebasquet.com.ar\/sitio\/2015\/12\/26\/otro-capitulo-para-el-albo\/#article","isPartOf":{"@id":"https:\/\/gentedebasquet.com.ar\/sitio\/2015\/12\/26\/otro-capitulo-para-el-albo\/"},"author":{"name":"Gente de B\u00e1squet","@id":"https:\/\/gentedebasquet.com.ar\/sitio\/#\/schema\/person\/ca0b63bbb977369988a7bbbdc519943a"},"headline":"Otro cap\u00edtulo para el albo","datePublished":"2015-12-26T22:30:08+00:00","mainEntityOfPage":{"@id":"https:\/\/gentedebasquet.com.ar\/sitio\/2015\/12\/26\/otro-capitulo-para-el-albo\/"},"wordCount":766,"image":{"@id":"https:\/\/gentedebasquet.com.ar\/sitio\/2015\/12\/26\/otro-capitulo-para-el-albo\/#primaryimage"},"thumbnailUrl":"https:\/\/gentedebasquet.com.ar\/sitio\/wp-content\/uploads\/2015\/12\/Estudiantes-U15-B1.jpg","keywords":["Estudiantes","Pacifico"],"articleSection":["Slide","U15"],"inLanguage":"es"},{"@type":"WebPage","@id":"https:\/\/gentedebasquet.com.ar\/sitio\/2015\/12\/26\/otro-capitulo-para-el-albo\/","url":"https:\/\/gentedebasquet.com.ar\/sitio\/2015\/12\/26\/otro-capitulo-para-el-albo\/","name":"Otro cap\u00edtulo para el albo - Gente de B\u00e1squet","isPartOf":{"@id":"https:\/\/gentedebasquet.com.ar\/sitio\/#website"},"primaryImageOfPage":{"@id":"https:\/\/gentedebasquet.com.ar\/sitio\/2015\/12\/26\/otro-capitulo-para-el-albo\/#primaryimage"},"image":{"@id":"https:\/\/gentedebasquet.com.ar\/sitio\/2015\/12\/26\/otro-capitulo-para-el-albo\/#primaryimage"},"thumbnailUrl":"https:\/\/gentedebasquet.com.ar\/sitio\/wp-content\/uploads\/2015\/12\/Estudiantes-U15-B1.jpg","datePublished":"2015-12-26T22:30:08+00:00","author":{"@id":"https:\/\/gentedebasquet.com.ar\/sitio\/#\/schema\/person\/ca0b63bbb977369988a7bbbdc519943a"},"breadcrumb":{"@id":"https:\/\/gentedebasquet.com.ar\/sitio\/2015\/12\/26\/otro-capitulo-para-el-albo\/#breadcrumb"},"inLanguage":"es","potentialAction":[{"@type":"ReadAction","target":["https:\/\/gentedebasquet.com.ar\/sitio\/2015\/12\/26\/otro-capitulo-para-el-albo\/"]}]},{"@type":"ImageObject","inLanguage":"es","@id":"https:\/\/gentedebasquet.com.ar\/sitio\/2015\/12\/26\/otro-capitulo-para-el-albo\/#primaryimage","url":"https:\/\/gentedebasquet.com.ar\/sitio\/wp-content\/uploads\/2015\/12\/Estudiantes-U15-B1.jpg","contentUrl":"https:\/\/gentedebasquet.com.ar\/sitio\/wp-content\/uploads\/2015\/12\/Estudiantes-U15-B1.jpg","width":690,"height":319},{"@type":"BreadcrumbList","@id":"https:\/\/gentedebasquet.com.ar\/sitio\/2015\/12\/26\/otro-capitulo-para-el-albo\/#breadcrumb","itemListElement":[{"@type":"ListItem","position":1,"name":"Portada","item":"https:\/\/gentedebasquet.com.ar\/sitio\/"},{"@type":"ListItem","position":2,"name":"Otro cap\u00edtulo para el albo"}]},{"@type":"WebSite","@id":"https:\/\/gentedebasquet.com.ar\/sitio\/#website","url":"https:\/\/gentedebasquet.com.ar\/sitio\/","name":"Gente de B\u00e1squet","description":"La revista del basquet de Bah\u00eda Blanca","potentialAction":[{"@type":"SearchAction","target":{"@type":"EntryPoint","urlTemplate":"https:\/\/gentedebasquet.com.ar\/sitio\/?s={search_term_string}"},"query-input":{"@type":"PropertyValueSpecification","valueRequired":true,"valueName":"search_term_string"}}],"inLanguage":"es"},{"@type":"Person","@id":"https:\/\/gentedebasquet.com.ar\/sitio\/#\/schema\/person\/ca0b63bbb977369988a7bbbdc519943a","name":"Gente de B\u00e1squet","image":{"@type":"ImageObject","inLanguage":"es","@id":"https:\/\/secure.gravatar.com\/avatar\/7f2c48bdc33b30088f941fb6082e555f2874c98e20cb159d7b92b50eadfce793?s=96&d=mm&r=g","url":"https:\/\/secure.gravatar.com\/avatar\/7f2c48bdc33b30088f941fb6082e555f2874c98e20cb159d7b92b50eadfce793?s=96&d=mm&r=g","contentUrl":"https:\/\/secure.gravatar.com\/avatar\/7f2c48bdc33b30088f941fb6082e555f2874c98e20cb159d7b92b50eadfce793?s=96&d=mm&r=g","caption":"Gente de B\u00e1squet"},"sameAs":["http:\/\/gentedebasquet.com.ar\/sitio"],"url":"https:\/\/gentedebasquet.com.ar\/sitio\/author\/ulises\/"}]}},"_links":{"self":[{"href":"https:\/\/gentedebasquet.com.ar\/sitio\/wp-json\/wp\/v2\/posts\/55577","targetHints":{"allow":["GET"]}}],"collection":[{"href":"https:\/\/gentedebasquet.com.ar\/sitio\/wp-json\/wp\/v2\/posts"}],"about":[{"href":"https:\/\/gentedebasquet.com.ar\/sitio\/wp-json\/wp\/v2\/types\/post"}],"author":[{"embeddable":true,"href":"https:\/\/gentedebasquet.com.ar\/sitio\/wp-json\/wp\/v2\/users\/1"}],"replies":[{"embeddable":true,"href":"https:\/\/gentedebasquet.com.ar\/sitio\/wp-json\/wp\/v2\/comments?post=55577"}],"version-history":[{"count":0,"href":"https:\/\/gentedebasquet.com.ar\/sitio\/wp-json\/wp\/v2\/posts\/55577\/revisions"}],"wp:featuredmedia":[{"embeddable":true,"href":"https:\/\/gentedebasquet.com.ar\/sitio\/wp-json\/wp\/v2\/media\/55587"}],"wp:attachment":[{"href":"https:\/\/gentedebasquet.com.ar\/sitio\/wp-json\/wp\/v2\/media?parent=55577"}],"wp:term":[{"taxonomy":"category","embeddable":true,"href":"https:\/\/gentedebasquet.com.ar\/sitio\/wp-json\/wp\/v2\/categories?post=55577"},{"taxonomy":"post_tag","embeddable":true,"href":"https:\/\/gentedebasquet.com.ar\/sitio\/wp-json\/wp\/v2\/tags?post=55577"}],"curies":[{"name":"wp","href":"https:\/\/api.w.org\/{rel}","templated":true}]}}