{"id":55634,"date":"2015-12-28T00:25:41","date_gmt":"2015-12-28T03:25:41","guid":{"rendered":"http:\/\/www.gentedebasquet.com.ar\/?p=55634"},"modified":"2015-12-28T00:25:41","modified_gmt":"2015-12-28T03:25:41","slug":"tiene-banca-5","status":"publish","type":"post","link":"https:\/\/gentedebasquet.com.ar\/sitio\/2015\/12\/28\/tiene-banca-5\/","title":{"rendered":"Tiene banca"},"content":{"rendered":"<p><b>Merced a una buena actuaci\u00f3n colectiva, Argentino derrot\u00f3 como visitante a Pac\u00edfico por 75 a 67 y qued\u00f3 a un triunfo del ascenso. El Celeste domin\u00f3 el primer tiempo (36-26), sufri\u00f3 la explosi\u00f3n ofensiva del local en el 3C (27 contra los 26 del PT), pero mostr\u00f3 serenidad (12\/12 T1 en el 4C) para cerrar el juego y llevarse una victoria vital. El ganador, que arrim\u00f3 53 puntos con sus suplentes, cont\u00f3 con las apariciones determinantes de Aceituno (17, 8\/8 T1, 6 en el 4C) y Lucchetti (12, 5\/6 T2, 6 puntos consecutivos en los 2 minutos finales). Por el Verde, el m\u00e1s destacado fue Meneses (19, 7\/12 TC).<\/b><\/p>\n<p>En un inicio chato, Argentino pareci\u00f3 entrar m\u00e1s enfocado, pese a no tener un buen arranque (0\/4 TC) encontr\u00f3 segundas oportunidades y sum\u00f3 con su per\u00edmetro para adelantarse en el tanteador (5-0 a 7.15), pero los porcentajes siguieron siendo pobres y el due\u00f1o de casa encontr\u00f3 un pasaje favorable,\u00a0 ya que Marini cort\u00f3 la sequ\u00eda de equipo (0\/4 TC) y Meneses (4) fue agresivo desde la base para que el Verde pase al frente (6-5 a 5.29) llegando a la mitad del parcial. Pero esa racha ser\u00eda una ilusi\u00f3n para Pac\u00edfico, porque nuevamente se estanc\u00f3 en ataque \u2013solo un triple de Bonino en la segunda mitad del per\u00edodo-, sin amigarse con el aro (25% TC en el cuarto), buscando acciones individuales y sufriendo en el traslado (4 p\u00e9rdidas), algo que le cedi\u00f3 el protagonismo al Celeste: Massa (5) y Di Meglio castigaron de larga distancia y hasta hubo un doble en su propio cesto de Larrandart, que decret\u00f3 un 8-0 a favor del visitante con el que se llev\u00f3 el 1C duplicando a su rival: 18 a 9.<\/p>\n<p>Con el ingreso de Lucchetti (2 + 2 asistencias), el visitante tuvo otra din\u00e1mica pero la falta de punter\u00eda detr\u00e1s de 6.75 (0\/3 T3) y algunos errores en la transici\u00f3n defensiva hicieron que Pac\u00edfico vuelva al juego, con Bonino (5 + 5 rebotes) como su motor m\u00e1s una buena efectividad colectiva cuando se decidieron a atacar el aro, el Verde acort\u00f3 a 4 (24-20 a 5.45). Cuando el due\u00f1o de casa volvi\u00f3 a abusar del tiro exterior sin \u00e9xito (0\/4 T3) y dej\u00f3 de jugar asociado, solo logr\u00f3 sumar mediante los libres de Bonino (cerr\u00f3 con 7) o con lo que pod\u00eda hacer Meneses desde la base, y Argentino maximiz\u00f3 esa situaci\u00f3n, porque se hizo fuerte en su propio tablero, Aceituno (5) con un triple cort\u00f3 el mal momento de larga distancia (0\/5 T3), Bruni (3) sum\u00f3 desde la l\u00ednea y cada jugador tuvo su aparici\u00f3n para que el equipo de Errazu se vaya a los vestuarios ganando 36 a 26.<\/p>\n<p>La importante ventaja que construy\u00f3 Argentino durante el primer tiempo, se derrumb\u00f3 en menos de 3 minutos, porque el Celeste no volvi\u00f3 de vestuarios (0\/4 TC y 3 p\u00e9rdidas) y se top\u00f3 con un local renovado: Larrandart (5) apareci\u00f3 por primera vez en el partido (0\/2 TC en el PT) y Meneses (4) fue para adentro encabezando un parcial de 10 a 0 que dej\u00f3 las cosas igualadas (36-36 a 7.02). Con Aceituno como estandarte (6, doble en el segundo final), el Celeste volvi\u00f3 al juego pero su mayor problema estaba en defensa, donde hab\u00eda dejado crecer a un Pac\u00edfico que lleg\u00f3 a estar +4, y poniendo la pelota cerca del aro para que Ruiz (6) y Gonz\u00e1lez (4) hagan da\u00f1o con su altura, el Verde se fue al per\u00edodo final al frente: 53-52.<\/p>\n<p>Con el tanteador parejo y un tr\u00e1mite cada vez m\u00e1s f\u00edsico y cortado, el partido entr\u00f3 en un golpe por golpe con m\u00e1s errores que aciertos. Pac\u00edfico no tuvo punter\u00eda (3\/11 TC, 3\/5 T1) y solo se limit\u00f3 a lo que pod\u00edan hacer Larrandart (5) y Meneses (4), algo que le permiti\u00f3 mantenerse a tiro (63-62 a 4.43), pero tras una r\u00e1faga de Serra (5) y m\u00e1s los libres de Bruni (4\/4 T1), apareci\u00f3 la figura de Aceituno, qui\u00e9n se puso f\u00edsico y se gan\u00f3 sus puntos \u00a0desde la l\u00ednea (6\/6 T1) para que el Celeste respire: 69-62 a 2.41. Un par de malas decisiones por parte del visitante le abrieron la puerta al Verde, que v\u00eda T1 tuvo la chance de descontar pero la efectividad no estuvo de su lado (2\/4 T1) \u2013 lo que una constante durante todo el cotejo &#8211; y solo recort\u00f3 a 5 (69-64 a 2.10). All\u00ed fue cuando Lucchetti se adue\u00f1\u00f3 del juego, haci\u00e9ndose cargo de la conducci\u00f3n de su equipo, sum\u00f3 6 puntos consecutivos \u2013tiro corto, 2\/2 T1, bandeja- para liquidar la historia y dejar a su equipo a un triunfo del ascenso.<\/p>\n<p>&nbsp;<\/p>\n<p>[vimeo]http:\/\/vimeo.com\/150138975[\/vimeo]<\/p>\n<p>&nbsp;<\/p>\n<p><b>S\u00edntesis |<\/b>\u00a0Segunda Divisi\u00f3n \u2013 Segundo Ascenso \u2013 Juego #2<\/p>\n<p><b>Pac\u00edfico 67:<\/b>\u00a0Ezequiel Meneses 19, Fernando Bonino 12, Juan Cruz Marini 2, Joaqu\u00edn Larrandart 10, Mauricio Gonz\u00e1lez 6 (FI); Mauro Richotti 3, Facundo Wattson 7 (x), Lucas Ru\u00edz 8. DT: Pablo Kooistra.<\/p>\n<p><b>Argentino 75:<\/b>\u00a0Sebasti\u00e1n Susbielles 3, Nicol\u00e1s Antonelli 5, Juan Franco Di Meglio 7, Guillermo Mallemaci 5, Luciano Mussini 2 (FI); Tom\u00e1s Bruni 7, C\u00e9sar Massa 10, Alan Serra 7, Bruno Aceituno 17, Lucas Lucchetti 12. DT: Mario Errazu.<\/p>\n<p><b>Parciales:<\/b>\u00a09-18, 26-36 (17-18), 53-52 (27-16), 67-75 (14-23).<\/p>\n<p><b>\u00c1rbitros:<\/b>\u00a0Horacio Sed\u00e1n \u2013 Javier S\u00e1nchez \u2013 Mauro Reyes.<\/p>\n<p><b>Estadio:<\/b>\u00a0William Harding Green (Pac\u00edfico).<\/p>\n<p><a class=\"modalf iframe\" title=\"Planilla\" href=\"https:\/\/docs.google.com\/spreadsheets\/d\/1AsgJjAlXz1zGNuUbBUJEirgP7wA5_tfih9t5gwRt57U\/pubhtml?gid=576427031&amp;single=true\" target=\"_blank\" rel=\"noopener\">Ver Planilla<\/a><\/p>\n<p><b>Serie:<\/b>\u00a0Argentino, 2-0.<\/p>\n<p>&nbsp;<\/p>\n<h6>\u00bfCu\u00e1ndo sigue?<\/h6>\n<p>Si Argentino gana el Juego #3, ascender\u00e1 a Primera, eso est\u00e1 claro. Lo que no est\u00e1 claro ni definido a\u00fan es cu\u00e1ndo se jugar\u00e1 dicho compromiso y que, probablemente vaya en 2016.<\/p>\n<p>A saber: este lunes ir\u00e1\u00a0el Juego #4 de las finales de Primera entre Liniers (1) y Villa Mitre (2), el martes est\u00e1 la oportuna fiesta de la ABB y el mi\u00e9rcoles est\u00e1 pautado el Juego #5 en Primera.\u00a0Claro que, si Villa Mitre gana y se corona el lunes, descomprimir\u00eda el calendario y Segunda podr\u00eda ir en exclusiva el mi\u00e9rcoles 30.<\/p>\n<p>Al margen, algunos dirigentes de Argentino no ven con malos ojos que el Juego #3 de la serie por el Segundo Ascenso ante Pac\u00edfico vaya el mi\u00e9rcoles 30, m\u00e1s all\u00e1 de que haya Primera. Lo que ser\u00eda otro error.\u00a0Y a todo esto, el Facebook que acompa\u00f1a a Pac\u00edfico se\u00f1ala que su equipo el \u00abmartes visitar\u00e1 a Argentino a las 21.00 en Holdich 350\u00bb.<\/p>\n<p>Si suena l\u00f3gico que, de haber Juego #5 en Primera (el mi\u00e9rcoles 30), Segunda contin\u00fae el domingo 03\/01\/2016. Y un hipot\u00e9tico Juego #5 vaya reci\u00e9n el martes 05\/01.<\/p>\n","protected":false},"excerpt":{"rendered":"<p>Argentino venci\u00f3 como visitante a Pac\u00edfico (75-67) y qued\u00f3 a un triunfo del ascenso<\/p>\n","protected":false},"author":1,"featured_media":55631,"comment_status":"closed","ping_status":"open","sticky":false,"template":"","format":"standard","meta":{"jnews-multi-image_gallery":[],"jnews_single_post":[],"jnews_primary_category":[],"footnotes":""},"categories":[25,101],"tags":[4,611,607,361,17],"class_list":["post-55634","post","type-post","status-publish","format-standard","has-post-thumbnail","hentry","category-segunda","category-slide","tag-argentino","tag-bruno-aceituno","tag-ezequiel-meneses","tag-lucas-lucchetti","tag-pacifico"],"yoast_head":"<!-- This site is optimized with the Yoast SEO plugin v27.5 - https:\/\/yoast.com\/product\/yoast-seo-wordpress\/ -->\n<title>Tiene banca - Gente de B\u00e1squet<\/title>\n<meta name=\"robots\" content=\"index, follow, max-snippet:-1, max-image-preview:large, max-video-preview:-1\" \/>\n<link rel=\"canonical\" href=\"https:\/\/gentedebasquet.com.ar\/sitio\/2015\/12\/28\/tiene-banca-5\/\" \/>\n<meta property=\"og:locale\" content=\"es_ES\" \/>\n<meta property=\"og:type\" content=\"article\" \/>\n<meta property=\"og:title\" content=\"Tiene banca - Gente de B\u00e1squet\" \/>\n<meta property=\"og:description\" content=\"Argentino venci\u00f3 como visitante a Pac\u00edfico (75-67) y qued\u00f3 a un triunfo del ascenso\" \/>\n<meta property=\"og:url\" content=\"https:\/\/gentedebasquet.com.ar\/sitio\/2015\/12\/28\/tiene-banca-5\/\" \/>\n<meta property=\"og:site_name\" content=\"Gente de B\u00e1squet\" \/>\n<meta property=\"article:published_time\" content=\"2015-12-28T03:25:41+00:00\" \/>\n<meta property=\"og:image\" content=\"https:\/\/gentedebasquet.com.ar\/sitio\/wp-content\/uploads\/2015\/12\/Pacifico-Argentino.jpg\" \/>\n\t<meta property=\"og:image:width\" content=\"690\" \/>\n\t<meta property=\"og:image:height\" content=\"319\" \/>\n\t<meta property=\"og:image:type\" content=\"image\/jpeg\" \/>\n<meta name=\"author\" content=\"Gente de B\u00e1squet\" \/>\n<meta name=\"twitter:card\" content=\"summary_large_image\" \/>\n<meta name=\"twitter:label1\" content=\"Escrito por\" \/>\n\t<meta name=\"twitter:data1\" content=\"Gente de B\u00e1squet\" \/>\n\t<meta name=\"twitter:label2\" content=\"Tiempo de lectura\" \/>\n\t<meta name=\"twitter:data2\" content=\"5 minutos\" \/>\n<script type=\"application\/ld+json\" class=\"yoast-schema-graph\">{\"@context\":\"https:\\\/\\\/schema.org\",\"@graph\":[{\"@type\":\"Article\",\"@id\":\"https:\\\/\\\/gentedebasquet.com.ar\\\/sitio\\\/2015\\\/12\\\/28\\\/tiene-banca-5\\\/#article\",\"isPartOf\":{\"@id\":\"https:\\\/\\\/gentedebasquet.com.ar\\\/sitio\\\/2015\\\/12\\\/28\\\/tiene-banca-5\\\/\"},\"author\":{\"name\":\"Gente de B\u00e1squet\",\"@id\":\"https:\\\/\\\/gentedebasquet.com.ar\\\/sitio\\\/#\\\/schema\\\/person\\\/ca0b63bbb977369988a7bbbdc519943a\"},\"headline\":\"Tiene banca\",\"datePublished\":\"2015-12-28T03:25:41+00:00\",\"mainEntityOfPage\":{\"@id\":\"https:\\\/\\\/gentedebasquet.com.ar\\\/sitio\\\/2015\\\/12\\\/28\\\/tiene-banca-5\\\/\"},\"wordCount\":1042,\"image\":{\"@id\":\"https:\\\/\\\/gentedebasquet.com.ar\\\/sitio\\\/2015\\\/12\\\/28\\\/tiene-banca-5\\\/#primaryimage\"},\"thumbnailUrl\":\"https:\\\/\\\/gentedebasquet.com.ar\\\/sitio\\\/wp-content\\\/uploads\\\/2015\\\/12\\\/Pacifico-Argentino.jpg\",\"keywords\":[\"Argentino\",\"Bruno Aceituno\",\"Ezequiel Meneses\",\"Lucas Lucchetti\",\"Pacifico\"],\"articleSection\":[\"Segunda\",\"Slide\"],\"inLanguage\":\"es\"},{\"@type\":\"WebPage\",\"@id\":\"https:\\\/\\\/gentedebasquet.com.ar\\\/sitio\\\/2015\\\/12\\\/28\\\/tiene-banca-5\\\/\",\"url\":\"https:\\\/\\\/gentedebasquet.com.ar\\\/sitio\\\/2015\\\/12\\\/28\\\/tiene-banca-5\\\/\",\"name\":\"Tiene banca - Gente de B\u00e1squet\",\"isPartOf\":{\"@id\":\"https:\\\/\\\/gentedebasquet.com.ar\\\/sitio\\\/#website\"},\"primaryImageOfPage\":{\"@id\":\"https:\\\/\\\/gentedebasquet.com.ar\\\/sitio\\\/2015\\\/12\\\/28\\\/tiene-banca-5\\\/#primaryimage\"},\"image\":{\"@id\":\"https:\\\/\\\/gentedebasquet.com.ar\\\/sitio\\\/2015\\\/12\\\/28\\\/tiene-banca-5\\\/#primaryimage\"},\"thumbnailUrl\":\"https:\\\/\\\/gentedebasquet.com.ar\\\/sitio\\\/wp-content\\\/uploads\\\/2015\\\/12\\\/Pacifico-Argentino.jpg\",\"datePublished\":\"2015-12-28T03:25:41+00:00\",\"author\":{\"@id\":\"https:\\\/\\\/gentedebasquet.com.ar\\\/sitio\\\/#\\\/schema\\\/person\\\/ca0b63bbb977369988a7bbbdc519943a\"},\"breadcrumb\":{\"@id\":\"https:\\\/\\\/gentedebasquet.com.ar\\\/sitio\\\/2015\\\/12\\\/28\\\/tiene-banca-5\\\/#breadcrumb\"},\"inLanguage\":\"es\",\"potentialAction\":[{\"@type\":\"ReadAction\",\"target\":[\"https:\\\/\\\/gentedebasquet.com.ar\\\/sitio\\\/2015\\\/12\\\/28\\\/tiene-banca-5\\\/\"]}]},{\"@type\":\"ImageObject\",\"inLanguage\":\"es\",\"@id\":\"https:\\\/\\\/gentedebasquet.com.ar\\\/sitio\\\/2015\\\/12\\\/28\\\/tiene-banca-5\\\/#primaryimage\",\"url\":\"https:\\\/\\\/gentedebasquet.com.ar\\\/sitio\\\/wp-content\\\/uploads\\\/2015\\\/12\\\/Pacifico-Argentino.jpg\",\"contentUrl\":\"https:\\\/\\\/gentedebasquet.com.ar\\\/sitio\\\/wp-content\\\/uploads\\\/2015\\\/12\\\/Pacifico-Argentino.jpg\",\"width\":690,\"height\":319},{\"@type\":\"BreadcrumbList\",\"@id\":\"https:\\\/\\\/gentedebasquet.com.ar\\\/sitio\\\/2015\\\/12\\\/28\\\/tiene-banca-5\\\/#breadcrumb\",\"itemListElement\":[{\"@type\":\"ListItem\",\"position\":1,\"name\":\"Portada\",\"item\":\"https:\\\/\\\/gentedebasquet.com.ar\\\/sitio\\\/\"},{\"@type\":\"ListItem\",\"position\":2,\"name\":\"Tiene banca\"}]},{\"@type\":\"WebSite\",\"@id\":\"https:\\\/\\\/gentedebasquet.com.ar\\\/sitio\\\/#website\",\"url\":\"https:\\\/\\\/gentedebasquet.com.ar\\\/sitio\\\/\",\"name\":\"Gente de B\u00e1squet\",\"description\":\"La revista del basquet de Bah\u00eda Blanca\",\"potentialAction\":[{\"@type\":\"SearchAction\",\"target\":{\"@type\":\"EntryPoint\",\"urlTemplate\":\"https:\\\/\\\/gentedebasquet.com.ar\\\/sitio\\\/?s={search_term_string}\"},\"query-input\":{\"@type\":\"PropertyValueSpecification\",\"valueRequired\":true,\"valueName\":\"search_term_string\"}}],\"inLanguage\":\"es\"},{\"@type\":\"Person\",\"@id\":\"https:\\\/\\\/gentedebasquet.com.ar\\\/sitio\\\/#\\\/schema\\\/person\\\/ca0b63bbb977369988a7bbbdc519943a\",\"name\":\"Gente de B\u00e1squet\",\"image\":{\"@type\":\"ImageObject\",\"inLanguage\":\"es\",\"@id\":\"https:\\\/\\\/secure.gravatar.com\\\/avatar\\\/7f2c48bdc33b30088f941fb6082e555f2874c98e20cb159d7b92b50eadfce793?s=96&d=mm&r=g\",\"url\":\"https:\\\/\\\/secure.gravatar.com\\\/avatar\\\/7f2c48bdc33b30088f941fb6082e555f2874c98e20cb159d7b92b50eadfce793?s=96&d=mm&r=g\",\"contentUrl\":\"https:\\\/\\\/secure.gravatar.com\\\/avatar\\\/7f2c48bdc33b30088f941fb6082e555f2874c98e20cb159d7b92b50eadfce793?s=96&d=mm&r=g\",\"caption\":\"Gente de B\u00e1squet\"},\"sameAs\":[\"http:\\\/\\\/gentedebasquet.com.ar\\\/sitio\"],\"url\":\"https:\\\/\\\/gentedebasquet.com.ar\\\/sitio\\\/author\\\/ulises\\\/\"}]}<\/script>\n<!-- \/ Yoast SEO plugin. -->","yoast_head_json":{"title":"Tiene banca - Gente de B\u00e1squet","robots":{"index":"index","follow":"follow","max-snippet":"max-snippet:-1","max-image-preview":"max-image-preview:large","max-video-preview":"max-video-preview:-1"},"canonical":"https:\/\/gentedebasquet.com.ar\/sitio\/2015\/12\/28\/tiene-banca-5\/","og_locale":"es_ES","og_type":"article","og_title":"Tiene banca - Gente de B\u00e1squet","og_description":"Argentino venci\u00f3 como visitante a Pac\u00edfico (75-67) y qued\u00f3 a un triunfo del ascenso","og_url":"https:\/\/gentedebasquet.com.ar\/sitio\/2015\/12\/28\/tiene-banca-5\/","og_site_name":"Gente de B\u00e1squet","article_published_time":"2015-12-28T03:25:41+00:00","og_image":[{"width":690,"height":319,"url":"https:\/\/gentedebasquet.com.ar\/sitio\/wp-content\/uploads\/2015\/12\/Pacifico-Argentino.jpg","type":"image\/jpeg"}],"author":"Gente de B\u00e1squet","twitter_card":"summary_large_image","twitter_misc":{"Escrito por":"Gente de B\u00e1squet","Tiempo de lectura":"5 minutos"},"schema":{"@context":"https:\/\/schema.org","@graph":[{"@type":"Article","@id":"https:\/\/gentedebasquet.com.ar\/sitio\/2015\/12\/28\/tiene-banca-5\/#article","isPartOf":{"@id":"https:\/\/gentedebasquet.com.ar\/sitio\/2015\/12\/28\/tiene-banca-5\/"},"author":{"name":"Gente de B\u00e1squet","@id":"https:\/\/gentedebasquet.com.ar\/sitio\/#\/schema\/person\/ca0b63bbb977369988a7bbbdc519943a"},"headline":"Tiene banca","datePublished":"2015-12-28T03:25:41+00:00","mainEntityOfPage":{"@id":"https:\/\/gentedebasquet.com.ar\/sitio\/2015\/12\/28\/tiene-banca-5\/"},"wordCount":1042,"image":{"@id":"https:\/\/gentedebasquet.com.ar\/sitio\/2015\/12\/28\/tiene-banca-5\/#primaryimage"},"thumbnailUrl":"https:\/\/gentedebasquet.com.ar\/sitio\/wp-content\/uploads\/2015\/12\/Pacifico-Argentino.jpg","keywords":["Argentino","Bruno Aceituno","Ezequiel Meneses","Lucas Lucchetti","Pacifico"],"articleSection":["Segunda","Slide"],"inLanguage":"es"},{"@type":"WebPage","@id":"https:\/\/gentedebasquet.com.ar\/sitio\/2015\/12\/28\/tiene-banca-5\/","url":"https:\/\/gentedebasquet.com.ar\/sitio\/2015\/12\/28\/tiene-banca-5\/","name":"Tiene banca - Gente de B\u00e1squet","isPartOf":{"@id":"https:\/\/gentedebasquet.com.ar\/sitio\/#website"},"primaryImageOfPage":{"@id":"https:\/\/gentedebasquet.com.ar\/sitio\/2015\/12\/28\/tiene-banca-5\/#primaryimage"},"image":{"@id":"https:\/\/gentedebasquet.com.ar\/sitio\/2015\/12\/28\/tiene-banca-5\/#primaryimage"},"thumbnailUrl":"https:\/\/gentedebasquet.com.ar\/sitio\/wp-content\/uploads\/2015\/12\/Pacifico-Argentino.jpg","datePublished":"2015-12-28T03:25:41+00:00","author":{"@id":"https:\/\/gentedebasquet.com.ar\/sitio\/#\/schema\/person\/ca0b63bbb977369988a7bbbdc519943a"},"breadcrumb":{"@id":"https:\/\/gentedebasquet.com.ar\/sitio\/2015\/12\/28\/tiene-banca-5\/#breadcrumb"},"inLanguage":"es","potentialAction":[{"@type":"ReadAction","target":["https:\/\/gentedebasquet.com.ar\/sitio\/2015\/12\/28\/tiene-banca-5\/"]}]},{"@type":"ImageObject","inLanguage":"es","@id":"https:\/\/gentedebasquet.com.ar\/sitio\/2015\/12\/28\/tiene-banca-5\/#primaryimage","url":"https:\/\/gentedebasquet.com.ar\/sitio\/wp-content\/uploads\/2015\/12\/Pacifico-Argentino.jpg","contentUrl":"https:\/\/gentedebasquet.com.ar\/sitio\/wp-content\/uploads\/2015\/12\/Pacifico-Argentino.jpg","width":690,"height":319},{"@type":"BreadcrumbList","@id":"https:\/\/gentedebasquet.com.ar\/sitio\/2015\/12\/28\/tiene-banca-5\/#breadcrumb","itemListElement":[{"@type":"ListItem","position":1,"name":"Portada","item":"https:\/\/gentedebasquet.com.ar\/sitio\/"},{"@type":"ListItem","position":2,"name":"Tiene banca"}]},{"@type":"WebSite","@id":"https:\/\/gentedebasquet.com.ar\/sitio\/#website","url":"https:\/\/gentedebasquet.com.ar\/sitio\/","name":"Gente de B\u00e1squet","description":"La revista del basquet de Bah\u00eda Blanca","potentialAction":[{"@type":"SearchAction","target":{"@type":"EntryPoint","urlTemplate":"https:\/\/gentedebasquet.com.ar\/sitio\/?s={search_term_string}"},"query-input":{"@type":"PropertyValueSpecification","valueRequired":true,"valueName":"search_term_string"}}],"inLanguage":"es"},{"@type":"Person","@id":"https:\/\/gentedebasquet.com.ar\/sitio\/#\/schema\/person\/ca0b63bbb977369988a7bbbdc519943a","name":"Gente de B\u00e1squet","image":{"@type":"ImageObject","inLanguage":"es","@id":"https:\/\/secure.gravatar.com\/avatar\/7f2c48bdc33b30088f941fb6082e555f2874c98e20cb159d7b92b50eadfce793?s=96&d=mm&r=g","url":"https:\/\/secure.gravatar.com\/avatar\/7f2c48bdc33b30088f941fb6082e555f2874c98e20cb159d7b92b50eadfce793?s=96&d=mm&r=g","contentUrl":"https:\/\/secure.gravatar.com\/avatar\/7f2c48bdc33b30088f941fb6082e555f2874c98e20cb159d7b92b50eadfce793?s=96&d=mm&r=g","caption":"Gente de B\u00e1squet"},"sameAs":["http:\/\/gentedebasquet.com.ar\/sitio"],"url":"https:\/\/gentedebasquet.com.ar\/sitio\/author\/ulises\/"}]}},"_links":{"self":[{"href":"https:\/\/gentedebasquet.com.ar\/sitio\/wp-json\/wp\/v2\/posts\/55634","targetHints":{"allow":["GET"]}}],"collection":[{"href":"https:\/\/gentedebasquet.com.ar\/sitio\/wp-json\/wp\/v2\/posts"}],"about":[{"href":"https:\/\/gentedebasquet.com.ar\/sitio\/wp-json\/wp\/v2\/types\/post"}],"author":[{"embeddable":true,"href":"https:\/\/gentedebasquet.com.ar\/sitio\/wp-json\/wp\/v2\/users\/1"}],"replies":[{"embeddable":true,"href":"https:\/\/gentedebasquet.com.ar\/sitio\/wp-json\/wp\/v2\/comments?post=55634"}],"version-history":[{"count":0,"href":"https:\/\/gentedebasquet.com.ar\/sitio\/wp-json\/wp\/v2\/posts\/55634\/revisions"}],"wp:featuredmedia":[{"embeddable":true,"href":"https:\/\/gentedebasquet.com.ar\/sitio\/wp-json\/wp\/v2\/media\/55631"}],"wp:attachment":[{"href":"https:\/\/gentedebasquet.com.ar\/sitio\/wp-json\/wp\/v2\/media?parent=55634"}],"wp:term":[{"taxonomy":"category","embeddable":true,"href":"https:\/\/gentedebasquet.com.ar\/sitio\/wp-json\/wp\/v2\/categories?post=55634"},{"taxonomy":"post_tag","embeddable":true,"href":"https:\/\/gentedebasquet.com.ar\/sitio\/wp-json\/wp\/v2\/tags?post=55634"}],"curies":[{"name":"wp","href":"https:\/\/api.w.org\/{rel}","templated":true}]}}