{"id":55791,"date":"2016-01-04T02:04:09","date_gmt":"2016-01-04T05:04:09","guid":{"rendered":"http:\/\/www.gentedebasquet.com.ar\/?p=55791"},"modified":"2016-01-04T02:04:09","modified_gmt":"2016-01-04T05:04:09","slug":"a-primera","status":"publish","type":"post","link":"https:\/\/gentedebasquet.com.ar\/sitio\/2016\/01\/04\/a-primera\/","title":{"rendered":"A Primera&#8230;"},"content":{"rendered":"<p><b>Argentino venci\u00f3 75 a 70 a Pac\u00edfico, cerrando 3-1 la serie que termin\u00f3 deposit\u00e1ndolo en la m\u00e1xima categor\u00eda del b\u00e1squet local. Con un gran segundo tiempo de Sebasti\u00e1n Susbielles (17 de sus 19 puntos) y un juego colectivo que fue encontrando su punto m\u00e1s alto sobre el final mismo del encuentro; pudo quebrar el encuentro a su favor. Adem\u00e1s del liderazgo de \u201cCapo\u201d, C\u00e9sar Massa (16, 3\/5 T3) contribuy\u00f3 como siempre, al igual que Juan Franco Di Meglio (9), Lucas Lucchetti (9), Bruno Aceituno (7) y Luciano Mussini (7 y 15 rebotes). Mientras que Manuel Sacrist\u00e1n (15, 13 en 4\u00baC), Ezequiel Meneses (14) y Fernando Bonino (11) fueron los destacados en el due\u00f1o de casa.<\/b><\/p>\n<p>Pac\u00edfico comenz\u00f3 mejor enfocado el encuentro marcando r\u00e1pidamente el ritmo, corriendo la cancha o aprovechando los rompimientos hacia el cesto; con Bonino (6) como principal exponente anotador. Aunque la simpleza de Meneses y el aporte de Ruiz y Marini desde el banco, lograron superar a un rival que dependi\u00f3 mucho de lo que hiciera Massa (12 de los 16 y tir\u00f3 para anotar 18) con el bal\u00f3n en sus manos dado que el resto registr\u00f3 apenas 2\/11 TC contra 10\/16 T2 con el que cerr\u00f3 el local el primer chico.<\/p>\n<p>El segundo chico inici\u00f3 con el \u201cverde\u201d desperdiciando sus chances claras de estirar distancias (0\/5 T1); pero adem\u00e1s paulatinamente fue equivocando sus lanzamientos y con magros porcentajes (6\/17 T2) fue dejando pasar m\u00e1s oportunidades de alejarse en el marcador. El visitante fue encontrando alternativas en ofensiva y de a poco fue creciendo en defensa para correr el contraataque, fortaleciendo su cristal con un enorme Mussini (11 rebotes 1\u00baT). As\u00ed fue que se torn\u00f3 un tr\u00e1mite de rachas para cada elenco, donde rein\u00f3 la paridad.<\/p>\n<p>A la vuelta del vestuario, la dupla Bonino-Meneses (10 entre ambos) dio sus frutos para mantener al due\u00f1o de casa al frente en el luminoso. Sin embargo, en la vereda de enfrente estaba Susbielles, quien tom\u00f3 las riendas de la ofensiva ante la salida de Massa por acumulaci\u00f3n de infracciones (4, con t\u00e9cnica incluida). \u201cCapo\u201d calent\u00f3 motores desde el per\u00edmetro (3\/4 T3) para cerrar un cuarto impecable (13, tir\u00f3 para 16); permiti\u00e9ndole a Argentino estampar un parcial de 12.2 (51-47) con el que pas\u00f3 al frente y lider\u00f3 el parcial.<\/p>\n<p>Mientras el local perd\u00eda al todo terreno Bonino por cargarse de faltas, Argentino fue madurando en el juego para ser s\u00f3lido e intenso en defensa y en ataque, encontrar la mejor opci\u00f3n de lanzamiento. All\u00ed Susbielles y Bruni aprovecharon las imprecisiones del local (5 p\u00e9rdidas) para jugar con tranquilidad, inmersos en una interesante rotaci\u00f3n del bal\u00f3n, la que desvaneci\u00f3 los doblajes al bal\u00f3n sobre el poste bajo. Pero no la tuvo f\u00e1cil porque Sacrist\u00e1n (13) sac\u00f3 a relucir su arsenal din\u00e1mico en ofensiva y junto con Larrandart intentaron llevar el encuentro a un final cerrado; aunque las falencias en las decisiones les jugaron una mala pasada, otorg\u00e1ndole la posibilidad de cerrar el juego (y el ascenso) desde la l\u00ednea a Argentino.<\/p>\n<p>&nbsp;<\/p>\n<p>[vimeo]http:\/\/vimeo.com\/150641595[\/vimeo]<\/p>\n<p>&nbsp;<\/p>\n<p>[vimeo]http:\/\/vimeo.com\/150646817[\/vimeo]<\/p>\n<p>&nbsp;<\/p>\n<p><strong>S\u00edntesis |<\/strong><strong>\u00a0<\/strong>Segunda \u2013 Segundo Ascenso \u2013 Juego #4<\/p>\n<p><strong>Pac\u00edfico 70:<\/strong> Ezequiel Meneses 14, Mauro Richotti 2, Fernando Bonino 11, Joaqu\u00edn Larrandart 10 y Mauricio Gonz\u00e1lez 5 (F.I.); Manuel Sacrist\u00e1n 15 (x), Facundo Wattson 0, Juan Cruz Marini 3 y Lucas Ruiz 6.\u00a0DT: Pablo Kooistra.<\/p>\n<p><strong>Argentino 75:<\/strong>\u00a0Sebasti\u00e1n Susbielles 19, Lucas Lucchetti 9, Nicol\u00e1s Antonelli 2, C\u00e9sar Massa 16 y Luciano Mussini 7 (F.I.); Bruno Aceituno 7, Tom\u00e1s Bruni 7 y Juan Franco Di Meglio 9.\u00a0DT: Mario Errazu.<\/p>\n<p><strong>Parciales:<\/strong> 22-16, 37-34 (15-18), 53-58 (16-24) y 70-75 (17-17).<\/p>\n<p><strong>\u00c1rbitros:<\/strong> Horacio Sed\u00e1n, Javier S\u00e1nchez y Mauro Reyes.<\/p>\n<p><strong>Estadio:<\/strong>\u00a0William Harding Green (Pac\u00edfico).<\/p>\n<p><a class=\"modalf iframe\" title=\"Planilla\" href=\"https:\/\/docs.google.com\/spreadsheets\/d\/146LlffrL7xNIAa6hZdwZMRCNhfEcIA2hjMYpgfQPIh4\/pubhtml\" target=\"_blank\" rel=\"noopener\">Ver Planilla<\/a><\/p>\n<p><strong>Serie:<\/strong> Argentino, 3-1.<\/p>\n<p><strong>Foto<\/strong>: Sebasti\u00e1n Susbielles.<\/p>\n<p>&nbsp;<\/p>\n<h6><b>Un poco de historia<\/b><\/h6>\n<p>Argentino <a href=\"http:\/\/www.gentedebasquet.com.ar\/cual-es-la-primera-letra-del-abecedario\/\" target=\"_blank\" rel=\"noopener\">hab\u00eda descendido en 2013<\/a>, tras haber permanecido en Primera por 10 a\u00f1os despu\u00e9s del ascenso del 2003, cuando derrot\u00f3 a Comercial (ante\u00faltimo de Primera) en los partidos eliminatorios por el \u00abAscenso\/Permanencia\/Descenso\u00bb.<\/p>\n<h6>N\u00fameros<\/h6>\n<p>Argentino jug\u00f3 65 partidos esta temporada, con un r\u00e9cord de 43-22. Fueron 24-12 en la temporada regular y 19-10 en playoffs.\u00a0El \u00fanico jugador que disput\u00f3 todos los encuentros fue Luciano Mussini, quien adem\u00e1s fue el l\u00edder en tapas con 1,1 (\u00fanico en +1 del torneo).<\/p>\n<p>Mientras que Pac\u00edfico termin\u00f3 con un r\u00e9cord de 35-22; donde su mejor performance fue en la etapa regular con un registro de 26-10. En los playoffs termin\u00f3 con 9-12.\u00a0Ezequiel Meneses termin\u00f3 siendo el mejor asistidor del torneo con un promedio de 3,3 por juego.<\/p>\n<p>Sebasti\u00e1n Susbielles, vital desde el per\u00edmetro sobre el tercer cuarto, termin\u00f3 segundo en porcentajes desde los 6m75 con un 39,3% (90\/229 T3) en los 62 partidos que disput\u00f3. Solo fue superado por Federico Gonz\u00e1lez (La Falda), con un 41,4%, aunque con menos encuentros disputados (34pj). En el tercer escal\u00f3n qued\u00f3 Andr\u00e9s Almir\u00f3n (36,2%) seguido por C\u00e9sar Massa (36,0%).<\/p>\n<h6><b style=\"line-height: 1.5em;\">Un DT ganador<\/b><\/h6>\n<p>Mario Errazu, DT de Argentino, nos tiene acostumbrados a llevar a planteles a obtener el tan ansiado ascenso a Primera Divisi\u00f3n, dado que con este, suma cinco ascensos en su espalda.\u00a0Ellos fueron con Comercial en 1988, 2010 y 2013, y con Velocidad en 2005. Adem\u00e1s grit\u00f3 campe\u00f3n en Primera en 2001 tambi\u00e9n con el elenco portuario.<\/p>\n<h6><strong>Los pormenores de calendario<\/strong><\/h6>\n<p>Guillermo Mallemaci, jugador importante para Argentino (segundo en valoraci\u00f3n detr\u00e1s de Lucchetti), no fue de la partida anoche en la coronaci\u00f3n del logro del equipo. Pero no fue por una lesi\u00f3n o por alguna sanci\u00f3n; sino que el puntaltense ya ten\u00eda programado un viaje a Brasil y debi\u00f3 perderse el encuentro.<\/p>\n<h6><b>Para mejorar<\/b><\/h6>\n<p>Lamentablemente Argentino no pudo terminar de festejar como lo podr\u00eda haber hecho dado que luego de unos minutos de festejo, comenzaron a apagar las luces para que se retiraran de la cancha. Estas cosas, en mi humilde opini\u00f3n, no deber\u00edan pasar porque lograr un objetivo luego de tanto trabajo realizado durante el a\u00f1o, el para festejar y compartir con sus propios compa\u00f1eros y los familiares y allegados que se hicieron presentes para tal fin.<\/p>\n","protected":false},"excerpt":{"rendered":"<p>Argentino venci\u00f3 a Pac\u00edfico por 75 a 70 (3-1) y regres\u00f3 a la elite del b\u00e1squet local<\/p>\n","protected":false},"author":1,"featured_media":55789,"comment_status":"closed","ping_status":"open","sticky":false,"template":"","format":"standard","meta":{"jnews-multi-image_gallery":[],"jnews_single_post":[],"jnews_primary_category":[],"footnotes":""},"categories":[25,101],"tags":[4,250,1178,253,17,588],"class_list":["post-55791","post","type-post","status-publish","format-standard","has-post-thumbnail","hentry","category-segunda","category-slide","tag-argentino","tag-cesar-massa","tag-ezequiel-meneseses","tag-manuel-sacristan","tag-pacifico","tag-sebastian-susbielles"],"yoast_head":"<!-- This site is optimized with the Yoast SEO plugin v27.5 - https:\/\/yoast.com\/product\/yoast-seo-wordpress\/ -->\n<title>A Primera... - Gente de B\u00e1squet<\/title>\n<meta name=\"robots\" content=\"index, follow, max-snippet:-1, max-image-preview:large, max-video-preview:-1\" \/>\n<link rel=\"canonical\" href=\"https:\/\/gentedebasquet.com.ar\/sitio\/2016\/01\/04\/a-primera\/\" \/>\n<meta property=\"og:locale\" content=\"es_ES\" \/>\n<meta property=\"og:type\" content=\"article\" \/>\n<meta property=\"og:title\" content=\"A Primera... - Gente de B\u00e1squet\" \/>\n<meta property=\"og:description\" content=\"Argentino venci\u00f3 a Pac\u00edfico por 75 a 70 (3-1) y regres\u00f3 a la elite del b\u00e1squet local\" \/>\n<meta property=\"og:url\" content=\"https:\/\/gentedebasquet.com.ar\/sitio\/2016\/01\/04\/a-primera\/\" \/>\n<meta property=\"og:site_name\" content=\"Gente de B\u00e1squet\" \/>\n<meta property=\"article:published_time\" content=\"2016-01-04T05:04:09+00:00\" \/>\n<meta property=\"og:image\" content=\"https:\/\/gentedebasquet.com.ar\/sitio\/wp-content\/uploads\/2016\/01\/Susbielles.jpg\" \/>\n\t<meta property=\"og:image:width\" content=\"690\" \/>\n\t<meta property=\"og:image:height\" content=\"319\" \/>\n\t<meta property=\"og:image:type\" content=\"image\/jpeg\" \/>\n<meta name=\"author\" content=\"Gente de B\u00e1squet\" \/>\n<meta name=\"twitter:card\" content=\"summary_large_image\" \/>\n<meta name=\"twitter:label1\" content=\"Escrito por\" \/>\n\t<meta name=\"twitter:data1\" content=\"Gente de B\u00e1squet\" \/>\n\t<meta name=\"twitter:label2\" content=\"Tiempo de lectura\" \/>\n\t<meta name=\"twitter:data2\" content=\"5 minutos\" \/>\n<script type=\"application\/ld+json\" class=\"yoast-schema-graph\">{\"@context\":\"https:\\\/\\\/schema.org\",\"@graph\":[{\"@type\":\"Article\",\"@id\":\"https:\\\/\\\/gentedebasquet.com.ar\\\/sitio\\\/2016\\\/01\\\/04\\\/a-primera\\\/#article\",\"isPartOf\":{\"@id\":\"https:\\\/\\\/gentedebasquet.com.ar\\\/sitio\\\/2016\\\/01\\\/04\\\/a-primera\\\/\"},\"author\":{\"name\":\"Gente de B\u00e1squet\",\"@id\":\"https:\\\/\\\/gentedebasquet.com.ar\\\/sitio\\\/#\\\/schema\\\/person\\\/ca0b63bbb977369988a7bbbdc519943a\"},\"headline\":\"A Primera&#8230;\",\"datePublished\":\"2016-01-04T05:04:09+00:00\",\"mainEntityOfPage\":{\"@id\":\"https:\\\/\\\/gentedebasquet.com.ar\\\/sitio\\\/2016\\\/01\\\/04\\\/a-primera\\\/\"},\"wordCount\":1013,\"image\":{\"@id\":\"https:\\\/\\\/gentedebasquet.com.ar\\\/sitio\\\/2016\\\/01\\\/04\\\/a-primera\\\/#primaryimage\"},\"thumbnailUrl\":\"https:\\\/\\\/gentedebasquet.com.ar\\\/sitio\\\/wp-content\\\/uploads\\\/2016\\\/01\\\/Susbielles.jpg\",\"keywords\":[\"Argentino\",\"C\u00e9sar Massa\",\"Ezequiel Meneseses\",\"Manuel Sacrist\u00e1n\",\"Pacifico\",\"Sebasti\u00e1n Susbielles\"],\"articleSection\":[\"Segunda\",\"Slide\"],\"inLanguage\":\"es\"},{\"@type\":\"WebPage\",\"@id\":\"https:\\\/\\\/gentedebasquet.com.ar\\\/sitio\\\/2016\\\/01\\\/04\\\/a-primera\\\/\",\"url\":\"https:\\\/\\\/gentedebasquet.com.ar\\\/sitio\\\/2016\\\/01\\\/04\\\/a-primera\\\/\",\"name\":\"A Primera... - Gente de B\u00e1squet\",\"isPartOf\":{\"@id\":\"https:\\\/\\\/gentedebasquet.com.ar\\\/sitio\\\/#website\"},\"primaryImageOfPage\":{\"@id\":\"https:\\\/\\\/gentedebasquet.com.ar\\\/sitio\\\/2016\\\/01\\\/04\\\/a-primera\\\/#primaryimage\"},\"image\":{\"@id\":\"https:\\\/\\\/gentedebasquet.com.ar\\\/sitio\\\/2016\\\/01\\\/04\\\/a-primera\\\/#primaryimage\"},\"thumbnailUrl\":\"https:\\\/\\\/gentedebasquet.com.ar\\\/sitio\\\/wp-content\\\/uploads\\\/2016\\\/01\\\/Susbielles.jpg\",\"datePublished\":\"2016-01-04T05:04:09+00:00\",\"author\":{\"@id\":\"https:\\\/\\\/gentedebasquet.com.ar\\\/sitio\\\/#\\\/schema\\\/person\\\/ca0b63bbb977369988a7bbbdc519943a\"},\"breadcrumb\":{\"@id\":\"https:\\\/\\\/gentedebasquet.com.ar\\\/sitio\\\/2016\\\/01\\\/04\\\/a-primera\\\/#breadcrumb\"},\"inLanguage\":\"es\",\"potentialAction\":[{\"@type\":\"ReadAction\",\"target\":[\"https:\\\/\\\/gentedebasquet.com.ar\\\/sitio\\\/2016\\\/01\\\/04\\\/a-primera\\\/\"]}]},{\"@type\":\"ImageObject\",\"inLanguage\":\"es\",\"@id\":\"https:\\\/\\\/gentedebasquet.com.ar\\\/sitio\\\/2016\\\/01\\\/04\\\/a-primera\\\/#primaryimage\",\"url\":\"https:\\\/\\\/gentedebasquet.com.ar\\\/sitio\\\/wp-content\\\/uploads\\\/2016\\\/01\\\/Susbielles.jpg\",\"contentUrl\":\"https:\\\/\\\/gentedebasquet.com.ar\\\/sitio\\\/wp-content\\\/uploads\\\/2016\\\/01\\\/Susbielles.jpg\",\"width\":690,\"height\":319},{\"@type\":\"BreadcrumbList\",\"@id\":\"https:\\\/\\\/gentedebasquet.com.ar\\\/sitio\\\/2016\\\/01\\\/04\\\/a-primera\\\/#breadcrumb\",\"itemListElement\":[{\"@type\":\"ListItem\",\"position\":1,\"name\":\"Portada\",\"item\":\"https:\\\/\\\/gentedebasquet.com.ar\\\/sitio\\\/\"},{\"@type\":\"ListItem\",\"position\":2,\"name\":\"A Primera&#8230;\"}]},{\"@type\":\"WebSite\",\"@id\":\"https:\\\/\\\/gentedebasquet.com.ar\\\/sitio\\\/#website\",\"url\":\"https:\\\/\\\/gentedebasquet.com.ar\\\/sitio\\\/\",\"name\":\"Gente de B\u00e1squet\",\"description\":\"La revista del basquet de Bah\u00eda Blanca\",\"potentialAction\":[{\"@type\":\"SearchAction\",\"target\":{\"@type\":\"EntryPoint\",\"urlTemplate\":\"https:\\\/\\\/gentedebasquet.com.ar\\\/sitio\\\/?s={search_term_string}\"},\"query-input\":{\"@type\":\"PropertyValueSpecification\",\"valueRequired\":true,\"valueName\":\"search_term_string\"}}],\"inLanguage\":\"es\"},{\"@type\":\"Person\",\"@id\":\"https:\\\/\\\/gentedebasquet.com.ar\\\/sitio\\\/#\\\/schema\\\/person\\\/ca0b63bbb977369988a7bbbdc519943a\",\"name\":\"Gente de B\u00e1squet\",\"image\":{\"@type\":\"ImageObject\",\"inLanguage\":\"es\",\"@id\":\"https:\\\/\\\/secure.gravatar.com\\\/avatar\\\/7f2c48bdc33b30088f941fb6082e555f2874c98e20cb159d7b92b50eadfce793?s=96&d=mm&r=g\",\"url\":\"https:\\\/\\\/secure.gravatar.com\\\/avatar\\\/7f2c48bdc33b30088f941fb6082e555f2874c98e20cb159d7b92b50eadfce793?s=96&d=mm&r=g\",\"contentUrl\":\"https:\\\/\\\/secure.gravatar.com\\\/avatar\\\/7f2c48bdc33b30088f941fb6082e555f2874c98e20cb159d7b92b50eadfce793?s=96&d=mm&r=g\",\"caption\":\"Gente de B\u00e1squet\"},\"sameAs\":[\"http:\\\/\\\/gentedebasquet.com.ar\\\/sitio\"],\"url\":\"https:\\\/\\\/gentedebasquet.com.ar\\\/sitio\\\/author\\\/ulises\\\/\"}]}<\/script>\n<!-- \/ Yoast SEO plugin. -->","yoast_head_json":{"title":"A Primera... - Gente de B\u00e1squet","robots":{"index":"index","follow":"follow","max-snippet":"max-snippet:-1","max-image-preview":"max-image-preview:large","max-video-preview":"max-video-preview:-1"},"canonical":"https:\/\/gentedebasquet.com.ar\/sitio\/2016\/01\/04\/a-primera\/","og_locale":"es_ES","og_type":"article","og_title":"A Primera... - Gente de B\u00e1squet","og_description":"Argentino venci\u00f3 a Pac\u00edfico por 75 a 70 (3-1) y regres\u00f3 a la elite del b\u00e1squet local","og_url":"https:\/\/gentedebasquet.com.ar\/sitio\/2016\/01\/04\/a-primera\/","og_site_name":"Gente de B\u00e1squet","article_published_time":"2016-01-04T05:04:09+00:00","og_image":[{"width":690,"height":319,"url":"https:\/\/gentedebasquet.com.ar\/sitio\/wp-content\/uploads\/2016\/01\/Susbielles.jpg","type":"image\/jpeg"}],"author":"Gente de B\u00e1squet","twitter_card":"summary_large_image","twitter_misc":{"Escrito por":"Gente de B\u00e1squet","Tiempo de lectura":"5 minutos"},"schema":{"@context":"https:\/\/schema.org","@graph":[{"@type":"Article","@id":"https:\/\/gentedebasquet.com.ar\/sitio\/2016\/01\/04\/a-primera\/#article","isPartOf":{"@id":"https:\/\/gentedebasquet.com.ar\/sitio\/2016\/01\/04\/a-primera\/"},"author":{"name":"Gente de B\u00e1squet","@id":"https:\/\/gentedebasquet.com.ar\/sitio\/#\/schema\/person\/ca0b63bbb977369988a7bbbdc519943a"},"headline":"A Primera&#8230;","datePublished":"2016-01-04T05:04:09+00:00","mainEntityOfPage":{"@id":"https:\/\/gentedebasquet.com.ar\/sitio\/2016\/01\/04\/a-primera\/"},"wordCount":1013,"image":{"@id":"https:\/\/gentedebasquet.com.ar\/sitio\/2016\/01\/04\/a-primera\/#primaryimage"},"thumbnailUrl":"https:\/\/gentedebasquet.com.ar\/sitio\/wp-content\/uploads\/2016\/01\/Susbielles.jpg","keywords":["Argentino","C\u00e9sar Massa","Ezequiel Meneseses","Manuel Sacrist\u00e1n","Pacifico","Sebasti\u00e1n Susbielles"],"articleSection":["Segunda","Slide"],"inLanguage":"es"},{"@type":"WebPage","@id":"https:\/\/gentedebasquet.com.ar\/sitio\/2016\/01\/04\/a-primera\/","url":"https:\/\/gentedebasquet.com.ar\/sitio\/2016\/01\/04\/a-primera\/","name":"A Primera... - Gente de B\u00e1squet","isPartOf":{"@id":"https:\/\/gentedebasquet.com.ar\/sitio\/#website"},"primaryImageOfPage":{"@id":"https:\/\/gentedebasquet.com.ar\/sitio\/2016\/01\/04\/a-primera\/#primaryimage"},"image":{"@id":"https:\/\/gentedebasquet.com.ar\/sitio\/2016\/01\/04\/a-primera\/#primaryimage"},"thumbnailUrl":"https:\/\/gentedebasquet.com.ar\/sitio\/wp-content\/uploads\/2016\/01\/Susbielles.jpg","datePublished":"2016-01-04T05:04:09+00:00","author":{"@id":"https:\/\/gentedebasquet.com.ar\/sitio\/#\/schema\/person\/ca0b63bbb977369988a7bbbdc519943a"},"breadcrumb":{"@id":"https:\/\/gentedebasquet.com.ar\/sitio\/2016\/01\/04\/a-primera\/#breadcrumb"},"inLanguage":"es","potentialAction":[{"@type":"ReadAction","target":["https:\/\/gentedebasquet.com.ar\/sitio\/2016\/01\/04\/a-primera\/"]}]},{"@type":"ImageObject","inLanguage":"es","@id":"https:\/\/gentedebasquet.com.ar\/sitio\/2016\/01\/04\/a-primera\/#primaryimage","url":"https:\/\/gentedebasquet.com.ar\/sitio\/wp-content\/uploads\/2016\/01\/Susbielles.jpg","contentUrl":"https:\/\/gentedebasquet.com.ar\/sitio\/wp-content\/uploads\/2016\/01\/Susbielles.jpg","width":690,"height":319},{"@type":"BreadcrumbList","@id":"https:\/\/gentedebasquet.com.ar\/sitio\/2016\/01\/04\/a-primera\/#breadcrumb","itemListElement":[{"@type":"ListItem","position":1,"name":"Portada","item":"https:\/\/gentedebasquet.com.ar\/sitio\/"},{"@type":"ListItem","position":2,"name":"A Primera&#8230;"}]},{"@type":"WebSite","@id":"https:\/\/gentedebasquet.com.ar\/sitio\/#website","url":"https:\/\/gentedebasquet.com.ar\/sitio\/","name":"Gente de B\u00e1squet","description":"La revista del basquet de Bah\u00eda Blanca","potentialAction":[{"@type":"SearchAction","target":{"@type":"EntryPoint","urlTemplate":"https:\/\/gentedebasquet.com.ar\/sitio\/?s={search_term_string}"},"query-input":{"@type":"PropertyValueSpecification","valueRequired":true,"valueName":"search_term_string"}}],"inLanguage":"es"},{"@type":"Person","@id":"https:\/\/gentedebasquet.com.ar\/sitio\/#\/schema\/person\/ca0b63bbb977369988a7bbbdc519943a","name":"Gente de B\u00e1squet","image":{"@type":"ImageObject","inLanguage":"es","@id":"https:\/\/secure.gravatar.com\/avatar\/7f2c48bdc33b30088f941fb6082e555f2874c98e20cb159d7b92b50eadfce793?s=96&d=mm&r=g","url":"https:\/\/secure.gravatar.com\/avatar\/7f2c48bdc33b30088f941fb6082e555f2874c98e20cb159d7b92b50eadfce793?s=96&d=mm&r=g","contentUrl":"https:\/\/secure.gravatar.com\/avatar\/7f2c48bdc33b30088f941fb6082e555f2874c98e20cb159d7b92b50eadfce793?s=96&d=mm&r=g","caption":"Gente de B\u00e1squet"},"sameAs":["http:\/\/gentedebasquet.com.ar\/sitio"],"url":"https:\/\/gentedebasquet.com.ar\/sitio\/author\/ulises\/"}]}},"_links":{"self":[{"href":"https:\/\/gentedebasquet.com.ar\/sitio\/wp-json\/wp\/v2\/posts\/55791","targetHints":{"allow":["GET"]}}],"collection":[{"href":"https:\/\/gentedebasquet.com.ar\/sitio\/wp-json\/wp\/v2\/posts"}],"about":[{"href":"https:\/\/gentedebasquet.com.ar\/sitio\/wp-json\/wp\/v2\/types\/post"}],"author":[{"embeddable":true,"href":"https:\/\/gentedebasquet.com.ar\/sitio\/wp-json\/wp\/v2\/users\/1"}],"replies":[{"embeddable":true,"href":"https:\/\/gentedebasquet.com.ar\/sitio\/wp-json\/wp\/v2\/comments?post=55791"}],"version-history":[{"count":0,"href":"https:\/\/gentedebasquet.com.ar\/sitio\/wp-json\/wp\/v2\/posts\/55791\/revisions"}],"wp:featuredmedia":[{"embeddable":true,"href":"https:\/\/gentedebasquet.com.ar\/sitio\/wp-json\/wp\/v2\/media\/55789"}],"wp:attachment":[{"href":"https:\/\/gentedebasquet.com.ar\/sitio\/wp-json\/wp\/v2\/media?parent=55791"}],"wp:term":[{"taxonomy":"category","embeddable":true,"href":"https:\/\/gentedebasquet.com.ar\/sitio\/wp-json\/wp\/v2\/categories?post=55791"},{"taxonomy":"post_tag","embeddable":true,"href":"https:\/\/gentedebasquet.com.ar\/sitio\/wp-json\/wp\/v2\/tags?post=55791"}],"curies":[{"name":"wp","href":"https:\/\/api.w.org\/{rel}","templated":true}]}}