{"id":56088,"date":"2016-01-22T11:53:54","date_gmt":"2016-01-22T14:53:54","guid":{"rendered":"http:\/\/www.gentedebasquet.com.ar\/?p=56088"},"modified":"2016-01-22T11:53:54","modified_gmt":"2016-01-22T14:53:54","slug":"este-es-el-camino-para-conseguir-el-objetivo","status":"publish","type":"post","link":"https:\/\/gentedebasquet.com.ar\/sitio\/2016\/01\/22\/este-es-el-camino-para-conseguir-el-objetivo\/","title":{"rendered":"\u201cEste es el camino\u201d"},"content":{"rendered":"<p><b>Franco Amigo analiz\u00f3 lo que dejaron las dos victorias de Bahiense del Norte ante San Lorenzo (Chivilcoy) y Argentino (Pergamino) el fin de semana pasado en el Manu Gin\u00f3bili, y se refiri\u00f3 al presente que vive el equipo en este Torneo Federal. Este fin de semana, el Tricolor tendr\u00e1 sus dos primeros partidos fuera de Bah\u00eda en lo que va del a\u00f1o. Hoy, desde las 22, visitar\u00e1 a P\u00e9rfora de Plaza Huincul, mientras que el domingo, a partir de las 21, har\u00e1 lo propio con Independiente de Neuqu\u00e9n.\u00a0<\/b><\/p>\n<p>Los triunfos del \u00faltimo fin de semana frente a San Lorenzo (Chivilcoy) y Argentino (Pergamino) cortaron una racha de dos encuentros perdidos para Bahiense del Norte. Adem\u00e1s, le dieron al equipo una inyecci\u00f3n an\u00edmica para afrontar la primera gira de este 2016 en la provincia de Neuqu\u00e9n. Este viernes, el Tricolor visitar\u00e1 desde las 22 a P\u00e9rfora (Plaza Huincul), mientras que el domingo, a partir de las 21, har\u00e1 lo propio con Independiente (Neuqu\u00e9n).<\/p>\n<p>Franco Amigo, uno de los referentes del plantel, analiz\u00f3 lo que dejaron las dos victorias, sobre todo la obtenida frente a Argentino. \u201cEra importante ganar el partido con Argentino, es un rival directo con el que estamos peleando el tercer puesto. Para nosotros vale doble\u201d, se\u00f1al\u00f3. A lo que luego agreg\u00f3: \u201cSi bien el primer tiempo no fue muy bueno, en el segundo fue buena nuestra remontada, qued\u00f3 una muestra de actitud y creo que este es el camino para conseguir el objetivo de entrar entre los cuatro primeros\u201d.<\/p>\n<p>Sin dudas, algo m\u00e1s que positivo es que Bahiense se fue acostumbrando a ganar y hacerse fuerte en el Manu Gin\u00f3bili, en donde solo perdi\u00f3 el primer partido de la temporada ante Villa Mitre. \u201cLa local\u00eda es muy importante, ganando todos los partidos ac\u00e1 tenes el 50% de victorias. A la nuestra la hacemos fuerte nosotros en base al juego, defensa y actitud\u201d, apunt\u00f3.<\/p>\n<p>Por \u00faltimo, el alero se refiri\u00f3 a lo importante que era para el plantel ganar los dos primeros encuentros como local y cortar la racha de partidos perdidos.\u00a0 \u201cNecesit\u00e1bamos ganar. Despu\u00e9s del partido con Villa Mitre y el \u00faltimo de la primera fase con San Mart\u00edn de Jun\u00edn, creo los \u00e1nimos del equipo no eran de lo mejor. Ten\u00edamos que ganar, sea como sea, jugando bien o jugando mal. El viernes jugamos bien y el domingo jugamos tres cuartos malos pero despu\u00e9s lo pudimos revertir\u201d, finaliz\u00f3.<\/p>\n<p>Para la gira por la provincia de Neuqu\u00e9n, Alejandro Navallo contar\u00e1 con una delegaci\u00f3n compuesta por: Andr\u00e9s Barbero, Juan Ignacio Diomedi, Juan Pablo Mor\u00e1n, Mauro Zalguizuri, Esteban Silva, Franco Amigo, Ignacio Gerbaudo, Luciano Fern\u00e1ndez, Franco Pennacchiotti, Iv\u00e1n Catani, Mat\u00edas Pristupa y An\u00edbal Buzzo.<\/p>\n<p>En la primera parte de la temporada, cuando Bahiense visit\u00f3 a P\u00e9rfora e Independiente por primera vez, no pudo conseguir buenos resultados. All\u00ed, el Tricolor cay\u00f3 frente a los de Plaza Huincul por 75-60 y ante el Rojo neuquino por 61-52.<\/p>\n<p><strong>Fuente:<\/strong> Prensa Bahiense del Norte.<\/p>\n","protected":false},"excerpt":{"rendered":"<p>Franco Amigo analiz\u00f3 el presente de Bahiense del Norte en este Torneo Federal<\/p>\n","protected":false},"author":1,"featured_media":56089,"comment_status":"closed","ping_status":"open","sticky":false,"template":"","format":"standard","meta":{"jnews-multi-image_gallery":[],"jnews_single_post":[],"jnews_primary_category":[],"footnotes":""},"categories":[36,39],"tags":[223,427,426,40],"class_list":["post-56088","post","type-post","status-publish","format-standard","has-post-thumbnail","hentry","category-federal","category-nacional","tag-franco-amigo","tag-independiente-neuquen","tag-perfora","tag-torneo-federal"],"yoast_head":"<!-- This site is optimized with the Yoast SEO plugin v27.5 - https:\/\/yoast.com\/product\/yoast-seo-wordpress\/ -->\n<title>\u201cEste es el camino\u201d - Gente de B\u00e1squet<\/title>\n<meta name=\"robots\" content=\"index, follow, max-snippet:-1, max-image-preview:large, max-video-preview:-1\" \/>\n<link rel=\"canonical\" href=\"https:\/\/gentedebasquet.com.ar\/sitio\/2016\/01\/22\/este-es-el-camino-para-conseguir-el-objetivo\/\" \/>\n<meta property=\"og:locale\" content=\"es_ES\" \/>\n<meta property=\"og:type\" content=\"article\" \/>\n<meta property=\"og:title\" content=\"\u201cEste es el camino\u201d - Gente de B\u00e1squet\" \/>\n<meta property=\"og:description\" content=\"Franco Amigo analiz\u00f3 el presente de Bahiense del Norte en este Torneo Federal\" \/>\n<meta property=\"og:url\" content=\"https:\/\/gentedebasquet.com.ar\/sitio\/2016\/01\/22\/este-es-el-camino-para-conseguir-el-objetivo\/\" \/>\n<meta property=\"og:site_name\" content=\"Gente de B\u00e1squet\" \/>\n<meta property=\"article:published_time\" content=\"2016-01-22T14:53:54+00:00\" \/>\n<meta property=\"og:image\" content=\"https:\/\/gentedebasquet.com.ar\/sitio\/wp-content\/uploads\/2016\/01\/DSC_0021.jpg\" \/>\n\t<meta property=\"og:image:width\" content=\"690\" \/>\n\t<meta property=\"og:image:height\" content=\"319\" \/>\n\t<meta property=\"og:image:type\" content=\"image\/jpeg\" \/>\n<meta name=\"author\" content=\"Gente de B\u00e1squet\" \/>\n<meta name=\"twitter:card\" content=\"summary_large_image\" \/>\n<meta name=\"twitter:label1\" content=\"Escrito por\" \/>\n\t<meta name=\"twitter:data1\" content=\"Gente de B\u00e1squet\" \/>\n\t<meta name=\"twitter:label2\" content=\"Tiempo de lectura\" \/>\n\t<meta name=\"twitter:data2\" content=\"3 minutos\" \/>\n<script type=\"application\/ld+json\" class=\"yoast-schema-graph\">{\"@context\":\"https:\\\/\\\/schema.org\",\"@graph\":[{\"@type\":\"Article\",\"@id\":\"https:\\\/\\\/gentedebasquet.com.ar\\\/sitio\\\/2016\\\/01\\\/22\\\/este-es-el-camino-para-conseguir-el-objetivo\\\/#article\",\"isPartOf\":{\"@id\":\"https:\\\/\\\/gentedebasquet.com.ar\\\/sitio\\\/2016\\\/01\\\/22\\\/este-es-el-camino-para-conseguir-el-objetivo\\\/\"},\"author\":{\"name\":\"Gente de B\u00e1squet\",\"@id\":\"https:\\\/\\\/gentedebasquet.com.ar\\\/sitio\\\/#\\\/schema\\\/person\\\/ca0b63bbb977369988a7bbbdc519943a\"},\"headline\":\"\u201cEste es el camino\u201d\",\"datePublished\":\"2016-01-22T14:53:54+00:00\",\"mainEntityOfPage\":{\"@id\":\"https:\\\/\\\/gentedebasquet.com.ar\\\/sitio\\\/2016\\\/01\\\/22\\\/este-es-el-camino-para-conseguir-el-objetivo\\\/\"},\"wordCount\":518,\"image\":{\"@id\":\"https:\\\/\\\/gentedebasquet.com.ar\\\/sitio\\\/2016\\\/01\\\/22\\\/este-es-el-camino-para-conseguir-el-objetivo\\\/#primaryimage\"},\"thumbnailUrl\":\"https:\\\/\\\/gentedebasquet.com.ar\\\/sitio\\\/wp-content\\\/uploads\\\/2016\\\/01\\\/DSC_0021.jpg\",\"keywords\":[\"Franco Amigo\",\"Independiente Neuqu\u00e9n\",\"P\u00e9rfora\",\"Torneo Federal\"],\"articleSection\":[\"Federal\",\"Nacional\"],\"inLanguage\":\"es\"},{\"@type\":\"WebPage\",\"@id\":\"https:\\\/\\\/gentedebasquet.com.ar\\\/sitio\\\/2016\\\/01\\\/22\\\/este-es-el-camino-para-conseguir-el-objetivo\\\/\",\"url\":\"https:\\\/\\\/gentedebasquet.com.ar\\\/sitio\\\/2016\\\/01\\\/22\\\/este-es-el-camino-para-conseguir-el-objetivo\\\/\",\"name\":\"\u201cEste es el camino\u201d - Gente de B\u00e1squet\",\"isPartOf\":{\"@id\":\"https:\\\/\\\/gentedebasquet.com.ar\\\/sitio\\\/#website\"},\"primaryImageOfPage\":{\"@id\":\"https:\\\/\\\/gentedebasquet.com.ar\\\/sitio\\\/2016\\\/01\\\/22\\\/este-es-el-camino-para-conseguir-el-objetivo\\\/#primaryimage\"},\"image\":{\"@id\":\"https:\\\/\\\/gentedebasquet.com.ar\\\/sitio\\\/2016\\\/01\\\/22\\\/este-es-el-camino-para-conseguir-el-objetivo\\\/#primaryimage\"},\"thumbnailUrl\":\"https:\\\/\\\/gentedebasquet.com.ar\\\/sitio\\\/wp-content\\\/uploads\\\/2016\\\/01\\\/DSC_0021.jpg\",\"datePublished\":\"2016-01-22T14:53:54+00:00\",\"author\":{\"@id\":\"https:\\\/\\\/gentedebasquet.com.ar\\\/sitio\\\/#\\\/schema\\\/person\\\/ca0b63bbb977369988a7bbbdc519943a\"},\"breadcrumb\":{\"@id\":\"https:\\\/\\\/gentedebasquet.com.ar\\\/sitio\\\/2016\\\/01\\\/22\\\/este-es-el-camino-para-conseguir-el-objetivo\\\/#breadcrumb\"},\"inLanguage\":\"es\",\"potentialAction\":[{\"@type\":\"ReadAction\",\"target\":[\"https:\\\/\\\/gentedebasquet.com.ar\\\/sitio\\\/2016\\\/01\\\/22\\\/este-es-el-camino-para-conseguir-el-objetivo\\\/\"]}]},{\"@type\":\"ImageObject\",\"inLanguage\":\"es\",\"@id\":\"https:\\\/\\\/gentedebasquet.com.ar\\\/sitio\\\/2016\\\/01\\\/22\\\/este-es-el-camino-para-conseguir-el-objetivo\\\/#primaryimage\",\"url\":\"https:\\\/\\\/gentedebasquet.com.ar\\\/sitio\\\/wp-content\\\/uploads\\\/2016\\\/01\\\/DSC_0021.jpg\",\"contentUrl\":\"https:\\\/\\\/gentedebasquet.com.ar\\\/sitio\\\/wp-content\\\/uploads\\\/2016\\\/01\\\/DSC_0021.jpg\",\"width\":690,\"height\":319},{\"@type\":\"BreadcrumbList\",\"@id\":\"https:\\\/\\\/gentedebasquet.com.ar\\\/sitio\\\/2016\\\/01\\\/22\\\/este-es-el-camino-para-conseguir-el-objetivo\\\/#breadcrumb\",\"itemListElement\":[{\"@type\":\"ListItem\",\"position\":1,\"name\":\"Portada\",\"item\":\"https:\\\/\\\/gentedebasquet.com.ar\\\/sitio\\\/\"},{\"@type\":\"ListItem\",\"position\":2,\"name\":\"\u201cEste es el camino\u201d\"}]},{\"@type\":\"WebSite\",\"@id\":\"https:\\\/\\\/gentedebasquet.com.ar\\\/sitio\\\/#website\",\"url\":\"https:\\\/\\\/gentedebasquet.com.ar\\\/sitio\\\/\",\"name\":\"Gente de B\u00e1squet\",\"description\":\"La revista del basquet de Bah\u00eda Blanca\",\"potentialAction\":[{\"@type\":\"SearchAction\",\"target\":{\"@type\":\"EntryPoint\",\"urlTemplate\":\"https:\\\/\\\/gentedebasquet.com.ar\\\/sitio\\\/?s={search_term_string}\"},\"query-input\":{\"@type\":\"PropertyValueSpecification\",\"valueRequired\":true,\"valueName\":\"search_term_string\"}}],\"inLanguage\":\"es\"},{\"@type\":\"Person\",\"@id\":\"https:\\\/\\\/gentedebasquet.com.ar\\\/sitio\\\/#\\\/schema\\\/person\\\/ca0b63bbb977369988a7bbbdc519943a\",\"name\":\"Gente de B\u00e1squet\",\"image\":{\"@type\":\"ImageObject\",\"inLanguage\":\"es\",\"@id\":\"https:\\\/\\\/secure.gravatar.com\\\/avatar\\\/7f2c48bdc33b30088f941fb6082e555f2874c98e20cb159d7b92b50eadfce793?s=96&d=mm&r=g\",\"url\":\"https:\\\/\\\/secure.gravatar.com\\\/avatar\\\/7f2c48bdc33b30088f941fb6082e555f2874c98e20cb159d7b92b50eadfce793?s=96&d=mm&r=g\",\"contentUrl\":\"https:\\\/\\\/secure.gravatar.com\\\/avatar\\\/7f2c48bdc33b30088f941fb6082e555f2874c98e20cb159d7b92b50eadfce793?s=96&d=mm&r=g\",\"caption\":\"Gente de B\u00e1squet\"},\"sameAs\":[\"http:\\\/\\\/gentedebasquet.com.ar\\\/sitio\"],\"url\":\"https:\\\/\\\/gentedebasquet.com.ar\\\/sitio\\\/author\\\/ulises\\\/\"}]}<\/script>\n<!-- \/ Yoast SEO plugin. -->","yoast_head_json":{"title":"\u201cEste es el camino\u201d - Gente de B\u00e1squet","robots":{"index":"index","follow":"follow","max-snippet":"max-snippet:-1","max-image-preview":"max-image-preview:large","max-video-preview":"max-video-preview:-1"},"canonical":"https:\/\/gentedebasquet.com.ar\/sitio\/2016\/01\/22\/este-es-el-camino-para-conseguir-el-objetivo\/","og_locale":"es_ES","og_type":"article","og_title":"\u201cEste es el camino\u201d - Gente de B\u00e1squet","og_description":"Franco Amigo analiz\u00f3 el presente de Bahiense del Norte en este Torneo Federal","og_url":"https:\/\/gentedebasquet.com.ar\/sitio\/2016\/01\/22\/este-es-el-camino-para-conseguir-el-objetivo\/","og_site_name":"Gente de B\u00e1squet","article_published_time":"2016-01-22T14:53:54+00:00","og_image":[{"width":690,"height":319,"url":"https:\/\/gentedebasquet.com.ar\/sitio\/wp-content\/uploads\/2016\/01\/DSC_0021.jpg","type":"image\/jpeg"}],"author":"Gente de B\u00e1squet","twitter_card":"summary_large_image","twitter_misc":{"Escrito por":"Gente de B\u00e1squet","Tiempo de lectura":"3 minutos"},"schema":{"@context":"https:\/\/schema.org","@graph":[{"@type":"Article","@id":"https:\/\/gentedebasquet.com.ar\/sitio\/2016\/01\/22\/este-es-el-camino-para-conseguir-el-objetivo\/#article","isPartOf":{"@id":"https:\/\/gentedebasquet.com.ar\/sitio\/2016\/01\/22\/este-es-el-camino-para-conseguir-el-objetivo\/"},"author":{"name":"Gente de B\u00e1squet","@id":"https:\/\/gentedebasquet.com.ar\/sitio\/#\/schema\/person\/ca0b63bbb977369988a7bbbdc519943a"},"headline":"\u201cEste es el camino\u201d","datePublished":"2016-01-22T14:53:54+00:00","mainEntityOfPage":{"@id":"https:\/\/gentedebasquet.com.ar\/sitio\/2016\/01\/22\/este-es-el-camino-para-conseguir-el-objetivo\/"},"wordCount":518,"image":{"@id":"https:\/\/gentedebasquet.com.ar\/sitio\/2016\/01\/22\/este-es-el-camino-para-conseguir-el-objetivo\/#primaryimage"},"thumbnailUrl":"https:\/\/gentedebasquet.com.ar\/sitio\/wp-content\/uploads\/2016\/01\/DSC_0021.jpg","keywords":["Franco Amigo","Independiente Neuqu\u00e9n","P\u00e9rfora","Torneo Federal"],"articleSection":["Federal","Nacional"],"inLanguage":"es"},{"@type":"WebPage","@id":"https:\/\/gentedebasquet.com.ar\/sitio\/2016\/01\/22\/este-es-el-camino-para-conseguir-el-objetivo\/","url":"https:\/\/gentedebasquet.com.ar\/sitio\/2016\/01\/22\/este-es-el-camino-para-conseguir-el-objetivo\/","name":"\u201cEste es el camino\u201d - Gente de B\u00e1squet","isPartOf":{"@id":"https:\/\/gentedebasquet.com.ar\/sitio\/#website"},"primaryImageOfPage":{"@id":"https:\/\/gentedebasquet.com.ar\/sitio\/2016\/01\/22\/este-es-el-camino-para-conseguir-el-objetivo\/#primaryimage"},"image":{"@id":"https:\/\/gentedebasquet.com.ar\/sitio\/2016\/01\/22\/este-es-el-camino-para-conseguir-el-objetivo\/#primaryimage"},"thumbnailUrl":"https:\/\/gentedebasquet.com.ar\/sitio\/wp-content\/uploads\/2016\/01\/DSC_0021.jpg","datePublished":"2016-01-22T14:53:54+00:00","author":{"@id":"https:\/\/gentedebasquet.com.ar\/sitio\/#\/schema\/person\/ca0b63bbb977369988a7bbbdc519943a"},"breadcrumb":{"@id":"https:\/\/gentedebasquet.com.ar\/sitio\/2016\/01\/22\/este-es-el-camino-para-conseguir-el-objetivo\/#breadcrumb"},"inLanguage":"es","potentialAction":[{"@type":"ReadAction","target":["https:\/\/gentedebasquet.com.ar\/sitio\/2016\/01\/22\/este-es-el-camino-para-conseguir-el-objetivo\/"]}]},{"@type":"ImageObject","inLanguage":"es","@id":"https:\/\/gentedebasquet.com.ar\/sitio\/2016\/01\/22\/este-es-el-camino-para-conseguir-el-objetivo\/#primaryimage","url":"https:\/\/gentedebasquet.com.ar\/sitio\/wp-content\/uploads\/2016\/01\/DSC_0021.jpg","contentUrl":"https:\/\/gentedebasquet.com.ar\/sitio\/wp-content\/uploads\/2016\/01\/DSC_0021.jpg","width":690,"height":319},{"@type":"BreadcrumbList","@id":"https:\/\/gentedebasquet.com.ar\/sitio\/2016\/01\/22\/este-es-el-camino-para-conseguir-el-objetivo\/#breadcrumb","itemListElement":[{"@type":"ListItem","position":1,"name":"Portada","item":"https:\/\/gentedebasquet.com.ar\/sitio\/"},{"@type":"ListItem","position":2,"name":"\u201cEste es el camino\u201d"}]},{"@type":"WebSite","@id":"https:\/\/gentedebasquet.com.ar\/sitio\/#website","url":"https:\/\/gentedebasquet.com.ar\/sitio\/","name":"Gente de B\u00e1squet","description":"La revista del basquet de Bah\u00eda Blanca","potentialAction":[{"@type":"SearchAction","target":{"@type":"EntryPoint","urlTemplate":"https:\/\/gentedebasquet.com.ar\/sitio\/?s={search_term_string}"},"query-input":{"@type":"PropertyValueSpecification","valueRequired":true,"valueName":"search_term_string"}}],"inLanguage":"es"},{"@type":"Person","@id":"https:\/\/gentedebasquet.com.ar\/sitio\/#\/schema\/person\/ca0b63bbb977369988a7bbbdc519943a","name":"Gente de B\u00e1squet","image":{"@type":"ImageObject","inLanguage":"es","@id":"https:\/\/secure.gravatar.com\/avatar\/7f2c48bdc33b30088f941fb6082e555f2874c98e20cb159d7b92b50eadfce793?s=96&d=mm&r=g","url":"https:\/\/secure.gravatar.com\/avatar\/7f2c48bdc33b30088f941fb6082e555f2874c98e20cb159d7b92b50eadfce793?s=96&d=mm&r=g","contentUrl":"https:\/\/secure.gravatar.com\/avatar\/7f2c48bdc33b30088f941fb6082e555f2874c98e20cb159d7b92b50eadfce793?s=96&d=mm&r=g","caption":"Gente de B\u00e1squet"},"sameAs":["http:\/\/gentedebasquet.com.ar\/sitio"],"url":"https:\/\/gentedebasquet.com.ar\/sitio\/author\/ulises\/"}]}},"_links":{"self":[{"href":"https:\/\/gentedebasquet.com.ar\/sitio\/wp-json\/wp\/v2\/posts\/56088","targetHints":{"allow":["GET"]}}],"collection":[{"href":"https:\/\/gentedebasquet.com.ar\/sitio\/wp-json\/wp\/v2\/posts"}],"about":[{"href":"https:\/\/gentedebasquet.com.ar\/sitio\/wp-json\/wp\/v2\/types\/post"}],"author":[{"embeddable":true,"href":"https:\/\/gentedebasquet.com.ar\/sitio\/wp-json\/wp\/v2\/users\/1"}],"replies":[{"embeddable":true,"href":"https:\/\/gentedebasquet.com.ar\/sitio\/wp-json\/wp\/v2\/comments?post=56088"}],"version-history":[{"count":0,"href":"https:\/\/gentedebasquet.com.ar\/sitio\/wp-json\/wp\/v2\/posts\/56088\/revisions"}],"wp:featuredmedia":[{"embeddable":true,"href":"https:\/\/gentedebasquet.com.ar\/sitio\/wp-json\/wp\/v2\/media\/56089"}],"wp:attachment":[{"href":"https:\/\/gentedebasquet.com.ar\/sitio\/wp-json\/wp\/v2\/media?parent=56088"}],"wp:term":[{"taxonomy":"category","embeddable":true,"href":"https:\/\/gentedebasquet.com.ar\/sitio\/wp-json\/wp\/v2\/categories?post=56088"},{"taxonomy":"post_tag","embeddable":true,"href":"https:\/\/gentedebasquet.com.ar\/sitio\/wp-json\/wp\/v2\/tags?post=56088"}],"curies":[{"name":"wp","href":"https:\/\/api.w.org\/{rel}","templated":true}]}}