{"id":56103,"date":"2016-01-22T23:55:49","date_gmt":"2016-01-23T02:55:49","guid":{"rendered":"http:\/\/www.gentedebasquet.com.ar\/?p=56103"},"modified":"2016-01-22T23:55:49","modified_gmt":"2016-01-23T02:55:49","slug":"que-no-termine-este-verano","status":"publish","type":"post","link":"https:\/\/gentedebasquet.com.ar\/sitio\/2016\/01\/22\/que-no-termine-este-verano\/","title":{"rendered":"Que no termine este verano"},"content":{"rendered":"<p><strong>En un maquillado Norberto Tom\u00e1s y con una alt\u00edsima sensaci\u00f3n t\u00e9rmica, Olimpo estir\u00f3 su invicto en el a\u00f1o (5-0) tras vencer a Monte Hermoso Basket por 83 a 71. Mariano Castets (17) y Cristian Miguel (18) fueron las figuras del aurinegro, que tendr\u00e1 dos juegos consecutivos como visitante en lo sucesivo: Dep. Viedma y Atenas de Patagones. Poco de Ignacio Moreno (3) en la visita.<\/strong><\/p>\n<p>En un maquillado escenario Norberto Tom\u00e1s, con una renovaci\u00f3n de pintura en sus paredes, aunque con una sensaci\u00f3n t\u00e9rmica alta para recibir una especie de mini-cl\u00e1sico que se empez\u00f3 a forjar esta temporada y que ahora aventaja el aurinegro por 3 a 1. Con ese marco se disput\u00f3 una nueva jornada del TNA en Bah\u00eda Blanca.<\/p>\n<p>El bahiense Moreno fue inicial en el conjunto de Nardini, pero vio escasos minutos en cancha en los cuales produjo muy poco. Favorable al local fue el inicio del tr\u00e1mite, con Matthews buscado como primera alternativa, ante la floja defensa de Sanz, inicial en lugar de Starke, que prefiere saltar desde el banco para analizar el juego durante su desarrollo. En el conjunto visitante, el base M\u00fcller abri\u00f3 el aro con tiro externo para igualar en 8 (6m). Sin embargo, Miguel colabor\u00f3 en el poste, ante la mejor\u00eda en defensa de Starke sobre Matthews, y entre Gim\u00e9nez (6) y Chaves abrieron con bombas para darle dos d\u00edgitos de luz a Olimpo (23-13) a 1m45. Olimpo estuvo impreciso, pero gan\u00f3 la lucha a\u00e9rea 11 a 4, al tiempo que entre Starke (5) y Casinelli (5) mantuvieron a Monte en juego, cuarto en el que cay\u00f3 25-17.<\/p>\n<p>El recambio de elementos que dispuso Maceratesi le trajo aire fresco a Olimpo. Con los ingresos de Arens, Cecchi y S\u00e1nchez se fue estirando la brecha, que lleg\u00f3 a ser de 17 (34-17 a 6m.) tras parcial de 9-0, gracias a la intensidad defensiva y seguridad en los tableros. En tanto Monte estaba err\u00e1tico (6-15 tc hasta all\u00ed) y anot\u00f3 su primera conversi\u00f3n del cuarto a 5m30 del cierre con doble de Sanz que encabez\u00f3 un 6-0 para achicar. Aunque el enojo del entrenador de Monte, Juan Nardini, con los jueces ante fallos parciales hacia el local, no tuvo freno y \u00e9ste se fue expulsado. Luego, el hu\u00e9sped logr\u00f3 variantes en ofensiva, aportaron M\u00fcller (7) y Alvarez (4), que se unieron a Cassinelli y Starke, fue eficaz (5\/10 cancha), hizo un parcial de 10-2 y as\u00ed achic\u00f3 la diferencia (40-33 a 1m23). Cuando el partido cay\u00f3 en el terreno f\u00edsico, le convino m\u00e1s a la visita (8\/15 tl). En tanto Olimpo no gravit\u00f3, pero sali\u00f3 del letargo con Miguel en bandeja (42-33) y mantuvo la lucha a\u00e9rea 24-15 a su favor (11 a 4 en ataque).<\/p>\n<p>Olimpo comenz\u00f3 el tercer cuarto con Matthews, Miguel y Gim\u00e9nez cargados de faltas y por Monte Basket sac\u00f3 la cara M\u00fcller, qui\u00e9n apareci\u00f3 en todo su esplendor con gol externo (4\/5 t3) para liderar la reducci\u00f3n de distancia a cinco (51-46 promediando el cuarto). Despu\u00e9s de una gran laguna, Olimpo se calm\u00f3 y guiado por Guti\u00e9rrez en la base y escoltado por Castets, consigui\u00f3 tranquilidad y una nueva luz de dos d\u00edgitos (57-46 a 2m45), asegurando como a lo largo del juego, el rebote en ambos cristales. S\u00e1nchez supli\u00f3 bien a Matthews y Cecchi a Miguel, para que el aurinegro cierre con paz el tercer cuarto: 61-52.<\/p>\n<p>Los perimetrales aurinegros, Guti\u00e9rrez y Castets, combin\u00e1ndose\u00a0 con sendas bombas, le dieron otra vez m\u00e1xima de 15 (69-54 a 6m50). Posteriormente salieron por faltas Matthews y Fioretti, al margen de que Olimpo se asegur\u00f3 el control y se sumaron Arens y Miguel a la racha para mantener la calma y la luz, ante un Monte que perdi\u00f3 poder y variantes en ataque. Creciendo en juego y en temperamento, el aurinegro estir\u00f3 la distancia y cerr\u00f3 la cuarta victoria en fila (83-71\u00a8), vital para iniciar la mini gira por la Comarca por Viedma y Patagones.<\/p>\n<p><strong>\u00a0<\/strong><\/p>\n<p><strong>S\u00edntesis |<\/strong>\u00a0TNA \u2013 Conferencia Sur<\/p>\n<p><strong>Olimpo 83:<\/strong>\u00a0Mariano Castets 17, Mat\u00edas Chaves 8, Emilio Gim\u00e9nez 8, Cristian Miguel 18, Clarence Matthews 10 (x) (Fi); Jos\u00e9 Guti\u00e9rrez 7, Leandro Cecchi 2, Agust\u00edn S\u00e1nchez 8, \u00a0Facundo Arens 5. DT: Franco Maceratesi.<\/p>\n<p><b>Monte Hermoso Basket 71: <\/b>Sebasti\u00e1n Alvarez 13, Exequiel Cassinelli 12, Ignacio Moreno 3, Mat\u00edas Fioretti 3 (x), Facundo Sanz 5 (Fi); Dazmond Starke 16, Mart\u00edn Muller 19, Joaqu\u00edn Herrada 0. DT: Juan Nardini.<strong><\/strong><\/p>\n<p><strong>Parciales:<\/strong>\u00a025-17, 42-33 (17-16), 61-52 (19-19) y 83-71 (22-19).<\/p>\n<p><strong>\u00c1rbitros:<\/strong>\u00a0Ariel Rosas \u2013 Sebasti\u00e1n Vasallo.<\/p>\n<p><strong>Estadio:<\/strong>\u00a0Norberto Tom\u00e1s (Olimpo).<\/p>\n<p><a href=\"http:\/\/www.fibalivestats.com\/u\/ADC\/231531\/\" target=\"_blank\" rel=\"noopener\">ESTAD\u00cdSTICAS OFICIALES<\/a><\/p>\n","protected":false},"excerpt":{"rendered":"<p>TNA: Olimpo estir\u00f3 su invicto en 2016 al vencer 83 a 71 a Monte Basket <\/p>\n","protected":false},"author":1,"featured_media":56104,"comment_status":"closed","ping_status":"open","sticky":false,"template":"","format":"standard","meta":{"jnews-multi-image_gallery":[],"jnews_single_post":[],"jnews_primary_category":[],"footnotes":""},"categories":[112,39,101],"tags":[261,137,120,16,121],"class_list":["post-56103","post","type-post","status-publish","format-standard","has-post-thumbnail","hentry","category-tna","category-nacional","category-slide","tag-cristian-miguel","tag-mariano-castets","tag-monte-basket","tag-olimpo","tag-tna"],"yoast_head":"<!-- This site is optimized with the Yoast SEO plugin v27.5 - https:\/\/yoast.com\/product\/yoast-seo-wordpress\/ -->\n<title>Que no termine este verano - Gente de B\u00e1squet<\/title>\n<meta name=\"robots\" content=\"index, follow, max-snippet:-1, max-image-preview:large, max-video-preview:-1\" \/>\n<link rel=\"canonical\" href=\"http:\/\/gentedebasquet.com.ar\/sitio\/2016\/01\/22\/que-no-termine-este-verano\/\" \/>\n<meta property=\"og:locale\" content=\"es_ES\" \/>\n<meta property=\"og:type\" content=\"article\" \/>\n<meta property=\"og:title\" content=\"Que no termine este verano - Gente de B\u00e1squet\" \/>\n<meta property=\"og:description\" content=\"TNA: Olimpo estir\u00f3 su invicto en 2016 al vencer 83 a 71 a Monte Basket\" \/>\n<meta property=\"og:url\" content=\"http:\/\/gentedebasquet.com.ar\/sitio\/2016\/01\/22\/que-no-termine-este-verano\/\" \/>\n<meta property=\"og:site_name\" content=\"Gente de B\u00e1squet\" \/>\n<meta property=\"article:published_time\" content=\"2016-01-23T02:55:49+00:00\" \/>\n<meta property=\"og:image\" content=\"http:\/\/gentedebasquet.com.ar\/sitio\/wp-content\/uploads\/2016\/01\/OLI-MHB-5.jpg\" \/>\n\t<meta property=\"og:image:width\" content=\"690\" \/>\n\t<meta property=\"og:image:height\" content=\"319\" \/>\n\t<meta property=\"og:image:type\" content=\"image\/jpeg\" \/>\n<meta name=\"author\" content=\"Gente de B\u00e1squet\" \/>\n<meta name=\"twitter:card\" content=\"summary_large_image\" \/>\n<meta name=\"twitter:label1\" content=\"Escrito por\" \/>\n\t<meta name=\"twitter:data1\" content=\"Gente de B\u00e1squet\" \/>\n\t<meta name=\"twitter:label2\" content=\"Tiempo de lectura\" \/>\n\t<meta name=\"twitter:data2\" content=\"4 minutos\" \/>\n<script type=\"application\/ld+json\" class=\"yoast-schema-graph\">{\"@context\":\"https:\\\/\\\/schema.org\",\"@graph\":[{\"@type\":\"Article\",\"@id\":\"http:\\\/\\\/gentedebasquet.com.ar\\\/sitio\\\/2016\\\/01\\\/22\\\/que-no-termine-este-verano\\\/#article\",\"isPartOf\":{\"@id\":\"http:\\\/\\\/gentedebasquet.com.ar\\\/sitio\\\/2016\\\/01\\\/22\\\/que-no-termine-este-verano\\\/\"},\"author\":{\"name\":\"Gente de B\u00e1squet\",\"@id\":\"https:\\\/\\\/gentedebasquet.com.ar\\\/sitio\\\/#\\\/schema\\\/person\\\/ca0b63bbb977369988a7bbbdc519943a\"},\"headline\":\"Que no termine este verano\",\"datePublished\":\"2016-01-23T02:55:49+00:00\",\"mainEntityOfPage\":{\"@id\":\"http:\\\/\\\/gentedebasquet.com.ar\\\/sitio\\\/2016\\\/01\\\/22\\\/que-no-termine-este-verano\\\/\"},\"wordCount\":757,\"image\":{\"@id\":\"http:\\\/\\\/gentedebasquet.com.ar\\\/sitio\\\/2016\\\/01\\\/22\\\/que-no-termine-este-verano\\\/#primaryimage\"},\"thumbnailUrl\":\"https:\\\/\\\/gentedebasquet.com.ar\\\/sitio\\\/wp-content\\\/uploads\\\/2016\\\/01\\\/OLI-MHB-5.jpg\",\"keywords\":[\"Cristian Miguel\",\"Mariano Castets\",\"Monte Basket\",\"Ol\u00edmpo\",\"TNA\"],\"articleSection\":[\"Liga Argentina\",\"Nacional\",\"Slide\"],\"inLanguage\":\"es\"},{\"@type\":\"WebPage\",\"@id\":\"http:\\\/\\\/gentedebasquet.com.ar\\\/sitio\\\/2016\\\/01\\\/22\\\/que-no-termine-este-verano\\\/\",\"url\":\"http:\\\/\\\/gentedebasquet.com.ar\\\/sitio\\\/2016\\\/01\\\/22\\\/que-no-termine-este-verano\\\/\",\"name\":\"Que no termine este verano - Gente de B\u00e1squet\",\"isPartOf\":{\"@id\":\"https:\\\/\\\/gentedebasquet.com.ar\\\/sitio\\\/#website\"},\"primaryImageOfPage\":{\"@id\":\"http:\\\/\\\/gentedebasquet.com.ar\\\/sitio\\\/2016\\\/01\\\/22\\\/que-no-termine-este-verano\\\/#primaryimage\"},\"image\":{\"@id\":\"http:\\\/\\\/gentedebasquet.com.ar\\\/sitio\\\/2016\\\/01\\\/22\\\/que-no-termine-este-verano\\\/#primaryimage\"},\"thumbnailUrl\":\"https:\\\/\\\/gentedebasquet.com.ar\\\/sitio\\\/wp-content\\\/uploads\\\/2016\\\/01\\\/OLI-MHB-5.jpg\",\"datePublished\":\"2016-01-23T02:55:49+00:00\",\"author\":{\"@id\":\"https:\\\/\\\/gentedebasquet.com.ar\\\/sitio\\\/#\\\/schema\\\/person\\\/ca0b63bbb977369988a7bbbdc519943a\"},\"breadcrumb\":{\"@id\":\"http:\\\/\\\/gentedebasquet.com.ar\\\/sitio\\\/2016\\\/01\\\/22\\\/que-no-termine-este-verano\\\/#breadcrumb\"},\"inLanguage\":\"es\",\"potentialAction\":[{\"@type\":\"ReadAction\",\"target\":[\"http:\\\/\\\/gentedebasquet.com.ar\\\/sitio\\\/2016\\\/01\\\/22\\\/que-no-termine-este-verano\\\/\"]}]},{\"@type\":\"ImageObject\",\"inLanguage\":\"es\",\"@id\":\"http:\\\/\\\/gentedebasquet.com.ar\\\/sitio\\\/2016\\\/01\\\/22\\\/que-no-termine-este-verano\\\/#primaryimage\",\"url\":\"https:\\\/\\\/gentedebasquet.com.ar\\\/sitio\\\/wp-content\\\/uploads\\\/2016\\\/01\\\/OLI-MHB-5.jpg\",\"contentUrl\":\"https:\\\/\\\/gentedebasquet.com.ar\\\/sitio\\\/wp-content\\\/uploads\\\/2016\\\/01\\\/OLI-MHB-5.jpg\",\"width\":690,\"height\":319},{\"@type\":\"BreadcrumbList\",\"@id\":\"http:\\\/\\\/gentedebasquet.com.ar\\\/sitio\\\/2016\\\/01\\\/22\\\/que-no-termine-este-verano\\\/#breadcrumb\",\"itemListElement\":[{\"@type\":\"ListItem\",\"position\":1,\"name\":\"Portada\",\"item\":\"https:\\\/\\\/gentedebasquet.com.ar\\\/sitio\\\/\"},{\"@type\":\"ListItem\",\"position\":2,\"name\":\"Que no termine este verano\"}]},{\"@type\":\"WebSite\",\"@id\":\"https:\\\/\\\/gentedebasquet.com.ar\\\/sitio\\\/#website\",\"url\":\"https:\\\/\\\/gentedebasquet.com.ar\\\/sitio\\\/\",\"name\":\"Gente de B\u00e1squet\",\"description\":\"La revista del basquet de Bah\u00eda Blanca\",\"potentialAction\":[{\"@type\":\"SearchAction\",\"target\":{\"@type\":\"EntryPoint\",\"urlTemplate\":\"https:\\\/\\\/gentedebasquet.com.ar\\\/sitio\\\/?s={search_term_string}\"},\"query-input\":{\"@type\":\"PropertyValueSpecification\",\"valueRequired\":true,\"valueName\":\"search_term_string\"}}],\"inLanguage\":\"es\"},{\"@type\":\"Person\",\"@id\":\"https:\\\/\\\/gentedebasquet.com.ar\\\/sitio\\\/#\\\/schema\\\/person\\\/ca0b63bbb977369988a7bbbdc519943a\",\"name\":\"Gente de B\u00e1squet\",\"image\":{\"@type\":\"ImageObject\",\"inLanguage\":\"es\",\"@id\":\"https:\\\/\\\/secure.gravatar.com\\\/avatar\\\/7f2c48bdc33b30088f941fb6082e555f2874c98e20cb159d7b92b50eadfce793?s=96&d=mm&r=g\",\"url\":\"https:\\\/\\\/secure.gravatar.com\\\/avatar\\\/7f2c48bdc33b30088f941fb6082e555f2874c98e20cb159d7b92b50eadfce793?s=96&d=mm&r=g\",\"contentUrl\":\"https:\\\/\\\/secure.gravatar.com\\\/avatar\\\/7f2c48bdc33b30088f941fb6082e555f2874c98e20cb159d7b92b50eadfce793?s=96&d=mm&r=g\",\"caption\":\"Gente de B\u00e1squet\"},\"sameAs\":[\"http:\\\/\\\/gentedebasquet.com.ar\\\/sitio\"],\"url\":\"https:\\\/\\\/gentedebasquet.com.ar\\\/sitio\\\/author\\\/ulises\\\/\"}]}<\/script>\n<!-- \/ Yoast SEO plugin. -->","yoast_head_json":{"title":"Que no termine este verano - Gente de B\u00e1squet","robots":{"index":"index","follow":"follow","max-snippet":"max-snippet:-1","max-image-preview":"max-image-preview:large","max-video-preview":"max-video-preview:-1"},"canonical":"http:\/\/gentedebasquet.com.ar\/sitio\/2016\/01\/22\/que-no-termine-este-verano\/","og_locale":"es_ES","og_type":"article","og_title":"Que no termine este verano - Gente de B\u00e1squet","og_description":"TNA: Olimpo estir\u00f3 su invicto en 2016 al vencer 83 a 71 a Monte Basket","og_url":"http:\/\/gentedebasquet.com.ar\/sitio\/2016\/01\/22\/que-no-termine-este-verano\/","og_site_name":"Gente de B\u00e1squet","article_published_time":"2016-01-23T02:55:49+00:00","og_image":[{"width":690,"height":319,"url":"http:\/\/gentedebasquet.com.ar\/sitio\/wp-content\/uploads\/2016\/01\/OLI-MHB-5.jpg","type":"image\/jpeg"}],"author":"Gente de B\u00e1squet","twitter_card":"summary_large_image","twitter_misc":{"Escrito por":"Gente de B\u00e1squet","Tiempo de lectura":"4 minutos"},"schema":{"@context":"https:\/\/schema.org","@graph":[{"@type":"Article","@id":"http:\/\/gentedebasquet.com.ar\/sitio\/2016\/01\/22\/que-no-termine-este-verano\/#article","isPartOf":{"@id":"http:\/\/gentedebasquet.com.ar\/sitio\/2016\/01\/22\/que-no-termine-este-verano\/"},"author":{"name":"Gente de B\u00e1squet","@id":"https:\/\/gentedebasquet.com.ar\/sitio\/#\/schema\/person\/ca0b63bbb977369988a7bbbdc519943a"},"headline":"Que no termine este verano","datePublished":"2016-01-23T02:55:49+00:00","mainEntityOfPage":{"@id":"http:\/\/gentedebasquet.com.ar\/sitio\/2016\/01\/22\/que-no-termine-este-verano\/"},"wordCount":757,"image":{"@id":"http:\/\/gentedebasquet.com.ar\/sitio\/2016\/01\/22\/que-no-termine-este-verano\/#primaryimage"},"thumbnailUrl":"https:\/\/gentedebasquet.com.ar\/sitio\/wp-content\/uploads\/2016\/01\/OLI-MHB-5.jpg","keywords":["Cristian Miguel","Mariano Castets","Monte Basket","Ol\u00edmpo","TNA"],"articleSection":["Liga Argentina","Nacional","Slide"],"inLanguage":"es"},{"@type":"WebPage","@id":"http:\/\/gentedebasquet.com.ar\/sitio\/2016\/01\/22\/que-no-termine-este-verano\/","url":"http:\/\/gentedebasquet.com.ar\/sitio\/2016\/01\/22\/que-no-termine-este-verano\/","name":"Que no termine este verano - Gente de B\u00e1squet","isPartOf":{"@id":"https:\/\/gentedebasquet.com.ar\/sitio\/#website"},"primaryImageOfPage":{"@id":"http:\/\/gentedebasquet.com.ar\/sitio\/2016\/01\/22\/que-no-termine-este-verano\/#primaryimage"},"image":{"@id":"http:\/\/gentedebasquet.com.ar\/sitio\/2016\/01\/22\/que-no-termine-este-verano\/#primaryimage"},"thumbnailUrl":"https:\/\/gentedebasquet.com.ar\/sitio\/wp-content\/uploads\/2016\/01\/OLI-MHB-5.jpg","datePublished":"2016-01-23T02:55:49+00:00","author":{"@id":"https:\/\/gentedebasquet.com.ar\/sitio\/#\/schema\/person\/ca0b63bbb977369988a7bbbdc519943a"},"breadcrumb":{"@id":"http:\/\/gentedebasquet.com.ar\/sitio\/2016\/01\/22\/que-no-termine-este-verano\/#breadcrumb"},"inLanguage":"es","potentialAction":[{"@type":"ReadAction","target":["http:\/\/gentedebasquet.com.ar\/sitio\/2016\/01\/22\/que-no-termine-este-verano\/"]}]},{"@type":"ImageObject","inLanguage":"es","@id":"http:\/\/gentedebasquet.com.ar\/sitio\/2016\/01\/22\/que-no-termine-este-verano\/#primaryimage","url":"https:\/\/gentedebasquet.com.ar\/sitio\/wp-content\/uploads\/2016\/01\/OLI-MHB-5.jpg","contentUrl":"https:\/\/gentedebasquet.com.ar\/sitio\/wp-content\/uploads\/2016\/01\/OLI-MHB-5.jpg","width":690,"height":319},{"@type":"BreadcrumbList","@id":"http:\/\/gentedebasquet.com.ar\/sitio\/2016\/01\/22\/que-no-termine-este-verano\/#breadcrumb","itemListElement":[{"@type":"ListItem","position":1,"name":"Portada","item":"https:\/\/gentedebasquet.com.ar\/sitio\/"},{"@type":"ListItem","position":2,"name":"Que no termine este verano"}]},{"@type":"WebSite","@id":"https:\/\/gentedebasquet.com.ar\/sitio\/#website","url":"https:\/\/gentedebasquet.com.ar\/sitio\/","name":"Gente de B\u00e1squet","description":"La revista del basquet de Bah\u00eda Blanca","potentialAction":[{"@type":"SearchAction","target":{"@type":"EntryPoint","urlTemplate":"https:\/\/gentedebasquet.com.ar\/sitio\/?s={search_term_string}"},"query-input":{"@type":"PropertyValueSpecification","valueRequired":true,"valueName":"search_term_string"}}],"inLanguage":"es"},{"@type":"Person","@id":"https:\/\/gentedebasquet.com.ar\/sitio\/#\/schema\/person\/ca0b63bbb977369988a7bbbdc519943a","name":"Gente de B\u00e1squet","image":{"@type":"ImageObject","inLanguage":"es","@id":"https:\/\/secure.gravatar.com\/avatar\/7f2c48bdc33b30088f941fb6082e555f2874c98e20cb159d7b92b50eadfce793?s=96&d=mm&r=g","url":"https:\/\/secure.gravatar.com\/avatar\/7f2c48bdc33b30088f941fb6082e555f2874c98e20cb159d7b92b50eadfce793?s=96&d=mm&r=g","contentUrl":"https:\/\/secure.gravatar.com\/avatar\/7f2c48bdc33b30088f941fb6082e555f2874c98e20cb159d7b92b50eadfce793?s=96&d=mm&r=g","caption":"Gente de B\u00e1squet"},"sameAs":["http:\/\/gentedebasquet.com.ar\/sitio"],"url":"https:\/\/gentedebasquet.com.ar\/sitio\/author\/ulises\/"}]}},"_links":{"self":[{"href":"https:\/\/gentedebasquet.com.ar\/sitio\/wp-json\/wp\/v2\/posts\/56103","targetHints":{"allow":["GET"]}}],"collection":[{"href":"https:\/\/gentedebasquet.com.ar\/sitio\/wp-json\/wp\/v2\/posts"}],"about":[{"href":"https:\/\/gentedebasquet.com.ar\/sitio\/wp-json\/wp\/v2\/types\/post"}],"author":[{"embeddable":true,"href":"https:\/\/gentedebasquet.com.ar\/sitio\/wp-json\/wp\/v2\/users\/1"}],"replies":[{"embeddable":true,"href":"https:\/\/gentedebasquet.com.ar\/sitio\/wp-json\/wp\/v2\/comments?post=56103"}],"version-history":[{"count":0,"href":"https:\/\/gentedebasquet.com.ar\/sitio\/wp-json\/wp\/v2\/posts\/56103\/revisions"}],"wp:featuredmedia":[{"embeddable":true,"href":"https:\/\/gentedebasquet.com.ar\/sitio\/wp-json\/wp\/v2\/media\/56104"}],"wp:attachment":[{"href":"https:\/\/gentedebasquet.com.ar\/sitio\/wp-json\/wp\/v2\/media?parent=56103"}],"wp:term":[{"taxonomy":"category","embeddable":true,"href":"https:\/\/gentedebasquet.com.ar\/sitio\/wp-json\/wp\/v2\/categories?post=56103"},{"taxonomy":"post_tag","embeddable":true,"href":"https:\/\/gentedebasquet.com.ar\/sitio\/wp-json\/wp\/v2\/tags?post=56103"}],"curies":[{"name":"wp","href":"https:\/\/api.w.org\/{rel}","templated":true}]}}