{"id":56336,"date":"2016-02-05T15:46:48","date_gmt":"2016-02-05T18:46:48","guid":{"rendered":"http:\/\/www.gentedebasquet.com.ar\/?p=56336"},"modified":"2016-02-05T15:46:48","modified_gmt":"2016-02-05T18:46:48","slug":"haber-perdido-con-sarmiento-nos-potencio","status":"publish","type":"post","link":"https:\/\/gentedebasquet.com.ar\/sitio\/2016\/02\/05\/haber-perdido-con-sarmiento-nos-potencio\/","title":{"rendered":"\u00abPerder con Sarmiento nos potenci\u00f3\u00bb"},"content":{"rendered":"<p><b>Franco Pennacchiotti dej\u00f3 sus impresiones de lo sucedido en los encuentros de Bahiense del Norte ante Sarmiento y San Mart\u00edn de Jun\u00edn. Adem\u00e1s, el interno se refiri\u00f3 al pr\u00f3ximo rival: Villa Mitre. Este fin de semana el Tricolor no tendr\u00e1 presentaciones. <\/b><\/p>\n<p>Bahiense del Norte super\u00f3, el pasado fin de semana, una nueva doble jornada de Torneo Federal en el Manu Gin\u00f3bili. Pese a que no pudo conseguir los dos triunfos, el Tricolor termin\u00f3 dejando una buena \u00faltima impresi\u00f3n ante su gente tras la victoria frente a San Mart\u00edn (Jun\u00edn). La misma, no solo fue importante por el hecho de afirmarse nuevamente en el segundo puesto de la Divisi\u00f3n Sur Bonaerense, sino tambi\u00e9n porque le permiti\u00f3 al equipo recuperarse de lo realizado ante Sarmiento (Jun\u00edn).<\/p>\n<p>Franco Pennacchiotti, pieza clave del plantel que dirige Alejandro Navallo, analiz\u00f3 lo hecho el \u00faltimo fin de semana ante los elencos juninenses, sobre todo lo que dej\u00f3 el encuentro frente a San Mart\u00edn. \u201cM\u00e1s all\u00e1 que de entrada sab\u00edamos que no jugaban Barrales y Matteini, para nosotros era un partido muy importante. El hecho de haber perdido con Sarmiento nos potenci\u00f3 mucho en el inicio, una cuesti\u00f3n de \u00e1nimos. Y ellos no tuvieron a su conductor y lo sintieron. Fue una conjunci\u00f3n de cosas que se plasm\u00f3 en un primer cuarto casi perfecto\u201d, sentenci\u00f3.<\/p>\n<p>Ese primer cuarto ideal, que termin\u00f3 34-5, hizo que Bahiense pueda empezar r\u00e1pidamente a revertir la imagen que hab\u00eda quedado del partido con Sarmiento. \u201cLo que me pareci\u00f3 muy positivo es que hab\u00edamos hablado, despu\u00e9s del viernes, de prestarnos m\u00e1s la pelota. El hecho de venir ganando partidos nos gener\u00f3 una confianza en cada uno que nos jug\u00f3 en contra totalmente frente a Sarmiento. Entonces quer\u00edamos cambiar un poco eso y el primer cuarto fue lo que busc\u00e1bamos. Despu\u00e9s al partido lo fuimos llevando y yo, en particular, me volv\u00ed a sentir como ven\u00edamos jugando de local en las \u00faltimas oportunidades\u201d, apunt\u00f3.<\/p>\n<p>A la hora de rescatar los aspectos m\u00e1s positivos del triunfo ante San Mart\u00edn, Pennacchiotti no dud\u00f3 en resaltar lo realizado en ese inicio del partido y tambi\u00e9n la confianza que se tuvieron uno con otro. \u201cMe quedo con el primer cuarto. Sinceramente me hab\u00eda propuesto jugar as\u00ed en alg\u00fan momento del partido, llegar, porque no es f\u00e1cil. Se dio que nos defendieron hombre o zona y en todas rotamos la pelota y encontramos gol. Tenemos que tratar de que esos periodos se prolonguen lo m\u00e1ximo posible. Y otra cosa con la que me quedo es que un momento parec\u00eda que todos confi\u00e1bamos en todos, que eso es lo que tenemos que buscar\u201d, cont\u00f3 el interno.<\/p>\n<p>Adem\u00e1s, Franco resalt\u00f3 la importancia de que todos se sientan bien y c\u00f3modos para potenciar m\u00e1s al equipo. \u201cDesde principio de a\u00f1o estoy plante\u00e1ndome esto de tomar menos tiros. A ning\u00fan equipo le sirve que un jugador haga 25 puntos y perder. La idea es que Franco (Amigo) se sienta bien, que el Pollo (Mor\u00e1n) tambi\u00e9n se sienta bien y eso va a potenciar mucho m\u00e1s al equipo que uno solo que juegue bien todos los partidos\u201d, se\u00f1al\u00f3.<\/p>\n<p>Por \u00faltimo, Pennacchiotti comenz\u00f3 a palpitar el encuentro del pr\u00f3ximo domingo 14 ante Villa Mitre. \u201cVa a ser un lindo partido, ya de por si no necesita mucha pimienta en la tabla de posiciones para que sea un partidazo. Calculo que va a haber un lindo marco y va a ser una revancha para nosotros porque sabemos que podemos jugar mucho mejor que lo que jugamos en el primer partido en cancha de ellos. Ese d\u00eda tuvimos muchas desconcentraciones, demasiadas, y en el ambiente despu\u00e9s de que termin\u00f3 el partido quer\u00edamos jugar de vuelta. As\u00ed que estos d\u00edas nos vamos a preparar para salir a ganar\u201d, finaliz\u00f3.<\/p>\n<p><strong>Fuente:<\/strong> Prensa Bahiense del Norte.<\/p>\n","protected":false},"excerpt":{"rendered":"<p>Franco Pennacchiotti analiz\u00f3 el presente de Bahiense del Norte en el TFB<\/p>\n","protected":false},"author":1,"featured_media":56337,"comment_status":"closed","ping_status":"open","sticky":false,"template":"","format":"standard","meta":{"jnews-multi-image_gallery":[],"jnews_single_post":[],"jnews_primary_category":[],"footnotes":""},"categories":[36,39,101],"tags":[5,87,40],"class_list":["post-56336","post","type-post","status-publish","format-standard","has-post-thumbnail","hentry","category-federal","category-nacional","category-slide","tag-bahiense-del-norte","tag-franco-pennacchiotti","tag-torneo-federal"],"yoast_head":"<!-- This site is optimized with the Yoast SEO plugin v27.5 - https:\/\/yoast.com\/product\/yoast-seo-wordpress\/ -->\n<title>&quot;Perder con Sarmiento nos potenci\u00f3&quot; - Gente de B\u00e1squet<\/title>\n<meta name=\"robots\" content=\"index, follow, max-snippet:-1, max-image-preview:large, max-video-preview:-1\" \/>\n<link rel=\"canonical\" href=\"http:\/\/gentedebasquet.com.ar\/sitio\/2016\/02\/05\/haber-perdido-con-sarmiento-nos-potencio\/\" \/>\n<meta property=\"og:locale\" content=\"es_ES\" \/>\n<meta property=\"og:type\" content=\"article\" \/>\n<meta property=\"og:title\" content=\"&quot;Perder con Sarmiento nos potenci\u00f3&quot; - Gente de B\u00e1squet\" \/>\n<meta property=\"og:description\" content=\"Franco Pennacchiotti analiz\u00f3 el presente de Bahiense del Norte en el TFB\" \/>\n<meta property=\"og:url\" content=\"http:\/\/gentedebasquet.com.ar\/sitio\/2016\/02\/05\/haber-perdido-con-sarmiento-nos-potencio\/\" \/>\n<meta property=\"og:site_name\" content=\"Gente de B\u00e1squet\" \/>\n<meta property=\"article:published_time\" content=\"2016-02-05T18:46:48+00:00\" \/>\n<meta property=\"og:image\" content=\"http:\/\/gentedebasquet.com.ar\/sitio\/wp-content\/uploads\/2016\/02\/slide-1.jpg\" \/>\n\t<meta property=\"og:image:width\" content=\"690\" \/>\n\t<meta property=\"og:image:height\" content=\"319\" \/>\n\t<meta property=\"og:image:type\" content=\"image\/jpeg\" \/>\n<meta name=\"author\" content=\"Gente de B\u00e1squet\" \/>\n<meta name=\"twitter:card\" content=\"summary_large_image\" \/>\n<meta name=\"twitter:label1\" content=\"Escrito por\" \/>\n\t<meta name=\"twitter:data1\" content=\"Gente de B\u00e1squet\" \/>\n\t<meta name=\"twitter:label2\" content=\"Tiempo de lectura\" \/>\n\t<meta name=\"twitter:data2\" content=\"3 minutos\" \/>\n<script type=\"application\/ld+json\" class=\"yoast-schema-graph\">{\"@context\":\"https:\\\/\\\/schema.org\",\"@graph\":[{\"@type\":\"Article\",\"@id\":\"http:\\\/\\\/gentedebasquet.com.ar\\\/sitio\\\/2016\\\/02\\\/05\\\/haber-perdido-con-sarmiento-nos-potencio\\\/#article\",\"isPartOf\":{\"@id\":\"http:\\\/\\\/gentedebasquet.com.ar\\\/sitio\\\/2016\\\/02\\\/05\\\/haber-perdido-con-sarmiento-nos-potencio\\\/\"},\"author\":{\"name\":\"Gente de B\u00e1squet\",\"@id\":\"https:\\\/\\\/gentedebasquet.com.ar\\\/sitio\\\/#\\\/schema\\\/person\\\/ca0b63bbb977369988a7bbbdc519943a\"},\"headline\":\"\u00abPerder con Sarmiento nos potenci\u00f3\u00bb\",\"datePublished\":\"2016-02-05T18:46:48+00:00\",\"mainEntityOfPage\":{\"@id\":\"http:\\\/\\\/gentedebasquet.com.ar\\\/sitio\\\/2016\\\/02\\\/05\\\/haber-perdido-con-sarmiento-nos-potencio\\\/\"},\"wordCount\":678,\"image\":{\"@id\":\"http:\\\/\\\/gentedebasquet.com.ar\\\/sitio\\\/2016\\\/02\\\/05\\\/haber-perdido-con-sarmiento-nos-potencio\\\/#primaryimage\"},\"thumbnailUrl\":\"https:\\\/\\\/gentedebasquet.com.ar\\\/sitio\\\/wp-content\\\/uploads\\\/2016\\\/02\\\/slide-1.jpg\",\"keywords\":[\"Bahiense Del Norte\",\"Franco Pennacchiotti\",\"Torneo Federal\"],\"articleSection\":[\"Federal\",\"Nacional\",\"Slide\"],\"inLanguage\":\"es\"},{\"@type\":\"WebPage\",\"@id\":\"http:\\\/\\\/gentedebasquet.com.ar\\\/sitio\\\/2016\\\/02\\\/05\\\/haber-perdido-con-sarmiento-nos-potencio\\\/\",\"url\":\"http:\\\/\\\/gentedebasquet.com.ar\\\/sitio\\\/2016\\\/02\\\/05\\\/haber-perdido-con-sarmiento-nos-potencio\\\/\",\"name\":\"\\\"Perder con Sarmiento nos potenci\u00f3\\\" - Gente de B\u00e1squet\",\"isPartOf\":{\"@id\":\"https:\\\/\\\/gentedebasquet.com.ar\\\/sitio\\\/#website\"},\"primaryImageOfPage\":{\"@id\":\"http:\\\/\\\/gentedebasquet.com.ar\\\/sitio\\\/2016\\\/02\\\/05\\\/haber-perdido-con-sarmiento-nos-potencio\\\/#primaryimage\"},\"image\":{\"@id\":\"http:\\\/\\\/gentedebasquet.com.ar\\\/sitio\\\/2016\\\/02\\\/05\\\/haber-perdido-con-sarmiento-nos-potencio\\\/#primaryimage\"},\"thumbnailUrl\":\"https:\\\/\\\/gentedebasquet.com.ar\\\/sitio\\\/wp-content\\\/uploads\\\/2016\\\/02\\\/slide-1.jpg\",\"datePublished\":\"2016-02-05T18:46:48+00:00\",\"author\":{\"@id\":\"https:\\\/\\\/gentedebasquet.com.ar\\\/sitio\\\/#\\\/schema\\\/person\\\/ca0b63bbb977369988a7bbbdc519943a\"},\"breadcrumb\":{\"@id\":\"http:\\\/\\\/gentedebasquet.com.ar\\\/sitio\\\/2016\\\/02\\\/05\\\/haber-perdido-con-sarmiento-nos-potencio\\\/#breadcrumb\"},\"inLanguage\":\"es\",\"potentialAction\":[{\"@type\":\"ReadAction\",\"target\":[\"http:\\\/\\\/gentedebasquet.com.ar\\\/sitio\\\/2016\\\/02\\\/05\\\/haber-perdido-con-sarmiento-nos-potencio\\\/\"]}]},{\"@type\":\"ImageObject\",\"inLanguage\":\"es\",\"@id\":\"http:\\\/\\\/gentedebasquet.com.ar\\\/sitio\\\/2016\\\/02\\\/05\\\/haber-perdido-con-sarmiento-nos-potencio\\\/#primaryimage\",\"url\":\"https:\\\/\\\/gentedebasquet.com.ar\\\/sitio\\\/wp-content\\\/uploads\\\/2016\\\/02\\\/slide-1.jpg\",\"contentUrl\":\"https:\\\/\\\/gentedebasquet.com.ar\\\/sitio\\\/wp-content\\\/uploads\\\/2016\\\/02\\\/slide-1.jpg\",\"width\":690,\"height\":319},{\"@type\":\"BreadcrumbList\",\"@id\":\"http:\\\/\\\/gentedebasquet.com.ar\\\/sitio\\\/2016\\\/02\\\/05\\\/haber-perdido-con-sarmiento-nos-potencio\\\/#breadcrumb\",\"itemListElement\":[{\"@type\":\"ListItem\",\"position\":1,\"name\":\"Portada\",\"item\":\"https:\\\/\\\/gentedebasquet.com.ar\\\/sitio\\\/\"},{\"@type\":\"ListItem\",\"position\":2,\"name\":\"\u00abPerder con Sarmiento nos potenci\u00f3\u00bb\"}]},{\"@type\":\"WebSite\",\"@id\":\"https:\\\/\\\/gentedebasquet.com.ar\\\/sitio\\\/#website\",\"url\":\"https:\\\/\\\/gentedebasquet.com.ar\\\/sitio\\\/\",\"name\":\"Gente de B\u00e1squet\",\"description\":\"La revista del basquet de Bah\u00eda Blanca\",\"potentialAction\":[{\"@type\":\"SearchAction\",\"target\":{\"@type\":\"EntryPoint\",\"urlTemplate\":\"https:\\\/\\\/gentedebasquet.com.ar\\\/sitio\\\/?s={search_term_string}\"},\"query-input\":{\"@type\":\"PropertyValueSpecification\",\"valueRequired\":true,\"valueName\":\"search_term_string\"}}],\"inLanguage\":\"es\"},{\"@type\":\"Person\",\"@id\":\"https:\\\/\\\/gentedebasquet.com.ar\\\/sitio\\\/#\\\/schema\\\/person\\\/ca0b63bbb977369988a7bbbdc519943a\",\"name\":\"Gente de B\u00e1squet\",\"image\":{\"@type\":\"ImageObject\",\"inLanguage\":\"es\",\"@id\":\"https:\\\/\\\/secure.gravatar.com\\\/avatar\\\/7f2c48bdc33b30088f941fb6082e555f2874c98e20cb159d7b92b50eadfce793?s=96&d=mm&r=g\",\"url\":\"https:\\\/\\\/secure.gravatar.com\\\/avatar\\\/7f2c48bdc33b30088f941fb6082e555f2874c98e20cb159d7b92b50eadfce793?s=96&d=mm&r=g\",\"contentUrl\":\"https:\\\/\\\/secure.gravatar.com\\\/avatar\\\/7f2c48bdc33b30088f941fb6082e555f2874c98e20cb159d7b92b50eadfce793?s=96&d=mm&r=g\",\"caption\":\"Gente de B\u00e1squet\"},\"sameAs\":[\"http:\\\/\\\/gentedebasquet.com.ar\\\/sitio\"],\"url\":\"https:\\\/\\\/gentedebasquet.com.ar\\\/sitio\\\/author\\\/ulises\\\/\"}]}<\/script>\n<!-- \/ Yoast SEO plugin. -->","yoast_head_json":{"title":"\"Perder con Sarmiento nos potenci\u00f3\" - Gente de B\u00e1squet","robots":{"index":"index","follow":"follow","max-snippet":"max-snippet:-1","max-image-preview":"max-image-preview:large","max-video-preview":"max-video-preview:-1"},"canonical":"http:\/\/gentedebasquet.com.ar\/sitio\/2016\/02\/05\/haber-perdido-con-sarmiento-nos-potencio\/","og_locale":"es_ES","og_type":"article","og_title":"\"Perder con Sarmiento nos potenci\u00f3\" - Gente de B\u00e1squet","og_description":"Franco Pennacchiotti analiz\u00f3 el presente de Bahiense del Norte en el TFB","og_url":"http:\/\/gentedebasquet.com.ar\/sitio\/2016\/02\/05\/haber-perdido-con-sarmiento-nos-potencio\/","og_site_name":"Gente de B\u00e1squet","article_published_time":"2016-02-05T18:46:48+00:00","og_image":[{"width":690,"height":319,"url":"http:\/\/gentedebasquet.com.ar\/sitio\/wp-content\/uploads\/2016\/02\/slide-1.jpg","type":"image\/jpeg"}],"author":"Gente de B\u00e1squet","twitter_card":"summary_large_image","twitter_misc":{"Escrito por":"Gente de B\u00e1squet","Tiempo de lectura":"3 minutos"},"schema":{"@context":"https:\/\/schema.org","@graph":[{"@type":"Article","@id":"http:\/\/gentedebasquet.com.ar\/sitio\/2016\/02\/05\/haber-perdido-con-sarmiento-nos-potencio\/#article","isPartOf":{"@id":"http:\/\/gentedebasquet.com.ar\/sitio\/2016\/02\/05\/haber-perdido-con-sarmiento-nos-potencio\/"},"author":{"name":"Gente de B\u00e1squet","@id":"https:\/\/gentedebasquet.com.ar\/sitio\/#\/schema\/person\/ca0b63bbb977369988a7bbbdc519943a"},"headline":"\u00abPerder con Sarmiento nos potenci\u00f3\u00bb","datePublished":"2016-02-05T18:46:48+00:00","mainEntityOfPage":{"@id":"http:\/\/gentedebasquet.com.ar\/sitio\/2016\/02\/05\/haber-perdido-con-sarmiento-nos-potencio\/"},"wordCount":678,"image":{"@id":"http:\/\/gentedebasquet.com.ar\/sitio\/2016\/02\/05\/haber-perdido-con-sarmiento-nos-potencio\/#primaryimage"},"thumbnailUrl":"https:\/\/gentedebasquet.com.ar\/sitio\/wp-content\/uploads\/2016\/02\/slide-1.jpg","keywords":["Bahiense Del Norte","Franco Pennacchiotti","Torneo Federal"],"articleSection":["Federal","Nacional","Slide"],"inLanguage":"es"},{"@type":"WebPage","@id":"http:\/\/gentedebasquet.com.ar\/sitio\/2016\/02\/05\/haber-perdido-con-sarmiento-nos-potencio\/","url":"http:\/\/gentedebasquet.com.ar\/sitio\/2016\/02\/05\/haber-perdido-con-sarmiento-nos-potencio\/","name":"\"Perder con Sarmiento nos potenci\u00f3\" - Gente de B\u00e1squet","isPartOf":{"@id":"https:\/\/gentedebasquet.com.ar\/sitio\/#website"},"primaryImageOfPage":{"@id":"http:\/\/gentedebasquet.com.ar\/sitio\/2016\/02\/05\/haber-perdido-con-sarmiento-nos-potencio\/#primaryimage"},"image":{"@id":"http:\/\/gentedebasquet.com.ar\/sitio\/2016\/02\/05\/haber-perdido-con-sarmiento-nos-potencio\/#primaryimage"},"thumbnailUrl":"https:\/\/gentedebasquet.com.ar\/sitio\/wp-content\/uploads\/2016\/02\/slide-1.jpg","datePublished":"2016-02-05T18:46:48+00:00","author":{"@id":"https:\/\/gentedebasquet.com.ar\/sitio\/#\/schema\/person\/ca0b63bbb977369988a7bbbdc519943a"},"breadcrumb":{"@id":"http:\/\/gentedebasquet.com.ar\/sitio\/2016\/02\/05\/haber-perdido-con-sarmiento-nos-potencio\/#breadcrumb"},"inLanguage":"es","potentialAction":[{"@type":"ReadAction","target":["http:\/\/gentedebasquet.com.ar\/sitio\/2016\/02\/05\/haber-perdido-con-sarmiento-nos-potencio\/"]}]},{"@type":"ImageObject","inLanguage":"es","@id":"http:\/\/gentedebasquet.com.ar\/sitio\/2016\/02\/05\/haber-perdido-con-sarmiento-nos-potencio\/#primaryimage","url":"https:\/\/gentedebasquet.com.ar\/sitio\/wp-content\/uploads\/2016\/02\/slide-1.jpg","contentUrl":"https:\/\/gentedebasquet.com.ar\/sitio\/wp-content\/uploads\/2016\/02\/slide-1.jpg","width":690,"height":319},{"@type":"BreadcrumbList","@id":"http:\/\/gentedebasquet.com.ar\/sitio\/2016\/02\/05\/haber-perdido-con-sarmiento-nos-potencio\/#breadcrumb","itemListElement":[{"@type":"ListItem","position":1,"name":"Portada","item":"https:\/\/gentedebasquet.com.ar\/sitio\/"},{"@type":"ListItem","position":2,"name":"\u00abPerder con Sarmiento nos potenci\u00f3\u00bb"}]},{"@type":"WebSite","@id":"https:\/\/gentedebasquet.com.ar\/sitio\/#website","url":"https:\/\/gentedebasquet.com.ar\/sitio\/","name":"Gente de B\u00e1squet","description":"La revista del basquet de Bah\u00eda Blanca","potentialAction":[{"@type":"SearchAction","target":{"@type":"EntryPoint","urlTemplate":"https:\/\/gentedebasquet.com.ar\/sitio\/?s={search_term_string}"},"query-input":{"@type":"PropertyValueSpecification","valueRequired":true,"valueName":"search_term_string"}}],"inLanguage":"es"},{"@type":"Person","@id":"https:\/\/gentedebasquet.com.ar\/sitio\/#\/schema\/person\/ca0b63bbb977369988a7bbbdc519943a","name":"Gente de B\u00e1squet","image":{"@type":"ImageObject","inLanguage":"es","@id":"https:\/\/secure.gravatar.com\/avatar\/7f2c48bdc33b30088f941fb6082e555f2874c98e20cb159d7b92b50eadfce793?s=96&d=mm&r=g","url":"https:\/\/secure.gravatar.com\/avatar\/7f2c48bdc33b30088f941fb6082e555f2874c98e20cb159d7b92b50eadfce793?s=96&d=mm&r=g","contentUrl":"https:\/\/secure.gravatar.com\/avatar\/7f2c48bdc33b30088f941fb6082e555f2874c98e20cb159d7b92b50eadfce793?s=96&d=mm&r=g","caption":"Gente de B\u00e1squet"},"sameAs":["http:\/\/gentedebasquet.com.ar\/sitio"],"url":"https:\/\/gentedebasquet.com.ar\/sitio\/author\/ulises\/"}]}},"_links":{"self":[{"href":"https:\/\/gentedebasquet.com.ar\/sitio\/wp-json\/wp\/v2\/posts\/56336","targetHints":{"allow":["GET"]}}],"collection":[{"href":"https:\/\/gentedebasquet.com.ar\/sitio\/wp-json\/wp\/v2\/posts"}],"about":[{"href":"https:\/\/gentedebasquet.com.ar\/sitio\/wp-json\/wp\/v2\/types\/post"}],"author":[{"embeddable":true,"href":"https:\/\/gentedebasquet.com.ar\/sitio\/wp-json\/wp\/v2\/users\/1"}],"replies":[{"embeddable":true,"href":"https:\/\/gentedebasquet.com.ar\/sitio\/wp-json\/wp\/v2\/comments?post=56336"}],"version-history":[{"count":0,"href":"https:\/\/gentedebasquet.com.ar\/sitio\/wp-json\/wp\/v2\/posts\/56336\/revisions"}],"wp:featuredmedia":[{"embeddable":true,"href":"https:\/\/gentedebasquet.com.ar\/sitio\/wp-json\/wp\/v2\/media\/56337"}],"wp:attachment":[{"href":"https:\/\/gentedebasquet.com.ar\/sitio\/wp-json\/wp\/v2\/media?parent=56336"}],"wp:term":[{"taxonomy":"category","embeddable":true,"href":"https:\/\/gentedebasquet.com.ar\/sitio\/wp-json\/wp\/v2\/categories?post=56336"},{"taxonomy":"post_tag","embeddable":true,"href":"https:\/\/gentedebasquet.com.ar\/sitio\/wp-json\/wp\/v2\/tags?post=56336"}],"curies":[{"name":"wp","href":"https:\/\/api.w.org\/{rel}","templated":true}]}}