{"id":56522,"date":"2016-02-13T13:24:49","date_gmt":"2016-02-13T16:24:49","guid":{"rendered":"http:\/\/www.gentedebasquet.com.ar\/?p=56522"},"modified":"2016-02-13T13:24:49","modified_gmt":"2016-02-13T16:24:49","slug":"fue-delicado-y-no-la-pase-bien","status":"publish","type":"post","link":"https:\/\/gentedebasquet.com.ar\/sitio\/2016\/02\/13\/fue-delicado-y-no-la-pase-bien\/","title":{"rendered":"\u00abFue delicado y no la pas\u00e9 bien\u00bb"},"content":{"rendered":"<p><strong>\u00abPor suerte ya pas\u00f3 lo m\u00e1s complicado y definitivamente estoy mucho mejor\u00bb, se\u00f1al\u00f3 Emanuel Gin\u00f3bili en su habitual columna del diario <em>La Naci\u00f3n<\/em>. Y sigui\u00f3: \u00abYa pas\u00f3 la primera semana que todos me dec\u00edan iba a ser la m\u00e1s dolorosa y dif\u00edcil de llevar. Y realmente fue complicada, en especial los primeros tres d\u00edas. Fueron de mucho dolor, mucha molestia y todo lo que puedan imaginar. Con el paso de las horas fue aflojando todo y ahora tengo mejor calidad de vida, hago las cosas con normalidad. Ya puedo caminar bien, puedo manejar, puedo hacer casi todo\u00bb. A continuaci\u00f3n, la nota completa.<\/strong><\/p>\n<p><em>Los primeros d\u00edas eran en la cama por completo, siempre horizontal y con una incomodidad bastante importante. Ahora estoy recuper\u00e1ndome. Es cuesti\u00f3n de tiempo, de ver c\u00f3mo mejora la zona y cicatriza todo. Fue una operaci\u00f3n, invasiva y delicada. Por eso lleva un tiempo recuperarse. Los m\u00e9dicos todav\u00eda no tienen mucha idea de cu\u00e1ntos d\u00edas puede demandar la rehabilitaci\u00f3n. B\u00e1sicamente eso estar\u00e1 vinculado con el dolor que yo pueda soportar o cuando no me moleste. No hay muchos casos de esto; son contados con los dedos de una mano. As\u00ed que lo que \u00fanico que se sabe es que son cuatro semanas como m\u00ednimo. Si es m\u00e1s o menos tiempo, se ir\u00e1 midiendo de acuerdo con la evoluci\u00f3n. No hay un plazo.<\/em><\/p>\n<p><em>Que todo est\u00e9 bastante encaminado hace que uno est\u00e9 m\u00e1s tranquilo y se sienta de mejor humor. Por ese lado estoy bien. Como estoy en otro momento de mi vida, me tomo las cosas con m\u00e1s calma y menos ansiedad. S\u00ed estaba preocupado por mi salud. Tengo claro que esto va a llevar un tiempo y no voy a poder adelantarlo. Es probable que cuando falten una semana o 10 d\u00edas para volver me ponga un poco m\u00e1s impaciente. Tambi\u00e9n tengo claro que voy a tener que hacer un acondicionamiento f\u00edsico, que es lo que menos me gusta, pero bueno, s\u00e9 que debo hacerlo. Eso va a ser m\u00e1s complicado, pero ahora estoy disfrutando de mi salud, de estar bien y de mi familia. Para recuperarme lo antes posible tengo a la mejor enfermera del mundo: Many, que se banca todo. Encima le toc\u00f3 esto en invierno, cuando siempre uno de los tres chicos est\u00e1 con tos y con esas cosas t\u00edpicas de la estaci\u00f3n del a\u00f1o. As\u00ed que estuvo a ocho manos y seis piernas. Espectacular lo que hizo. Por suerte ahora ya estoy autosuficiente y puedo colaborar un poco m\u00e1s. Pero la verdad es que por siete d\u00edas fui un beb\u00e9 m\u00e1s en la casa.<\/em><\/p>\n<p><em>De todas maneras, y a pesar de las incomodidades, segu\u00ed lo que pas\u00f3 con el equipo. Como siempre, en realidad. Y siento que estamos haciendo las cosas dentro de las expectativas que ten\u00edamos. Sab\u00edamos que esta parte de la competencia ten\u00eda desaf\u00edos complicados, como lo fueron Golden State y Cleveland, dos rivales contra los cuales pod\u00edamos perder, por eso no era un problema. Es cierto que perdimos medio feo contra los dos y nos superaron ampliamente. Eso doli\u00f3 un poquito. Pero la verdad es que no fue dram\u00e1tico. No tuvimos que replantearnos cosas ni cambiar algo en el juego. Simplemente se perdi\u00f3 un par de partidos y el equipo sigui\u00f3 ganando los encuentros que ten\u00eda que ganar. Por ah\u00ed en algunos no jugamos muy bien, como ante Lakers, pero son cosas que pasan en una temporada larga. Empezamos \u00abEl Rodeo\u00bb ganando un back-to-back, partidos en d\u00edas consecutivos, que no eran por ah\u00ed de los m\u00e1s complicados, pero tampoco eran garantizados. Le ganamos bien a Miami y despu\u00e9s resolvimos, sin jugar bien, el partido con Orlando en la \u00faltima bola. Y este \u00faltimo juego fue sin Tony y con Tim volviendo despu\u00e9s de siete u ocho partidos. As\u00ed que creo que estamos bien. Estamos en buena forma. Es verdad que no me gust\u00f3 perder como lo hicimos contra las otras potencias, pero pod\u00eda suceder. El equipo sigue firme y con una marca admirable. Incluso, me parece que es nuestro mejor marca y con eso no quiero decir que es el mejor equipo de los Spurs, pero algo indica, algo estamos haciendo bien. Y por m\u00e1s que hayamos perdido contra rivales directos, como Oklahoma City, Golden State, Cleveland, Toronto y Chicago, eso no nos inquieta. S\u00ed nos pone atentos y est\u00e1 bueno que no estamos tranquilos. Tenemos que mejorar para ganarles a los mejores. Tenemos claro que no podemos descuidarnos frente a los poderosos, porque si nos desconcentramos, en cinco minutos nos cocinan. Pero nuestra marca est\u00e1 muy por encima del 80% y es algo tremendo.<\/em><\/p>\n<p><em>S\u00e9 que todos hablan de Golden State y nosotros lo sufrimos. Incluso algunos se preguntan c\u00f3mo pararlo y la verdad es que no parece haber una forma. Primero, no debe tener una noche inspirada Curry, y tampoco todo el equipo, como s\u00ed sucedi\u00f3 contra nosotros y como pas\u00f3 en tantos otros juegos. No s\u00e9 si hay una forma de ganarle, y la verdad es que ahora no me interesa. La forma de vencerlo podr\u00eda interesarme un 25 de mayo o un 2 de junio. Ganarle ahora suma un partido, no m\u00e1s que eso. S\u00ed es cierto que est\u00e1 en un momento incre\u00edble, jugando un b\u00e1squet literalmente extraordinario y con un nivel admirable de confianza y de bienestar en el campo. Pero nosotros nos ocuparemos de saber c\u00f3mo detenerlo cuando sea un momento de definici\u00f3n.<\/em><\/p>\n<p><em>Sigo al equipo desde casa, y la verdad es que es una sensaci\u00f3n extra\u00f1a. Y es un per\u00edodo raro, porque por tres d\u00edas no pude salir de casa, y s\u00f3lo despu\u00e9s de una semana pude manejar. As\u00ed que ahora que pod\u00eda ver a mis compa\u00f1eros, ellos est\u00e1n de vacaciones. Y cuando regresen tendr\u00e1n 10 d\u00edas m\u00e1s por \u00abEl Rodeo\u00bb. As\u00ed que hasta el 27 de febrero no voy a verlos. Es extra\u00f1o porque nunca pasa eso de no estar con el equipo. As\u00ed que a base de textos o chistes que van y vienen o por comentarios, permanezco en contacto con todos. El encuentro con el grupo va a tener que esperar.<\/em><\/p>\n<p><em>S\u00e9 que hubo mucha preocupaci\u00f3n en todos lados y en especial en la Argentina. Quiero agradecer a todos por los mensajes en las redes sociales, donde me manifestaron su preocupaci\u00f3n. Primero todos se lo tomaron bastante en broma, como suele suceder con estos temas, pero cuando se anunci\u00f3 lo de la cirug\u00eda, recib\u00ed mucho afecto y buenos augurios. Por suerte la parte m\u00e1s fea ya pas\u00f3. Fue delicado y no la pas\u00e9 bien, pero ahora estoy mejor y de buen humor, que es fundamental. Estoy disfrutando de la familia hasta que pueda estar en la cancha compitiendo. S\u00e9 que eso hoy no es prioridad y que no va a pasar hasta dentro de un tiempo. Ahora, con paciencia, voy a esperar mi momento.<\/em><\/p>\n","protected":false},"excerpt":{"rendered":"<p>La columna de Manu Gin\u00f3bili en La Naci\u00f3n tras su lesi\u00f3n testicular<\/p>\n","protected":false},"author":1,"featured_media":56523,"comment_status":"closed","ping_status":"open","sticky":false,"template":"","format":"standard","meta":{"jnews-multi-image_gallery":[],"jnews_single_post":[],"jnews_primary_category":[],"footnotes":""},"categories":[34,101],"tags":[146,105,387],"class_list":["post-56522","post","type-post","status-publish","format-standard","has-post-thumbnail","hentry","category-bahienses-afuera","category-slide","tag-emanuel-ginobili","tag-nba","tag-san-antonio-spurs"],"yoast_head":"<!-- This site is optimized with the Yoast SEO plugin v27.5 - https:\/\/yoast.com\/product\/yoast-seo-wordpress\/ -->\n<title>&quot;Fue delicado y no la pas\u00e9 bien&quot; - Gente de B\u00e1squet<\/title>\n<meta name=\"robots\" content=\"index, follow, max-snippet:-1, max-image-preview:large, max-video-preview:-1\" \/>\n<link rel=\"canonical\" href=\"http:\/\/gentedebasquet.com.ar\/sitio\/2016\/02\/13\/fue-delicado-y-no-la-pase-bien\/\" \/>\n<meta property=\"og:locale\" content=\"es_ES\" \/>\n<meta property=\"og:type\" content=\"article\" \/>\n<meta property=\"og:title\" content=\"&quot;Fue delicado y no la pas\u00e9 bien&quot; - Gente de B\u00e1squet\" \/>\n<meta property=\"og:description\" content=\"La columna de Manu Gin\u00f3bili en La Naci\u00f3n tras su lesi\u00f3n testicular\" \/>\n<meta property=\"og:url\" content=\"http:\/\/gentedebasquet.com.ar\/sitio\/2016\/02\/13\/fue-delicado-y-no-la-pase-bien\/\" \/>\n<meta property=\"og:site_name\" content=\"Gente de B\u00e1squet\" \/>\n<meta property=\"article:published_time\" content=\"2016-02-13T16:24:49+00:00\" \/>\n<meta property=\"og:image\" content=\"http:\/\/gentedebasquet.com.ar\/sitio\/wp-content\/uploads\/2016\/02\/Ginobili.jpg\" \/>\n\t<meta property=\"og:image:width\" content=\"690\" \/>\n\t<meta property=\"og:image:height\" content=\"319\" \/>\n\t<meta property=\"og:image:type\" content=\"image\/jpeg\" \/>\n<meta name=\"author\" content=\"Gente de B\u00e1squet\" \/>\n<meta name=\"twitter:card\" content=\"summary_large_image\" \/>\n<meta name=\"twitter:label1\" content=\"Escrito por\" \/>\n\t<meta name=\"twitter:data1\" content=\"Gente de B\u00e1squet\" \/>\n\t<meta name=\"twitter:label2\" content=\"Tiempo de lectura\" \/>\n\t<meta name=\"twitter:data2\" content=\"6 minutos\" \/>\n<script type=\"application\/ld+json\" class=\"yoast-schema-graph\">{\"@context\":\"https:\\\/\\\/schema.org\",\"@graph\":[{\"@type\":\"Article\",\"@id\":\"http:\\\/\\\/gentedebasquet.com.ar\\\/sitio\\\/2016\\\/02\\\/13\\\/fue-delicado-y-no-la-pase-bien\\\/#article\",\"isPartOf\":{\"@id\":\"http:\\\/\\\/gentedebasquet.com.ar\\\/sitio\\\/2016\\\/02\\\/13\\\/fue-delicado-y-no-la-pase-bien\\\/\"},\"author\":{\"name\":\"Gente de B\u00e1squet\",\"@id\":\"https:\\\/\\\/gentedebasquet.com.ar\\\/sitio\\\/#\\\/schema\\\/person\\\/ca0b63bbb977369988a7bbbdc519943a\"},\"headline\":\"\u00abFue delicado y no la pas\u00e9 bien\u00bb\",\"datePublished\":\"2016-02-13T16:24:49+00:00\",\"mainEntityOfPage\":{\"@id\":\"http:\\\/\\\/gentedebasquet.com.ar\\\/sitio\\\/2016\\\/02\\\/13\\\/fue-delicado-y-no-la-pase-bien\\\/\"},\"wordCount\":1208,\"image\":{\"@id\":\"http:\\\/\\\/gentedebasquet.com.ar\\\/sitio\\\/2016\\\/02\\\/13\\\/fue-delicado-y-no-la-pase-bien\\\/#primaryimage\"},\"thumbnailUrl\":\"https:\\\/\\\/gentedebasquet.com.ar\\\/sitio\\\/wp-content\\\/uploads\\\/2016\\\/02\\\/Ginobili.jpg\",\"keywords\":[\"Emanuel Gin\u00f3bili\",\"NBA\",\"San Antonio Spurs\"],\"articleSection\":[\"Bahienses Afuera\",\"Slide\"],\"inLanguage\":\"es\"},{\"@type\":\"WebPage\",\"@id\":\"http:\\\/\\\/gentedebasquet.com.ar\\\/sitio\\\/2016\\\/02\\\/13\\\/fue-delicado-y-no-la-pase-bien\\\/\",\"url\":\"http:\\\/\\\/gentedebasquet.com.ar\\\/sitio\\\/2016\\\/02\\\/13\\\/fue-delicado-y-no-la-pase-bien\\\/\",\"name\":\"\\\"Fue delicado y no la pas\u00e9 bien\\\" - Gente de B\u00e1squet\",\"isPartOf\":{\"@id\":\"https:\\\/\\\/gentedebasquet.com.ar\\\/sitio\\\/#website\"},\"primaryImageOfPage\":{\"@id\":\"http:\\\/\\\/gentedebasquet.com.ar\\\/sitio\\\/2016\\\/02\\\/13\\\/fue-delicado-y-no-la-pase-bien\\\/#primaryimage\"},\"image\":{\"@id\":\"http:\\\/\\\/gentedebasquet.com.ar\\\/sitio\\\/2016\\\/02\\\/13\\\/fue-delicado-y-no-la-pase-bien\\\/#primaryimage\"},\"thumbnailUrl\":\"https:\\\/\\\/gentedebasquet.com.ar\\\/sitio\\\/wp-content\\\/uploads\\\/2016\\\/02\\\/Ginobili.jpg\",\"datePublished\":\"2016-02-13T16:24:49+00:00\",\"author\":{\"@id\":\"https:\\\/\\\/gentedebasquet.com.ar\\\/sitio\\\/#\\\/schema\\\/person\\\/ca0b63bbb977369988a7bbbdc519943a\"},\"breadcrumb\":{\"@id\":\"http:\\\/\\\/gentedebasquet.com.ar\\\/sitio\\\/2016\\\/02\\\/13\\\/fue-delicado-y-no-la-pase-bien\\\/#breadcrumb\"},\"inLanguage\":\"es\",\"potentialAction\":[{\"@type\":\"ReadAction\",\"target\":[\"http:\\\/\\\/gentedebasquet.com.ar\\\/sitio\\\/2016\\\/02\\\/13\\\/fue-delicado-y-no-la-pase-bien\\\/\"]}]},{\"@type\":\"ImageObject\",\"inLanguage\":\"es\",\"@id\":\"http:\\\/\\\/gentedebasquet.com.ar\\\/sitio\\\/2016\\\/02\\\/13\\\/fue-delicado-y-no-la-pase-bien\\\/#primaryimage\",\"url\":\"https:\\\/\\\/gentedebasquet.com.ar\\\/sitio\\\/wp-content\\\/uploads\\\/2016\\\/02\\\/Ginobili.jpg\",\"contentUrl\":\"https:\\\/\\\/gentedebasquet.com.ar\\\/sitio\\\/wp-content\\\/uploads\\\/2016\\\/02\\\/Ginobili.jpg\",\"width\":690,\"height\":319},{\"@type\":\"BreadcrumbList\",\"@id\":\"http:\\\/\\\/gentedebasquet.com.ar\\\/sitio\\\/2016\\\/02\\\/13\\\/fue-delicado-y-no-la-pase-bien\\\/#breadcrumb\",\"itemListElement\":[{\"@type\":\"ListItem\",\"position\":1,\"name\":\"Portada\",\"item\":\"https:\\\/\\\/gentedebasquet.com.ar\\\/sitio\\\/\"},{\"@type\":\"ListItem\",\"position\":2,\"name\":\"\u00abFue delicado y no la pas\u00e9 bien\u00bb\"}]},{\"@type\":\"WebSite\",\"@id\":\"https:\\\/\\\/gentedebasquet.com.ar\\\/sitio\\\/#website\",\"url\":\"https:\\\/\\\/gentedebasquet.com.ar\\\/sitio\\\/\",\"name\":\"Gente de B\u00e1squet\",\"description\":\"La revista del basquet de Bah\u00eda Blanca\",\"potentialAction\":[{\"@type\":\"SearchAction\",\"target\":{\"@type\":\"EntryPoint\",\"urlTemplate\":\"https:\\\/\\\/gentedebasquet.com.ar\\\/sitio\\\/?s={search_term_string}\"},\"query-input\":{\"@type\":\"PropertyValueSpecification\",\"valueRequired\":true,\"valueName\":\"search_term_string\"}}],\"inLanguage\":\"es\"},{\"@type\":\"Person\",\"@id\":\"https:\\\/\\\/gentedebasquet.com.ar\\\/sitio\\\/#\\\/schema\\\/person\\\/ca0b63bbb977369988a7bbbdc519943a\",\"name\":\"Gente de B\u00e1squet\",\"image\":{\"@type\":\"ImageObject\",\"inLanguage\":\"es\",\"@id\":\"https:\\\/\\\/secure.gravatar.com\\\/avatar\\\/7f2c48bdc33b30088f941fb6082e555f2874c98e20cb159d7b92b50eadfce793?s=96&d=mm&r=g\",\"url\":\"https:\\\/\\\/secure.gravatar.com\\\/avatar\\\/7f2c48bdc33b30088f941fb6082e555f2874c98e20cb159d7b92b50eadfce793?s=96&d=mm&r=g\",\"contentUrl\":\"https:\\\/\\\/secure.gravatar.com\\\/avatar\\\/7f2c48bdc33b30088f941fb6082e555f2874c98e20cb159d7b92b50eadfce793?s=96&d=mm&r=g\",\"caption\":\"Gente de B\u00e1squet\"},\"sameAs\":[\"http:\\\/\\\/gentedebasquet.com.ar\\\/sitio\"],\"url\":\"https:\\\/\\\/gentedebasquet.com.ar\\\/sitio\\\/author\\\/ulises\\\/\"}]}<\/script>\n<!-- \/ Yoast SEO plugin. -->","yoast_head_json":{"title":"\"Fue delicado y no la pas\u00e9 bien\" - Gente de B\u00e1squet","robots":{"index":"index","follow":"follow","max-snippet":"max-snippet:-1","max-image-preview":"max-image-preview:large","max-video-preview":"max-video-preview:-1"},"canonical":"http:\/\/gentedebasquet.com.ar\/sitio\/2016\/02\/13\/fue-delicado-y-no-la-pase-bien\/","og_locale":"es_ES","og_type":"article","og_title":"\"Fue delicado y no la pas\u00e9 bien\" - Gente de B\u00e1squet","og_description":"La columna de Manu Gin\u00f3bili en La Naci\u00f3n tras su lesi\u00f3n testicular","og_url":"http:\/\/gentedebasquet.com.ar\/sitio\/2016\/02\/13\/fue-delicado-y-no-la-pase-bien\/","og_site_name":"Gente de B\u00e1squet","article_published_time":"2016-02-13T16:24:49+00:00","og_image":[{"width":690,"height":319,"url":"http:\/\/gentedebasquet.com.ar\/sitio\/wp-content\/uploads\/2016\/02\/Ginobili.jpg","type":"image\/jpeg"}],"author":"Gente de B\u00e1squet","twitter_card":"summary_large_image","twitter_misc":{"Escrito por":"Gente de B\u00e1squet","Tiempo de lectura":"6 minutos"},"schema":{"@context":"https:\/\/schema.org","@graph":[{"@type":"Article","@id":"http:\/\/gentedebasquet.com.ar\/sitio\/2016\/02\/13\/fue-delicado-y-no-la-pase-bien\/#article","isPartOf":{"@id":"http:\/\/gentedebasquet.com.ar\/sitio\/2016\/02\/13\/fue-delicado-y-no-la-pase-bien\/"},"author":{"name":"Gente de B\u00e1squet","@id":"https:\/\/gentedebasquet.com.ar\/sitio\/#\/schema\/person\/ca0b63bbb977369988a7bbbdc519943a"},"headline":"\u00abFue delicado y no la pas\u00e9 bien\u00bb","datePublished":"2016-02-13T16:24:49+00:00","mainEntityOfPage":{"@id":"http:\/\/gentedebasquet.com.ar\/sitio\/2016\/02\/13\/fue-delicado-y-no-la-pase-bien\/"},"wordCount":1208,"image":{"@id":"http:\/\/gentedebasquet.com.ar\/sitio\/2016\/02\/13\/fue-delicado-y-no-la-pase-bien\/#primaryimage"},"thumbnailUrl":"https:\/\/gentedebasquet.com.ar\/sitio\/wp-content\/uploads\/2016\/02\/Ginobili.jpg","keywords":["Emanuel Gin\u00f3bili","NBA","San Antonio Spurs"],"articleSection":["Bahienses Afuera","Slide"],"inLanguage":"es"},{"@type":"WebPage","@id":"http:\/\/gentedebasquet.com.ar\/sitio\/2016\/02\/13\/fue-delicado-y-no-la-pase-bien\/","url":"http:\/\/gentedebasquet.com.ar\/sitio\/2016\/02\/13\/fue-delicado-y-no-la-pase-bien\/","name":"\"Fue delicado y no la pas\u00e9 bien\" - Gente de B\u00e1squet","isPartOf":{"@id":"https:\/\/gentedebasquet.com.ar\/sitio\/#website"},"primaryImageOfPage":{"@id":"http:\/\/gentedebasquet.com.ar\/sitio\/2016\/02\/13\/fue-delicado-y-no-la-pase-bien\/#primaryimage"},"image":{"@id":"http:\/\/gentedebasquet.com.ar\/sitio\/2016\/02\/13\/fue-delicado-y-no-la-pase-bien\/#primaryimage"},"thumbnailUrl":"https:\/\/gentedebasquet.com.ar\/sitio\/wp-content\/uploads\/2016\/02\/Ginobili.jpg","datePublished":"2016-02-13T16:24:49+00:00","author":{"@id":"https:\/\/gentedebasquet.com.ar\/sitio\/#\/schema\/person\/ca0b63bbb977369988a7bbbdc519943a"},"breadcrumb":{"@id":"http:\/\/gentedebasquet.com.ar\/sitio\/2016\/02\/13\/fue-delicado-y-no-la-pase-bien\/#breadcrumb"},"inLanguage":"es","potentialAction":[{"@type":"ReadAction","target":["http:\/\/gentedebasquet.com.ar\/sitio\/2016\/02\/13\/fue-delicado-y-no-la-pase-bien\/"]}]},{"@type":"ImageObject","inLanguage":"es","@id":"http:\/\/gentedebasquet.com.ar\/sitio\/2016\/02\/13\/fue-delicado-y-no-la-pase-bien\/#primaryimage","url":"https:\/\/gentedebasquet.com.ar\/sitio\/wp-content\/uploads\/2016\/02\/Ginobili.jpg","contentUrl":"https:\/\/gentedebasquet.com.ar\/sitio\/wp-content\/uploads\/2016\/02\/Ginobili.jpg","width":690,"height":319},{"@type":"BreadcrumbList","@id":"http:\/\/gentedebasquet.com.ar\/sitio\/2016\/02\/13\/fue-delicado-y-no-la-pase-bien\/#breadcrumb","itemListElement":[{"@type":"ListItem","position":1,"name":"Portada","item":"https:\/\/gentedebasquet.com.ar\/sitio\/"},{"@type":"ListItem","position":2,"name":"\u00abFue delicado y no la pas\u00e9 bien\u00bb"}]},{"@type":"WebSite","@id":"https:\/\/gentedebasquet.com.ar\/sitio\/#website","url":"https:\/\/gentedebasquet.com.ar\/sitio\/","name":"Gente de B\u00e1squet","description":"La revista del basquet de Bah\u00eda Blanca","potentialAction":[{"@type":"SearchAction","target":{"@type":"EntryPoint","urlTemplate":"https:\/\/gentedebasquet.com.ar\/sitio\/?s={search_term_string}"},"query-input":{"@type":"PropertyValueSpecification","valueRequired":true,"valueName":"search_term_string"}}],"inLanguage":"es"},{"@type":"Person","@id":"https:\/\/gentedebasquet.com.ar\/sitio\/#\/schema\/person\/ca0b63bbb977369988a7bbbdc519943a","name":"Gente de B\u00e1squet","image":{"@type":"ImageObject","inLanguage":"es","@id":"https:\/\/secure.gravatar.com\/avatar\/7f2c48bdc33b30088f941fb6082e555f2874c98e20cb159d7b92b50eadfce793?s=96&d=mm&r=g","url":"https:\/\/secure.gravatar.com\/avatar\/7f2c48bdc33b30088f941fb6082e555f2874c98e20cb159d7b92b50eadfce793?s=96&d=mm&r=g","contentUrl":"https:\/\/secure.gravatar.com\/avatar\/7f2c48bdc33b30088f941fb6082e555f2874c98e20cb159d7b92b50eadfce793?s=96&d=mm&r=g","caption":"Gente de B\u00e1squet"},"sameAs":["http:\/\/gentedebasquet.com.ar\/sitio"],"url":"https:\/\/gentedebasquet.com.ar\/sitio\/author\/ulises\/"}]}},"_links":{"self":[{"href":"https:\/\/gentedebasquet.com.ar\/sitio\/wp-json\/wp\/v2\/posts\/56522","targetHints":{"allow":["GET"]}}],"collection":[{"href":"https:\/\/gentedebasquet.com.ar\/sitio\/wp-json\/wp\/v2\/posts"}],"about":[{"href":"https:\/\/gentedebasquet.com.ar\/sitio\/wp-json\/wp\/v2\/types\/post"}],"author":[{"embeddable":true,"href":"https:\/\/gentedebasquet.com.ar\/sitio\/wp-json\/wp\/v2\/users\/1"}],"replies":[{"embeddable":true,"href":"https:\/\/gentedebasquet.com.ar\/sitio\/wp-json\/wp\/v2\/comments?post=56522"}],"version-history":[{"count":0,"href":"https:\/\/gentedebasquet.com.ar\/sitio\/wp-json\/wp\/v2\/posts\/56522\/revisions"}],"wp:featuredmedia":[{"embeddable":true,"href":"https:\/\/gentedebasquet.com.ar\/sitio\/wp-json\/wp\/v2\/media\/56523"}],"wp:attachment":[{"href":"https:\/\/gentedebasquet.com.ar\/sitio\/wp-json\/wp\/v2\/media?parent=56522"}],"wp:term":[{"taxonomy":"category","embeddable":true,"href":"https:\/\/gentedebasquet.com.ar\/sitio\/wp-json\/wp\/v2\/categories?post=56522"},{"taxonomy":"post_tag","embeddable":true,"href":"https:\/\/gentedebasquet.com.ar\/sitio\/wp-json\/wp\/v2\/tags?post=56522"}],"curies":[{"name":"wp","href":"https:\/\/api.w.org\/{rel}","templated":true}]}}