{"id":57256,"date":"2016-03-21T23:25:09","date_gmt":"2016-03-22T02:25:09","guid":{"rendered":"http:\/\/www.gentedebasquet.com.ar\/?p=57256"},"modified":"2016-03-21T23:25:09","modified_gmt":"2016-03-22T02:25:09","slug":"mas-celeste","status":"publish","type":"post","link":"https:\/\/gentedebasquet.com.ar\/sitio\/2016\/03\/21\/mas-celeste\/","title":{"rendered":"M\u00e1s celeste"},"content":{"rendered":"<p><strong>El Nacional se llev\u00f3 una victoria ajustada ante el ascendido Argentino, por 80 a 73, para abrir el torneo de Primera Divisi\u00f3n 2016. El due\u00f1o de casa domin\u00f3 gran parte del juego en base a la actuaci\u00f3n de Lucas Chaves, autor de 29 puntos (3\/7 3p, 7\/10 2p y 6\/8 TL); aunque el conjunto de Errazu se mantuvo en partido y casi da el golpe cuando Bruni y Oyhamburo -a distancia- dejaron a la visita a un triple: 74-71. Dos acciones ofensivas (Hoffmann y Arteaga), sellaron la victoria celeste.<\/strong><\/p>\n<p>Hubo un jugador que no pareci\u00f3 estar fuera de ritmo. Lucas Chaves fue el due\u00f1o de las ofensivas locales en el arranque y, con variantes, lider\u00f3 a su equipo. As\u00ed, El Nacional escap\u00f3 23-11 (1C) y 36-23 (a 5m03 del ET). Adem\u00e1s, Hoffmann sac\u00f3 ventajas poste\u00e1ndose y una combinaci\u00f3n de defensas\u00a0obnubil\u00f3 a Argentino, que debi\u00f3 romper y descargar para llegar al gol ante la mala efectividad desde 6m75 (1\/11 en el PT).<\/p>\n<p>La tendencia se mantuvo, aunque aparecieron Barba (sobre todo en defensa) y Garbarino (se luci\u00f3 con una bomba y una bandeja pasada) para mantener la ventaja local: 65-50 a 1m25 del final del 3C. No obstante, la visita comenz\u00f3 a vislumbrar una posible remontada, basada en la conducci\u00f3n de Oyhamburo y el car\u00e1cter de Bruni. As\u00ed, lleg\u00f3 a ponerse a 8 tantos (69-61) con 5m02 por jugar, gracias a un triple del ex Estudiantes.<\/p>\n<blockquote><p>Si bien uno en lo personal se va sintiendo bien, lo importante era que de a poco pudimos hacer lo que quer\u00edamos. Tuvimos diez minutos muy buenos en el primer tiempo y en el segundo nos desordenamos un poco, producto de un partido parejo. Estamos para jugarle de igual a igual a todos. Nos tenemos que basar en la defensa y ser intensos para poder ganar de local e ir a buscar los partidos afuera (Lucas Chaves)<\/p><\/blockquote>\n<p>Arteaga pareci\u00f3 cortar la esperanza de Argentino con una bomba (74-63), pero Capponi descont\u00f3 r\u00e1pido y dos triples (Bruni y Oyhamburo), sellaron un parcial de 8-0 que dej\u00f3 al elenco de Errazu a una bola (74-71) a 1m28. Hoffmann anot\u00f3 sobre la chicharra en la siguiente y Arteaga decor\u00f3 la victoria local con un contra ataque perfecto y una salida lateral bien le\u00edda por el propio Chaves.<\/p>\n<p style=\"line-height: 18.0pt;\">[vimeo]http:\/\/vimeo.com\/159900481[\/vimeo]<\/p>\n<p>&nbsp;<\/p>\n<p><strong>S\u00edntesis |<\/strong> Primera Divisi\u00f3n- Fecha #1<\/p>\n<p><strong>El Nacional 80:\u00a0<\/strong>Gonzalo Etchepare 6,\u00a0Lucas Chaves 29,\u00a0Mariano Blanche 7,\u00a0Francisco Hoffmann 10,\u00a0St\u00e9fano Barba 2 (Fi);\u00a0Esteban Arteaga 9,\u00a0Pomar Garbarino 12,\u00a0Fausto Depaoli 0,\u00a0Gast\u00f3n Berdini 5,\u00a0Mateo Murphy 0 y\u00a0Facundo Carrizo 0.\u00a0DT: Juan Andr\u00e9s Garc\u00eda.<\/p>\n<p><strong>Argentino 73:\u00a0<\/strong>Mat\u00edas Oyhamburo 17,\u00a0Lorenzo Capponi 5,\u00a0Bruno Sacomani 13,\u00a0Alan Gonz\u00e1lez 4,\u00a0Bruno Mandrini 4 (Fi);\u00a0Tom\u00e1s Bruni 15,\u00a0Bruno Aceituno 9,\u00a0Segundo Vasconcelo 4 y\u00a0Luciano Mussini 2.\u00a0DT: Mario Errazu.<\/p>\n<p><strong>Parciales:<\/strong> 23-15, 40-33 (17-18), 65-53 (25-20) y 80-73 (15-20).<\/p>\n<p><strong>\u00c1rbitros:<\/strong> Horacio Sed\u00e1n &#8211; Mauro Reyes.<\/p>\n<p><strong>Estadio:<\/strong> Hermanos Ciccioli (El Nacional).<\/p>\n<p><a href=\"https:\/\/docs.google.com\/spreadsheets\/d\/1_sA2xLuQEZgSur7j0xTgS7EPZ82iD3-kECqwRmaS-ds\/pubhtml\" target=\"_blank\" rel=\"noopener\">Ver planilla\u00a0<\/a><\/p>\n","protected":false},"excerpt":{"rendered":"<p>El Nacional puso primera venciendo a Argentino en la quinta por 80 a 73<\/p>\n","protected":false},"author":1,"featured_media":57277,"comment_status":"closed","ping_status":"open","sticky":false,"template":"","format":"standard","meta":{"jnews-multi-image_gallery":[],"jnews_single_post":[],"jnews_primary_category":[],"footnotes":""},"categories":[23,101],"tags":[4,9,626,79,601,616,486],"class_list":["post-57256","post","type-post","status-publish","format-standard","has-post-thumbnail","hentry","category-primera","category-slide","tag-argentino","tag-el-nacional","tag-francisco-hoffmann","tag-lucas-chaves","tag-matias-oyhamburo","tag-pomar-garbarino","tag-tomas-bruni"],"yoast_head":"<!-- This site is optimized with the Yoast SEO plugin v27.5 - https:\/\/yoast.com\/product\/yoast-seo-wordpress\/ -->\n<title>M\u00e1s celeste - Gente de B\u00e1squet<\/title>\n<meta name=\"robots\" content=\"index, follow, max-snippet:-1, max-image-preview:large, max-video-preview:-1\" \/>\n<link rel=\"canonical\" href=\"http:\/\/gentedebasquet.com.ar\/sitio\/2016\/03\/21\/mas-celeste\/\" \/>\n<meta property=\"og:locale\" content=\"es_ES\" \/>\n<meta property=\"og:type\" content=\"article\" \/>\n<meta property=\"og:title\" content=\"M\u00e1s celeste - Gente de B\u00e1squet\" \/>\n<meta property=\"og:description\" content=\"El Nacional puso primera venciendo a Argentino en la quinta por 80 a 73\" \/>\n<meta property=\"og:url\" content=\"http:\/\/gentedebasquet.com.ar\/sitio\/2016\/03\/21\/mas-celeste\/\" \/>\n<meta property=\"og:site_name\" content=\"Gente de B\u00e1squet\" \/>\n<meta property=\"article:published_time\" content=\"2016-03-22T02:25:09+00:00\" \/>\n<meta property=\"og:image\" content=\"http:\/\/gentedebasquet.com.ar\/sitio\/wp-content\/uploads\/2016\/03\/El-Nacional-Argentino-Chaves.jpg\" \/>\n\t<meta property=\"og:image:width\" content=\"690\" \/>\n\t<meta property=\"og:image:height\" content=\"319\" \/>\n\t<meta property=\"og:image:type\" content=\"image\/jpeg\" \/>\n<meta name=\"author\" content=\"Gente de B\u00e1squet\" \/>\n<meta name=\"twitter:card\" content=\"summary_large_image\" \/>\n<meta name=\"twitter:label1\" content=\"Escrito por\" \/>\n\t<meta name=\"twitter:data1\" content=\"Gente de B\u00e1squet\" \/>\n\t<meta name=\"twitter:label2\" content=\"Tiempo de lectura\" \/>\n\t<meta name=\"twitter:data2\" content=\"2 minutos\" \/>\n<script type=\"application\/ld+json\" class=\"yoast-schema-graph\">{\"@context\":\"https:\\\/\\\/schema.org\",\"@graph\":[{\"@type\":\"Article\",\"@id\":\"http:\\\/\\\/gentedebasquet.com.ar\\\/sitio\\\/2016\\\/03\\\/21\\\/mas-celeste\\\/#article\",\"isPartOf\":{\"@id\":\"http:\\\/\\\/gentedebasquet.com.ar\\\/sitio\\\/2016\\\/03\\\/21\\\/mas-celeste\\\/\"},\"author\":{\"name\":\"Gente de B\u00e1squet\",\"@id\":\"https:\\\/\\\/gentedebasquet.com.ar\\\/sitio\\\/#\\\/schema\\\/person\\\/ca0b63bbb977369988a7bbbdc519943a\"},\"headline\":\"M\u00e1s celeste\",\"datePublished\":\"2016-03-22T02:25:09+00:00\",\"mainEntityOfPage\":{\"@id\":\"http:\\\/\\\/gentedebasquet.com.ar\\\/sitio\\\/2016\\\/03\\\/21\\\/mas-celeste\\\/\"},\"wordCount\":482,\"image\":{\"@id\":\"http:\\\/\\\/gentedebasquet.com.ar\\\/sitio\\\/2016\\\/03\\\/21\\\/mas-celeste\\\/#primaryimage\"},\"thumbnailUrl\":\"https:\\\/\\\/gentedebasquet.com.ar\\\/sitio\\\/wp-content\\\/uploads\\\/2016\\\/03\\\/El-Nacional-Argentino-Chaves.jpg\",\"keywords\":[\"Argentino\",\"El Nacional\",\"Francisco Hoffmann\",\"Lucas Chaves\",\"Mat\u00edas Oyhamburo\",\"pomar garbarino\",\"Tomas Bruni\"],\"articleSection\":[\"Primera\",\"Slide\"],\"inLanguage\":\"es\"},{\"@type\":\"WebPage\",\"@id\":\"http:\\\/\\\/gentedebasquet.com.ar\\\/sitio\\\/2016\\\/03\\\/21\\\/mas-celeste\\\/\",\"url\":\"http:\\\/\\\/gentedebasquet.com.ar\\\/sitio\\\/2016\\\/03\\\/21\\\/mas-celeste\\\/\",\"name\":\"M\u00e1s celeste - Gente de B\u00e1squet\",\"isPartOf\":{\"@id\":\"https:\\\/\\\/gentedebasquet.com.ar\\\/sitio\\\/#website\"},\"primaryImageOfPage\":{\"@id\":\"http:\\\/\\\/gentedebasquet.com.ar\\\/sitio\\\/2016\\\/03\\\/21\\\/mas-celeste\\\/#primaryimage\"},\"image\":{\"@id\":\"http:\\\/\\\/gentedebasquet.com.ar\\\/sitio\\\/2016\\\/03\\\/21\\\/mas-celeste\\\/#primaryimage\"},\"thumbnailUrl\":\"https:\\\/\\\/gentedebasquet.com.ar\\\/sitio\\\/wp-content\\\/uploads\\\/2016\\\/03\\\/El-Nacional-Argentino-Chaves.jpg\",\"datePublished\":\"2016-03-22T02:25:09+00:00\",\"author\":{\"@id\":\"https:\\\/\\\/gentedebasquet.com.ar\\\/sitio\\\/#\\\/schema\\\/person\\\/ca0b63bbb977369988a7bbbdc519943a\"},\"breadcrumb\":{\"@id\":\"http:\\\/\\\/gentedebasquet.com.ar\\\/sitio\\\/2016\\\/03\\\/21\\\/mas-celeste\\\/#breadcrumb\"},\"inLanguage\":\"es\",\"potentialAction\":[{\"@type\":\"ReadAction\",\"target\":[\"http:\\\/\\\/gentedebasquet.com.ar\\\/sitio\\\/2016\\\/03\\\/21\\\/mas-celeste\\\/\"]}]},{\"@type\":\"ImageObject\",\"inLanguage\":\"es\",\"@id\":\"http:\\\/\\\/gentedebasquet.com.ar\\\/sitio\\\/2016\\\/03\\\/21\\\/mas-celeste\\\/#primaryimage\",\"url\":\"https:\\\/\\\/gentedebasquet.com.ar\\\/sitio\\\/wp-content\\\/uploads\\\/2016\\\/03\\\/El-Nacional-Argentino-Chaves.jpg\",\"contentUrl\":\"https:\\\/\\\/gentedebasquet.com.ar\\\/sitio\\\/wp-content\\\/uploads\\\/2016\\\/03\\\/El-Nacional-Argentino-Chaves.jpg\",\"width\":690,\"height\":319},{\"@type\":\"BreadcrumbList\",\"@id\":\"http:\\\/\\\/gentedebasquet.com.ar\\\/sitio\\\/2016\\\/03\\\/21\\\/mas-celeste\\\/#breadcrumb\",\"itemListElement\":[{\"@type\":\"ListItem\",\"position\":1,\"name\":\"Portada\",\"item\":\"https:\\\/\\\/gentedebasquet.com.ar\\\/sitio\\\/\"},{\"@type\":\"ListItem\",\"position\":2,\"name\":\"M\u00e1s celeste\"}]},{\"@type\":\"WebSite\",\"@id\":\"https:\\\/\\\/gentedebasquet.com.ar\\\/sitio\\\/#website\",\"url\":\"https:\\\/\\\/gentedebasquet.com.ar\\\/sitio\\\/\",\"name\":\"Gente de B\u00e1squet\",\"description\":\"La revista del basquet de Bah\u00eda Blanca\",\"potentialAction\":[{\"@type\":\"SearchAction\",\"target\":{\"@type\":\"EntryPoint\",\"urlTemplate\":\"https:\\\/\\\/gentedebasquet.com.ar\\\/sitio\\\/?s={search_term_string}\"},\"query-input\":{\"@type\":\"PropertyValueSpecification\",\"valueRequired\":true,\"valueName\":\"search_term_string\"}}],\"inLanguage\":\"es\"},{\"@type\":\"Person\",\"@id\":\"https:\\\/\\\/gentedebasquet.com.ar\\\/sitio\\\/#\\\/schema\\\/person\\\/ca0b63bbb977369988a7bbbdc519943a\",\"name\":\"Gente de B\u00e1squet\",\"image\":{\"@type\":\"ImageObject\",\"inLanguage\":\"es\",\"@id\":\"https:\\\/\\\/secure.gravatar.com\\\/avatar\\\/7f2c48bdc33b30088f941fb6082e555f2874c98e20cb159d7b92b50eadfce793?s=96&d=mm&r=g\",\"url\":\"https:\\\/\\\/secure.gravatar.com\\\/avatar\\\/7f2c48bdc33b30088f941fb6082e555f2874c98e20cb159d7b92b50eadfce793?s=96&d=mm&r=g\",\"contentUrl\":\"https:\\\/\\\/secure.gravatar.com\\\/avatar\\\/7f2c48bdc33b30088f941fb6082e555f2874c98e20cb159d7b92b50eadfce793?s=96&d=mm&r=g\",\"caption\":\"Gente de B\u00e1squet\"},\"sameAs\":[\"http:\\\/\\\/gentedebasquet.com.ar\\\/sitio\"],\"url\":\"https:\\\/\\\/gentedebasquet.com.ar\\\/sitio\\\/author\\\/ulises\\\/\"}]}<\/script>\n<!-- \/ Yoast SEO plugin. -->","yoast_head_json":{"title":"M\u00e1s celeste - Gente de B\u00e1squet","robots":{"index":"index","follow":"follow","max-snippet":"max-snippet:-1","max-image-preview":"max-image-preview:large","max-video-preview":"max-video-preview:-1"},"canonical":"http:\/\/gentedebasquet.com.ar\/sitio\/2016\/03\/21\/mas-celeste\/","og_locale":"es_ES","og_type":"article","og_title":"M\u00e1s celeste - Gente de B\u00e1squet","og_description":"El Nacional puso primera venciendo a Argentino en la quinta por 80 a 73","og_url":"http:\/\/gentedebasquet.com.ar\/sitio\/2016\/03\/21\/mas-celeste\/","og_site_name":"Gente de B\u00e1squet","article_published_time":"2016-03-22T02:25:09+00:00","og_image":[{"width":690,"height":319,"url":"http:\/\/gentedebasquet.com.ar\/sitio\/wp-content\/uploads\/2016\/03\/El-Nacional-Argentino-Chaves.jpg","type":"image\/jpeg"}],"author":"Gente de B\u00e1squet","twitter_card":"summary_large_image","twitter_misc":{"Escrito por":"Gente de B\u00e1squet","Tiempo de lectura":"2 minutos"},"schema":{"@context":"https:\/\/schema.org","@graph":[{"@type":"Article","@id":"http:\/\/gentedebasquet.com.ar\/sitio\/2016\/03\/21\/mas-celeste\/#article","isPartOf":{"@id":"http:\/\/gentedebasquet.com.ar\/sitio\/2016\/03\/21\/mas-celeste\/"},"author":{"name":"Gente de B\u00e1squet","@id":"https:\/\/gentedebasquet.com.ar\/sitio\/#\/schema\/person\/ca0b63bbb977369988a7bbbdc519943a"},"headline":"M\u00e1s celeste","datePublished":"2016-03-22T02:25:09+00:00","mainEntityOfPage":{"@id":"http:\/\/gentedebasquet.com.ar\/sitio\/2016\/03\/21\/mas-celeste\/"},"wordCount":482,"image":{"@id":"http:\/\/gentedebasquet.com.ar\/sitio\/2016\/03\/21\/mas-celeste\/#primaryimage"},"thumbnailUrl":"https:\/\/gentedebasquet.com.ar\/sitio\/wp-content\/uploads\/2016\/03\/El-Nacional-Argentino-Chaves.jpg","keywords":["Argentino","El Nacional","Francisco Hoffmann","Lucas Chaves","Mat\u00edas Oyhamburo","pomar garbarino","Tomas Bruni"],"articleSection":["Primera","Slide"],"inLanguage":"es"},{"@type":"WebPage","@id":"http:\/\/gentedebasquet.com.ar\/sitio\/2016\/03\/21\/mas-celeste\/","url":"http:\/\/gentedebasquet.com.ar\/sitio\/2016\/03\/21\/mas-celeste\/","name":"M\u00e1s celeste - Gente de B\u00e1squet","isPartOf":{"@id":"https:\/\/gentedebasquet.com.ar\/sitio\/#website"},"primaryImageOfPage":{"@id":"http:\/\/gentedebasquet.com.ar\/sitio\/2016\/03\/21\/mas-celeste\/#primaryimage"},"image":{"@id":"http:\/\/gentedebasquet.com.ar\/sitio\/2016\/03\/21\/mas-celeste\/#primaryimage"},"thumbnailUrl":"https:\/\/gentedebasquet.com.ar\/sitio\/wp-content\/uploads\/2016\/03\/El-Nacional-Argentino-Chaves.jpg","datePublished":"2016-03-22T02:25:09+00:00","author":{"@id":"https:\/\/gentedebasquet.com.ar\/sitio\/#\/schema\/person\/ca0b63bbb977369988a7bbbdc519943a"},"breadcrumb":{"@id":"http:\/\/gentedebasquet.com.ar\/sitio\/2016\/03\/21\/mas-celeste\/#breadcrumb"},"inLanguage":"es","potentialAction":[{"@type":"ReadAction","target":["http:\/\/gentedebasquet.com.ar\/sitio\/2016\/03\/21\/mas-celeste\/"]}]},{"@type":"ImageObject","inLanguage":"es","@id":"http:\/\/gentedebasquet.com.ar\/sitio\/2016\/03\/21\/mas-celeste\/#primaryimage","url":"https:\/\/gentedebasquet.com.ar\/sitio\/wp-content\/uploads\/2016\/03\/El-Nacional-Argentino-Chaves.jpg","contentUrl":"https:\/\/gentedebasquet.com.ar\/sitio\/wp-content\/uploads\/2016\/03\/El-Nacional-Argentino-Chaves.jpg","width":690,"height":319},{"@type":"BreadcrumbList","@id":"http:\/\/gentedebasquet.com.ar\/sitio\/2016\/03\/21\/mas-celeste\/#breadcrumb","itemListElement":[{"@type":"ListItem","position":1,"name":"Portada","item":"https:\/\/gentedebasquet.com.ar\/sitio\/"},{"@type":"ListItem","position":2,"name":"M\u00e1s celeste"}]},{"@type":"WebSite","@id":"https:\/\/gentedebasquet.com.ar\/sitio\/#website","url":"https:\/\/gentedebasquet.com.ar\/sitio\/","name":"Gente de B\u00e1squet","description":"La revista del basquet de Bah\u00eda Blanca","potentialAction":[{"@type":"SearchAction","target":{"@type":"EntryPoint","urlTemplate":"https:\/\/gentedebasquet.com.ar\/sitio\/?s={search_term_string}"},"query-input":{"@type":"PropertyValueSpecification","valueRequired":true,"valueName":"search_term_string"}}],"inLanguage":"es"},{"@type":"Person","@id":"https:\/\/gentedebasquet.com.ar\/sitio\/#\/schema\/person\/ca0b63bbb977369988a7bbbdc519943a","name":"Gente de B\u00e1squet","image":{"@type":"ImageObject","inLanguage":"es","@id":"https:\/\/secure.gravatar.com\/avatar\/7f2c48bdc33b30088f941fb6082e555f2874c98e20cb159d7b92b50eadfce793?s=96&d=mm&r=g","url":"https:\/\/secure.gravatar.com\/avatar\/7f2c48bdc33b30088f941fb6082e555f2874c98e20cb159d7b92b50eadfce793?s=96&d=mm&r=g","contentUrl":"https:\/\/secure.gravatar.com\/avatar\/7f2c48bdc33b30088f941fb6082e555f2874c98e20cb159d7b92b50eadfce793?s=96&d=mm&r=g","caption":"Gente de B\u00e1squet"},"sameAs":["http:\/\/gentedebasquet.com.ar\/sitio"],"url":"https:\/\/gentedebasquet.com.ar\/sitio\/author\/ulises\/"}]}},"_links":{"self":[{"href":"https:\/\/gentedebasquet.com.ar\/sitio\/wp-json\/wp\/v2\/posts\/57256","targetHints":{"allow":["GET"]}}],"collection":[{"href":"https:\/\/gentedebasquet.com.ar\/sitio\/wp-json\/wp\/v2\/posts"}],"about":[{"href":"https:\/\/gentedebasquet.com.ar\/sitio\/wp-json\/wp\/v2\/types\/post"}],"author":[{"embeddable":true,"href":"https:\/\/gentedebasquet.com.ar\/sitio\/wp-json\/wp\/v2\/users\/1"}],"replies":[{"embeddable":true,"href":"https:\/\/gentedebasquet.com.ar\/sitio\/wp-json\/wp\/v2\/comments?post=57256"}],"version-history":[{"count":0,"href":"https:\/\/gentedebasquet.com.ar\/sitio\/wp-json\/wp\/v2\/posts\/57256\/revisions"}],"wp:featuredmedia":[{"embeddable":true,"href":"https:\/\/gentedebasquet.com.ar\/sitio\/wp-json\/wp\/v2\/media\/57277"}],"wp:attachment":[{"href":"https:\/\/gentedebasquet.com.ar\/sitio\/wp-json\/wp\/v2\/media?parent=57256"}],"wp:term":[{"taxonomy":"category","embeddable":true,"href":"https:\/\/gentedebasquet.com.ar\/sitio\/wp-json\/wp\/v2\/categories?post=57256"},{"taxonomy":"post_tag","embeddable":true,"href":"https:\/\/gentedebasquet.com.ar\/sitio\/wp-json\/wp\/v2\/tags?post=57256"}],"curies":[{"name":"wp","href":"https:\/\/api.w.org\/{rel}","templated":true}]}}