{"id":57339,"date":"2016-03-22T23:30:59","date_gmt":"2016-03-23T02:30:59","guid":{"rendered":"http:\/\/www.gentedebasquet.com.ar\/?p=57339"},"modified":"2016-03-22T23:30:59","modified_gmt":"2016-03-23T02:30:59","slug":"yo-el-salvador","status":"publish","type":"post","link":"https:\/\/gentedebasquet.com.ar\/sitio\/2016\/03\/22\/yo-el-salvador\/","title":{"rendered":"Yo, el salvador"},"content":{"rendered":"<p><strong>Sportivo Bahiense alcanz\u00f3 una ajustada victoria ante Whitense, como visitante, por 71 a 67. Yoel Asnaghi fue el m\u00e1ximo anotador de la h\u00fameda noche, con 24 tantos (3\/6 3p y 5\/7 2p), mientras que Joaqu\u00edn Tuero (13) fue determinante en el cierre, con dos bombas. El due\u00f1o de casa engran\u00f3 a partir del revolucionario Mauro Veliz (20), pero careci\u00f3 de ideas en el final y lo pag\u00f3.<\/strong><\/p>\n<p>Haciendo gala del rebote ofensivo y aprovechando errores de coordinaci\u00f3n del local, Sportivo comenz\u00f3 a controlar el tanteador. El tricolor baj\u00f3 7 en el tablero ajeno en los primeros 3m58 y escap\u00f3 7-14. El juego cansino de De Pastena deber\u00e1 adaptarse a una idea global mucho m\u00e1s vertiginosa, que Veliz reflot\u00f3 en un par de corridas para revivir a los suyos. As\u00ed, Whitense se sac\u00f3 la modorra y gracias a un robo y asistencia de Capurso a Resler, igual\u00f3 el score de cara al descanso largo.<\/p>\n<p>Ya sin Gentili y Gendana, y ante la ausencia de Lucas Santarelli, fue Yoel Asnaghi la principal v\u00eda de gol de la visita. Un triple suyo (46-52) cort\u00f3 la remontada del conjunto de Montero, que tras una bomba de Veliz hab\u00eda pasado\u00a0al frente (45-42) promediando el 3C. Adem\u00e1s, fue bueno el aire que le entregaron desde el banco M\u00e9lida, Sastre y Quevedo al visitante, posibilitando que Nico Mart\u00ednez y, sobre todo, Tuero, lleguen enteros al desenlace.<\/p>\n<blockquote><p>Fue un partido duro y parejo, y por suerte nosotros pudimos cerrarlo un poco mejor. Estamos muy contentos porque salvo yo, son todos chicos del club. Ser\u00e1\u00a0un a\u00f1o de transici\u00f3n donde nosotros los chicos vamos a ir tomando rodaje e ir form\u00e1ndonos para darle una mano a los mayores (Mart\u00edn Villoldo)<\/p><\/blockquote>\n<p>Con De Pastena afuera por faltas (4) y Chotad err\u00e1tico (3\/13 en cancha), Whitense careci\u00f3 de conducci\u00f3n y lo sinti\u00f3 (54-61). Obligado, el base regres\u00f3 y logr\u00f3 anotar y asistir a Congos para dejar al local a una pelota: 58-61 con 5m por delante. A partir de all\u00ed, Tuero se hizo cargo del equipo, anotando dos triples y un doble en suspensi\u00f3n que le dio tranquilidad a Sportivo de cara a los instantes finales.<\/p>\n<p>[vimeo]http:\/\/vimeo.com\/160051668[\/vimeo]<\/p>\n<p>&nbsp;<\/p>\n<p><strong>S\u00edntesis |<\/strong> Segunda Divisi\u00f3n &#8211; Fecha #1<\/p>\n<p><strong>Whitense 67:\u00a0<\/strong>Juan Ignacio De Pastena 12,\u00a0Gonzalo Resler 11 (x),\u00a0Mauro Veliz 20,\u00a0Federico Congos 5,\u00a0Marcos Olivero 0 (Fi);\u00a0Walter Acebedo 7,\u00a0Alejandro Chotard 10,\u00a0Mauro Capurso 0 y\u00a0Santiago Abenel 2.\u00a0DT: Silvio Montero.<\/p>\n<p><strong>Sportivo 71:<\/strong>\u00a0Joaqu\u00edn Tuero 13,\u00a0Juli\u00e1n Gutt 4,\u00a0Yoel Asnaghi 24,\u00a0Nicol\u00e1s Mart\u00ednez 8,\u00a0Mart\u00edn Villoldo 4 (Fi);\u00a0Facundo Sastre 5,\u00a0Nahuel M\u00e9lida 6,\u00a0Emiliano\u00a0Velasco 0,\u00a0Mart\u00edn Quevedo 2 y\u00a0Ferm\u00edn Iriarte 5.\u00a0DT: Fernando \u00c1lvarez.<\/p>\n<p><strong>Parciales:<\/strong> 14-21, 38-38 (24-17), 52-55 (14-17) y 67-71 (15-16).<\/p>\n<p><strong>\u00c1rbitros:<\/strong> Eduardo Ferreyra &#8211; Marjorie Stuardo.<\/p>\n<p><strong>Estadio:<\/strong> Aviones Azules (Whitense).<\/p>\n<p><a href=\"https:\/\/docs.google.com\/spreadsheets\/d\/14DHvbaH_yjJ8D4fXD3yKK-CK4sabhjpoO3c36Juec5s\/pubhtml\" target=\"_blank\" rel=\"noopener\">Ver planilla<\/a><\/p>\n","protected":false},"excerpt":{"rendered":"<p>Asnaghi (24) lider\u00f3 la ofensiva de Sportivo, que venci\u00f3 a Whitense por 71 a 67<\/p>\n","protected":false},"author":1,"featured_media":57351,"comment_status":"closed","ping_status":"open","sticky":false,"template":"","format":"standard","meta":{"jnews-multi-image_gallery":[],"jnews_single_post":[],"jnews_primary_category":[],"footnotes":""},"categories":[25,101],"tags":[8,323,582,743,362,20,266],"class_list":["post-57339","post","type-post","status-publish","format-standard","has-post-thumbnail","hentry","category-segunda","category-slide","tag-deportivo-whitense","tag-gonzalo-resler","tag-joaquin-tuero","tag-juan-ignacio-de-pastena","tag-mauro-veliz","tag-sportivo-bahiense","tag-yoel-asnaghi"],"yoast_head":"<!-- This site is optimized with the Yoast SEO plugin v27.5 - https:\/\/yoast.com\/product\/yoast-seo-wordpress\/ -->\n<title>Yo, el salvador - Gente de B\u00e1squet<\/title>\n<meta name=\"robots\" content=\"index, follow, max-snippet:-1, max-image-preview:large, max-video-preview:-1\" \/>\n<link rel=\"canonical\" href=\"http:\/\/gentedebasquet.com.ar\/sitio\/2016\/03\/22\/yo-el-salvador\/\" \/>\n<meta property=\"og:locale\" content=\"es_ES\" \/>\n<meta property=\"og:type\" content=\"article\" \/>\n<meta property=\"og:title\" content=\"Yo, el salvador - Gente de B\u00e1squet\" \/>\n<meta property=\"og:description\" content=\"Asnaghi (24) lider\u00f3 la ofensiva de Sportivo, que venci\u00f3 a Whitense por 71 a 67\" \/>\n<meta property=\"og:url\" content=\"http:\/\/gentedebasquet.com.ar\/sitio\/2016\/03\/22\/yo-el-salvador\/\" \/>\n<meta property=\"og:site_name\" content=\"Gente de B\u00e1squet\" \/>\n<meta property=\"article:published_time\" content=\"2016-03-23T02:30:59+00:00\" \/>\n<meta property=\"og:image\" content=\"http:\/\/gentedebasquet.com.ar\/sitio\/wp-content\/uploads\/2016\/03\/Whitense-Sportivo-Asnaghi.jpg\" \/>\n\t<meta property=\"og:image:width\" content=\"690\" \/>\n\t<meta property=\"og:image:height\" content=\"319\" \/>\n\t<meta property=\"og:image:type\" content=\"image\/jpeg\" \/>\n<meta name=\"author\" content=\"Gente de B\u00e1squet\" \/>\n<meta name=\"twitter:card\" content=\"summary_large_image\" \/>\n<meta name=\"twitter:label1\" content=\"Escrito por\" \/>\n\t<meta name=\"twitter:data1\" content=\"Gente de B\u00e1squet\" \/>\n\t<meta name=\"twitter:label2\" content=\"Tiempo de lectura\" \/>\n\t<meta name=\"twitter:data2\" content=\"2 minutos\" \/>\n<script type=\"application\/ld+json\" class=\"yoast-schema-graph\">{\"@context\":\"https:\\\/\\\/schema.org\",\"@graph\":[{\"@type\":\"Article\",\"@id\":\"http:\\\/\\\/gentedebasquet.com.ar\\\/sitio\\\/2016\\\/03\\\/22\\\/yo-el-salvador\\\/#article\",\"isPartOf\":{\"@id\":\"http:\\\/\\\/gentedebasquet.com.ar\\\/sitio\\\/2016\\\/03\\\/22\\\/yo-el-salvador\\\/\"},\"author\":{\"name\":\"Gente de B\u00e1squet\",\"@id\":\"https:\\\/\\\/gentedebasquet.com.ar\\\/sitio\\\/#\\\/schema\\\/person\\\/ca0b63bbb977369988a7bbbdc519943a\"},\"headline\":\"Yo, el salvador\",\"datePublished\":\"2016-03-23T02:30:59+00:00\",\"mainEntityOfPage\":{\"@id\":\"http:\\\/\\\/gentedebasquet.com.ar\\\/sitio\\\/2016\\\/03\\\/22\\\/yo-el-salvador\\\/\"},\"wordCount\":462,\"image\":{\"@id\":\"http:\\\/\\\/gentedebasquet.com.ar\\\/sitio\\\/2016\\\/03\\\/22\\\/yo-el-salvador\\\/#primaryimage\"},\"thumbnailUrl\":\"https:\\\/\\\/gentedebasquet.com.ar\\\/sitio\\\/wp-content\\\/uploads\\\/2016\\\/03\\\/Whitense-Sportivo-Asnaghi.jpg\",\"keywords\":[\"Deportivo Whitense\",\"Gonzalo Resler\",\"Joaquin Tuero\",\"Juan Ignacio De Pastena\",\"Mauro Veliz\",\"Sportivo Bahiense\",\"Yoel Asnaghi\"],\"articleSection\":[\"Segunda\",\"Slide\"],\"inLanguage\":\"es\"},{\"@type\":\"WebPage\",\"@id\":\"http:\\\/\\\/gentedebasquet.com.ar\\\/sitio\\\/2016\\\/03\\\/22\\\/yo-el-salvador\\\/\",\"url\":\"http:\\\/\\\/gentedebasquet.com.ar\\\/sitio\\\/2016\\\/03\\\/22\\\/yo-el-salvador\\\/\",\"name\":\"Yo, el salvador - Gente de B\u00e1squet\",\"isPartOf\":{\"@id\":\"https:\\\/\\\/gentedebasquet.com.ar\\\/sitio\\\/#website\"},\"primaryImageOfPage\":{\"@id\":\"http:\\\/\\\/gentedebasquet.com.ar\\\/sitio\\\/2016\\\/03\\\/22\\\/yo-el-salvador\\\/#primaryimage\"},\"image\":{\"@id\":\"http:\\\/\\\/gentedebasquet.com.ar\\\/sitio\\\/2016\\\/03\\\/22\\\/yo-el-salvador\\\/#primaryimage\"},\"thumbnailUrl\":\"https:\\\/\\\/gentedebasquet.com.ar\\\/sitio\\\/wp-content\\\/uploads\\\/2016\\\/03\\\/Whitense-Sportivo-Asnaghi.jpg\",\"datePublished\":\"2016-03-23T02:30:59+00:00\",\"author\":{\"@id\":\"https:\\\/\\\/gentedebasquet.com.ar\\\/sitio\\\/#\\\/schema\\\/person\\\/ca0b63bbb977369988a7bbbdc519943a\"},\"breadcrumb\":{\"@id\":\"http:\\\/\\\/gentedebasquet.com.ar\\\/sitio\\\/2016\\\/03\\\/22\\\/yo-el-salvador\\\/#breadcrumb\"},\"inLanguage\":\"es\",\"potentialAction\":[{\"@type\":\"ReadAction\",\"target\":[\"http:\\\/\\\/gentedebasquet.com.ar\\\/sitio\\\/2016\\\/03\\\/22\\\/yo-el-salvador\\\/\"]}]},{\"@type\":\"ImageObject\",\"inLanguage\":\"es\",\"@id\":\"http:\\\/\\\/gentedebasquet.com.ar\\\/sitio\\\/2016\\\/03\\\/22\\\/yo-el-salvador\\\/#primaryimage\",\"url\":\"https:\\\/\\\/gentedebasquet.com.ar\\\/sitio\\\/wp-content\\\/uploads\\\/2016\\\/03\\\/Whitense-Sportivo-Asnaghi.jpg\",\"contentUrl\":\"https:\\\/\\\/gentedebasquet.com.ar\\\/sitio\\\/wp-content\\\/uploads\\\/2016\\\/03\\\/Whitense-Sportivo-Asnaghi.jpg\",\"width\":690,\"height\":319},{\"@type\":\"BreadcrumbList\",\"@id\":\"http:\\\/\\\/gentedebasquet.com.ar\\\/sitio\\\/2016\\\/03\\\/22\\\/yo-el-salvador\\\/#breadcrumb\",\"itemListElement\":[{\"@type\":\"ListItem\",\"position\":1,\"name\":\"Portada\",\"item\":\"https:\\\/\\\/gentedebasquet.com.ar\\\/sitio\\\/\"},{\"@type\":\"ListItem\",\"position\":2,\"name\":\"Yo, el salvador\"}]},{\"@type\":\"WebSite\",\"@id\":\"https:\\\/\\\/gentedebasquet.com.ar\\\/sitio\\\/#website\",\"url\":\"https:\\\/\\\/gentedebasquet.com.ar\\\/sitio\\\/\",\"name\":\"Gente de B\u00e1squet\",\"description\":\"La revista del basquet de Bah\u00eda Blanca\",\"potentialAction\":[{\"@type\":\"SearchAction\",\"target\":{\"@type\":\"EntryPoint\",\"urlTemplate\":\"https:\\\/\\\/gentedebasquet.com.ar\\\/sitio\\\/?s={search_term_string}\"},\"query-input\":{\"@type\":\"PropertyValueSpecification\",\"valueRequired\":true,\"valueName\":\"search_term_string\"}}],\"inLanguage\":\"es\"},{\"@type\":\"Person\",\"@id\":\"https:\\\/\\\/gentedebasquet.com.ar\\\/sitio\\\/#\\\/schema\\\/person\\\/ca0b63bbb977369988a7bbbdc519943a\",\"name\":\"Gente de B\u00e1squet\",\"image\":{\"@type\":\"ImageObject\",\"inLanguage\":\"es\",\"@id\":\"https:\\\/\\\/secure.gravatar.com\\\/avatar\\\/7f2c48bdc33b30088f941fb6082e555f2874c98e20cb159d7b92b50eadfce793?s=96&d=mm&r=g\",\"url\":\"https:\\\/\\\/secure.gravatar.com\\\/avatar\\\/7f2c48bdc33b30088f941fb6082e555f2874c98e20cb159d7b92b50eadfce793?s=96&d=mm&r=g\",\"contentUrl\":\"https:\\\/\\\/secure.gravatar.com\\\/avatar\\\/7f2c48bdc33b30088f941fb6082e555f2874c98e20cb159d7b92b50eadfce793?s=96&d=mm&r=g\",\"caption\":\"Gente de B\u00e1squet\"},\"sameAs\":[\"http:\\\/\\\/gentedebasquet.com.ar\\\/sitio\"],\"url\":\"https:\\\/\\\/gentedebasquet.com.ar\\\/sitio\\\/author\\\/ulises\\\/\"}]}<\/script>\n<!-- \/ Yoast SEO plugin. -->","yoast_head_json":{"title":"Yo, el salvador - Gente de B\u00e1squet","robots":{"index":"index","follow":"follow","max-snippet":"max-snippet:-1","max-image-preview":"max-image-preview:large","max-video-preview":"max-video-preview:-1"},"canonical":"http:\/\/gentedebasquet.com.ar\/sitio\/2016\/03\/22\/yo-el-salvador\/","og_locale":"es_ES","og_type":"article","og_title":"Yo, el salvador - Gente de B\u00e1squet","og_description":"Asnaghi (24) lider\u00f3 la ofensiva de Sportivo, que venci\u00f3 a Whitense por 71 a 67","og_url":"http:\/\/gentedebasquet.com.ar\/sitio\/2016\/03\/22\/yo-el-salvador\/","og_site_name":"Gente de B\u00e1squet","article_published_time":"2016-03-23T02:30:59+00:00","og_image":[{"width":690,"height":319,"url":"http:\/\/gentedebasquet.com.ar\/sitio\/wp-content\/uploads\/2016\/03\/Whitense-Sportivo-Asnaghi.jpg","type":"image\/jpeg"}],"author":"Gente de B\u00e1squet","twitter_card":"summary_large_image","twitter_misc":{"Escrito por":"Gente de B\u00e1squet","Tiempo de lectura":"2 minutos"},"schema":{"@context":"https:\/\/schema.org","@graph":[{"@type":"Article","@id":"http:\/\/gentedebasquet.com.ar\/sitio\/2016\/03\/22\/yo-el-salvador\/#article","isPartOf":{"@id":"http:\/\/gentedebasquet.com.ar\/sitio\/2016\/03\/22\/yo-el-salvador\/"},"author":{"name":"Gente de B\u00e1squet","@id":"https:\/\/gentedebasquet.com.ar\/sitio\/#\/schema\/person\/ca0b63bbb977369988a7bbbdc519943a"},"headline":"Yo, el salvador","datePublished":"2016-03-23T02:30:59+00:00","mainEntityOfPage":{"@id":"http:\/\/gentedebasquet.com.ar\/sitio\/2016\/03\/22\/yo-el-salvador\/"},"wordCount":462,"image":{"@id":"http:\/\/gentedebasquet.com.ar\/sitio\/2016\/03\/22\/yo-el-salvador\/#primaryimage"},"thumbnailUrl":"https:\/\/gentedebasquet.com.ar\/sitio\/wp-content\/uploads\/2016\/03\/Whitense-Sportivo-Asnaghi.jpg","keywords":["Deportivo Whitense","Gonzalo Resler","Joaquin Tuero","Juan Ignacio De Pastena","Mauro Veliz","Sportivo Bahiense","Yoel Asnaghi"],"articleSection":["Segunda","Slide"],"inLanguage":"es"},{"@type":"WebPage","@id":"http:\/\/gentedebasquet.com.ar\/sitio\/2016\/03\/22\/yo-el-salvador\/","url":"http:\/\/gentedebasquet.com.ar\/sitio\/2016\/03\/22\/yo-el-salvador\/","name":"Yo, el salvador - Gente de B\u00e1squet","isPartOf":{"@id":"https:\/\/gentedebasquet.com.ar\/sitio\/#website"},"primaryImageOfPage":{"@id":"http:\/\/gentedebasquet.com.ar\/sitio\/2016\/03\/22\/yo-el-salvador\/#primaryimage"},"image":{"@id":"http:\/\/gentedebasquet.com.ar\/sitio\/2016\/03\/22\/yo-el-salvador\/#primaryimage"},"thumbnailUrl":"https:\/\/gentedebasquet.com.ar\/sitio\/wp-content\/uploads\/2016\/03\/Whitense-Sportivo-Asnaghi.jpg","datePublished":"2016-03-23T02:30:59+00:00","author":{"@id":"https:\/\/gentedebasquet.com.ar\/sitio\/#\/schema\/person\/ca0b63bbb977369988a7bbbdc519943a"},"breadcrumb":{"@id":"http:\/\/gentedebasquet.com.ar\/sitio\/2016\/03\/22\/yo-el-salvador\/#breadcrumb"},"inLanguage":"es","potentialAction":[{"@type":"ReadAction","target":["http:\/\/gentedebasquet.com.ar\/sitio\/2016\/03\/22\/yo-el-salvador\/"]}]},{"@type":"ImageObject","inLanguage":"es","@id":"http:\/\/gentedebasquet.com.ar\/sitio\/2016\/03\/22\/yo-el-salvador\/#primaryimage","url":"https:\/\/gentedebasquet.com.ar\/sitio\/wp-content\/uploads\/2016\/03\/Whitense-Sportivo-Asnaghi.jpg","contentUrl":"https:\/\/gentedebasquet.com.ar\/sitio\/wp-content\/uploads\/2016\/03\/Whitense-Sportivo-Asnaghi.jpg","width":690,"height":319},{"@type":"BreadcrumbList","@id":"http:\/\/gentedebasquet.com.ar\/sitio\/2016\/03\/22\/yo-el-salvador\/#breadcrumb","itemListElement":[{"@type":"ListItem","position":1,"name":"Portada","item":"https:\/\/gentedebasquet.com.ar\/sitio\/"},{"@type":"ListItem","position":2,"name":"Yo, el salvador"}]},{"@type":"WebSite","@id":"https:\/\/gentedebasquet.com.ar\/sitio\/#website","url":"https:\/\/gentedebasquet.com.ar\/sitio\/","name":"Gente de B\u00e1squet","description":"La revista del basquet de Bah\u00eda Blanca","potentialAction":[{"@type":"SearchAction","target":{"@type":"EntryPoint","urlTemplate":"https:\/\/gentedebasquet.com.ar\/sitio\/?s={search_term_string}"},"query-input":{"@type":"PropertyValueSpecification","valueRequired":true,"valueName":"search_term_string"}}],"inLanguage":"es"},{"@type":"Person","@id":"https:\/\/gentedebasquet.com.ar\/sitio\/#\/schema\/person\/ca0b63bbb977369988a7bbbdc519943a","name":"Gente de B\u00e1squet","image":{"@type":"ImageObject","inLanguage":"es","@id":"https:\/\/secure.gravatar.com\/avatar\/7f2c48bdc33b30088f941fb6082e555f2874c98e20cb159d7b92b50eadfce793?s=96&d=mm&r=g","url":"https:\/\/secure.gravatar.com\/avatar\/7f2c48bdc33b30088f941fb6082e555f2874c98e20cb159d7b92b50eadfce793?s=96&d=mm&r=g","contentUrl":"https:\/\/secure.gravatar.com\/avatar\/7f2c48bdc33b30088f941fb6082e555f2874c98e20cb159d7b92b50eadfce793?s=96&d=mm&r=g","caption":"Gente de B\u00e1squet"},"sameAs":["http:\/\/gentedebasquet.com.ar\/sitio"],"url":"https:\/\/gentedebasquet.com.ar\/sitio\/author\/ulises\/"}]}},"_links":{"self":[{"href":"https:\/\/gentedebasquet.com.ar\/sitio\/wp-json\/wp\/v2\/posts\/57339","targetHints":{"allow":["GET"]}}],"collection":[{"href":"https:\/\/gentedebasquet.com.ar\/sitio\/wp-json\/wp\/v2\/posts"}],"about":[{"href":"https:\/\/gentedebasquet.com.ar\/sitio\/wp-json\/wp\/v2\/types\/post"}],"author":[{"embeddable":true,"href":"https:\/\/gentedebasquet.com.ar\/sitio\/wp-json\/wp\/v2\/users\/1"}],"replies":[{"embeddable":true,"href":"https:\/\/gentedebasquet.com.ar\/sitio\/wp-json\/wp\/v2\/comments?post=57339"}],"version-history":[{"count":0,"href":"https:\/\/gentedebasquet.com.ar\/sitio\/wp-json\/wp\/v2\/posts\/57339\/revisions"}],"wp:featuredmedia":[{"embeddable":true,"href":"https:\/\/gentedebasquet.com.ar\/sitio\/wp-json\/wp\/v2\/media\/57351"}],"wp:attachment":[{"href":"https:\/\/gentedebasquet.com.ar\/sitio\/wp-json\/wp\/v2\/media?parent=57339"}],"wp:term":[{"taxonomy":"category","embeddable":true,"href":"https:\/\/gentedebasquet.com.ar\/sitio\/wp-json\/wp\/v2\/categories?post=57339"},{"taxonomy":"post_tag","embeddable":true,"href":"https:\/\/gentedebasquet.com.ar\/sitio\/wp-json\/wp\/v2\/tags?post=57339"}],"curies":[{"name":"wp","href":"https:\/\/api.w.org\/{rel}","templated":true}]}}