{"id":57355,"date":"2016-03-22T23:50:48","date_gmt":"2016-03-23T02:50:48","guid":{"rendered":"http:\/\/www.gentedebasquet.com.ar\/?p=57355"},"modified":"2016-03-22T23:50:48","modified_gmt":"2016-03-23T02:50:48","slug":"a-la-vera-del-pacifico","status":"publish","type":"post","link":"https:\/\/gentedebasquet.com.ar\/sitio\/2016\/03\/22\/a-la-vera-del-pacifico\/","title":{"rendered":"A la Vera del Pac\u00edfico"},"content":{"rendered":"<p><strong>Pac\u00edfico se hizo fuerte en casa, y venci\u00f3 en el debut de 2016 a Independiente por 95-84.\u00a0 En el verde, Fernando Bonino fue la figura de la noche con 30 puntos (35 de valoraci\u00f3n) y tambi\u00e9n hubo un gran debut de Nicol\u00e1s Vera (27) viniendo desde la banca. En el Viola, Sebasti\u00e1n Branciforte lider\u00f3 el goleo con 24 unidades.<\/strong><\/p>\n<p>Si hay algo que destacar en la victoria inaugural de Pac\u00edfico sobre Independiente, es el reparto del juego.\u00a0 Y los n\u00fameros no mienten, y reflejan el mayor juego de equipo del conjunto del flamante DT Mart\u00edn Luis: Pac\u00edfico reparti\u00f3\u00a0 17 asistencias contra las 7 que sum\u00f3 el Viola.<\/p>\n<p>Independiente domin\u00f3 en la primera mitad (43-47) aunque no con amplia superioridad.\u00a0 Eso s\u00ed, sus dos referentes ofensivos dominaron y le dieron variedad al ataque del Viola: Tacchetti fue superlativo en el 1v1 de poste bajo (14 puntos en el PT con 5-7 de TC) y Branciforte se encendi\u00f3 desde los 6,75 (3-3), a la vez que Almir\u00f3n fue eficiente al terminar los contragolpes.<\/p>\n<p>Pero en Pac\u00edfico, comenzaron a verse los elementos que terminar\u00edan dando el triunfo en la segunda mitad.\u00a0\u00a0 Vera fue la referencia en el poste bajo para el verde, pero tambi\u00e9n supo castigar a distancia (2-3), mientras que Bonino (11) despleg\u00f3 su habitual agresividad hacia el canasto.<\/p>\n<p>Al verde le faltaban paradas defensivas para poder ponerse en juego.\u00a0 Y las consigui\u00f3 en el 3C: luego de que el Viola aumentara la ventaja en los primeros 5m (50-57) a partir de imprecisiones en el manejo del local (4 p\u00e9rdidas).\u00a0 Pero Bonino volvi\u00f3 a tomar la posta del ataque de Pac\u00edfico y domin\u00f3 el 3C anotando 15 puntos (incluyendo dos triples).\u00a0 En conjunto a la enorme defensa bajo el aro del local (Tacchetti apenas anot\u00f3 3 puntos en\u00a0 el 3C y Branciforte 4), se qued\u00f3 con el segmento por 32-22 y encar\u00f3 el cierre arriba (75-69).<\/p>\n<p>Independiente volvi\u00f3 a arrimarse en el tanteador (84-79) en 5m del cierre, gracias a un par de bombas de Branciforte.\u00a0 Pero volvi\u00f3 a ser determinante Vera, y con una seguidilla propia de 8 puntos, le retom\u00f3 el liderazgo a Pac\u00edfico y le asegur\u00f3 el triunfo.<\/p>\n<p>&nbsp;<\/p>\n<p>[youtube]https:\/\/youtu.be\/fmSJFBvOG80[\/youtube]<\/p>\n<p>&nbsp;<\/p>\n<p><strong>S\u00edntesis| <\/strong>Segunda \u2013 Fecha #1<\/p>\n<p><strong>Pac\u00edfico 95: <\/strong>Ezequiel Meneses 4, Juan Franco Di Meglio 15, Fernando Bonino 30, Mauricio Gonz\u00e1lez 7, Joaqu\u00edn Larrandart 6 (FI); Mauro Richotti 2, Branco Salvatori 0, Nicol\u00e1s Vera 27, Manuel Maina 3, Facundo Wattson 0.\u00a0 DT: Mart\u00edn Luis.<\/p>\n<p><strong>Independiente 84: <\/strong>Sebasti\u00e1n Branciforte 24, Agust\u00edn Almir\u00f3n 20, Uriel Mart\u00ednez 6 (x), Ignacio \u00c9rcoli 9, Sebasti\u00e1n Tacchetti 21 (x) (FI); Mariano Guill\u00e9n 2, Santiago Miranda 0, Mauro Insaurralde 2, Juan Garc\u00eda 0.\u00a0 DT. Javier Musumeci.<\/p>\n<p><strong>Parciales: <\/strong>24-23, 43-47 (19-24), 75-69 (32-22), 95-84 (20-15).<\/p>\n<p><strong>\u00c1rbitros: <\/strong>Alejandro Ramallo \u2013 Alejandro Go\u00f1i.<\/p>\n<p><strong>Estadio: <\/strong>William Harding Green (Pac\u00edfico).<\/p>\n<p><a class=\"modalf iframe\" title=\"Planilla\" href=\"https:\/\/docs.google.com\/spreadsheets\/d\/19RaOEZ0CFqHZtwLxSIJPHhyxTc0nxpqpBQ7SXX-El0o\/pubhtml\" target=\"_blank\" rel=\"noopener\">Ver Planilla<\/a><\/p>\n","protected":false},"excerpt":{"rendered":"<p>Con un gran debut de Nicol\u00e1s, el verde venci\u00f3 a Independiente por 95 a 84<\/p>\n","protected":false},"author":1,"featured_media":57357,"comment_status":"closed","ping_status":"open","sticky":false,"template":"","format":"standard","meta":{"jnews-multi-image_gallery":[],"jnews_single_post":[],"jnews_primary_category":[],"footnotes":""},"categories":[25,101],"tags":[252,577,12,693,664,17,586],"class_list":["post-57355","post","type-post","status-publish","format-standard","has-post-thumbnail","hentry","category-segunda","category-slide","tag-agustin-almiron","tag-fernando-bonino","tag-independiente","tag-juan-franco-di-meglio","tag-nicolas-vera","tag-pacifico","tag-sebastian-branciforte"],"yoast_head":"<!-- This site is optimized with the Yoast SEO plugin v27.5 - https:\/\/yoast.com\/product\/yoast-seo-wordpress\/ -->\n<title>A la Vera del Pac\u00edfico - Gente de B\u00e1squet<\/title>\n<meta name=\"robots\" content=\"index, follow, max-snippet:-1, max-image-preview:large, max-video-preview:-1\" \/>\n<link rel=\"canonical\" href=\"https:\/\/gentedebasquet.com.ar\/sitio\/2016\/03\/22\/a-la-vera-del-pacifico\/\" \/>\n<meta property=\"og:locale\" content=\"es_ES\" \/>\n<meta property=\"og:type\" content=\"article\" \/>\n<meta property=\"og:title\" content=\"A la Vera del Pac\u00edfico - Gente de B\u00e1squet\" \/>\n<meta property=\"og:description\" content=\"Con un gran debut de Nicol\u00e1s, el verde venci\u00f3 a Independiente por 95 a 84\" \/>\n<meta property=\"og:url\" content=\"https:\/\/gentedebasquet.com.ar\/sitio\/2016\/03\/22\/a-la-vera-del-pacifico\/\" \/>\n<meta property=\"og:site_name\" content=\"Gente de B\u00e1squet\" \/>\n<meta property=\"article:published_time\" content=\"2016-03-23T02:50:48+00:00\" \/>\n<meta property=\"og:image\" content=\"https:\/\/gentedebasquet.com.ar\/sitio\/wp-content\/uploads\/2016\/03\/12674183_1085069574867515_491256658_n.jpg\" \/>\n\t<meta property=\"og:image:width\" content=\"690\" \/>\n\t<meta property=\"og:image:height\" content=\"319\" \/>\n\t<meta property=\"og:image:type\" content=\"image\/jpeg\" \/>\n<meta name=\"author\" content=\"Gente de B\u00e1squet\" \/>\n<meta name=\"twitter:card\" content=\"summary_large_image\" \/>\n<meta name=\"twitter:label1\" content=\"Escrito por\" \/>\n\t<meta name=\"twitter:data1\" content=\"Gente de B\u00e1squet\" \/>\n\t<meta name=\"twitter:label2\" content=\"Tiempo de lectura\" \/>\n\t<meta name=\"twitter:data2\" content=\"2 minutos\" \/>\n<script type=\"application\/ld+json\" class=\"yoast-schema-graph\">{\"@context\":\"https:\\\/\\\/schema.org\",\"@graph\":[{\"@type\":\"Article\",\"@id\":\"https:\\\/\\\/gentedebasquet.com.ar\\\/sitio\\\/2016\\\/03\\\/22\\\/a-la-vera-del-pacifico\\\/#article\",\"isPartOf\":{\"@id\":\"https:\\\/\\\/gentedebasquet.com.ar\\\/sitio\\\/2016\\\/03\\\/22\\\/a-la-vera-del-pacifico\\\/\"},\"author\":{\"name\":\"Gente de B\u00e1squet\",\"@id\":\"https:\\\/\\\/gentedebasquet.com.ar\\\/sitio\\\/#\\\/schema\\\/person\\\/ca0b63bbb977369988a7bbbdc519943a\"},\"headline\":\"A la Vera del Pac\u00edfico\",\"datePublished\":\"2016-03-23T02:50:48+00:00\",\"mainEntityOfPage\":{\"@id\":\"https:\\\/\\\/gentedebasquet.com.ar\\\/sitio\\\/2016\\\/03\\\/22\\\/a-la-vera-del-pacifico\\\/\"},\"wordCount\":464,\"image\":{\"@id\":\"https:\\\/\\\/gentedebasquet.com.ar\\\/sitio\\\/2016\\\/03\\\/22\\\/a-la-vera-del-pacifico\\\/#primaryimage\"},\"thumbnailUrl\":\"https:\\\/\\\/gentedebasquet.com.ar\\\/sitio\\\/wp-content\\\/uploads\\\/2016\\\/03\\\/12674183_1085069574867515_491256658_n.jpg\",\"keywords\":[\"Agust\u00edn Almiron\",\"Fernando Bonino\",\"independiente\",\"Juan Franco Di Meglio\",\"Nicol\u00e1s Vera\",\"Pacifico\",\"Sebasti\u00e1n Branciforte\"],\"articleSection\":[\"Segunda\",\"Slide\"],\"inLanguage\":\"es\"},{\"@type\":\"WebPage\",\"@id\":\"https:\\\/\\\/gentedebasquet.com.ar\\\/sitio\\\/2016\\\/03\\\/22\\\/a-la-vera-del-pacifico\\\/\",\"url\":\"https:\\\/\\\/gentedebasquet.com.ar\\\/sitio\\\/2016\\\/03\\\/22\\\/a-la-vera-del-pacifico\\\/\",\"name\":\"A la Vera del Pac\u00edfico - Gente de B\u00e1squet\",\"isPartOf\":{\"@id\":\"https:\\\/\\\/gentedebasquet.com.ar\\\/sitio\\\/#website\"},\"primaryImageOfPage\":{\"@id\":\"https:\\\/\\\/gentedebasquet.com.ar\\\/sitio\\\/2016\\\/03\\\/22\\\/a-la-vera-del-pacifico\\\/#primaryimage\"},\"image\":{\"@id\":\"https:\\\/\\\/gentedebasquet.com.ar\\\/sitio\\\/2016\\\/03\\\/22\\\/a-la-vera-del-pacifico\\\/#primaryimage\"},\"thumbnailUrl\":\"https:\\\/\\\/gentedebasquet.com.ar\\\/sitio\\\/wp-content\\\/uploads\\\/2016\\\/03\\\/12674183_1085069574867515_491256658_n.jpg\",\"datePublished\":\"2016-03-23T02:50:48+00:00\",\"author\":{\"@id\":\"https:\\\/\\\/gentedebasquet.com.ar\\\/sitio\\\/#\\\/schema\\\/person\\\/ca0b63bbb977369988a7bbbdc519943a\"},\"breadcrumb\":{\"@id\":\"https:\\\/\\\/gentedebasquet.com.ar\\\/sitio\\\/2016\\\/03\\\/22\\\/a-la-vera-del-pacifico\\\/#breadcrumb\"},\"inLanguage\":\"es\",\"potentialAction\":[{\"@type\":\"ReadAction\",\"target\":[\"https:\\\/\\\/gentedebasquet.com.ar\\\/sitio\\\/2016\\\/03\\\/22\\\/a-la-vera-del-pacifico\\\/\"]}]},{\"@type\":\"ImageObject\",\"inLanguage\":\"es\",\"@id\":\"https:\\\/\\\/gentedebasquet.com.ar\\\/sitio\\\/2016\\\/03\\\/22\\\/a-la-vera-del-pacifico\\\/#primaryimage\",\"url\":\"https:\\\/\\\/gentedebasquet.com.ar\\\/sitio\\\/wp-content\\\/uploads\\\/2016\\\/03\\\/12674183_1085069574867515_491256658_n.jpg\",\"contentUrl\":\"https:\\\/\\\/gentedebasquet.com.ar\\\/sitio\\\/wp-content\\\/uploads\\\/2016\\\/03\\\/12674183_1085069574867515_491256658_n.jpg\",\"width\":690,\"height\":319},{\"@type\":\"BreadcrumbList\",\"@id\":\"https:\\\/\\\/gentedebasquet.com.ar\\\/sitio\\\/2016\\\/03\\\/22\\\/a-la-vera-del-pacifico\\\/#breadcrumb\",\"itemListElement\":[{\"@type\":\"ListItem\",\"position\":1,\"name\":\"Portada\",\"item\":\"https:\\\/\\\/gentedebasquet.com.ar\\\/sitio\\\/\"},{\"@type\":\"ListItem\",\"position\":2,\"name\":\"A la Vera del Pac\u00edfico\"}]},{\"@type\":\"WebSite\",\"@id\":\"https:\\\/\\\/gentedebasquet.com.ar\\\/sitio\\\/#website\",\"url\":\"https:\\\/\\\/gentedebasquet.com.ar\\\/sitio\\\/\",\"name\":\"Gente de B\u00e1squet\",\"description\":\"La revista del basquet de Bah\u00eda Blanca\",\"potentialAction\":[{\"@type\":\"SearchAction\",\"target\":{\"@type\":\"EntryPoint\",\"urlTemplate\":\"https:\\\/\\\/gentedebasquet.com.ar\\\/sitio\\\/?s={search_term_string}\"},\"query-input\":{\"@type\":\"PropertyValueSpecification\",\"valueRequired\":true,\"valueName\":\"search_term_string\"}}],\"inLanguage\":\"es\"},{\"@type\":\"Person\",\"@id\":\"https:\\\/\\\/gentedebasquet.com.ar\\\/sitio\\\/#\\\/schema\\\/person\\\/ca0b63bbb977369988a7bbbdc519943a\",\"name\":\"Gente de B\u00e1squet\",\"image\":{\"@type\":\"ImageObject\",\"inLanguage\":\"es\",\"@id\":\"https:\\\/\\\/secure.gravatar.com\\\/avatar\\\/7f2c48bdc33b30088f941fb6082e555f2874c98e20cb159d7b92b50eadfce793?s=96&d=mm&r=g\",\"url\":\"https:\\\/\\\/secure.gravatar.com\\\/avatar\\\/7f2c48bdc33b30088f941fb6082e555f2874c98e20cb159d7b92b50eadfce793?s=96&d=mm&r=g\",\"contentUrl\":\"https:\\\/\\\/secure.gravatar.com\\\/avatar\\\/7f2c48bdc33b30088f941fb6082e555f2874c98e20cb159d7b92b50eadfce793?s=96&d=mm&r=g\",\"caption\":\"Gente de B\u00e1squet\"},\"sameAs\":[\"http:\\\/\\\/gentedebasquet.com.ar\\\/sitio\"],\"url\":\"https:\\\/\\\/gentedebasquet.com.ar\\\/sitio\\\/author\\\/ulises\\\/\"}]}<\/script>\n<!-- \/ Yoast SEO plugin. -->","yoast_head_json":{"title":"A la Vera del Pac\u00edfico - Gente de B\u00e1squet","robots":{"index":"index","follow":"follow","max-snippet":"max-snippet:-1","max-image-preview":"max-image-preview:large","max-video-preview":"max-video-preview:-1"},"canonical":"https:\/\/gentedebasquet.com.ar\/sitio\/2016\/03\/22\/a-la-vera-del-pacifico\/","og_locale":"es_ES","og_type":"article","og_title":"A la Vera del Pac\u00edfico - Gente de B\u00e1squet","og_description":"Con un gran debut de Nicol\u00e1s, el verde venci\u00f3 a Independiente por 95 a 84","og_url":"https:\/\/gentedebasquet.com.ar\/sitio\/2016\/03\/22\/a-la-vera-del-pacifico\/","og_site_name":"Gente de B\u00e1squet","article_published_time":"2016-03-23T02:50:48+00:00","og_image":[{"width":690,"height":319,"url":"https:\/\/gentedebasquet.com.ar\/sitio\/wp-content\/uploads\/2016\/03\/12674183_1085069574867515_491256658_n.jpg","type":"image\/jpeg"}],"author":"Gente de B\u00e1squet","twitter_card":"summary_large_image","twitter_misc":{"Escrito por":"Gente de B\u00e1squet","Tiempo de lectura":"2 minutos"},"schema":{"@context":"https:\/\/schema.org","@graph":[{"@type":"Article","@id":"https:\/\/gentedebasquet.com.ar\/sitio\/2016\/03\/22\/a-la-vera-del-pacifico\/#article","isPartOf":{"@id":"https:\/\/gentedebasquet.com.ar\/sitio\/2016\/03\/22\/a-la-vera-del-pacifico\/"},"author":{"name":"Gente de B\u00e1squet","@id":"https:\/\/gentedebasquet.com.ar\/sitio\/#\/schema\/person\/ca0b63bbb977369988a7bbbdc519943a"},"headline":"A la Vera del Pac\u00edfico","datePublished":"2016-03-23T02:50:48+00:00","mainEntityOfPage":{"@id":"https:\/\/gentedebasquet.com.ar\/sitio\/2016\/03\/22\/a-la-vera-del-pacifico\/"},"wordCount":464,"image":{"@id":"https:\/\/gentedebasquet.com.ar\/sitio\/2016\/03\/22\/a-la-vera-del-pacifico\/#primaryimage"},"thumbnailUrl":"https:\/\/gentedebasquet.com.ar\/sitio\/wp-content\/uploads\/2016\/03\/12674183_1085069574867515_491256658_n.jpg","keywords":["Agust\u00edn Almiron","Fernando Bonino","independiente","Juan Franco Di Meglio","Nicol\u00e1s Vera","Pacifico","Sebasti\u00e1n Branciforte"],"articleSection":["Segunda","Slide"],"inLanguage":"es"},{"@type":"WebPage","@id":"https:\/\/gentedebasquet.com.ar\/sitio\/2016\/03\/22\/a-la-vera-del-pacifico\/","url":"https:\/\/gentedebasquet.com.ar\/sitio\/2016\/03\/22\/a-la-vera-del-pacifico\/","name":"A la Vera del Pac\u00edfico - Gente de B\u00e1squet","isPartOf":{"@id":"https:\/\/gentedebasquet.com.ar\/sitio\/#website"},"primaryImageOfPage":{"@id":"https:\/\/gentedebasquet.com.ar\/sitio\/2016\/03\/22\/a-la-vera-del-pacifico\/#primaryimage"},"image":{"@id":"https:\/\/gentedebasquet.com.ar\/sitio\/2016\/03\/22\/a-la-vera-del-pacifico\/#primaryimage"},"thumbnailUrl":"https:\/\/gentedebasquet.com.ar\/sitio\/wp-content\/uploads\/2016\/03\/12674183_1085069574867515_491256658_n.jpg","datePublished":"2016-03-23T02:50:48+00:00","author":{"@id":"https:\/\/gentedebasquet.com.ar\/sitio\/#\/schema\/person\/ca0b63bbb977369988a7bbbdc519943a"},"breadcrumb":{"@id":"https:\/\/gentedebasquet.com.ar\/sitio\/2016\/03\/22\/a-la-vera-del-pacifico\/#breadcrumb"},"inLanguage":"es","potentialAction":[{"@type":"ReadAction","target":["https:\/\/gentedebasquet.com.ar\/sitio\/2016\/03\/22\/a-la-vera-del-pacifico\/"]}]},{"@type":"ImageObject","inLanguage":"es","@id":"https:\/\/gentedebasquet.com.ar\/sitio\/2016\/03\/22\/a-la-vera-del-pacifico\/#primaryimage","url":"https:\/\/gentedebasquet.com.ar\/sitio\/wp-content\/uploads\/2016\/03\/12674183_1085069574867515_491256658_n.jpg","contentUrl":"https:\/\/gentedebasquet.com.ar\/sitio\/wp-content\/uploads\/2016\/03\/12674183_1085069574867515_491256658_n.jpg","width":690,"height":319},{"@type":"BreadcrumbList","@id":"https:\/\/gentedebasquet.com.ar\/sitio\/2016\/03\/22\/a-la-vera-del-pacifico\/#breadcrumb","itemListElement":[{"@type":"ListItem","position":1,"name":"Portada","item":"https:\/\/gentedebasquet.com.ar\/sitio\/"},{"@type":"ListItem","position":2,"name":"A la Vera del Pac\u00edfico"}]},{"@type":"WebSite","@id":"https:\/\/gentedebasquet.com.ar\/sitio\/#website","url":"https:\/\/gentedebasquet.com.ar\/sitio\/","name":"Gente de B\u00e1squet","description":"La revista del basquet de Bah\u00eda Blanca","potentialAction":[{"@type":"SearchAction","target":{"@type":"EntryPoint","urlTemplate":"https:\/\/gentedebasquet.com.ar\/sitio\/?s={search_term_string}"},"query-input":{"@type":"PropertyValueSpecification","valueRequired":true,"valueName":"search_term_string"}}],"inLanguage":"es"},{"@type":"Person","@id":"https:\/\/gentedebasquet.com.ar\/sitio\/#\/schema\/person\/ca0b63bbb977369988a7bbbdc519943a","name":"Gente de B\u00e1squet","image":{"@type":"ImageObject","inLanguage":"es","@id":"https:\/\/secure.gravatar.com\/avatar\/7f2c48bdc33b30088f941fb6082e555f2874c98e20cb159d7b92b50eadfce793?s=96&d=mm&r=g","url":"https:\/\/secure.gravatar.com\/avatar\/7f2c48bdc33b30088f941fb6082e555f2874c98e20cb159d7b92b50eadfce793?s=96&d=mm&r=g","contentUrl":"https:\/\/secure.gravatar.com\/avatar\/7f2c48bdc33b30088f941fb6082e555f2874c98e20cb159d7b92b50eadfce793?s=96&d=mm&r=g","caption":"Gente de B\u00e1squet"},"sameAs":["http:\/\/gentedebasquet.com.ar\/sitio"],"url":"https:\/\/gentedebasquet.com.ar\/sitio\/author\/ulises\/"}]}},"_links":{"self":[{"href":"https:\/\/gentedebasquet.com.ar\/sitio\/wp-json\/wp\/v2\/posts\/57355","targetHints":{"allow":["GET"]}}],"collection":[{"href":"https:\/\/gentedebasquet.com.ar\/sitio\/wp-json\/wp\/v2\/posts"}],"about":[{"href":"https:\/\/gentedebasquet.com.ar\/sitio\/wp-json\/wp\/v2\/types\/post"}],"author":[{"embeddable":true,"href":"https:\/\/gentedebasquet.com.ar\/sitio\/wp-json\/wp\/v2\/users\/1"}],"replies":[{"embeddable":true,"href":"https:\/\/gentedebasquet.com.ar\/sitio\/wp-json\/wp\/v2\/comments?post=57355"}],"version-history":[{"count":0,"href":"https:\/\/gentedebasquet.com.ar\/sitio\/wp-json\/wp\/v2\/posts\/57355\/revisions"}],"wp:featuredmedia":[{"embeddable":true,"href":"https:\/\/gentedebasquet.com.ar\/sitio\/wp-json\/wp\/v2\/media\/57357"}],"wp:attachment":[{"href":"https:\/\/gentedebasquet.com.ar\/sitio\/wp-json\/wp\/v2\/media?parent=57355"}],"wp:term":[{"taxonomy":"category","embeddable":true,"href":"https:\/\/gentedebasquet.com.ar\/sitio\/wp-json\/wp\/v2\/categories?post=57355"},{"taxonomy":"post_tag","embeddable":true,"href":"https:\/\/gentedebasquet.com.ar\/sitio\/wp-json\/wp\/v2\/tags?post=57355"}],"curies":[{"name":"wp","href":"https:\/\/api.w.org\/{rel}","templated":true}]}}