{"id":57450,"date":"2016-03-24T12:17:57","date_gmt":"2016-03-24T15:17:57","guid":{"rendered":"http:\/\/www.gentedebasquet.com.ar\/?p=57450"},"modified":"2016-03-24T12:17:57","modified_gmt":"2016-03-24T15:17:57","slug":"tenemos-que-tener-la-cabeza-fuerte","status":"publish","type":"post","link":"https:\/\/gentedebasquet.com.ar\/sitio\/2016\/03\/24\/tenemos-que-tener-la-cabeza-fuerte\/","title":{"rendered":"\u00abTenemos que tener la cabeza fuerte\u00bb"},"content":{"rendered":"<p><strong>Este fin de semana Bahiense del Norte, \u00fanico puntero de la Divisi\u00f3n Sur Bonaerense, deber\u00e1 viajar a Jun\u00edn para cerrar la fase regular del Torneo Federal. El Tricolor visitar\u00e1 el viernes a Sarmiento y el domingo har\u00e1 lo propio con San Mart\u00edn. Ambos encuentros comenzar\u00e1n a las 21. En la previa, Juan Ignacio Diomedi analiz\u00f3 a los dos rivales de turno y adem\u00e1s habl\u00f3 de la actualidad del plantel de Alejandro Navallo.<\/strong><\/p>\n<p>Bahiense del Norte ya est\u00e1 listo para cerrar la fase regular. Tras unas semanas bastante movidas, el Tricolor viajar\u00e1 hacia Jun\u00edn en las primeras horas del viernes siendo el \u00fanico puntero de la Divisi\u00f3n Sur Bonaerense y ya sin Mauro Zalguizuri en el plantel. Despu\u00e9s del triunfo ante Villa Mitre y al no ser tenido en cuenta por la dirigencia para el torneo local por motivos econ\u00f3micos, el base decidi\u00f3 no continuar disputando la competencia. Otros dos que emigrar\u00e1n del club una vez finalizada la participaci\u00f3n en el Torneo Federal ser\u00e1n Franco Amigo y Juan Ignacio Diomedi.<\/p>\n<p>El viernes Sarmiento y el domingo San Mart\u00edn, ambos desde las 21, ser\u00e1n los rivales del Tricolor en las \u00faltimas dos fechas de la Divisi\u00f3n Sur Bonaerense. Juani Diomedi, uno de los m\u00e1s experimentados del plantel, analiz\u00f3 la gira que se viene. \u201cSon dos equipos que est\u00e1n peleando para entrar entre los cuatro como nosotros, ya hemos ganado uno all\u00e1 y son canchas complicadas. Vamos con las mejores expectativas, sabiendo que somos los punteros y siendo conscientes que si ganamos los dos vamos a quedar primeros en el grupo\u201d, apunt\u00f3.<\/p>\n<blockquote><p>Nos servir\u00eda ganar en Jun\u00edn por el grupo y el cuerpo t\u00e9cnico, que la venimos peleando desde hace varios meses. Tambi\u00e9n para evitar una serie de playoffs y ya tener una ventaja de local\u00eda en la segunda ronda, cont\u00f3 Juan Ignacio Diomedi.<\/p><\/blockquote>\n<p>El gran triunfo frente a Villa Mitre como visitante en la \u00faltima presentaci\u00f3n, fue una inyecci\u00f3n an\u00edmica para el conjunto de Alejandro Navallo y le permiti\u00f3 llegar a estas dos \u00faltimas fechas en un buen momento. \u201cEstas dos \u00faltimas fechas nos agarran en un buen momento, venimos de ganar un partido important\u00edsimo con Villa Mitre de visitante. Sabemos que dependemos solamente de nosotros para quedar primeros\u201d, mencion\u00f3.<\/p>\n<p>La salida de Zalguizuri del equipo y el saber que Amigo y justamente Diomedi no continuar\u00e1n en la instituci\u00f3n fueron un golpe fuerte para el plantel, aunque el propio Juani se\u00f1al\u00f3 que hay que concentrarse para seguir afrontando el Federal. \u201cLa victoria con Villa Mitre se disfrut\u00f3 dos d\u00edas porque el lunes nos enteramos que Mauro (Zalguizuri), Franco (Amigo) y yo no \u00edbamos a ser tenidos en cuenta para el torneo local. Nosotros tenemos que ser profesionales y tener la cabeza fuerte para seguir afrontando el torneo federal\u201d, sentenci\u00f3.<\/p>\n<p>Por \u00faltimo, Diomedi se refiri\u00f3 a lo importante que ser\u00eda volver a Bah\u00eda Blanca con una victoria, no solo para mantenerse arriba en la tabla sino tambi\u00e9n para el \u00e1nimo del equipo.\u201cNos servir\u00eda ganar en Jun\u00edn por el grupo y el cuerpo t\u00e9cnico, que la venimos peleando desde hace varios meses. Tambi\u00e9n para evitar una serie de playoffs y ya tener una ventaja de local\u00eda en la segunda ronda\u201d, finaliz\u00f3.<\/p>\n<p><strong>Fuente:<\/strong> Prensa Bahiense del Norte.<\/p>\n","protected":false},"excerpt":{"rendered":"<p>Juani Diomedi habl\u00f3 en la previa del viaje de Bahiense a Jun\u00edn por el TFB<\/p>\n","protected":false},"author":1,"featured_media":57451,"comment_status":"closed","ping_status":"open","sticky":false,"template":"","format":"standard","meta":{"jnews-multi-image_gallery":[],"jnews_single_post":[],"jnews_primary_category":[],"footnotes":""},"categories":[36,39],"tags":[5,761,40],"class_list":["post-57450","post","type-post","status-publish","format-standard","has-post-thumbnail","hentry","category-federal","category-nacional","tag-bahiense-del-norte","tag-juan-ignacio-diomedi","tag-torneo-federal"],"yoast_head":"<!-- This site is optimized with the Yoast SEO plugin v27.4 - https:\/\/yoast.com\/product\/yoast-seo-wordpress\/ -->\n<title>&quot;Tenemos que tener la cabeza fuerte&quot; - Gente de B\u00e1squet<\/title>\n<meta name=\"robots\" content=\"index, follow, max-snippet:-1, max-image-preview:large, max-video-preview:-1\" \/>\n<link rel=\"canonical\" href=\"https:\/\/gentedebasquet.com.ar\/sitio\/2016\/03\/24\/tenemos-que-tener-la-cabeza-fuerte\/\" \/>\n<meta property=\"og:locale\" content=\"es_ES\" \/>\n<meta property=\"og:type\" content=\"article\" \/>\n<meta property=\"og:title\" content=\"&quot;Tenemos que tener la cabeza fuerte&quot; - Gente de B\u00e1squet\" \/>\n<meta property=\"og:description\" content=\"Juani Diomedi habl\u00f3 en la previa del viaje de Bahiense a Jun\u00edn por el TFB\" \/>\n<meta property=\"og:url\" content=\"https:\/\/gentedebasquet.com.ar\/sitio\/2016\/03\/24\/tenemos-que-tener-la-cabeza-fuerte\/\" \/>\n<meta property=\"og:site_name\" content=\"Gente de B\u00e1squet\" \/>\n<meta property=\"article:published_time\" content=\"2016-03-24T15:17:57+00:00\" \/>\n<meta property=\"og:image\" content=\"https:\/\/gentedebasquet.com.ar\/sitio\/wp-content\/uploads\/2016\/03\/slide-2-1.jpg\" \/>\n\t<meta property=\"og:image:width\" content=\"690\" \/>\n\t<meta property=\"og:image:height\" content=\"319\" \/>\n\t<meta property=\"og:image:type\" content=\"image\/jpeg\" \/>\n<meta name=\"author\" content=\"Gente de B\u00e1squet\" \/>\n<meta name=\"twitter:card\" content=\"summary_large_image\" \/>\n<meta name=\"twitter:label1\" content=\"Escrito por\" \/>\n\t<meta name=\"twitter:data1\" content=\"Gente de B\u00e1squet\" \/>\n\t<meta name=\"twitter:label2\" content=\"Tiempo de lectura\" \/>\n\t<meta name=\"twitter:data2\" content=\"3 minutos\" \/>\n<script type=\"application\/ld+json\" class=\"yoast-schema-graph\">{\"@context\":\"https:\\\/\\\/schema.org\",\"@graph\":[{\"@type\":\"Article\",\"@id\":\"https:\\\/\\\/gentedebasquet.com.ar\\\/sitio\\\/2016\\\/03\\\/24\\\/tenemos-que-tener-la-cabeza-fuerte\\\/#article\",\"isPartOf\":{\"@id\":\"https:\\\/\\\/gentedebasquet.com.ar\\\/sitio\\\/2016\\\/03\\\/24\\\/tenemos-que-tener-la-cabeza-fuerte\\\/\"},\"author\":{\"name\":\"Gente de B\u00e1squet\",\"@id\":\"http:\\\/\\\/gentedebasquet.com.ar\\\/sitio\\\/#\\\/schema\\\/person\\\/ca0b63bbb977369988a7bbbdc519943a\"},\"headline\":\"\u00abTenemos que tener la cabeza fuerte\u00bb\",\"datePublished\":\"2016-03-24T15:17:57+00:00\",\"mainEntityOfPage\":{\"@id\":\"https:\\\/\\\/gentedebasquet.com.ar\\\/sitio\\\/2016\\\/03\\\/24\\\/tenemos-que-tener-la-cabeza-fuerte\\\/\"},\"wordCount\":575,\"image\":{\"@id\":\"https:\\\/\\\/gentedebasquet.com.ar\\\/sitio\\\/2016\\\/03\\\/24\\\/tenemos-que-tener-la-cabeza-fuerte\\\/#primaryimage\"},\"thumbnailUrl\":\"https:\\\/\\\/gentedebasquet.com.ar\\\/sitio\\\/wp-content\\\/uploads\\\/2016\\\/03\\\/slide-2-1.jpg\",\"keywords\":[\"Bahiense Del Norte\",\"Juan Ignacio Diomedi\",\"Torneo Federal\"],\"articleSection\":[\"Federal\",\"Nacional\"],\"inLanguage\":\"es\"},{\"@type\":\"WebPage\",\"@id\":\"https:\\\/\\\/gentedebasquet.com.ar\\\/sitio\\\/2016\\\/03\\\/24\\\/tenemos-que-tener-la-cabeza-fuerte\\\/\",\"url\":\"https:\\\/\\\/gentedebasquet.com.ar\\\/sitio\\\/2016\\\/03\\\/24\\\/tenemos-que-tener-la-cabeza-fuerte\\\/\",\"name\":\"\\\"Tenemos que tener la cabeza fuerte\\\" - Gente de B\u00e1squet\",\"isPartOf\":{\"@id\":\"http:\\\/\\\/gentedebasquet.com.ar\\\/sitio\\\/#website\"},\"primaryImageOfPage\":{\"@id\":\"https:\\\/\\\/gentedebasquet.com.ar\\\/sitio\\\/2016\\\/03\\\/24\\\/tenemos-que-tener-la-cabeza-fuerte\\\/#primaryimage\"},\"image\":{\"@id\":\"https:\\\/\\\/gentedebasquet.com.ar\\\/sitio\\\/2016\\\/03\\\/24\\\/tenemos-que-tener-la-cabeza-fuerte\\\/#primaryimage\"},\"thumbnailUrl\":\"https:\\\/\\\/gentedebasquet.com.ar\\\/sitio\\\/wp-content\\\/uploads\\\/2016\\\/03\\\/slide-2-1.jpg\",\"datePublished\":\"2016-03-24T15:17:57+00:00\",\"author\":{\"@id\":\"http:\\\/\\\/gentedebasquet.com.ar\\\/sitio\\\/#\\\/schema\\\/person\\\/ca0b63bbb977369988a7bbbdc519943a\"},\"breadcrumb\":{\"@id\":\"https:\\\/\\\/gentedebasquet.com.ar\\\/sitio\\\/2016\\\/03\\\/24\\\/tenemos-que-tener-la-cabeza-fuerte\\\/#breadcrumb\"},\"inLanguage\":\"es\",\"potentialAction\":[{\"@type\":\"ReadAction\",\"target\":[\"https:\\\/\\\/gentedebasquet.com.ar\\\/sitio\\\/2016\\\/03\\\/24\\\/tenemos-que-tener-la-cabeza-fuerte\\\/\"]}]},{\"@type\":\"ImageObject\",\"inLanguage\":\"es\",\"@id\":\"https:\\\/\\\/gentedebasquet.com.ar\\\/sitio\\\/2016\\\/03\\\/24\\\/tenemos-que-tener-la-cabeza-fuerte\\\/#primaryimage\",\"url\":\"https:\\\/\\\/gentedebasquet.com.ar\\\/sitio\\\/wp-content\\\/uploads\\\/2016\\\/03\\\/slide-2-1.jpg\",\"contentUrl\":\"https:\\\/\\\/gentedebasquet.com.ar\\\/sitio\\\/wp-content\\\/uploads\\\/2016\\\/03\\\/slide-2-1.jpg\",\"width\":690,\"height\":319},{\"@type\":\"BreadcrumbList\",\"@id\":\"https:\\\/\\\/gentedebasquet.com.ar\\\/sitio\\\/2016\\\/03\\\/24\\\/tenemos-que-tener-la-cabeza-fuerte\\\/#breadcrumb\",\"itemListElement\":[{\"@type\":\"ListItem\",\"position\":1,\"name\":\"Portada\",\"item\":\"http:\\\/\\\/gentedebasquet.com.ar\\\/sitio\\\/\"},{\"@type\":\"ListItem\",\"position\":2,\"name\":\"\u00abTenemos que tener la cabeza fuerte\u00bb\"}]},{\"@type\":\"WebSite\",\"@id\":\"http:\\\/\\\/gentedebasquet.com.ar\\\/sitio\\\/#website\",\"url\":\"http:\\\/\\\/gentedebasquet.com.ar\\\/sitio\\\/\",\"name\":\"Gente de B\u00e1squet\",\"description\":\"La revista del basquet de Bah\u00eda Blanca\",\"potentialAction\":[{\"@type\":\"SearchAction\",\"target\":{\"@type\":\"EntryPoint\",\"urlTemplate\":\"http:\\\/\\\/gentedebasquet.com.ar\\\/sitio\\\/?s={search_term_string}\"},\"query-input\":{\"@type\":\"PropertyValueSpecification\",\"valueRequired\":true,\"valueName\":\"search_term_string\"}}],\"inLanguage\":\"es\"},{\"@type\":\"Person\",\"@id\":\"http:\\\/\\\/gentedebasquet.com.ar\\\/sitio\\\/#\\\/schema\\\/person\\\/ca0b63bbb977369988a7bbbdc519943a\",\"name\":\"Gente de B\u00e1squet\",\"image\":{\"@type\":\"ImageObject\",\"inLanguage\":\"es\",\"@id\":\"https:\\\/\\\/secure.gravatar.com\\\/avatar\\\/7f2c48bdc33b30088f941fb6082e555f2874c98e20cb159d7b92b50eadfce793?s=96&d=mm&r=g\",\"url\":\"https:\\\/\\\/secure.gravatar.com\\\/avatar\\\/7f2c48bdc33b30088f941fb6082e555f2874c98e20cb159d7b92b50eadfce793?s=96&d=mm&r=g\",\"contentUrl\":\"https:\\\/\\\/secure.gravatar.com\\\/avatar\\\/7f2c48bdc33b30088f941fb6082e555f2874c98e20cb159d7b92b50eadfce793?s=96&d=mm&r=g\",\"caption\":\"Gente de B\u00e1squet\"},\"sameAs\":[\"http:\\\/\\\/gentedebasquet.com.ar\\\/sitio\"],\"url\":\"https:\\\/\\\/gentedebasquet.com.ar\\\/sitio\\\/author\\\/ulises\\\/\"}]}<\/script>\n<!-- \/ Yoast SEO plugin. -->","yoast_head_json":{"title":"\"Tenemos que tener la cabeza fuerte\" - Gente de B\u00e1squet","robots":{"index":"index","follow":"follow","max-snippet":"max-snippet:-1","max-image-preview":"max-image-preview:large","max-video-preview":"max-video-preview:-1"},"canonical":"https:\/\/gentedebasquet.com.ar\/sitio\/2016\/03\/24\/tenemos-que-tener-la-cabeza-fuerte\/","og_locale":"es_ES","og_type":"article","og_title":"\"Tenemos que tener la cabeza fuerte\" - Gente de B\u00e1squet","og_description":"Juani Diomedi habl\u00f3 en la previa del viaje de Bahiense a Jun\u00edn por el TFB","og_url":"https:\/\/gentedebasquet.com.ar\/sitio\/2016\/03\/24\/tenemos-que-tener-la-cabeza-fuerte\/","og_site_name":"Gente de B\u00e1squet","article_published_time":"2016-03-24T15:17:57+00:00","og_image":[{"width":690,"height":319,"url":"https:\/\/gentedebasquet.com.ar\/sitio\/wp-content\/uploads\/2016\/03\/slide-2-1.jpg","type":"image\/jpeg"}],"author":"Gente de B\u00e1squet","twitter_card":"summary_large_image","twitter_misc":{"Escrito por":"Gente de B\u00e1squet","Tiempo de lectura":"3 minutos"},"schema":{"@context":"https:\/\/schema.org","@graph":[{"@type":"Article","@id":"https:\/\/gentedebasquet.com.ar\/sitio\/2016\/03\/24\/tenemos-que-tener-la-cabeza-fuerte\/#article","isPartOf":{"@id":"https:\/\/gentedebasquet.com.ar\/sitio\/2016\/03\/24\/tenemos-que-tener-la-cabeza-fuerte\/"},"author":{"name":"Gente de B\u00e1squet","@id":"http:\/\/gentedebasquet.com.ar\/sitio\/#\/schema\/person\/ca0b63bbb977369988a7bbbdc519943a"},"headline":"\u00abTenemos que tener la cabeza fuerte\u00bb","datePublished":"2016-03-24T15:17:57+00:00","mainEntityOfPage":{"@id":"https:\/\/gentedebasquet.com.ar\/sitio\/2016\/03\/24\/tenemos-que-tener-la-cabeza-fuerte\/"},"wordCount":575,"image":{"@id":"https:\/\/gentedebasquet.com.ar\/sitio\/2016\/03\/24\/tenemos-que-tener-la-cabeza-fuerte\/#primaryimage"},"thumbnailUrl":"https:\/\/gentedebasquet.com.ar\/sitio\/wp-content\/uploads\/2016\/03\/slide-2-1.jpg","keywords":["Bahiense Del Norte","Juan Ignacio Diomedi","Torneo Federal"],"articleSection":["Federal","Nacional"],"inLanguage":"es"},{"@type":"WebPage","@id":"https:\/\/gentedebasquet.com.ar\/sitio\/2016\/03\/24\/tenemos-que-tener-la-cabeza-fuerte\/","url":"https:\/\/gentedebasquet.com.ar\/sitio\/2016\/03\/24\/tenemos-que-tener-la-cabeza-fuerte\/","name":"\"Tenemos que tener la cabeza fuerte\" - Gente de B\u00e1squet","isPartOf":{"@id":"http:\/\/gentedebasquet.com.ar\/sitio\/#website"},"primaryImageOfPage":{"@id":"https:\/\/gentedebasquet.com.ar\/sitio\/2016\/03\/24\/tenemos-que-tener-la-cabeza-fuerte\/#primaryimage"},"image":{"@id":"https:\/\/gentedebasquet.com.ar\/sitio\/2016\/03\/24\/tenemos-que-tener-la-cabeza-fuerte\/#primaryimage"},"thumbnailUrl":"https:\/\/gentedebasquet.com.ar\/sitio\/wp-content\/uploads\/2016\/03\/slide-2-1.jpg","datePublished":"2016-03-24T15:17:57+00:00","author":{"@id":"http:\/\/gentedebasquet.com.ar\/sitio\/#\/schema\/person\/ca0b63bbb977369988a7bbbdc519943a"},"breadcrumb":{"@id":"https:\/\/gentedebasquet.com.ar\/sitio\/2016\/03\/24\/tenemos-que-tener-la-cabeza-fuerte\/#breadcrumb"},"inLanguage":"es","potentialAction":[{"@type":"ReadAction","target":["https:\/\/gentedebasquet.com.ar\/sitio\/2016\/03\/24\/tenemos-que-tener-la-cabeza-fuerte\/"]}]},{"@type":"ImageObject","inLanguage":"es","@id":"https:\/\/gentedebasquet.com.ar\/sitio\/2016\/03\/24\/tenemos-que-tener-la-cabeza-fuerte\/#primaryimage","url":"https:\/\/gentedebasquet.com.ar\/sitio\/wp-content\/uploads\/2016\/03\/slide-2-1.jpg","contentUrl":"https:\/\/gentedebasquet.com.ar\/sitio\/wp-content\/uploads\/2016\/03\/slide-2-1.jpg","width":690,"height":319},{"@type":"BreadcrumbList","@id":"https:\/\/gentedebasquet.com.ar\/sitio\/2016\/03\/24\/tenemos-que-tener-la-cabeza-fuerte\/#breadcrumb","itemListElement":[{"@type":"ListItem","position":1,"name":"Portada","item":"http:\/\/gentedebasquet.com.ar\/sitio\/"},{"@type":"ListItem","position":2,"name":"\u00abTenemos que tener la cabeza fuerte\u00bb"}]},{"@type":"WebSite","@id":"http:\/\/gentedebasquet.com.ar\/sitio\/#website","url":"http:\/\/gentedebasquet.com.ar\/sitio\/","name":"Gente de B\u00e1squet","description":"La revista del basquet de Bah\u00eda Blanca","potentialAction":[{"@type":"SearchAction","target":{"@type":"EntryPoint","urlTemplate":"http:\/\/gentedebasquet.com.ar\/sitio\/?s={search_term_string}"},"query-input":{"@type":"PropertyValueSpecification","valueRequired":true,"valueName":"search_term_string"}}],"inLanguage":"es"},{"@type":"Person","@id":"http:\/\/gentedebasquet.com.ar\/sitio\/#\/schema\/person\/ca0b63bbb977369988a7bbbdc519943a","name":"Gente de B\u00e1squet","image":{"@type":"ImageObject","inLanguage":"es","@id":"https:\/\/secure.gravatar.com\/avatar\/7f2c48bdc33b30088f941fb6082e555f2874c98e20cb159d7b92b50eadfce793?s=96&d=mm&r=g","url":"https:\/\/secure.gravatar.com\/avatar\/7f2c48bdc33b30088f941fb6082e555f2874c98e20cb159d7b92b50eadfce793?s=96&d=mm&r=g","contentUrl":"https:\/\/secure.gravatar.com\/avatar\/7f2c48bdc33b30088f941fb6082e555f2874c98e20cb159d7b92b50eadfce793?s=96&d=mm&r=g","caption":"Gente de B\u00e1squet"},"sameAs":["http:\/\/gentedebasquet.com.ar\/sitio"],"url":"https:\/\/gentedebasquet.com.ar\/sitio\/author\/ulises\/"}]}},"_links":{"self":[{"href":"https:\/\/gentedebasquet.com.ar\/sitio\/wp-json\/wp\/v2\/posts\/57450","targetHints":{"allow":["GET"]}}],"collection":[{"href":"https:\/\/gentedebasquet.com.ar\/sitio\/wp-json\/wp\/v2\/posts"}],"about":[{"href":"https:\/\/gentedebasquet.com.ar\/sitio\/wp-json\/wp\/v2\/types\/post"}],"author":[{"embeddable":true,"href":"https:\/\/gentedebasquet.com.ar\/sitio\/wp-json\/wp\/v2\/users\/1"}],"replies":[{"embeddable":true,"href":"https:\/\/gentedebasquet.com.ar\/sitio\/wp-json\/wp\/v2\/comments?post=57450"}],"version-history":[{"count":0,"href":"https:\/\/gentedebasquet.com.ar\/sitio\/wp-json\/wp\/v2\/posts\/57450\/revisions"}],"wp:featuredmedia":[{"embeddable":true,"href":"https:\/\/gentedebasquet.com.ar\/sitio\/wp-json\/wp\/v2\/media\/57451"}],"wp:attachment":[{"href":"https:\/\/gentedebasquet.com.ar\/sitio\/wp-json\/wp\/v2\/media?parent=57450"}],"wp:term":[{"taxonomy":"category","embeddable":true,"href":"https:\/\/gentedebasquet.com.ar\/sitio\/wp-json\/wp\/v2\/categories?post=57450"},{"taxonomy":"post_tag","embeddable":true,"href":"https:\/\/gentedebasquet.com.ar\/sitio\/wp-json\/wp\/v2\/tags?post=57450"}],"curies":[{"name":"wp","href":"https:\/\/api.w.org\/{rel}","templated":true}]}}