{"id":5763,"date":"2012-08-03T21:58:57","date_gmt":"2012-08-03T21:58:57","guid":{"rendered":"http:\/\/www.gentedebasquet.com.ar\/?p=5763"},"modified":"2012-08-03T21:58:57","modified_gmt":"2012-08-03T21:58:57","slug":"entreno-prigioni","status":"publish","type":"post","link":"https:\/\/gentedebasquet.com.ar\/sitio\/2012\/08\/03\/entreno-prigioni\/","title":{"rendered":"Entren\u00f3 Prigioni"},"content":{"rendered":"<p><em><strong><a href=\"http:\/\/www.gentedebasquet.com.ar\/wp-content\/uploads\/2012\/08\/Pablo-Prigioni.jpg\"><img decoding=\"async\" class=\"alignnone size-full wp-image-5764\" title=\"Pablo Prigioni\" src=\"http:\/\/www.gentedebasquet.com.ar\/wp-content\/uploads\/2012\/08\/Pablo-Prigioni.jpg\" alt=\"\" width=\"447\" height=\"336\" \/><\/a>En la tarde de viernes la Selecci\u00f3n Argentina practic\u00f3 en Lee Valley Center, con la presencia de Pablo Prigioni, quien viene de un c\u00f3lico renal pero pudo realizar trabajos livianos. Este s\u00e1bado lo probar\u00e1n y si contin\u00faa mejorando podr\u00e1 tener algunos minutos contra Nigeria.<!--more--><\/strong><\/em><\/p>\n<p>El base Pablo Prigioni estuvo presente y pudo realizar algunos ejercicios con el resto de sus compa\u00f1eros en el entrenamiento de este viernes por la tarde en Lee Valley Center (Londres), luego de no poder jugar el jueves contra T\u00fanez por un c\u00f3lico renal, que lo tuvo m\u00e1s de 24 horas en reposo en la Villa Ol\u00edmpica.<\/p>\n<p>El m\u00e9dico de la Selecci\u00f3n Argentina de b\u00e1squet, Dr. Diego Grippo, manifest\u00f3: \u201cFue una alegr\u00eda verlo a Pablo esta ma\u00f1ana, se lo notaba mucho mejor. As\u00ed que decidimos que hiciera algo liviano durante la pr\u00e1ctica, ejercicios de estiramiento, la entrada en calor y lanzamientos. El ten\u00eda ganas de salir un rato de la Villa, estuvo todo un d\u00eda en reposo en su habitaci\u00f3n\u201d.<\/p>\n<p>Con respecto a la posibilidad de jugar este s\u00e1bado contra Nigeria (18.15 de nuestro pa\u00eds, 22.15 hora local), Grippo dijo: \u201cVamos a probarlo, hay que ver como se despierta, pero todo indica que podr\u00eda jugar. As\u00ed como el c\u00f3lico renal entra de manera aguda y repentina, se sale de la misma forma. Ahora est\u00e1 asintom\u00e1tico, que es como si no le hubiese pasado nada. S\u00f3lo debilitado porque estuvo medicado\u201d.<\/p>\n<p>El m\u00e9dico tambi\u00e9n se refiri\u00f3 a Hern\u00e1n Jasen: \u201cTiene una tendinitis rotuliana, que es algo com\u00fan en nuestro deporte. Trabajamos m\u00e1s sobre una contractura que tiene en el cu\u00e1driceps que con la tendinitis, pero no es grave y puede jugar\u201d.<\/p>\n<p>Por su parte, Facundo Campazzo, luego de ser titular contra T\u00fanez, asegur\u00f3: \u201cFue raro al principio porque siempre vengo atr\u00e1s de Pablo y somos dos bases distintos. Pero mis compa\u00f1eros me ayudaron much\u00edsimo para sentirme c\u00f3modo y poder dar lo mejor\u201d. Sobre el partido con Nigeria anticip\u00f3: \u201cTenemos que mejorar el primer cuarto, hay que empezar duro desde el arranque para que no nos sorprendan\u201d.<\/p>\n<p>Fuente: Confederaci\u00f3n Argentina de B\u00e1squetbol.<\/p>\n<p>Imagen: Captura de TV.<\/p>\n","protected":false},"excerpt":{"rendered":"<p>En la tarde de viernes la Selecci\u00f3n Argentina practic\u00f3 en Lee Valley Center, con la presencia de Pablo Prigioni, quien viene de un c\u00f3lico renal pero pudo realizar trabajos livianos. Este s\u00e1bado lo probar\u00e1n y si contin\u00faa mejorando podr\u00e1 tener algunos minutos contra Nigeria.<\/p>\n","protected":false},"author":1,"featured_media":0,"comment_status":"open","ping_status":"open","sticky":false,"template":"","format":"standard","meta":{"jnews-multi-image_gallery":[],"jnews_single_post":[],"jnews_primary_category":[],"footnotes":""},"categories":[62,61],"tags":[],"class_list":["post-5763","post","type-post","status-publish","format-standard","hentry","category-londres2012","category-selecciones-nacionales"],"yoast_head":"<!-- This site is optimized with the Yoast SEO plugin v27.4 - https:\/\/yoast.com\/product\/yoast-seo-wordpress\/ -->\n<title>Entren\u00f3 Prigioni - Gente de B\u00e1squet<\/title>\n<meta name=\"robots\" content=\"index, follow, max-snippet:-1, max-image-preview:large, max-video-preview:-1\" \/>\n<link rel=\"canonical\" href=\"http:\/\/gentedebasquet.com.ar\/sitio\/2012\/08\/03\/entreno-prigioni\/\" \/>\n<meta property=\"og:locale\" content=\"es_ES\" \/>\n<meta property=\"og:type\" content=\"article\" \/>\n<meta property=\"og:title\" content=\"Entren\u00f3 Prigioni - Gente de B\u00e1squet\" \/>\n<meta property=\"og:description\" content=\"En la tarde de viernes la Selecci\u00f3n Argentina practic\u00f3 en Lee Valley Center, con la presencia de Pablo Prigioni, quien viene de un c\u00f3lico renal pero pudo realizar trabajos livianos. Este s\u00e1bado lo probar\u00e1n y si contin\u00faa mejorando podr\u00e1 tener algunos minutos contra Nigeria.\" \/>\n<meta property=\"og:url\" content=\"http:\/\/gentedebasquet.com.ar\/sitio\/2012\/08\/03\/entreno-prigioni\/\" \/>\n<meta property=\"og:site_name\" content=\"Gente de B\u00e1squet\" \/>\n<meta property=\"article:published_time\" content=\"2012-08-03T21:58:57+00:00\" \/>\n<meta property=\"og:image\" content=\"http:\/\/www.gentedebasquet.com.ar\/wp-content\/uploads\/2012\/08\/Pablo-Prigioni.jpg\" \/>\n<meta name=\"author\" content=\"Gente de B\u00e1squet\" \/>\n<meta name=\"twitter:card\" content=\"summary_large_image\" \/>\n<meta name=\"twitter:label1\" content=\"Escrito por\" \/>\n\t<meta name=\"twitter:data1\" content=\"Gente de B\u00e1squet\" \/>\n\t<meta name=\"twitter:label2\" content=\"Tiempo de lectura\" \/>\n\t<meta name=\"twitter:data2\" content=\"2 minutos\" \/>\n<script type=\"application\/ld+json\" class=\"yoast-schema-graph\">{\"@context\":\"https:\\\/\\\/schema.org\",\"@graph\":[{\"@type\":\"Article\",\"@id\":\"http:\\\/\\\/gentedebasquet.com.ar\\\/sitio\\\/2012\\\/08\\\/03\\\/entreno-prigioni\\\/#article\",\"isPartOf\":{\"@id\":\"http:\\\/\\\/gentedebasquet.com.ar\\\/sitio\\\/2012\\\/08\\\/03\\\/entreno-prigioni\\\/\"},\"author\":{\"name\":\"Gente de B\u00e1squet\",\"@id\":\"https:\\\/\\\/gentedebasquet.com.ar\\\/sitio\\\/#\\\/schema\\\/person\\\/ca0b63bbb977369988a7bbbdc519943a\"},\"headline\":\"Entren\u00f3 Prigioni\",\"datePublished\":\"2012-08-03T21:58:57+00:00\",\"mainEntityOfPage\":{\"@id\":\"http:\\\/\\\/gentedebasquet.com.ar\\\/sitio\\\/2012\\\/08\\\/03\\\/entreno-prigioni\\\/\"},\"wordCount\":384,\"commentCount\":0,\"image\":{\"@id\":\"http:\\\/\\\/gentedebasquet.com.ar\\\/sitio\\\/2012\\\/08\\\/03\\\/entreno-prigioni\\\/#primaryimage\"},\"thumbnailUrl\":\"http:\\\/\\\/www.gentedebasquet.com.ar\\\/wp-content\\\/uploads\\\/2012\\\/08\\\/Pablo-Prigioni.jpg\",\"articleSection\":[\"Londres 2012\",\"Selecciones Nacionales\"],\"inLanguage\":\"es\",\"potentialAction\":[{\"@type\":\"CommentAction\",\"name\":\"Comment\",\"target\":[\"http:\\\/\\\/gentedebasquet.com.ar\\\/sitio\\\/2012\\\/08\\\/03\\\/entreno-prigioni\\\/#respond\"]}]},{\"@type\":\"WebPage\",\"@id\":\"http:\\\/\\\/gentedebasquet.com.ar\\\/sitio\\\/2012\\\/08\\\/03\\\/entreno-prigioni\\\/\",\"url\":\"http:\\\/\\\/gentedebasquet.com.ar\\\/sitio\\\/2012\\\/08\\\/03\\\/entreno-prigioni\\\/\",\"name\":\"Entren\u00f3 Prigioni - Gente de B\u00e1squet\",\"isPartOf\":{\"@id\":\"https:\\\/\\\/gentedebasquet.com.ar\\\/sitio\\\/#website\"},\"primaryImageOfPage\":{\"@id\":\"http:\\\/\\\/gentedebasquet.com.ar\\\/sitio\\\/2012\\\/08\\\/03\\\/entreno-prigioni\\\/#primaryimage\"},\"image\":{\"@id\":\"http:\\\/\\\/gentedebasquet.com.ar\\\/sitio\\\/2012\\\/08\\\/03\\\/entreno-prigioni\\\/#primaryimage\"},\"thumbnailUrl\":\"http:\\\/\\\/www.gentedebasquet.com.ar\\\/wp-content\\\/uploads\\\/2012\\\/08\\\/Pablo-Prigioni.jpg\",\"datePublished\":\"2012-08-03T21:58:57+00:00\",\"author\":{\"@id\":\"https:\\\/\\\/gentedebasquet.com.ar\\\/sitio\\\/#\\\/schema\\\/person\\\/ca0b63bbb977369988a7bbbdc519943a\"},\"breadcrumb\":{\"@id\":\"http:\\\/\\\/gentedebasquet.com.ar\\\/sitio\\\/2012\\\/08\\\/03\\\/entreno-prigioni\\\/#breadcrumb\"},\"inLanguage\":\"es\",\"potentialAction\":[{\"@type\":\"ReadAction\",\"target\":[\"http:\\\/\\\/gentedebasquet.com.ar\\\/sitio\\\/2012\\\/08\\\/03\\\/entreno-prigioni\\\/\"]}]},{\"@type\":\"ImageObject\",\"inLanguage\":\"es\",\"@id\":\"http:\\\/\\\/gentedebasquet.com.ar\\\/sitio\\\/2012\\\/08\\\/03\\\/entreno-prigioni\\\/#primaryimage\",\"url\":\"http:\\\/\\\/www.gentedebasquet.com.ar\\\/wp-content\\\/uploads\\\/2012\\\/08\\\/Pablo-Prigioni.jpg\",\"contentUrl\":\"http:\\\/\\\/www.gentedebasquet.com.ar\\\/wp-content\\\/uploads\\\/2012\\\/08\\\/Pablo-Prigioni.jpg\"},{\"@type\":\"BreadcrumbList\",\"@id\":\"http:\\\/\\\/gentedebasquet.com.ar\\\/sitio\\\/2012\\\/08\\\/03\\\/entreno-prigioni\\\/#breadcrumb\",\"itemListElement\":[{\"@type\":\"ListItem\",\"position\":1,\"name\":\"Portada\",\"item\":\"https:\\\/\\\/gentedebasquet.com.ar\\\/sitio\\\/\"},{\"@type\":\"ListItem\",\"position\":2,\"name\":\"Entren\u00f3 Prigioni\"}]},{\"@type\":\"WebSite\",\"@id\":\"https:\\\/\\\/gentedebasquet.com.ar\\\/sitio\\\/#website\",\"url\":\"https:\\\/\\\/gentedebasquet.com.ar\\\/sitio\\\/\",\"name\":\"Gente de B\u00e1squet\",\"description\":\"La revista del basquet de Bah\u00eda Blanca\",\"potentialAction\":[{\"@type\":\"SearchAction\",\"target\":{\"@type\":\"EntryPoint\",\"urlTemplate\":\"https:\\\/\\\/gentedebasquet.com.ar\\\/sitio\\\/?s={search_term_string}\"},\"query-input\":{\"@type\":\"PropertyValueSpecification\",\"valueRequired\":true,\"valueName\":\"search_term_string\"}}],\"inLanguage\":\"es\"},{\"@type\":\"Person\",\"@id\":\"https:\\\/\\\/gentedebasquet.com.ar\\\/sitio\\\/#\\\/schema\\\/person\\\/ca0b63bbb977369988a7bbbdc519943a\",\"name\":\"Gente de B\u00e1squet\",\"image\":{\"@type\":\"ImageObject\",\"inLanguage\":\"es\",\"@id\":\"https:\\\/\\\/secure.gravatar.com\\\/avatar\\\/7f2c48bdc33b30088f941fb6082e555f2874c98e20cb159d7b92b50eadfce793?s=96&d=mm&r=g\",\"url\":\"https:\\\/\\\/secure.gravatar.com\\\/avatar\\\/7f2c48bdc33b30088f941fb6082e555f2874c98e20cb159d7b92b50eadfce793?s=96&d=mm&r=g\",\"contentUrl\":\"https:\\\/\\\/secure.gravatar.com\\\/avatar\\\/7f2c48bdc33b30088f941fb6082e555f2874c98e20cb159d7b92b50eadfce793?s=96&d=mm&r=g\",\"caption\":\"Gente de B\u00e1squet\"},\"sameAs\":[\"http:\\\/\\\/gentedebasquet.com.ar\\\/sitio\"],\"url\":\"https:\\\/\\\/gentedebasquet.com.ar\\\/sitio\\\/author\\\/ulises\\\/\"}]}<\/script>\n<!-- \/ Yoast SEO plugin. -->","yoast_head_json":{"title":"Entren\u00f3 Prigioni - Gente de B\u00e1squet","robots":{"index":"index","follow":"follow","max-snippet":"max-snippet:-1","max-image-preview":"max-image-preview:large","max-video-preview":"max-video-preview:-1"},"canonical":"http:\/\/gentedebasquet.com.ar\/sitio\/2012\/08\/03\/entreno-prigioni\/","og_locale":"es_ES","og_type":"article","og_title":"Entren\u00f3 Prigioni - Gente de B\u00e1squet","og_description":"En la tarde de viernes la Selecci\u00f3n Argentina practic\u00f3 en Lee Valley Center, con la presencia de Pablo Prigioni, quien viene de un c\u00f3lico renal pero pudo realizar trabajos livianos. Este s\u00e1bado lo probar\u00e1n y si contin\u00faa mejorando podr\u00e1 tener algunos minutos contra Nigeria.","og_url":"http:\/\/gentedebasquet.com.ar\/sitio\/2012\/08\/03\/entreno-prigioni\/","og_site_name":"Gente de B\u00e1squet","article_published_time":"2012-08-03T21:58:57+00:00","og_image":[{"url":"http:\/\/www.gentedebasquet.com.ar\/wp-content\/uploads\/2012\/08\/Pablo-Prigioni.jpg","type":"","width":"","height":""}],"author":"Gente de B\u00e1squet","twitter_card":"summary_large_image","twitter_misc":{"Escrito por":"Gente de B\u00e1squet","Tiempo de lectura":"2 minutos"},"schema":{"@context":"https:\/\/schema.org","@graph":[{"@type":"Article","@id":"http:\/\/gentedebasquet.com.ar\/sitio\/2012\/08\/03\/entreno-prigioni\/#article","isPartOf":{"@id":"http:\/\/gentedebasquet.com.ar\/sitio\/2012\/08\/03\/entreno-prigioni\/"},"author":{"name":"Gente de B\u00e1squet","@id":"https:\/\/gentedebasquet.com.ar\/sitio\/#\/schema\/person\/ca0b63bbb977369988a7bbbdc519943a"},"headline":"Entren\u00f3 Prigioni","datePublished":"2012-08-03T21:58:57+00:00","mainEntityOfPage":{"@id":"http:\/\/gentedebasquet.com.ar\/sitio\/2012\/08\/03\/entreno-prigioni\/"},"wordCount":384,"commentCount":0,"image":{"@id":"http:\/\/gentedebasquet.com.ar\/sitio\/2012\/08\/03\/entreno-prigioni\/#primaryimage"},"thumbnailUrl":"http:\/\/www.gentedebasquet.com.ar\/wp-content\/uploads\/2012\/08\/Pablo-Prigioni.jpg","articleSection":["Londres 2012","Selecciones Nacionales"],"inLanguage":"es","potentialAction":[{"@type":"CommentAction","name":"Comment","target":["http:\/\/gentedebasquet.com.ar\/sitio\/2012\/08\/03\/entreno-prigioni\/#respond"]}]},{"@type":"WebPage","@id":"http:\/\/gentedebasquet.com.ar\/sitio\/2012\/08\/03\/entreno-prigioni\/","url":"http:\/\/gentedebasquet.com.ar\/sitio\/2012\/08\/03\/entreno-prigioni\/","name":"Entren\u00f3 Prigioni - Gente de B\u00e1squet","isPartOf":{"@id":"https:\/\/gentedebasquet.com.ar\/sitio\/#website"},"primaryImageOfPage":{"@id":"http:\/\/gentedebasquet.com.ar\/sitio\/2012\/08\/03\/entreno-prigioni\/#primaryimage"},"image":{"@id":"http:\/\/gentedebasquet.com.ar\/sitio\/2012\/08\/03\/entreno-prigioni\/#primaryimage"},"thumbnailUrl":"http:\/\/www.gentedebasquet.com.ar\/wp-content\/uploads\/2012\/08\/Pablo-Prigioni.jpg","datePublished":"2012-08-03T21:58:57+00:00","author":{"@id":"https:\/\/gentedebasquet.com.ar\/sitio\/#\/schema\/person\/ca0b63bbb977369988a7bbbdc519943a"},"breadcrumb":{"@id":"http:\/\/gentedebasquet.com.ar\/sitio\/2012\/08\/03\/entreno-prigioni\/#breadcrumb"},"inLanguage":"es","potentialAction":[{"@type":"ReadAction","target":["http:\/\/gentedebasquet.com.ar\/sitio\/2012\/08\/03\/entreno-prigioni\/"]}]},{"@type":"ImageObject","inLanguage":"es","@id":"http:\/\/gentedebasquet.com.ar\/sitio\/2012\/08\/03\/entreno-prigioni\/#primaryimage","url":"http:\/\/www.gentedebasquet.com.ar\/wp-content\/uploads\/2012\/08\/Pablo-Prigioni.jpg","contentUrl":"http:\/\/www.gentedebasquet.com.ar\/wp-content\/uploads\/2012\/08\/Pablo-Prigioni.jpg"},{"@type":"BreadcrumbList","@id":"http:\/\/gentedebasquet.com.ar\/sitio\/2012\/08\/03\/entreno-prigioni\/#breadcrumb","itemListElement":[{"@type":"ListItem","position":1,"name":"Portada","item":"https:\/\/gentedebasquet.com.ar\/sitio\/"},{"@type":"ListItem","position":2,"name":"Entren\u00f3 Prigioni"}]},{"@type":"WebSite","@id":"https:\/\/gentedebasquet.com.ar\/sitio\/#website","url":"https:\/\/gentedebasquet.com.ar\/sitio\/","name":"Gente de B\u00e1squet","description":"La revista del basquet de Bah\u00eda Blanca","potentialAction":[{"@type":"SearchAction","target":{"@type":"EntryPoint","urlTemplate":"https:\/\/gentedebasquet.com.ar\/sitio\/?s={search_term_string}"},"query-input":{"@type":"PropertyValueSpecification","valueRequired":true,"valueName":"search_term_string"}}],"inLanguage":"es"},{"@type":"Person","@id":"https:\/\/gentedebasquet.com.ar\/sitio\/#\/schema\/person\/ca0b63bbb977369988a7bbbdc519943a","name":"Gente de B\u00e1squet","image":{"@type":"ImageObject","inLanguage":"es","@id":"https:\/\/secure.gravatar.com\/avatar\/7f2c48bdc33b30088f941fb6082e555f2874c98e20cb159d7b92b50eadfce793?s=96&d=mm&r=g","url":"https:\/\/secure.gravatar.com\/avatar\/7f2c48bdc33b30088f941fb6082e555f2874c98e20cb159d7b92b50eadfce793?s=96&d=mm&r=g","contentUrl":"https:\/\/secure.gravatar.com\/avatar\/7f2c48bdc33b30088f941fb6082e555f2874c98e20cb159d7b92b50eadfce793?s=96&d=mm&r=g","caption":"Gente de B\u00e1squet"},"sameAs":["http:\/\/gentedebasquet.com.ar\/sitio"],"url":"https:\/\/gentedebasquet.com.ar\/sitio\/author\/ulises\/"}]}},"_links":{"self":[{"href":"https:\/\/gentedebasquet.com.ar\/sitio\/wp-json\/wp\/v2\/posts\/5763","targetHints":{"allow":["GET"]}}],"collection":[{"href":"https:\/\/gentedebasquet.com.ar\/sitio\/wp-json\/wp\/v2\/posts"}],"about":[{"href":"https:\/\/gentedebasquet.com.ar\/sitio\/wp-json\/wp\/v2\/types\/post"}],"author":[{"embeddable":true,"href":"https:\/\/gentedebasquet.com.ar\/sitio\/wp-json\/wp\/v2\/users\/1"}],"replies":[{"embeddable":true,"href":"https:\/\/gentedebasquet.com.ar\/sitio\/wp-json\/wp\/v2\/comments?post=5763"}],"version-history":[{"count":0,"href":"https:\/\/gentedebasquet.com.ar\/sitio\/wp-json\/wp\/v2\/posts\/5763\/revisions"}],"wp:attachment":[{"href":"https:\/\/gentedebasquet.com.ar\/sitio\/wp-json\/wp\/v2\/media?parent=5763"}],"wp:term":[{"taxonomy":"category","embeddable":true,"href":"https:\/\/gentedebasquet.com.ar\/sitio\/wp-json\/wp\/v2\/categories?post=5763"},{"taxonomy":"post_tag","embeddable":true,"href":"https:\/\/gentedebasquet.com.ar\/sitio\/wp-json\/wp\/v2\/tags?post=5763"}],"curies":[{"name":"wp","href":"https:\/\/api.w.org\/{rel}","templated":true}]}}