{"id":57815,"date":"2016-04-02T12:12:27","date_gmt":"2016-04-02T15:12:27","guid":{"rendered":"http:\/\/www.gentedebasquet.com.ar\/?p=57815"},"modified":"2016-04-02T12:12:27","modified_gmt":"2016-04-02T15:12:27","slug":"bahiense-y-sus-numeros-en-la-fase-regular","status":"publish","type":"post","link":"https:\/\/gentedebasquet.com.ar\/sitio\/2016\/04\/02\/bahiense-y-sus-numeros-en-la-fase-regular\/","title":{"rendered":"Bahiense y sus n\u00fameros en la fase regular"},"content":{"rendered":"<p><strong>El cierre de la primera etapa en el Torneo Federal y la actuaci\u00f3n de Bahiense del Norte dejaron varias estad\u00edsticas para repasar. El Tricolor se asegur\u00f3 el pase a los cuartos de final de la Regi\u00f3n Sur y ahora aguarda por el inicio de la serie frente a Atenas Sport Club (Mendoza). La misma ser\u00e1 al mejor de cinco juegos, en donde el elenco de la ciudad tendr\u00e1 ventaja de local\u00eda, y comenzar\u00e1 el pr\u00f3ximo domingo 17.\u00a0<\/strong><\/p>\n<p>Al igual que en su primera temporada en el Torneo Federal, Bahiense del Norte cumpli\u00f3 y con creces a lo largo de la fase regular. Fueron 30 partidos que el Tricolor disput\u00f3 en la competitiva Divisi\u00f3n Sur Bonaerense. En la misma, finaliz\u00f3 en la segunda posici\u00f3n, solo detr\u00e1s de Sarmiento (Jun\u00edn) por diferencia de gol, con un r\u00e9cord de 19 encuentros ganados y 11 perdidos, lo que arroj\u00f3 49 puntos y 63% de victorias. Anot\u00f3 un total de 2380 puntos (79.3 promedio por partido) y recibi\u00f3 2251 (75) en contra.<\/p>\n<p>En el estadio Manu Gin\u00f3bili, Bahiense consigui\u00f3 12 triunfos y tan solo cedi\u00f3 3 encuentros, frente a Villa Mitre en dos oportunidades y Sarmiento (Jun\u00edn). Mientras que fuera de su casa obtuvo 7 victorias y cay\u00f3 en los 8 partidos restantes. Argentino (Pergamino) fue el \u00fanico rival al que el Tricolor no le pudo ganar como visitante.<\/p>\n<p>A lo largo de las 30 presentaciones Alejandro Navallo utiliz\u00f3 18 jugadores. Ignacio Gonz\u00e1lez, Iv\u00e1n Catani, Francisco March\u00e1n, Tom\u00e1s Musotto, Federico Repetti, Facundo Menecozzi y An\u00edbal Buzzo, ficha mayor que se incorpor\u00f3 en diciembre del a\u00f1o pasado, fueron los debutantes en el torneo. Solo Franco Amigo, Juan Pablo Mor\u00e1n y Esteban Silva pudieron disputar todos los encuentros.<\/p>\n<p>Si hablamos de estad\u00edsticas individuales, hay que resaltar las tareas de varios jugadores. Franco Pennacchiotti con 559 puntos (19.28 promedio por partido) fue el goleador del equipo. Al interno lo secundaron Franco Amigo (537 &#8211; 17.90 P\/P), Juan Pablo Mor\u00e1n (346 \u2013 11.53 P\/P), Andr\u00e9s Barbero (244 \u2013 8.71 P\/P) y Esteban Silva (235 \u2013 7.83 P\/P).<\/p>\n<p>Mor\u00e1n fue el m\u00e1s destacado en el rubro asistencias con 134 en total y promediando 4.47 por partido. Zalguizuri (78 \u2013 3.71 P\/P), Amigo (70 \u2013 2.33 P\/P) y Pennacchiotti (60 \u2013 2.07 P\/P) lo siguieron. Adem\u00e1s, aqu\u00ed vale destacar los n\u00fameros de An\u00edbal Buzzo y Luciano Fern\u00e1ndez, quienes se sumaron en la segunda parte de la fase regular. Buzzo finaliz\u00f3 con 26 asistencias (1.53 P\/P) en 17 encuentros. Mientras que Fern\u00e1ndez aport\u00f3 18 habilitaciones (1.29 P\/P) en 14 partidos.<\/p>\n<p>Con respecto a los rebotes, Pennacchiotti lider\u00f3 la lista con 353 tableros y promediando 12.17 por partido. El pivot obtuvo 305 de ellos en defensa y los 48 restantes en ataque. Adem\u00e1s, hubo otros tres jugadores que superaron la barrera de los 100 recobres: Amigo (187 \u2013 6.23 P\/P), Mor\u00e1n (127 \u2013 4.23 P\/P) y Silva (102 \u2013 3.40 P\/P).<\/p>\n<p>Mor\u00e1n fue el jugador que m\u00e1s minutos tuvo en cancha. El base totaliz\u00f3 1075:40 minutos y promedi\u00f3 35:51 por partido. En este sentido lo siguieron Amigo (1051:36 \u2013 35:03 P\/P), Pennacchiotti (988:02 &#8211;\u00a0 34:04 P\/P), Silva (722:25 \u2013 24:05 P\/P), Barbero (715:26 \u2013 25:23 P\/P), Zalguizuri (514:00 \u2013 24:29 P\/P) y Buzzo (384:39 \u2013 22:38 P\/P).<\/p>\n<p>Tras finalizar en el quinto lugar de la tabla general en la Regi\u00f3n Sur y con el pasaje asegurado a los cuartos de final, Bahiense solo deber\u00e1 esperar que finalice la reclasificaci\u00f3n para comenzar su participaci\u00f3n en los playoffs. Atenas Sport Club, quien obtuvo el \u00faltimo pasaje directo a la segunda ronda de cruces eliminatorios, ser\u00e1 el rival.\u00a0 La serie, al igual que todas, se jugar\u00e1 al mejor de cinco partidos y el Tricolor contar\u00e1 con ventaja de local\u00eda. Todo comenzar\u00e1 el domingo 17 del corriente en el Manu Gin\u00f3bili.<\/p>\n<p><strong>Fuente:<\/strong> Prensa Bahiense del Norte.<\/p>\n","protected":false},"excerpt":{"rendered":"<p>Estos fueron los n\u00fameros m\u00e1s destacados del Tricolor en la primera fase del TFB<\/p>\n","protected":false},"author":1,"featured_media":57816,"comment_status":"closed","ping_status":"open","sticky":false,"template":"","format":"standard","meta":{"jnews-multi-image_gallery":[],"jnews_single_post":[],"jnews_primary_category":[],"footnotes":""},"categories":[36,39,101],"tags":[5,40],"class_list":["post-57815","post","type-post","status-publish","format-standard","has-post-thumbnail","hentry","category-federal","category-nacional","category-slide","tag-bahiense-del-norte","tag-torneo-federal"],"yoast_head":"<!-- This site is optimized with the Yoast SEO plugin v27.5 - https:\/\/yoast.com\/product\/yoast-seo-wordpress\/ -->\n<title>Bahiense y sus n\u00fameros en la fase regular - Gente de B\u00e1squet<\/title>\n<meta name=\"robots\" content=\"index, follow, max-snippet:-1, max-image-preview:large, max-video-preview:-1\" \/>\n<link rel=\"canonical\" href=\"http:\/\/gentedebasquet.com.ar\/sitio\/2016\/04\/02\/bahiense-y-sus-numeros-en-la-fase-regular\/\" \/>\n<meta property=\"og:locale\" content=\"es_ES\" \/>\n<meta property=\"og:type\" content=\"article\" \/>\n<meta property=\"og:title\" content=\"Bahiense y sus n\u00fameros en la fase regular - Gente de B\u00e1squet\" \/>\n<meta property=\"og:description\" content=\"Estos fueron los n\u00fameros m\u00e1s destacados del Tricolor en la primera fase del TFB\" \/>\n<meta property=\"og:url\" content=\"http:\/\/gentedebasquet.com.ar\/sitio\/2016\/04\/02\/bahiense-y-sus-numeros-en-la-fase-regular\/\" \/>\n<meta property=\"og:site_name\" content=\"Gente de B\u00e1squet\" \/>\n<meta property=\"article:published_time\" content=\"2016-04-02T15:12:27+00:00\" \/>\n<meta property=\"og:image\" content=\"http:\/\/gentedebasquet.com.ar\/sitio\/wp-content\/uploads\/2016\/04\/slide-gdb.jpg\" \/>\n\t<meta property=\"og:image:width\" content=\"690\" \/>\n\t<meta property=\"og:image:height\" content=\"319\" \/>\n\t<meta property=\"og:image:type\" content=\"image\/jpeg\" \/>\n<meta name=\"author\" content=\"Gente de B\u00e1squet\" \/>\n<meta name=\"twitter:card\" content=\"summary_large_image\" \/>\n<meta name=\"twitter:label1\" content=\"Escrito por\" \/>\n\t<meta name=\"twitter:data1\" content=\"Gente de B\u00e1squet\" \/>\n\t<meta name=\"twitter:label2\" content=\"Tiempo de lectura\" \/>\n\t<meta name=\"twitter:data2\" content=\"3 minutos\" \/>\n<script type=\"application\/ld+json\" class=\"yoast-schema-graph\">{\"@context\":\"https:\\\/\\\/schema.org\",\"@graph\":[{\"@type\":\"Article\",\"@id\":\"http:\\\/\\\/gentedebasquet.com.ar\\\/sitio\\\/2016\\\/04\\\/02\\\/bahiense-y-sus-numeros-en-la-fase-regular\\\/#article\",\"isPartOf\":{\"@id\":\"http:\\\/\\\/gentedebasquet.com.ar\\\/sitio\\\/2016\\\/04\\\/02\\\/bahiense-y-sus-numeros-en-la-fase-regular\\\/\"},\"author\":{\"name\":\"Gente de B\u00e1squet\",\"@id\":\"https:\\\/\\\/gentedebasquet.com.ar\\\/sitio\\\/#\\\/schema\\\/person\\\/ca0b63bbb977369988a7bbbdc519943a\"},\"headline\":\"Bahiense y sus n\u00fameros en la fase regular\",\"datePublished\":\"2016-04-02T15:12:27+00:00\",\"mainEntityOfPage\":{\"@id\":\"http:\\\/\\\/gentedebasquet.com.ar\\\/sitio\\\/2016\\\/04\\\/02\\\/bahiense-y-sus-numeros-en-la-fase-regular\\\/\"},\"wordCount\":614,\"image\":{\"@id\":\"http:\\\/\\\/gentedebasquet.com.ar\\\/sitio\\\/2016\\\/04\\\/02\\\/bahiense-y-sus-numeros-en-la-fase-regular\\\/#primaryimage\"},\"thumbnailUrl\":\"https:\\\/\\\/gentedebasquet.com.ar\\\/sitio\\\/wp-content\\\/uploads\\\/2016\\\/04\\\/slide-gdb.jpg\",\"keywords\":[\"Bahiense Del Norte\",\"Torneo Federal\"],\"articleSection\":[\"Federal\",\"Nacional\",\"Slide\"],\"inLanguage\":\"es\"},{\"@type\":\"WebPage\",\"@id\":\"http:\\\/\\\/gentedebasquet.com.ar\\\/sitio\\\/2016\\\/04\\\/02\\\/bahiense-y-sus-numeros-en-la-fase-regular\\\/\",\"url\":\"http:\\\/\\\/gentedebasquet.com.ar\\\/sitio\\\/2016\\\/04\\\/02\\\/bahiense-y-sus-numeros-en-la-fase-regular\\\/\",\"name\":\"Bahiense y sus n\u00fameros en la fase regular - Gente de B\u00e1squet\",\"isPartOf\":{\"@id\":\"https:\\\/\\\/gentedebasquet.com.ar\\\/sitio\\\/#website\"},\"primaryImageOfPage\":{\"@id\":\"http:\\\/\\\/gentedebasquet.com.ar\\\/sitio\\\/2016\\\/04\\\/02\\\/bahiense-y-sus-numeros-en-la-fase-regular\\\/#primaryimage\"},\"image\":{\"@id\":\"http:\\\/\\\/gentedebasquet.com.ar\\\/sitio\\\/2016\\\/04\\\/02\\\/bahiense-y-sus-numeros-en-la-fase-regular\\\/#primaryimage\"},\"thumbnailUrl\":\"https:\\\/\\\/gentedebasquet.com.ar\\\/sitio\\\/wp-content\\\/uploads\\\/2016\\\/04\\\/slide-gdb.jpg\",\"datePublished\":\"2016-04-02T15:12:27+00:00\",\"author\":{\"@id\":\"https:\\\/\\\/gentedebasquet.com.ar\\\/sitio\\\/#\\\/schema\\\/person\\\/ca0b63bbb977369988a7bbbdc519943a\"},\"breadcrumb\":{\"@id\":\"http:\\\/\\\/gentedebasquet.com.ar\\\/sitio\\\/2016\\\/04\\\/02\\\/bahiense-y-sus-numeros-en-la-fase-regular\\\/#breadcrumb\"},\"inLanguage\":\"es\",\"potentialAction\":[{\"@type\":\"ReadAction\",\"target\":[\"http:\\\/\\\/gentedebasquet.com.ar\\\/sitio\\\/2016\\\/04\\\/02\\\/bahiense-y-sus-numeros-en-la-fase-regular\\\/\"]}]},{\"@type\":\"ImageObject\",\"inLanguage\":\"es\",\"@id\":\"http:\\\/\\\/gentedebasquet.com.ar\\\/sitio\\\/2016\\\/04\\\/02\\\/bahiense-y-sus-numeros-en-la-fase-regular\\\/#primaryimage\",\"url\":\"https:\\\/\\\/gentedebasquet.com.ar\\\/sitio\\\/wp-content\\\/uploads\\\/2016\\\/04\\\/slide-gdb.jpg\",\"contentUrl\":\"https:\\\/\\\/gentedebasquet.com.ar\\\/sitio\\\/wp-content\\\/uploads\\\/2016\\\/04\\\/slide-gdb.jpg\",\"width\":690,\"height\":319},{\"@type\":\"BreadcrumbList\",\"@id\":\"http:\\\/\\\/gentedebasquet.com.ar\\\/sitio\\\/2016\\\/04\\\/02\\\/bahiense-y-sus-numeros-en-la-fase-regular\\\/#breadcrumb\",\"itemListElement\":[{\"@type\":\"ListItem\",\"position\":1,\"name\":\"Portada\",\"item\":\"https:\\\/\\\/gentedebasquet.com.ar\\\/sitio\\\/\"},{\"@type\":\"ListItem\",\"position\":2,\"name\":\"Bahiense y sus n\u00fameros en la fase regular\"}]},{\"@type\":\"WebSite\",\"@id\":\"https:\\\/\\\/gentedebasquet.com.ar\\\/sitio\\\/#website\",\"url\":\"https:\\\/\\\/gentedebasquet.com.ar\\\/sitio\\\/\",\"name\":\"Gente de B\u00e1squet\",\"description\":\"La revista del basquet de Bah\u00eda Blanca\",\"potentialAction\":[{\"@type\":\"SearchAction\",\"target\":{\"@type\":\"EntryPoint\",\"urlTemplate\":\"https:\\\/\\\/gentedebasquet.com.ar\\\/sitio\\\/?s={search_term_string}\"},\"query-input\":{\"@type\":\"PropertyValueSpecification\",\"valueRequired\":true,\"valueName\":\"search_term_string\"}}],\"inLanguage\":\"es\"},{\"@type\":\"Person\",\"@id\":\"https:\\\/\\\/gentedebasquet.com.ar\\\/sitio\\\/#\\\/schema\\\/person\\\/ca0b63bbb977369988a7bbbdc519943a\",\"name\":\"Gente de B\u00e1squet\",\"image\":{\"@type\":\"ImageObject\",\"inLanguage\":\"es\",\"@id\":\"https:\\\/\\\/secure.gravatar.com\\\/avatar\\\/7f2c48bdc33b30088f941fb6082e555f2874c98e20cb159d7b92b50eadfce793?s=96&d=mm&r=g\",\"url\":\"https:\\\/\\\/secure.gravatar.com\\\/avatar\\\/7f2c48bdc33b30088f941fb6082e555f2874c98e20cb159d7b92b50eadfce793?s=96&d=mm&r=g\",\"contentUrl\":\"https:\\\/\\\/secure.gravatar.com\\\/avatar\\\/7f2c48bdc33b30088f941fb6082e555f2874c98e20cb159d7b92b50eadfce793?s=96&d=mm&r=g\",\"caption\":\"Gente de B\u00e1squet\"},\"sameAs\":[\"http:\\\/\\\/gentedebasquet.com.ar\\\/sitio\"],\"url\":\"https:\\\/\\\/gentedebasquet.com.ar\\\/sitio\\\/author\\\/ulises\\\/\"}]}<\/script>\n<!-- \/ Yoast SEO plugin. -->","yoast_head_json":{"title":"Bahiense y sus n\u00fameros en la fase regular - Gente de B\u00e1squet","robots":{"index":"index","follow":"follow","max-snippet":"max-snippet:-1","max-image-preview":"max-image-preview:large","max-video-preview":"max-video-preview:-1"},"canonical":"http:\/\/gentedebasquet.com.ar\/sitio\/2016\/04\/02\/bahiense-y-sus-numeros-en-la-fase-regular\/","og_locale":"es_ES","og_type":"article","og_title":"Bahiense y sus n\u00fameros en la fase regular - Gente de B\u00e1squet","og_description":"Estos fueron los n\u00fameros m\u00e1s destacados del Tricolor en la primera fase del TFB","og_url":"http:\/\/gentedebasquet.com.ar\/sitio\/2016\/04\/02\/bahiense-y-sus-numeros-en-la-fase-regular\/","og_site_name":"Gente de B\u00e1squet","article_published_time":"2016-04-02T15:12:27+00:00","og_image":[{"width":690,"height":319,"url":"http:\/\/gentedebasquet.com.ar\/sitio\/wp-content\/uploads\/2016\/04\/slide-gdb.jpg","type":"image\/jpeg"}],"author":"Gente de B\u00e1squet","twitter_card":"summary_large_image","twitter_misc":{"Escrito por":"Gente de B\u00e1squet","Tiempo de lectura":"3 minutos"},"schema":{"@context":"https:\/\/schema.org","@graph":[{"@type":"Article","@id":"http:\/\/gentedebasquet.com.ar\/sitio\/2016\/04\/02\/bahiense-y-sus-numeros-en-la-fase-regular\/#article","isPartOf":{"@id":"http:\/\/gentedebasquet.com.ar\/sitio\/2016\/04\/02\/bahiense-y-sus-numeros-en-la-fase-regular\/"},"author":{"name":"Gente de B\u00e1squet","@id":"https:\/\/gentedebasquet.com.ar\/sitio\/#\/schema\/person\/ca0b63bbb977369988a7bbbdc519943a"},"headline":"Bahiense y sus n\u00fameros en la fase regular","datePublished":"2016-04-02T15:12:27+00:00","mainEntityOfPage":{"@id":"http:\/\/gentedebasquet.com.ar\/sitio\/2016\/04\/02\/bahiense-y-sus-numeros-en-la-fase-regular\/"},"wordCount":614,"image":{"@id":"http:\/\/gentedebasquet.com.ar\/sitio\/2016\/04\/02\/bahiense-y-sus-numeros-en-la-fase-regular\/#primaryimage"},"thumbnailUrl":"https:\/\/gentedebasquet.com.ar\/sitio\/wp-content\/uploads\/2016\/04\/slide-gdb.jpg","keywords":["Bahiense Del Norte","Torneo Federal"],"articleSection":["Federal","Nacional","Slide"],"inLanguage":"es"},{"@type":"WebPage","@id":"http:\/\/gentedebasquet.com.ar\/sitio\/2016\/04\/02\/bahiense-y-sus-numeros-en-la-fase-regular\/","url":"http:\/\/gentedebasquet.com.ar\/sitio\/2016\/04\/02\/bahiense-y-sus-numeros-en-la-fase-regular\/","name":"Bahiense y sus n\u00fameros en la fase regular - Gente de B\u00e1squet","isPartOf":{"@id":"https:\/\/gentedebasquet.com.ar\/sitio\/#website"},"primaryImageOfPage":{"@id":"http:\/\/gentedebasquet.com.ar\/sitio\/2016\/04\/02\/bahiense-y-sus-numeros-en-la-fase-regular\/#primaryimage"},"image":{"@id":"http:\/\/gentedebasquet.com.ar\/sitio\/2016\/04\/02\/bahiense-y-sus-numeros-en-la-fase-regular\/#primaryimage"},"thumbnailUrl":"https:\/\/gentedebasquet.com.ar\/sitio\/wp-content\/uploads\/2016\/04\/slide-gdb.jpg","datePublished":"2016-04-02T15:12:27+00:00","author":{"@id":"https:\/\/gentedebasquet.com.ar\/sitio\/#\/schema\/person\/ca0b63bbb977369988a7bbbdc519943a"},"breadcrumb":{"@id":"http:\/\/gentedebasquet.com.ar\/sitio\/2016\/04\/02\/bahiense-y-sus-numeros-en-la-fase-regular\/#breadcrumb"},"inLanguage":"es","potentialAction":[{"@type":"ReadAction","target":["http:\/\/gentedebasquet.com.ar\/sitio\/2016\/04\/02\/bahiense-y-sus-numeros-en-la-fase-regular\/"]}]},{"@type":"ImageObject","inLanguage":"es","@id":"http:\/\/gentedebasquet.com.ar\/sitio\/2016\/04\/02\/bahiense-y-sus-numeros-en-la-fase-regular\/#primaryimage","url":"https:\/\/gentedebasquet.com.ar\/sitio\/wp-content\/uploads\/2016\/04\/slide-gdb.jpg","contentUrl":"https:\/\/gentedebasquet.com.ar\/sitio\/wp-content\/uploads\/2016\/04\/slide-gdb.jpg","width":690,"height":319},{"@type":"BreadcrumbList","@id":"http:\/\/gentedebasquet.com.ar\/sitio\/2016\/04\/02\/bahiense-y-sus-numeros-en-la-fase-regular\/#breadcrumb","itemListElement":[{"@type":"ListItem","position":1,"name":"Portada","item":"https:\/\/gentedebasquet.com.ar\/sitio\/"},{"@type":"ListItem","position":2,"name":"Bahiense y sus n\u00fameros en la fase regular"}]},{"@type":"WebSite","@id":"https:\/\/gentedebasquet.com.ar\/sitio\/#website","url":"https:\/\/gentedebasquet.com.ar\/sitio\/","name":"Gente de B\u00e1squet","description":"La revista del basquet de Bah\u00eda Blanca","potentialAction":[{"@type":"SearchAction","target":{"@type":"EntryPoint","urlTemplate":"https:\/\/gentedebasquet.com.ar\/sitio\/?s={search_term_string}"},"query-input":{"@type":"PropertyValueSpecification","valueRequired":true,"valueName":"search_term_string"}}],"inLanguage":"es"},{"@type":"Person","@id":"https:\/\/gentedebasquet.com.ar\/sitio\/#\/schema\/person\/ca0b63bbb977369988a7bbbdc519943a","name":"Gente de B\u00e1squet","image":{"@type":"ImageObject","inLanguage":"es","@id":"https:\/\/secure.gravatar.com\/avatar\/7f2c48bdc33b30088f941fb6082e555f2874c98e20cb159d7b92b50eadfce793?s=96&d=mm&r=g","url":"https:\/\/secure.gravatar.com\/avatar\/7f2c48bdc33b30088f941fb6082e555f2874c98e20cb159d7b92b50eadfce793?s=96&d=mm&r=g","contentUrl":"https:\/\/secure.gravatar.com\/avatar\/7f2c48bdc33b30088f941fb6082e555f2874c98e20cb159d7b92b50eadfce793?s=96&d=mm&r=g","caption":"Gente de B\u00e1squet"},"sameAs":["http:\/\/gentedebasquet.com.ar\/sitio"],"url":"https:\/\/gentedebasquet.com.ar\/sitio\/author\/ulises\/"}]}},"_links":{"self":[{"href":"https:\/\/gentedebasquet.com.ar\/sitio\/wp-json\/wp\/v2\/posts\/57815","targetHints":{"allow":["GET"]}}],"collection":[{"href":"https:\/\/gentedebasquet.com.ar\/sitio\/wp-json\/wp\/v2\/posts"}],"about":[{"href":"https:\/\/gentedebasquet.com.ar\/sitio\/wp-json\/wp\/v2\/types\/post"}],"author":[{"embeddable":true,"href":"https:\/\/gentedebasquet.com.ar\/sitio\/wp-json\/wp\/v2\/users\/1"}],"replies":[{"embeddable":true,"href":"https:\/\/gentedebasquet.com.ar\/sitio\/wp-json\/wp\/v2\/comments?post=57815"}],"version-history":[{"count":0,"href":"https:\/\/gentedebasquet.com.ar\/sitio\/wp-json\/wp\/v2\/posts\/57815\/revisions"}],"wp:featuredmedia":[{"embeddable":true,"href":"https:\/\/gentedebasquet.com.ar\/sitio\/wp-json\/wp\/v2\/media\/57816"}],"wp:attachment":[{"href":"https:\/\/gentedebasquet.com.ar\/sitio\/wp-json\/wp\/v2\/media?parent=57815"}],"wp:term":[{"taxonomy":"category","embeddable":true,"href":"https:\/\/gentedebasquet.com.ar\/sitio\/wp-json\/wp\/v2\/categories?post=57815"},{"taxonomy":"post_tag","embeddable":true,"href":"https:\/\/gentedebasquet.com.ar\/sitio\/wp-json\/wp\/v2\/tags?post=57815"}],"curies":[{"name":"wp","href":"https:\/\/api.w.org\/{rel}","templated":true}]}}