{"id":58007,"date":"2016-04-06T11:09:23","date_gmt":"2016-04-06T14:09:23","guid":{"rendered":"http:\/\/www.gentedebasquet.com.ar\/?p=58007"},"modified":"2016-04-06T11:09:23","modified_gmt":"2016-04-06T14:09:23","slug":"dejar-a-bahiense-lo-mas-arriba-posible","status":"publish","type":"post","link":"https:\/\/gentedebasquet.com.ar\/sitio\/2016\/04\/06\/dejar-a-bahiense-lo-mas-arriba-posible\/","title":{"rendered":"\u00abDejar a Bahiense lo m\u00e1s arriba posible\u00bb"},"content":{"rendered":"<p><strong>Franco Amigo realiz\u00f3 un balance de la gran fase regular que tuvo Bahiense del Norte en la Divisi\u00f3n Sur Bonaerense del Torneo Federal. El alero resalt\u00f3 los puntos altos del equipo a lo largo de los treinta partidos, se refiri\u00f3 a Atenas Sport Club (Mendoza) quien ser\u00e1 el rival en los cuartos de final de los playoffs y tambi\u00e9n a su presente personal.<\/strong><\/p>\n<p>Mientras algunos equipos disputan la reclasificaci\u00f3n, Bahiense del Norte aguarda tranquilo por el inicio de la segunda ronda de los playoffs. As\u00ed como lo hizo en la pasada temporada, el Tricolor sac\u00f3 boleto directo para los cuartos de final de la Regi\u00f3n Sur, aunque esta vez tendr\u00e1 ventaja de local\u00eda.<\/p>\n<p>Uno de los principales puntales y figuras que tuvo el equipo a lo largo de la primera etapa del torneo fue Franco Amigo, quien analiz\u00f3 la actuaci\u00f3n hasta el momento del Tricolor. \u201cEstamos muy contentos. Creo que en la segunda parte del a\u00f1o supimos bien que hacer y por eso ganamos muchos m\u00e1s partidos de los que perdimos. De hecho de los \u00faltimos cinco ganamos cuatro y en canchas dif\u00edciles como son las de Villa Mitre y San Mart\u00edn. Es muy importante para nosotros llegar bien desde a lo an\u00edmico a los playoffs\u201d, se\u00f1al\u00f3.<\/p>\n<p>Solo por cuestiones matem\u00e1ticas de diferencia de gol, Bahiense le cedi\u00f3 el primer lugar de la Divisi\u00f3n a Sarmiento (Jun\u00edn), ya que ambos finalizaron con 19 victorias y 11 derrotas. \u201cFue una l\u00e1stima que con el mismo r\u00e9cord que Sarmiento hayamos perdido el primer puesto del grupo. La localia es importante pero no fundamental, uno haciendo las cosas bien puede ganar tambi\u00e9n de visitante y con el apoyo de la gente hay m\u00e1s probabilidades de ganar de local. Hoy por hoy, como estamos, le podemos ganar a cualquiera y esperemos que as\u00ed sea\u201d, apunt\u00f3.<\/p>\n<blockquote><p>Estoy bien, hoy por hoy mi compromiso est\u00e1 con el club, es un lugar en el que jugu\u00e9 diez a\u00f1os y estoy muy contento ac\u00e1. Por decisiones econ\u00f3micas no me toca seguir pero voy a tratar de dejar a Bahiense lo m\u00e1s arriba posible. En lo personal creo que tuve una gran fase regular, por ah\u00ed la temporada pasada no era una de las principales v\u00edas de gol y tomaba el rol que me correspond\u00eda. En cambio esta temporada, al subir tantos chicos como Esteban (Silva) y Andr\u00e9s (Barbero) que est\u00e1n haciendo sus primeras armas, me toc\u00f3 un rol con m\u00e1s protagonismo y gracias a dios se me dieron las cosas. Me siento con mucha confianza, esperemos poder terminar de la mejor forma tanto a nivel colectivo como individual.<\/p><\/blockquote>\n<p>Con respecto a la temporada pasada, el equipo mejor\u00f3 notablemente su producci\u00f3n fuera de casa y para el alero esa fue la clave para terminar m\u00e1s arriba en la tabla general de cara a los playoffs. \u201cCreo que en los partidos que nos trajimos de afuera estuvo la clave. El a\u00f1o pasado perdimos tambi\u00e9n solo tres partidos de local y lo que ve\u00edamos tan lejos la temporada pasada, que era ganar de visitante, este a\u00f1o se volvi\u00f3 algo normal para nosotros. Excepto en la primera, en el resto de las salidas nos trajimos por lo menos un partido y de Neuqu\u00e9n hasta nos pudimos traer los dos\u201d, sentenci\u00f3. A lo que luego agreg\u00f3, \u201ces muy importante para nosotros que jugando afuera, con la gente y algunos fallos divididos en contra, haya salido el equipo como pas\u00f3 y haber conseguido triunfos importantes. Habla bien de nosotros que a pesar de todas esas adversidades hayamos podido sacar esos encuentros adelante\u201d.<\/p>\n<p>A la hora de se\u00f1alar el aspecto m\u00e1s importante que tuvo el plantel de Alejandro Navallo a lo largo de la extensa fase regular, el oriundo de San Pedro no tuvo dudas. \u201cLo m\u00e1s importante fue la concentraci\u00f3n. En muchos partidos de los que ganamos fuimos abajo en el marcador y no nos pusimos nerviosos, no tomamos decisiones apresuradas, estuvimos tranquilos en esos momentos\u201d, cont\u00f3.<\/p>\n<p>El pr\u00f3ximo domingo 17, en el Manu Gin\u00f3bili, ser\u00e1 el d\u00eda del inicio de la serie frente a Atenas Sport Club (Mendoza), rival conocido para Bahiense y Amigo, quien se hizo un espacio para analizarlo. \u201cSabemos que Atenas de local es un rival intenso, el a\u00f1o pasado nos toc\u00f3 enfrentarnos varias veces con ellos. Espero que hoy est\u00e9n pensando m\u00e1s en nosotros que nosotros en ellos, por algo somos el dos de nuestro grupo y ellos quedaron atr\u00e1s en la clasificaci\u00f3n. Quiere decir que algo mejor hicimos\u201d, coment\u00f3.<\/p>\n<p>Por \u00faltimo, Franco se refiri\u00f3 a su presente personal, que sin dudas es m\u00e1s que bueno, y a lo que ser\u00e1 su partida del club una vez que finalice la participaci\u00f3n de Bahiense en el Torneo Federal. \u201cEstoy bien, hoy por hoy mi compromiso est\u00e1 con el club, es un lugar en el que jugu\u00e9 diez a\u00f1os y estoy muy contento ac\u00e1. Por decisiones econ\u00f3micas no me toca seguir pero voy a tratar de dejar a Bahiense lo m\u00e1s arriba posible\u201d sentenci\u00f3. A lo que luego agreg\u00f3 para finalizar, \u201cen lo personal creo que tuve una gran fase regular, por ah\u00ed la temporada pasada no era una de las principales v\u00edas de gol y tomaba el rol que me correspond\u00eda. En cambio esta temporada, al subir tantos chicos como Esteban (Silva) y Andr\u00e9s (Barbero) que est\u00e1n haciendo sus primeras armas, me toc\u00f3 un rol con m\u00e1s protagonismo y gracias a dios se me dieron las cosas. Me siento con mucha confianza, esperemos poder terminar de la mejor forma tanto a nivel colectivo como individual\u201d.<\/p>\n<p><strong>Fuente:<\/strong> Prensa Bahiense del Norte.<\/p>\n","protected":false},"excerpt":{"rendered":"<p>Franco Amigo analiz\u00f3 lo que dej\u00f3 la fase regular del TFB para Bahiense del Norte<\/p>\n","protected":false},"author":1,"featured_media":58008,"comment_status":"closed","ping_status":"open","sticky":false,"template":"","format":"standard","meta":{"jnews-multi-image_gallery":[],"jnews_single_post":[],"jnews_primary_category":[],"footnotes":""},"categories":[36,39,101],"tags":[5,223,40],"class_list":["post-58007","post","type-post","status-publish","format-standard","has-post-thumbnail","hentry","category-federal","category-nacional","category-slide","tag-bahiense-del-norte","tag-franco-amigo","tag-torneo-federal"],"yoast_head":"<!-- This site is optimized with the Yoast SEO plugin v27.5 - https:\/\/yoast.com\/product\/yoast-seo-wordpress\/ -->\n<title>&quot;Dejar a Bahiense lo m\u00e1s arriba posible&quot; - Gente de B\u00e1squet<\/title>\n<meta name=\"robots\" content=\"index, follow, max-snippet:-1, max-image-preview:large, max-video-preview:-1\" \/>\n<link rel=\"canonical\" href=\"http:\/\/gentedebasquet.com.ar\/sitio\/2016\/04\/06\/dejar-a-bahiense-lo-mas-arriba-posible\/\" \/>\n<meta property=\"og:locale\" content=\"es_ES\" \/>\n<meta property=\"og:type\" content=\"article\" \/>\n<meta property=\"og:title\" content=\"&quot;Dejar a Bahiense lo m\u00e1s arriba posible&quot; - Gente de B\u00e1squet\" \/>\n<meta property=\"og:description\" content=\"Franco Amigo analiz\u00f3 lo que dej\u00f3 la fase regular del TFB para Bahiense del Norte\" \/>\n<meta property=\"og:url\" content=\"http:\/\/gentedebasquet.com.ar\/sitio\/2016\/04\/06\/dejar-a-bahiense-lo-mas-arriba-posible\/\" \/>\n<meta property=\"og:site_name\" content=\"Gente de B\u00e1squet\" \/>\n<meta property=\"article:published_time\" content=\"2016-04-06T14:09:23+00:00\" \/>\n<meta property=\"og:image\" content=\"http:\/\/gentedebasquet.com.ar\/sitio\/wp-content\/uploads\/2016\/04\/slide-2.jpg\" \/>\n\t<meta property=\"og:image:width\" content=\"690\" \/>\n\t<meta property=\"og:image:height\" content=\"319\" \/>\n\t<meta property=\"og:image:type\" content=\"image\/jpeg\" \/>\n<meta name=\"author\" content=\"Gente de B\u00e1squet\" \/>\n<meta name=\"twitter:card\" content=\"summary_large_image\" \/>\n<meta name=\"twitter:label1\" content=\"Escrito por\" \/>\n\t<meta name=\"twitter:data1\" content=\"Gente de B\u00e1squet\" \/>\n\t<meta name=\"twitter:label2\" content=\"Tiempo de lectura\" \/>\n\t<meta name=\"twitter:data2\" content=\"5 minutos\" \/>\n<script type=\"application\/ld+json\" class=\"yoast-schema-graph\">{\"@context\":\"https:\\\/\\\/schema.org\",\"@graph\":[{\"@type\":\"Article\",\"@id\":\"http:\\\/\\\/gentedebasquet.com.ar\\\/sitio\\\/2016\\\/04\\\/06\\\/dejar-a-bahiense-lo-mas-arriba-posible\\\/#article\",\"isPartOf\":{\"@id\":\"http:\\\/\\\/gentedebasquet.com.ar\\\/sitio\\\/2016\\\/04\\\/06\\\/dejar-a-bahiense-lo-mas-arriba-posible\\\/\"},\"author\":{\"name\":\"Gente de B\u00e1squet\",\"@id\":\"https:\\\/\\\/gentedebasquet.com.ar\\\/sitio\\\/#\\\/schema\\\/person\\\/ca0b63bbb977369988a7bbbdc519943a\"},\"headline\":\"\u00abDejar a Bahiense lo m\u00e1s arriba posible\u00bb\",\"datePublished\":\"2016-04-06T14:09:23+00:00\",\"mainEntityOfPage\":{\"@id\":\"http:\\\/\\\/gentedebasquet.com.ar\\\/sitio\\\/2016\\\/04\\\/06\\\/dejar-a-bahiense-lo-mas-arriba-posible\\\/\"},\"wordCount\":981,\"image\":{\"@id\":\"http:\\\/\\\/gentedebasquet.com.ar\\\/sitio\\\/2016\\\/04\\\/06\\\/dejar-a-bahiense-lo-mas-arriba-posible\\\/#primaryimage\"},\"thumbnailUrl\":\"https:\\\/\\\/gentedebasquet.com.ar\\\/sitio\\\/wp-content\\\/uploads\\\/2016\\\/04\\\/slide-2.jpg\",\"keywords\":[\"Bahiense Del Norte\",\"Franco Amigo\",\"Torneo Federal\"],\"articleSection\":[\"Federal\",\"Nacional\",\"Slide\"],\"inLanguage\":\"es\"},{\"@type\":\"WebPage\",\"@id\":\"http:\\\/\\\/gentedebasquet.com.ar\\\/sitio\\\/2016\\\/04\\\/06\\\/dejar-a-bahiense-lo-mas-arriba-posible\\\/\",\"url\":\"http:\\\/\\\/gentedebasquet.com.ar\\\/sitio\\\/2016\\\/04\\\/06\\\/dejar-a-bahiense-lo-mas-arriba-posible\\\/\",\"name\":\"\\\"Dejar a Bahiense lo m\u00e1s arriba posible\\\" - Gente de B\u00e1squet\",\"isPartOf\":{\"@id\":\"https:\\\/\\\/gentedebasquet.com.ar\\\/sitio\\\/#website\"},\"primaryImageOfPage\":{\"@id\":\"http:\\\/\\\/gentedebasquet.com.ar\\\/sitio\\\/2016\\\/04\\\/06\\\/dejar-a-bahiense-lo-mas-arriba-posible\\\/#primaryimage\"},\"image\":{\"@id\":\"http:\\\/\\\/gentedebasquet.com.ar\\\/sitio\\\/2016\\\/04\\\/06\\\/dejar-a-bahiense-lo-mas-arriba-posible\\\/#primaryimage\"},\"thumbnailUrl\":\"https:\\\/\\\/gentedebasquet.com.ar\\\/sitio\\\/wp-content\\\/uploads\\\/2016\\\/04\\\/slide-2.jpg\",\"datePublished\":\"2016-04-06T14:09:23+00:00\",\"author\":{\"@id\":\"https:\\\/\\\/gentedebasquet.com.ar\\\/sitio\\\/#\\\/schema\\\/person\\\/ca0b63bbb977369988a7bbbdc519943a\"},\"breadcrumb\":{\"@id\":\"http:\\\/\\\/gentedebasquet.com.ar\\\/sitio\\\/2016\\\/04\\\/06\\\/dejar-a-bahiense-lo-mas-arriba-posible\\\/#breadcrumb\"},\"inLanguage\":\"es\",\"potentialAction\":[{\"@type\":\"ReadAction\",\"target\":[\"http:\\\/\\\/gentedebasquet.com.ar\\\/sitio\\\/2016\\\/04\\\/06\\\/dejar-a-bahiense-lo-mas-arriba-posible\\\/\"]}]},{\"@type\":\"ImageObject\",\"inLanguage\":\"es\",\"@id\":\"http:\\\/\\\/gentedebasquet.com.ar\\\/sitio\\\/2016\\\/04\\\/06\\\/dejar-a-bahiense-lo-mas-arriba-posible\\\/#primaryimage\",\"url\":\"https:\\\/\\\/gentedebasquet.com.ar\\\/sitio\\\/wp-content\\\/uploads\\\/2016\\\/04\\\/slide-2.jpg\",\"contentUrl\":\"https:\\\/\\\/gentedebasquet.com.ar\\\/sitio\\\/wp-content\\\/uploads\\\/2016\\\/04\\\/slide-2.jpg\",\"width\":690,\"height\":319},{\"@type\":\"BreadcrumbList\",\"@id\":\"http:\\\/\\\/gentedebasquet.com.ar\\\/sitio\\\/2016\\\/04\\\/06\\\/dejar-a-bahiense-lo-mas-arriba-posible\\\/#breadcrumb\",\"itemListElement\":[{\"@type\":\"ListItem\",\"position\":1,\"name\":\"Portada\",\"item\":\"https:\\\/\\\/gentedebasquet.com.ar\\\/sitio\\\/\"},{\"@type\":\"ListItem\",\"position\":2,\"name\":\"\u00abDejar a Bahiense lo m\u00e1s arriba posible\u00bb\"}]},{\"@type\":\"WebSite\",\"@id\":\"https:\\\/\\\/gentedebasquet.com.ar\\\/sitio\\\/#website\",\"url\":\"https:\\\/\\\/gentedebasquet.com.ar\\\/sitio\\\/\",\"name\":\"Gente de B\u00e1squet\",\"description\":\"La revista del basquet de Bah\u00eda Blanca\",\"potentialAction\":[{\"@type\":\"SearchAction\",\"target\":{\"@type\":\"EntryPoint\",\"urlTemplate\":\"https:\\\/\\\/gentedebasquet.com.ar\\\/sitio\\\/?s={search_term_string}\"},\"query-input\":{\"@type\":\"PropertyValueSpecification\",\"valueRequired\":true,\"valueName\":\"search_term_string\"}}],\"inLanguage\":\"es\"},{\"@type\":\"Person\",\"@id\":\"https:\\\/\\\/gentedebasquet.com.ar\\\/sitio\\\/#\\\/schema\\\/person\\\/ca0b63bbb977369988a7bbbdc519943a\",\"name\":\"Gente de B\u00e1squet\",\"image\":{\"@type\":\"ImageObject\",\"inLanguage\":\"es\",\"@id\":\"https:\\\/\\\/secure.gravatar.com\\\/avatar\\\/7f2c48bdc33b30088f941fb6082e555f2874c98e20cb159d7b92b50eadfce793?s=96&d=mm&r=g\",\"url\":\"https:\\\/\\\/secure.gravatar.com\\\/avatar\\\/7f2c48bdc33b30088f941fb6082e555f2874c98e20cb159d7b92b50eadfce793?s=96&d=mm&r=g\",\"contentUrl\":\"https:\\\/\\\/secure.gravatar.com\\\/avatar\\\/7f2c48bdc33b30088f941fb6082e555f2874c98e20cb159d7b92b50eadfce793?s=96&d=mm&r=g\",\"caption\":\"Gente de B\u00e1squet\"},\"sameAs\":[\"http:\\\/\\\/gentedebasquet.com.ar\\\/sitio\"],\"url\":\"https:\\\/\\\/gentedebasquet.com.ar\\\/sitio\\\/author\\\/ulises\\\/\"}]}<\/script>\n<!-- \/ Yoast SEO plugin. -->","yoast_head_json":{"title":"\"Dejar a Bahiense lo m\u00e1s arriba posible\" - Gente de B\u00e1squet","robots":{"index":"index","follow":"follow","max-snippet":"max-snippet:-1","max-image-preview":"max-image-preview:large","max-video-preview":"max-video-preview:-1"},"canonical":"http:\/\/gentedebasquet.com.ar\/sitio\/2016\/04\/06\/dejar-a-bahiense-lo-mas-arriba-posible\/","og_locale":"es_ES","og_type":"article","og_title":"\"Dejar a Bahiense lo m\u00e1s arriba posible\" - Gente de B\u00e1squet","og_description":"Franco Amigo analiz\u00f3 lo que dej\u00f3 la fase regular del TFB para Bahiense del Norte","og_url":"http:\/\/gentedebasquet.com.ar\/sitio\/2016\/04\/06\/dejar-a-bahiense-lo-mas-arriba-posible\/","og_site_name":"Gente de B\u00e1squet","article_published_time":"2016-04-06T14:09:23+00:00","og_image":[{"width":690,"height":319,"url":"http:\/\/gentedebasquet.com.ar\/sitio\/wp-content\/uploads\/2016\/04\/slide-2.jpg","type":"image\/jpeg"}],"author":"Gente de B\u00e1squet","twitter_card":"summary_large_image","twitter_misc":{"Escrito por":"Gente de B\u00e1squet","Tiempo de lectura":"5 minutos"},"schema":{"@context":"https:\/\/schema.org","@graph":[{"@type":"Article","@id":"http:\/\/gentedebasquet.com.ar\/sitio\/2016\/04\/06\/dejar-a-bahiense-lo-mas-arriba-posible\/#article","isPartOf":{"@id":"http:\/\/gentedebasquet.com.ar\/sitio\/2016\/04\/06\/dejar-a-bahiense-lo-mas-arriba-posible\/"},"author":{"name":"Gente de B\u00e1squet","@id":"https:\/\/gentedebasquet.com.ar\/sitio\/#\/schema\/person\/ca0b63bbb977369988a7bbbdc519943a"},"headline":"\u00abDejar a Bahiense lo m\u00e1s arriba posible\u00bb","datePublished":"2016-04-06T14:09:23+00:00","mainEntityOfPage":{"@id":"http:\/\/gentedebasquet.com.ar\/sitio\/2016\/04\/06\/dejar-a-bahiense-lo-mas-arriba-posible\/"},"wordCount":981,"image":{"@id":"http:\/\/gentedebasquet.com.ar\/sitio\/2016\/04\/06\/dejar-a-bahiense-lo-mas-arriba-posible\/#primaryimage"},"thumbnailUrl":"https:\/\/gentedebasquet.com.ar\/sitio\/wp-content\/uploads\/2016\/04\/slide-2.jpg","keywords":["Bahiense Del Norte","Franco Amigo","Torneo Federal"],"articleSection":["Federal","Nacional","Slide"],"inLanguage":"es"},{"@type":"WebPage","@id":"http:\/\/gentedebasquet.com.ar\/sitio\/2016\/04\/06\/dejar-a-bahiense-lo-mas-arriba-posible\/","url":"http:\/\/gentedebasquet.com.ar\/sitio\/2016\/04\/06\/dejar-a-bahiense-lo-mas-arriba-posible\/","name":"\"Dejar a Bahiense lo m\u00e1s arriba posible\" - Gente de B\u00e1squet","isPartOf":{"@id":"https:\/\/gentedebasquet.com.ar\/sitio\/#website"},"primaryImageOfPage":{"@id":"http:\/\/gentedebasquet.com.ar\/sitio\/2016\/04\/06\/dejar-a-bahiense-lo-mas-arriba-posible\/#primaryimage"},"image":{"@id":"http:\/\/gentedebasquet.com.ar\/sitio\/2016\/04\/06\/dejar-a-bahiense-lo-mas-arriba-posible\/#primaryimage"},"thumbnailUrl":"https:\/\/gentedebasquet.com.ar\/sitio\/wp-content\/uploads\/2016\/04\/slide-2.jpg","datePublished":"2016-04-06T14:09:23+00:00","author":{"@id":"https:\/\/gentedebasquet.com.ar\/sitio\/#\/schema\/person\/ca0b63bbb977369988a7bbbdc519943a"},"breadcrumb":{"@id":"http:\/\/gentedebasquet.com.ar\/sitio\/2016\/04\/06\/dejar-a-bahiense-lo-mas-arriba-posible\/#breadcrumb"},"inLanguage":"es","potentialAction":[{"@type":"ReadAction","target":["http:\/\/gentedebasquet.com.ar\/sitio\/2016\/04\/06\/dejar-a-bahiense-lo-mas-arriba-posible\/"]}]},{"@type":"ImageObject","inLanguage":"es","@id":"http:\/\/gentedebasquet.com.ar\/sitio\/2016\/04\/06\/dejar-a-bahiense-lo-mas-arriba-posible\/#primaryimage","url":"https:\/\/gentedebasquet.com.ar\/sitio\/wp-content\/uploads\/2016\/04\/slide-2.jpg","contentUrl":"https:\/\/gentedebasquet.com.ar\/sitio\/wp-content\/uploads\/2016\/04\/slide-2.jpg","width":690,"height":319},{"@type":"BreadcrumbList","@id":"http:\/\/gentedebasquet.com.ar\/sitio\/2016\/04\/06\/dejar-a-bahiense-lo-mas-arriba-posible\/#breadcrumb","itemListElement":[{"@type":"ListItem","position":1,"name":"Portada","item":"https:\/\/gentedebasquet.com.ar\/sitio\/"},{"@type":"ListItem","position":2,"name":"\u00abDejar a Bahiense lo m\u00e1s arriba posible\u00bb"}]},{"@type":"WebSite","@id":"https:\/\/gentedebasquet.com.ar\/sitio\/#website","url":"https:\/\/gentedebasquet.com.ar\/sitio\/","name":"Gente de B\u00e1squet","description":"La revista del basquet de Bah\u00eda Blanca","potentialAction":[{"@type":"SearchAction","target":{"@type":"EntryPoint","urlTemplate":"https:\/\/gentedebasquet.com.ar\/sitio\/?s={search_term_string}"},"query-input":{"@type":"PropertyValueSpecification","valueRequired":true,"valueName":"search_term_string"}}],"inLanguage":"es"},{"@type":"Person","@id":"https:\/\/gentedebasquet.com.ar\/sitio\/#\/schema\/person\/ca0b63bbb977369988a7bbbdc519943a","name":"Gente de B\u00e1squet","image":{"@type":"ImageObject","inLanguage":"es","@id":"https:\/\/secure.gravatar.com\/avatar\/7f2c48bdc33b30088f941fb6082e555f2874c98e20cb159d7b92b50eadfce793?s=96&d=mm&r=g","url":"https:\/\/secure.gravatar.com\/avatar\/7f2c48bdc33b30088f941fb6082e555f2874c98e20cb159d7b92b50eadfce793?s=96&d=mm&r=g","contentUrl":"https:\/\/secure.gravatar.com\/avatar\/7f2c48bdc33b30088f941fb6082e555f2874c98e20cb159d7b92b50eadfce793?s=96&d=mm&r=g","caption":"Gente de B\u00e1squet"},"sameAs":["http:\/\/gentedebasquet.com.ar\/sitio"],"url":"https:\/\/gentedebasquet.com.ar\/sitio\/author\/ulises\/"}]}},"_links":{"self":[{"href":"https:\/\/gentedebasquet.com.ar\/sitio\/wp-json\/wp\/v2\/posts\/58007","targetHints":{"allow":["GET"]}}],"collection":[{"href":"https:\/\/gentedebasquet.com.ar\/sitio\/wp-json\/wp\/v2\/posts"}],"about":[{"href":"https:\/\/gentedebasquet.com.ar\/sitio\/wp-json\/wp\/v2\/types\/post"}],"author":[{"embeddable":true,"href":"https:\/\/gentedebasquet.com.ar\/sitio\/wp-json\/wp\/v2\/users\/1"}],"replies":[{"embeddable":true,"href":"https:\/\/gentedebasquet.com.ar\/sitio\/wp-json\/wp\/v2\/comments?post=58007"}],"version-history":[{"count":0,"href":"https:\/\/gentedebasquet.com.ar\/sitio\/wp-json\/wp\/v2\/posts\/58007\/revisions"}],"wp:featuredmedia":[{"embeddable":true,"href":"https:\/\/gentedebasquet.com.ar\/sitio\/wp-json\/wp\/v2\/media\/58008"}],"wp:attachment":[{"href":"https:\/\/gentedebasquet.com.ar\/sitio\/wp-json\/wp\/v2\/media?parent=58007"}],"wp:term":[{"taxonomy":"category","embeddable":true,"href":"https:\/\/gentedebasquet.com.ar\/sitio\/wp-json\/wp\/v2\/categories?post=58007"},{"taxonomy":"post_tag","embeddable":true,"href":"https:\/\/gentedebasquet.com.ar\/sitio\/wp-json\/wp\/v2\/tags?post=58007"}],"curies":[{"name":"wp","href":"https:\/\/api.w.org\/{rel}","templated":true}]}}