{"id":58388,"date":"2016-04-14T01:11:14","date_gmt":"2016-04-14T04:11:14","guid":{"rendered":"http:\/\/www.gentedebasquet.com.ar\/?p=58388"},"modified":"2016-04-14T01:11:14","modified_gmt":"2016-04-14T04:11:14","slug":"se-quedo-con-la-gloria","status":"publish","type":"post","link":"https:\/\/gentedebasquet.com.ar\/sitio\/2016\/04\/14\/se-quedo-con-la-gloria\/","title":{"rendered":"Se qued\u00f3 con La Gloria"},"content":{"rendered":"<p><strong>Johnson fue una maquinita y Bah\u00eda Basket lleg\u00f3 a su 13\u00b0 triunfo consecutivo. El conjunto de Sepo Gin\u00f3bili tuvo un gran 3C (25-14) donde lleg\u00f3 a sacar 16 de ventaja, pero baj\u00f3 la intensidad en el ep\u00edlogo y sufri\u00f3 m\u00e1s de la cuenta para derrotar a un ca\u00eddo Instituto por 81 a 77. La figura del partido fue Anthony Jhonson con 31 unidades, 17 rebotes y 4 asistencias (40 de eficiencia), adem\u00e1s hubo 10 puntos (8 en el 3C) y 4 asistencias de Lucio Redivo. En La Gloria, que cosech\u00f3 su 5ta derrota en fila, el mejor fue Jazwyn Cowan con 18 puntos y 10 tableros.<\/strong><\/p>\n<p>Un gran 3C de los dirigidos por Sepo Gin\u00f3bili (25-14) le dieron la posibilidad de entrar con respiro al ep\u00edlogo, pero una buena reacci\u00f3n del albirrojo le permiti\u00f3 achicar a 4 la diferencia (72-68) a 3m12s para el final. Sin embargo, el reloj fue el mejor aliado de Bah\u00eda y se qued\u00f3 con un triunfo importante de cara al futuro. Gol a gol y controlando que Bah\u00eda no corra la cancha, Instituto se mantuvo en partido. Le cost\u00f3 defender a Johnson (7) en la pintura, sobre todo cuando el grandote cargaba el rebote ofensivo, pero tuvo variantes en ofensiva (Cowan y Giddens) como para mantenerse a tiro.<\/p>\n<p>El 2C mantuvo la tendencia del primero, Johnson continuaba con su dominio en el trapecio e Instituto sufr\u00eda el no poder tirar c\u00f3modo. Sin embargo, la buena defensa de Instituto sobre Redivo y Juampi Vaulet le cortaba las variantes ofensivas al conjunto de Gin\u00f3bili que terminar\u00eda arriba 38 a 36 el primer tiempo. \u00a0En la vuelta al parquet, una r\u00e1faga de 6-0 comanda por Fjellerup le permit\u00eda a Bah\u00eda a tomar 8, pero el albirojo contest\u00f3 con otro 6-0 de la mano de Cowan y Rollins.<\/p>\n<blockquote><p>Lo importante era ganar. Nos quedan cuatro partidos y luego pensar en lo que viene. Nos est\u00e1 costando mucho en los cierres, pero Johnson siempre est\u00e1 y por suerte lo pudimos ganar (Lucio Redivo)<\/p><\/blockquote>\n<p>Sin embargo, habr\u00eda un punto de inflexi\u00f3n en el juego. Redivo encontr\u00f3 el aro y castig\u00f3 a distancia, la buena defensa sobre Johnson se diluy\u00f3 y el pivote continu\u00f3 con su fruct\u00edfero trabajo. As\u00ed, Bah\u00eda sac\u00f3 16 y lleg\u00f3 c\u00f3modo al final. Bruna se convirti\u00f3 en la br\u00fajula de Instituto y le baj\u00f3 el ritmo al partido. Bah\u00eda ya no corri\u00f3 como antes y La Gloria se anim\u00f3. Con triple y juga de de 2 y 1 del base, m\u00e1s el aporte de Rollins la visita achic\u00f3 a 4 con 3m12s por jugar. Pero otra vez creci\u00f3 Johnson, Instituto que ensayaba una defensa 2-3, se olvid\u00f3 de doblar al extranjero y sumando debajo del aro o en la l\u00ednea le resolvi\u00f3 el partido al local. Bah\u00eda sell\u00f3 su 13\u00b0 triunfo de manera consecutiva y le esperan 4 juegos complicados, pero sue\u00f1a con terminar bien arriba.<\/p>\n<p>&nbsp;<\/p>\n<p><strong>S\u00edntesis |<\/strong> Liga Nacional<\/p>\n<p><strong>Bah\u00eda Basket 81: <\/strong>Gast\u00f3n Whelan 6, Lucio Redivo 10, Juan Pablo Vaulet 6 (X), Jamal Levy 6, Anthony Johnson 31 (FI) Maximo Fjellerup 9, Mart\u00edn Fern\u00e1ndez 0, Santiago Vaulet 7, Ariel Ramos 7. DT: Sebastian Gin\u00f3bili.<\/p>\n<p><strong>Instituto (C\u00f3rdoba)\u00a077: <\/strong>Pablo Bruna 10, Mariano Byr\u00f3 2, Justin Giddens 16, Jazwyn Cowan 18, Alejandro Zilli 4 (FI) Hakeem Rollins 15, Nicol\u00e1s Zurschmitten 5, Lucas Gonz\u00e1lez 2, Joaqu\u00edn Baeza 0, Enzo Ruiz 5. DT: Ariel Rearte<\/p>\n<p><strong>Parciales: <\/strong>22-20, 38-36 (16-16), 63-50 (25-14), 81-77 (18-27).<\/p>\n<p><strong>\u00c1rbitros: <\/strong>Fabricio Vito \u2013 Leonardo Zalazar.<\/p>\n<p><strong>Estadio:<\/strong> Osvaldo Casanova (Estudiantes).<\/p>\n<p><a href=\"http:\/\/www.fibalivestats.com\/u\/ADC\/260577\/\" target=\"_blank\" rel=\"noopener\">ESTADISTICAS OFICIALES<\/a><\/p>\n","protected":false},"excerpt":{"rendered":"<p>Bah\u00eda Basket derrot\u00f3 a Instituto 81-77 y logr\u00f3 su 13\u00b0 triunfo en fila en casa<\/p>\n","protected":false},"author":1,"featured_media":58389,"comment_status":"closed","ping_status":"open","sticky":false,"template":"","format":"standard","meta":{"jnews-multi-image_gallery":[],"jnews_single_post":[],"jnews_primary_category":[],"footnotes":""},"categories":[57,43,39,101],"tags":[1131,58,1201,1265,155],"class_list":["post-58388","post","type-post","status-publish","format-standard","has-post-thumbnail","hentry","category-bahia-basket","category-la-liga","category-nacional","category-slide","tag-anthony-johnson","tag-bahiabasket","tag-instituto","tag-jazwyn-cowan","tag-lucio-redivo"],"yoast_head":"<!-- This site is optimized with the Yoast SEO plugin v27.5 - https:\/\/yoast.com\/product\/yoast-seo-wordpress\/ -->\n<title>Se qued\u00f3 con La Gloria - Gente de B\u00e1squet<\/title>\n<meta name=\"robots\" content=\"index, follow, max-snippet:-1, max-image-preview:large, max-video-preview:-1\" \/>\n<link rel=\"canonical\" href=\"https:\/\/gentedebasquet.com.ar\/sitio\/2016\/04\/14\/se-quedo-con-la-gloria\/\" \/>\n<meta property=\"og:locale\" content=\"es_ES\" \/>\n<meta property=\"og:type\" content=\"article\" \/>\n<meta property=\"og:title\" content=\"Se qued\u00f3 con La Gloria - Gente de B\u00e1squet\" \/>\n<meta property=\"og:description\" content=\"Bah\u00eda Basket derrot\u00f3 a Instituto 81-77 y logr\u00f3 su 13\u00b0 triunfo en fila en casa\" \/>\n<meta property=\"og:url\" content=\"https:\/\/gentedebasquet.com.ar\/sitio\/2016\/04\/14\/se-quedo-con-la-gloria\/\" \/>\n<meta property=\"og:site_name\" content=\"Gente de B\u00e1squet\" \/>\n<meta property=\"article:published_time\" content=\"2016-04-14T04:11:14+00:00\" \/>\n<meta property=\"og:image\" content=\"https:\/\/gentedebasquet.com.ar\/sitio\/wp-content\/uploads\/2016\/04\/WBB.jpg\" \/>\n\t<meta property=\"og:image:width\" content=\"690\" \/>\n\t<meta property=\"og:image:height\" content=\"319\" \/>\n\t<meta property=\"og:image:type\" content=\"image\/jpeg\" \/>\n<meta name=\"author\" content=\"Gente de B\u00e1squet\" \/>\n<meta name=\"twitter:card\" content=\"summary_large_image\" \/>\n<meta name=\"twitter:label1\" content=\"Escrito por\" \/>\n\t<meta name=\"twitter:data1\" content=\"Gente de B\u00e1squet\" \/>\n\t<meta name=\"twitter:label2\" content=\"Tiempo de lectura\" \/>\n\t<meta name=\"twitter:data2\" content=\"3 minutos\" \/>\n<script type=\"application\/ld+json\" class=\"yoast-schema-graph\">{\"@context\":\"https:\\\/\\\/schema.org\",\"@graph\":[{\"@type\":\"Article\",\"@id\":\"https:\\\/\\\/gentedebasquet.com.ar\\\/sitio\\\/2016\\\/04\\\/14\\\/se-quedo-con-la-gloria\\\/#article\",\"isPartOf\":{\"@id\":\"https:\\\/\\\/gentedebasquet.com.ar\\\/sitio\\\/2016\\\/04\\\/14\\\/se-quedo-con-la-gloria\\\/\"},\"author\":{\"name\":\"Gente de B\u00e1squet\",\"@id\":\"https:\\\/\\\/gentedebasquet.com.ar\\\/sitio\\\/#\\\/schema\\\/person\\\/ca0b63bbb977369988a7bbbdc519943a\"},\"headline\":\"Se qued\u00f3 con La Gloria\",\"datePublished\":\"2016-04-14T04:11:14+00:00\",\"mainEntityOfPage\":{\"@id\":\"https:\\\/\\\/gentedebasquet.com.ar\\\/sitio\\\/2016\\\/04\\\/14\\\/se-quedo-con-la-gloria\\\/\"},\"wordCount\":575,\"image\":{\"@id\":\"https:\\\/\\\/gentedebasquet.com.ar\\\/sitio\\\/2016\\\/04\\\/14\\\/se-quedo-con-la-gloria\\\/#primaryimage\"},\"thumbnailUrl\":\"https:\\\/\\\/gentedebasquet.com.ar\\\/sitio\\\/wp-content\\\/uploads\\\/2016\\\/04\\\/WBB.jpg\",\"keywords\":[\"Anthony Johnson\",\"Bah\u00eda Basket\",\"Instituto\",\"Jazwyn Cowan\",\"Lucio Redivo\"],\"articleSection\":[\"Bah\u00eda Basket\",\"Liga Nacional\",\"Nacional\",\"Slide\"],\"inLanguage\":\"es\"},{\"@type\":\"WebPage\",\"@id\":\"https:\\\/\\\/gentedebasquet.com.ar\\\/sitio\\\/2016\\\/04\\\/14\\\/se-quedo-con-la-gloria\\\/\",\"url\":\"https:\\\/\\\/gentedebasquet.com.ar\\\/sitio\\\/2016\\\/04\\\/14\\\/se-quedo-con-la-gloria\\\/\",\"name\":\"Se qued\u00f3 con La Gloria - Gente de B\u00e1squet\",\"isPartOf\":{\"@id\":\"https:\\\/\\\/gentedebasquet.com.ar\\\/sitio\\\/#website\"},\"primaryImageOfPage\":{\"@id\":\"https:\\\/\\\/gentedebasquet.com.ar\\\/sitio\\\/2016\\\/04\\\/14\\\/se-quedo-con-la-gloria\\\/#primaryimage\"},\"image\":{\"@id\":\"https:\\\/\\\/gentedebasquet.com.ar\\\/sitio\\\/2016\\\/04\\\/14\\\/se-quedo-con-la-gloria\\\/#primaryimage\"},\"thumbnailUrl\":\"https:\\\/\\\/gentedebasquet.com.ar\\\/sitio\\\/wp-content\\\/uploads\\\/2016\\\/04\\\/WBB.jpg\",\"datePublished\":\"2016-04-14T04:11:14+00:00\",\"author\":{\"@id\":\"https:\\\/\\\/gentedebasquet.com.ar\\\/sitio\\\/#\\\/schema\\\/person\\\/ca0b63bbb977369988a7bbbdc519943a\"},\"breadcrumb\":{\"@id\":\"https:\\\/\\\/gentedebasquet.com.ar\\\/sitio\\\/2016\\\/04\\\/14\\\/se-quedo-con-la-gloria\\\/#breadcrumb\"},\"inLanguage\":\"es\",\"potentialAction\":[{\"@type\":\"ReadAction\",\"target\":[\"https:\\\/\\\/gentedebasquet.com.ar\\\/sitio\\\/2016\\\/04\\\/14\\\/se-quedo-con-la-gloria\\\/\"]}]},{\"@type\":\"ImageObject\",\"inLanguage\":\"es\",\"@id\":\"https:\\\/\\\/gentedebasquet.com.ar\\\/sitio\\\/2016\\\/04\\\/14\\\/se-quedo-con-la-gloria\\\/#primaryimage\",\"url\":\"https:\\\/\\\/gentedebasquet.com.ar\\\/sitio\\\/wp-content\\\/uploads\\\/2016\\\/04\\\/WBB.jpg\",\"contentUrl\":\"https:\\\/\\\/gentedebasquet.com.ar\\\/sitio\\\/wp-content\\\/uploads\\\/2016\\\/04\\\/WBB.jpg\",\"width\":690,\"height\":319},{\"@type\":\"BreadcrumbList\",\"@id\":\"https:\\\/\\\/gentedebasquet.com.ar\\\/sitio\\\/2016\\\/04\\\/14\\\/se-quedo-con-la-gloria\\\/#breadcrumb\",\"itemListElement\":[{\"@type\":\"ListItem\",\"position\":1,\"name\":\"Portada\",\"item\":\"https:\\\/\\\/gentedebasquet.com.ar\\\/sitio\\\/\"},{\"@type\":\"ListItem\",\"position\":2,\"name\":\"Se qued\u00f3 con La Gloria\"}]},{\"@type\":\"WebSite\",\"@id\":\"https:\\\/\\\/gentedebasquet.com.ar\\\/sitio\\\/#website\",\"url\":\"https:\\\/\\\/gentedebasquet.com.ar\\\/sitio\\\/\",\"name\":\"Gente de B\u00e1squet\",\"description\":\"La revista del basquet de Bah\u00eda Blanca\",\"potentialAction\":[{\"@type\":\"SearchAction\",\"target\":{\"@type\":\"EntryPoint\",\"urlTemplate\":\"https:\\\/\\\/gentedebasquet.com.ar\\\/sitio\\\/?s={search_term_string}\"},\"query-input\":{\"@type\":\"PropertyValueSpecification\",\"valueRequired\":true,\"valueName\":\"search_term_string\"}}],\"inLanguage\":\"es\"},{\"@type\":\"Person\",\"@id\":\"https:\\\/\\\/gentedebasquet.com.ar\\\/sitio\\\/#\\\/schema\\\/person\\\/ca0b63bbb977369988a7bbbdc519943a\",\"name\":\"Gente de B\u00e1squet\",\"image\":{\"@type\":\"ImageObject\",\"inLanguage\":\"es\",\"@id\":\"https:\\\/\\\/secure.gravatar.com\\\/avatar\\\/7f2c48bdc33b30088f941fb6082e555f2874c98e20cb159d7b92b50eadfce793?s=96&d=mm&r=g\",\"url\":\"https:\\\/\\\/secure.gravatar.com\\\/avatar\\\/7f2c48bdc33b30088f941fb6082e555f2874c98e20cb159d7b92b50eadfce793?s=96&d=mm&r=g\",\"contentUrl\":\"https:\\\/\\\/secure.gravatar.com\\\/avatar\\\/7f2c48bdc33b30088f941fb6082e555f2874c98e20cb159d7b92b50eadfce793?s=96&d=mm&r=g\",\"caption\":\"Gente de B\u00e1squet\"},\"sameAs\":[\"http:\\\/\\\/gentedebasquet.com.ar\\\/sitio\"],\"url\":\"https:\\\/\\\/gentedebasquet.com.ar\\\/sitio\\\/author\\\/ulises\\\/\"}]}<\/script>\n<!-- \/ Yoast SEO plugin. -->","yoast_head_json":{"title":"Se qued\u00f3 con La Gloria - Gente de B\u00e1squet","robots":{"index":"index","follow":"follow","max-snippet":"max-snippet:-1","max-image-preview":"max-image-preview:large","max-video-preview":"max-video-preview:-1"},"canonical":"https:\/\/gentedebasquet.com.ar\/sitio\/2016\/04\/14\/se-quedo-con-la-gloria\/","og_locale":"es_ES","og_type":"article","og_title":"Se qued\u00f3 con La Gloria - Gente de B\u00e1squet","og_description":"Bah\u00eda Basket derrot\u00f3 a Instituto 81-77 y logr\u00f3 su 13\u00b0 triunfo en fila en casa","og_url":"https:\/\/gentedebasquet.com.ar\/sitio\/2016\/04\/14\/se-quedo-con-la-gloria\/","og_site_name":"Gente de B\u00e1squet","article_published_time":"2016-04-14T04:11:14+00:00","og_image":[{"width":690,"height":319,"url":"https:\/\/gentedebasquet.com.ar\/sitio\/wp-content\/uploads\/2016\/04\/WBB.jpg","type":"image\/jpeg"}],"author":"Gente de B\u00e1squet","twitter_card":"summary_large_image","twitter_misc":{"Escrito por":"Gente de B\u00e1squet","Tiempo de lectura":"3 minutos"},"schema":{"@context":"https:\/\/schema.org","@graph":[{"@type":"Article","@id":"https:\/\/gentedebasquet.com.ar\/sitio\/2016\/04\/14\/se-quedo-con-la-gloria\/#article","isPartOf":{"@id":"https:\/\/gentedebasquet.com.ar\/sitio\/2016\/04\/14\/se-quedo-con-la-gloria\/"},"author":{"name":"Gente de B\u00e1squet","@id":"https:\/\/gentedebasquet.com.ar\/sitio\/#\/schema\/person\/ca0b63bbb977369988a7bbbdc519943a"},"headline":"Se qued\u00f3 con La Gloria","datePublished":"2016-04-14T04:11:14+00:00","mainEntityOfPage":{"@id":"https:\/\/gentedebasquet.com.ar\/sitio\/2016\/04\/14\/se-quedo-con-la-gloria\/"},"wordCount":575,"image":{"@id":"https:\/\/gentedebasquet.com.ar\/sitio\/2016\/04\/14\/se-quedo-con-la-gloria\/#primaryimage"},"thumbnailUrl":"https:\/\/gentedebasquet.com.ar\/sitio\/wp-content\/uploads\/2016\/04\/WBB.jpg","keywords":["Anthony Johnson","Bah\u00eda Basket","Instituto","Jazwyn Cowan","Lucio Redivo"],"articleSection":["Bah\u00eda Basket","Liga Nacional","Nacional","Slide"],"inLanguage":"es"},{"@type":"WebPage","@id":"https:\/\/gentedebasquet.com.ar\/sitio\/2016\/04\/14\/se-quedo-con-la-gloria\/","url":"https:\/\/gentedebasquet.com.ar\/sitio\/2016\/04\/14\/se-quedo-con-la-gloria\/","name":"Se qued\u00f3 con La Gloria - Gente de B\u00e1squet","isPartOf":{"@id":"https:\/\/gentedebasquet.com.ar\/sitio\/#website"},"primaryImageOfPage":{"@id":"https:\/\/gentedebasquet.com.ar\/sitio\/2016\/04\/14\/se-quedo-con-la-gloria\/#primaryimage"},"image":{"@id":"https:\/\/gentedebasquet.com.ar\/sitio\/2016\/04\/14\/se-quedo-con-la-gloria\/#primaryimage"},"thumbnailUrl":"https:\/\/gentedebasquet.com.ar\/sitio\/wp-content\/uploads\/2016\/04\/WBB.jpg","datePublished":"2016-04-14T04:11:14+00:00","author":{"@id":"https:\/\/gentedebasquet.com.ar\/sitio\/#\/schema\/person\/ca0b63bbb977369988a7bbbdc519943a"},"breadcrumb":{"@id":"https:\/\/gentedebasquet.com.ar\/sitio\/2016\/04\/14\/se-quedo-con-la-gloria\/#breadcrumb"},"inLanguage":"es","potentialAction":[{"@type":"ReadAction","target":["https:\/\/gentedebasquet.com.ar\/sitio\/2016\/04\/14\/se-quedo-con-la-gloria\/"]}]},{"@type":"ImageObject","inLanguage":"es","@id":"https:\/\/gentedebasquet.com.ar\/sitio\/2016\/04\/14\/se-quedo-con-la-gloria\/#primaryimage","url":"https:\/\/gentedebasquet.com.ar\/sitio\/wp-content\/uploads\/2016\/04\/WBB.jpg","contentUrl":"https:\/\/gentedebasquet.com.ar\/sitio\/wp-content\/uploads\/2016\/04\/WBB.jpg","width":690,"height":319},{"@type":"BreadcrumbList","@id":"https:\/\/gentedebasquet.com.ar\/sitio\/2016\/04\/14\/se-quedo-con-la-gloria\/#breadcrumb","itemListElement":[{"@type":"ListItem","position":1,"name":"Portada","item":"https:\/\/gentedebasquet.com.ar\/sitio\/"},{"@type":"ListItem","position":2,"name":"Se qued\u00f3 con La Gloria"}]},{"@type":"WebSite","@id":"https:\/\/gentedebasquet.com.ar\/sitio\/#website","url":"https:\/\/gentedebasquet.com.ar\/sitio\/","name":"Gente de B\u00e1squet","description":"La revista del basquet de Bah\u00eda Blanca","potentialAction":[{"@type":"SearchAction","target":{"@type":"EntryPoint","urlTemplate":"https:\/\/gentedebasquet.com.ar\/sitio\/?s={search_term_string}"},"query-input":{"@type":"PropertyValueSpecification","valueRequired":true,"valueName":"search_term_string"}}],"inLanguage":"es"},{"@type":"Person","@id":"https:\/\/gentedebasquet.com.ar\/sitio\/#\/schema\/person\/ca0b63bbb977369988a7bbbdc519943a","name":"Gente de B\u00e1squet","image":{"@type":"ImageObject","inLanguage":"es","@id":"https:\/\/secure.gravatar.com\/avatar\/7f2c48bdc33b30088f941fb6082e555f2874c98e20cb159d7b92b50eadfce793?s=96&d=mm&r=g","url":"https:\/\/secure.gravatar.com\/avatar\/7f2c48bdc33b30088f941fb6082e555f2874c98e20cb159d7b92b50eadfce793?s=96&d=mm&r=g","contentUrl":"https:\/\/secure.gravatar.com\/avatar\/7f2c48bdc33b30088f941fb6082e555f2874c98e20cb159d7b92b50eadfce793?s=96&d=mm&r=g","caption":"Gente de B\u00e1squet"},"sameAs":["http:\/\/gentedebasquet.com.ar\/sitio"],"url":"https:\/\/gentedebasquet.com.ar\/sitio\/author\/ulises\/"}]}},"_links":{"self":[{"href":"https:\/\/gentedebasquet.com.ar\/sitio\/wp-json\/wp\/v2\/posts\/58388","targetHints":{"allow":["GET"]}}],"collection":[{"href":"https:\/\/gentedebasquet.com.ar\/sitio\/wp-json\/wp\/v2\/posts"}],"about":[{"href":"https:\/\/gentedebasquet.com.ar\/sitio\/wp-json\/wp\/v2\/types\/post"}],"author":[{"embeddable":true,"href":"https:\/\/gentedebasquet.com.ar\/sitio\/wp-json\/wp\/v2\/users\/1"}],"replies":[{"embeddable":true,"href":"https:\/\/gentedebasquet.com.ar\/sitio\/wp-json\/wp\/v2\/comments?post=58388"}],"version-history":[{"count":0,"href":"https:\/\/gentedebasquet.com.ar\/sitio\/wp-json\/wp\/v2\/posts\/58388\/revisions"}],"wp:featuredmedia":[{"embeddable":true,"href":"https:\/\/gentedebasquet.com.ar\/sitio\/wp-json\/wp\/v2\/media\/58389"}],"wp:attachment":[{"href":"https:\/\/gentedebasquet.com.ar\/sitio\/wp-json\/wp\/v2\/media?parent=58388"}],"wp:term":[{"taxonomy":"category","embeddable":true,"href":"https:\/\/gentedebasquet.com.ar\/sitio\/wp-json\/wp\/v2\/categories?post=58388"},{"taxonomy":"post_tag","embeddable":true,"href":"https:\/\/gentedebasquet.com.ar\/sitio\/wp-json\/wp\/v2\/tags?post=58388"}],"curies":[{"name":"wp","href":"https:\/\/api.w.org\/{rel}","templated":true}]}}