{"id":58539,"date":"2016-04-16T17:27:00","date_gmt":"2016-04-16T20:27:00","guid":{"rendered":"http:\/\/www.gentedebasquet.com.ar\/?p=58539"},"modified":"2016-04-16T17:27:00","modified_gmt":"2016-04-16T20:27:00","slug":"para-nada-pacifico","status":"publish","type":"post","link":"https:\/\/gentedebasquet.com.ar\/sitio\/2016\/04\/16\/para-nada-pacifico\/","title":{"rendered":"Para nada Pac\u00edfico"},"content":{"rendered":"<p><strong>En el Vicente Palermo, Pacifico\u00a0venci\u00f3\u00a0holgadamente a\u00a0Pueyrredon por 80 a 40 en el juego correspondiente a la tercera fecha de Infantiles. El Verde domin\u00f3 ampliamente la lucha\u00a0\u00e1rea\u00a0(46 a 29 en rebotes) y adem\u00e1s,\u00a0reparti\u00f3\u00a0muy\u00a0bien su goleo teniendo a tres jugadores en doble\u00a0d\u00edgito: Kloster (13), Redivo (12) y Periga (11). Por\u00a0el lado local se destac\u00f3 el base Santiago Segal, autor de 15 puntos.<\/strong><\/p>\n<p>El inicio del partido fue de un tr\u00e1mite parejo hasta que a falta de dos minutos, una bomba de Juan Redivo (5 puntos) le abri\u00f3 el goleo a Pacifico. Por su parte, Pueyrred\u00f3n tuvo un primer cuarto dependiente de su base Segal (5 puntos) y su pivot Icasto, mientras el verde administr\u00f3 su goleo cerrando el cuarto con ventaja de 23 a 9.<\/p>\n<p>En el segundo cuarto, y con un \u00abnuevo equipo\u00bb en cancha ante el recambio obligatorio. El ingreso de Juli\u00e1n Casalini (9 puntos) le permiti\u00f3 a Pueyrred\u00f3n achicar la brecha a 10 puntos a falta de dos minutos. Aunque la presi\u00f3n alta del Verde le dio r\u00e9dito con varias perdidas del rival (7), permiti\u00e9ndose mantener la diferencia e irse al descanso largo 37 a 22 arriba.<\/p>\n<p>En el tercer cuarto, los buenos movimientos en ofensiva y el\u00a0alto porcentaje de campo de Pacifico hizo aumentar a\u00fan m\u00e1s la diferencia en el marcador, destac\u00e1ndose Emanuel Kloster (9 puntos). Mientras que el conjunto dirigido por Alan Rava, tuvo bajo goleo (9 puntos en el cuarto) y una d\u00e9bil defensa.<\/p>\n<p>El ultimo cuarto solo permiti\u00f3 que el conjunto comandado por Mauro Richotti siga aumentando la diferencia, que llego a ser de 42 puntos (37-79) a falta de 2 minutos, sobresaliendo la figura de Nahuel Periga (7 puntos). Pueyrred\u00f3n continu\u00f3 con muchas perdidas, algo resignado y falto de ideas. Por eso, que el encuentro termin\u00f3 a favor de Pac\u00edfico por 80 a 40.<\/p>\n<p>&nbsp;<\/p>\n<p><strong>S\u00edntesis |<\/strong>\u00a0U15 \u2013 Primera Etapa \u2013 Zona Clasificatoria A \u2013 Fecha #3<\/p>\n<p><strong>Pueyrred\u00f3n 40:\u00a0<\/strong>Santiago Segal 15, Joaqu\u00edn Barco 0, Giovanni Copreni 2, Agust\u00edn Rozas Dennis 0, Agust\u00edn Icasto 4 (Fi); Mati\u00e1s Corinaldesi 0, Felipe Herbalejo 8, Alex Roncallo 0, Santiago Giobbi 0, Juli\u00e1n Casalini 9, Eusebio Sajtroch 2 y Ramiro Altacour 0. DT: Alan Rava.<\/p>\n<p><strong>Pac\u00edfico 80:<\/strong> Em\u00e1nuel Kloster 13, Juan Redivo 12, Mariano Lliteras 4, Tomas Taccani 4, Lautaro Cabrera 8 (Fi); Nahuel Olivera 6, Benjam\u00edn Giagante 8, Francisco Nardelli 5 (x), Iv\u00e1n Renneri 7, Nahuel Periga 11, Juan Mart\u00edn Banderet 0 y Lautaro Bonino 2. DT: Mauro Richotti.<\/p>\n<p><strong>Parciales:<\/strong> 9-23, 22-37 (13-14), 31-62 (9-25) y 40-80 (9-28).<\/p>\n<p><b>\u00c1rbitros<\/b><strong>:\u00a0<\/strong>Rodrigo Ballerini &#8211; Iv\u00e1n Montenegro.<\/p>\n<p><strong>Estadio:\u00a0<\/strong>Vicente Palermo (Pueyrred\u00f3n).<\/p>\n<p><b>Colaboraci\u00f3n<\/b><strong>:\u00a0<\/strong>Franco Crivellini.<\/p>\n<p><strong>Fotos:<\/strong> Mauro Giovannini.<\/p>\n<p><a href=\"https:\/\/docs.google.com\/spreadsheets\/d\/1iU2XEbgT0qtXQZC4epD5qWGVziyd-T73RnxvyhHfuK4\/pubhtml? target=\" target=\"_blank\" rel=\"noopener\">Ver planilla<\/a><\/p>\n<p>&nbsp;<\/p>\n<h5 style=\"text-align: center\">PUEYRRED\u00d3N U15<\/h5>\n<p><img decoding=\"async\" class=\"aligncenter size-full wp-image-58550\" src=\"http:\/\/www.gentedebasquet.com.ar\/wp-content\/uploads\/2016\/04\/Pueyrred\u00f3n-U15.jpg\" alt=\"Pueyrred\u00f3n U15\" width=\"640\" height=\"440\" \/><\/p>\n<h5 style=\"text-align: center\">PAC\u00cdFICO U15<\/h5>\n<p><img decoding=\"async\" class=\"aligncenter size-full wp-image-58549\" src=\"http:\/\/www.gentedebasquet.com.ar\/wp-content\/uploads\/2016\/04\/Pac\u00edfico-U15.jpg\" alt=\"Pac\u00edfico U15\" width=\"640\" height=\"440\" \/><\/p>\n","protected":false},"excerpt":{"rendered":"<p>En Infantiles, el Verde venci\u00f3 a domicilio a Pueyrred\u00f3n por 80 a 40<\/p>\n","protected":false},"author":44,"featured_media":58546,"comment_status":"closed","ping_status":"open","sticky":false,"template":"","format":"standard","meta":{"jnews-multi-image_gallery":[],"jnews_single_post":[],"jnews_primary_category":[],"footnotes":""},"categories":[101,27],"tags":[17,18],"class_list":["post-58539","post","type-post","status-publish","format-standard","has-post-thumbnail","hentry","category-slide","category-u15","tag-pacifico","tag-pueyrredon"],"yoast_head":"<!-- This site is optimized with the Yoast SEO plugin v27.5 - https:\/\/yoast.com\/product\/yoast-seo-wordpress\/ -->\n<title>Para nada Pac\u00edfico - Gente de B\u00e1squet<\/title>\n<meta name=\"robots\" content=\"index, follow, max-snippet:-1, max-image-preview:large, max-video-preview:-1\" \/>\n<link rel=\"canonical\" href=\"https:\/\/gentedebasquet.com.ar\/sitio\/2016\/04\/16\/para-nada-pacifico\/\" \/>\n<meta property=\"og:locale\" content=\"es_ES\" \/>\n<meta property=\"og:type\" content=\"article\" \/>\n<meta property=\"og:title\" content=\"Para nada Pac\u00edfico - Gente de B\u00e1squet\" \/>\n<meta property=\"og:description\" content=\"En Infantiles, el Verde venci\u00f3 a domicilio a Pueyrred\u00f3n por 80 a 40\" \/>\n<meta property=\"og:url\" content=\"https:\/\/gentedebasquet.com.ar\/sitio\/2016\/04\/16\/para-nada-pacifico\/\" \/>\n<meta property=\"og:site_name\" content=\"Gente de B\u00e1squet\" \/>\n<meta property=\"article:published_time\" content=\"2016-04-16T20:27:00+00:00\" \/>\n<meta property=\"og:image\" content=\"https:\/\/gentedebasquet.com.ar\/sitio\/wp-content\/uploads\/2016\/04\/Pueyrredon-Pacifico-U15.jpg\" \/>\n\t<meta property=\"og:image:width\" content=\"690\" \/>\n\t<meta property=\"og:image:height\" content=\"319\" \/>\n\t<meta property=\"og:image:type\" content=\"image\/jpeg\" \/>\n<meta name=\"author\" content=\"Santiago Guerrero\" \/>\n<meta name=\"twitter:card\" content=\"summary_large_image\" \/>\n<meta name=\"twitter:label1\" content=\"Escrito por\" \/>\n\t<meta name=\"twitter:data1\" content=\"Santiago Guerrero\" \/>\n\t<meta name=\"twitter:label2\" content=\"Tiempo de lectura\" \/>\n\t<meta name=\"twitter:data2\" content=\"2 minutos\" \/>\n<script type=\"application\/ld+json\" class=\"yoast-schema-graph\">{\"@context\":\"https:\\\/\\\/schema.org\",\"@graph\":[{\"@type\":\"Article\",\"@id\":\"https:\\\/\\\/gentedebasquet.com.ar\\\/sitio\\\/2016\\\/04\\\/16\\\/para-nada-pacifico\\\/#article\",\"isPartOf\":{\"@id\":\"https:\\\/\\\/gentedebasquet.com.ar\\\/sitio\\\/2016\\\/04\\\/16\\\/para-nada-pacifico\\\/\"},\"author\":{\"name\":\"Santiago Guerrero\",\"@id\":\"https:\\\/\\\/gentedebasquet.com.ar\\\/sitio\\\/#\\\/schema\\\/person\\\/d904c67a20106b85a87a1e7d9ed4af04\"},\"headline\":\"Para nada Pac\u00edfico\",\"datePublished\":\"2016-04-16T20:27:00+00:00\",\"mainEntityOfPage\":{\"@id\":\"https:\\\/\\\/gentedebasquet.com.ar\\\/sitio\\\/2016\\\/04\\\/16\\\/para-nada-pacifico\\\/\"},\"wordCount\":427,\"image\":{\"@id\":\"https:\\\/\\\/gentedebasquet.com.ar\\\/sitio\\\/2016\\\/04\\\/16\\\/para-nada-pacifico\\\/#primaryimage\"},\"thumbnailUrl\":\"https:\\\/\\\/gentedebasquet.com.ar\\\/sitio\\\/wp-content\\\/uploads\\\/2016\\\/04\\\/Pueyrredon-Pacifico-U15.jpg\",\"keywords\":[\"Pacifico\",\"Pueyrredon\"],\"articleSection\":[\"Slide\",\"U15\"],\"inLanguage\":\"es\"},{\"@type\":\"WebPage\",\"@id\":\"https:\\\/\\\/gentedebasquet.com.ar\\\/sitio\\\/2016\\\/04\\\/16\\\/para-nada-pacifico\\\/\",\"url\":\"https:\\\/\\\/gentedebasquet.com.ar\\\/sitio\\\/2016\\\/04\\\/16\\\/para-nada-pacifico\\\/\",\"name\":\"Para nada Pac\u00edfico - Gente de B\u00e1squet\",\"isPartOf\":{\"@id\":\"https:\\\/\\\/gentedebasquet.com.ar\\\/sitio\\\/#website\"},\"primaryImageOfPage\":{\"@id\":\"https:\\\/\\\/gentedebasquet.com.ar\\\/sitio\\\/2016\\\/04\\\/16\\\/para-nada-pacifico\\\/#primaryimage\"},\"image\":{\"@id\":\"https:\\\/\\\/gentedebasquet.com.ar\\\/sitio\\\/2016\\\/04\\\/16\\\/para-nada-pacifico\\\/#primaryimage\"},\"thumbnailUrl\":\"https:\\\/\\\/gentedebasquet.com.ar\\\/sitio\\\/wp-content\\\/uploads\\\/2016\\\/04\\\/Pueyrredon-Pacifico-U15.jpg\",\"datePublished\":\"2016-04-16T20:27:00+00:00\",\"author\":{\"@id\":\"https:\\\/\\\/gentedebasquet.com.ar\\\/sitio\\\/#\\\/schema\\\/person\\\/d904c67a20106b85a87a1e7d9ed4af04\"},\"breadcrumb\":{\"@id\":\"https:\\\/\\\/gentedebasquet.com.ar\\\/sitio\\\/2016\\\/04\\\/16\\\/para-nada-pacifico\\\/#breadcrumb\"},\"inLanguage\":\"es\",\"potentialAction\":[{\"@type\":\"ReadAction\",\"target\":[\"https:\\\/\\\/gentedebasquet.com.ar\\\/sitio\\\/2016\\\/04\\\/16\\\/para-nada-pacifico\\\/\"]}]},{\"@type\":\"ImageObject\",\"inLanguage\":\"es\",\"@id\":\"https:\\\/\\\/gentedebasquet.com.ar\\\/sitio\\\/2016\\\/04\\\/16\\\/para-nada-pacifico\\\/#primaryimage\",\"url\":\"https:\\\/\\\/gentedebasquet.com.ar\\\/sitio\\\/wp-content\\\/uploads\\\/2016\\\/04\\\/Pueyrredon-Pacifico-U15.jpg\",\"contentUrl\":\"https:\\\/\\\/gentedebasquet.com.ar\\\/sitio\\\/wp-content\\\/uploads\\\/2016\\\/04\\\/Pueyrredon-Pacifico-U15.jpg\",\"width\":690,\"height\":319},{\"@type\":\"BreadcrumbList\",\"@id\":\"https:\\\/\\\/gentedebasquet.com.ar\\\/sitio\\\/2016\\\/04\\\/16\\\/para-nada-pacifico\\\/#breadcrumb\",\"itemListElement\":[{\"@type\":\"ListItem\",\"position\":1,\"name\":\"Portada\",\"item\":\"https:\\\/\\\/gentedebasquet.com.ar\\\/sitio\\\/\"},{\"@type\":\"ListItem\",\"position\":2,\"name\":\"Para nada Pac\u00edfico\"}]},{\"@type\":\"WebSite\",\"@id\":\"https:\\\/\\\/gentedebasquet.com.ar\\\/sitio\\\/#website\",\"url\":\"https:\\\/\\\/gentedebasquet.com.ar\\\/sitio\\\/\",\"name\":\"Gente de B\u00e1squet\",\"description\":\"La revista del basquet de Bah\u00eda Blanca\",\"potentialAction\":[{\"@type\":\"SearchAction\",\"target\":{\"@type\":\"EntryPoint\",\"urlTemplate\":\"https:\\\/\\\/gentedebasquet.com.ar\\\/sitio\\\/?s={search_term_string}\"},\"query-input\":{\"@type\":\"PropertyValueSpecification\",\"valueRequired\":true,\"valueName\":\"search_term_string\"}}],\"inLanguage\":\"es\"},{\"@type\":\"Person\",\"@id\":\"https:\\\/\\\/gentedebasquet.com.ar\\\/sitio\\\/#\\\/schema\\\/person\\\/d904c67a20106b85a87a1e7d9ed4af04\",\"name\":\"Santiago Guerrero\",\"image\":{\"@type\":\"ImageObject\",\"inLanguage\":\"es\",\"@id\":\"https:\\\/\\\/secure.gravatar.com\\\/avatar\\\/9749e94c265693326e6778de232cd359016d3c0dabce9d7260c9e96e592bc3a3?s=96&d=mm&r=g\",\"url\":\"https:\\\/\\\/secure.gravatar.com\\\/avatar\\\/9749e94c265693326e6778de232cd359016d3c0dabce9d7260c9e96e592bc3a3?s=96&d=mm&r=g\",\"contentUrl\":\"https:\\\/\\\/secure.gravatar.com\\\/avatar\\\/9749e94c265693326e6778de232cd359016d3c0dabce9d7260c9e96e592bc3a3?s=96&d=mm&r=g\",\"caption\":\"Santiago Guerrero\"},\"url\":\"https:\\\/\\\/gentedebasquet.com.ar\\\/sitio\\\/author\\\/santiago-guerrero\\\/\"}]}<\/script>\n<!-- \/ Yoast SEO plugin. -->","yoast_head_json":{"title":"Para nada Pac\u00edfico - Gente de B\u00e1squet","robots":{"index":"index","follow":"follow","max-snippet":"max-snippet:-1","max-image-preview":"max-image-preview:large","max-video-preview":"max-video-preview:-1"},"canonical":"https:\/\/gentedebasquet.com.ar\/sitio\/2016\/04\/16\/para-nada-pacifico\/","og_locale":"es_ES","og_type":"article","og_title":"Para nada Pac\u00edfico - Gente de B\u00e1squet","og_description":"En Infantiles, el Verde venci\u00f3 a domicilio a Pueyrred\u00f3n por 80 a 40","og_url":"https:\/\/gentedebasquet.com.ar\/sitio\/2016\/04\/16\/para-nada-pacifico\/","og_site_name":"Gente de B\u00e1squet","article_published_time":"2016-04-16T20:27:00+00:00","og_image":[{"width":690,"height":319,"url":"https:\/\/gentedebasquet.com.ar\/sitio\/wp-content\/uploads\/2016\/04\/Pueyrredon-Pacifico-U15.jpg","type":"image\/jpeg"}],"author":"Santiago Guerrero","twitter_card":"summary_large_image","twitter_misc":{"Escrito por":"Santiago Guerrero","Tiempo de lectura":"2 minutos"},"schema":{"@context":"https:\/\/schema.org","@graph":[{"@type":"Article","@id":"https:\/\/gentedebasquet.com.ar\/sitio\/2016\/04\/16\/para-nada-pacifico\/#article","isPartOf":{"@id":"https:\/\/gentedebasquet.com.ar\/sitio\/2016\/04\/16\/para-nada-pacifico\/"},"author":{"name":"Santiago Guerrero","@id":"https:\/\/gentedebasquet.com.ar\/sitio\/#\/schema\/person\/d904c67a20106b85a87a1e7d9ed4af04"},"headline":"Para nada Pac\u00edfico","datePublished":"2016-04-16T20:27:00+00:00","mainEntityOfPage":{"@id":"https:\/\/gentedebasquet.com.ar\/sitio\/2016\/04\/16\/para-nada-pacifico\/"},"wordCount":427,"image":{"@id":"https:\/\/gentedebasquet.com.ar\/sitio\/2016\/04\/16\/para-nada-pacifico\/#primaryimage"},"thumbnailUrl":"https:\/\/gentedebasquet.com.ar\/sitio\/wp-content\/uploads\/2016\/04\/Pueyrredon-Pacifico-U15.jpg","keywords":["Pacifico","Pueyrredon"],"articleSection":["Slide","U15"],"inLanguage":"es"},{"@type":"WebPage","@id":"https:\/\/gentedebasquet.com.ar\/sitio\/2016\/04\/16\/para-nada-pacifico\/","url":"https:\/\/gentedebasquet.com.ar\/sitio\/2016\/04\/16\/para-nada-pacifico\/","name":"Para nada Pac\u00edfico - Gente de B\u00e1squet","isPartOf":{"@id":"https:\/\/gentedebasquet.com.ar\/sitio\/#website"},"primaryImageOfPage":{"@id":"https:\/\/gentedebasquet.com.ar\/sitio\/2016\/04\/16\/para-nada-pacifico\/#primaryimage"},"image":{"@id":"https:\/\/gentedebasquet.com.ar\/sitio\/2016\/04\/16\/para-nada-pacifico\/#primaryimage"},"thumbnailUrl":"https:\/\/gentedebasquet.com.ar\/sitio\/wp-content\/uploads\/2016\/04\/Pueyrredon-Pacifico-U15.jpg","datePublished":"2016-04-16T20:27:00+00:00","author":{"@id":"https:\/\/gentedebasquet.com.ar\/sitio\/#\/schema\/person\/d904c67a20106b85a87a1e7d9ed4af04"},"breadcrumb":{"@id":"https:\/\/gentedebasquet.com.ar\/sitio\/2016\/04\/16\/para-nada-pacifico\/#breadcrumb"},"inLanguage":"es","potentialAction":[{"@type":"ReadAction","target":["https:\/\/gentedebasquet.com.ar\/sitio\/2016\/04\/16\/para-nada-pacifico\/"]}]},{"@type":"ImageObject","inLanguage":"es","@id":"https:\/\/gentedebasquet.com.ar\/sitio\/2016\/04\/16\/para-nada-pacifico\/#primaryimage","url":"https:\/\/gentedebasquet.com.ar\/sitio\/wp-content\/uploads\/2016\/04\/Pueyrredon-Pacifico-U15.jpg","contentUrl":"https:\/\/gentedebasquet.com.ar\/sitio\/wp-content\/uploads\/2016\/04\/Pueyrredon-Pacifico-U15.jpg","width":690,"height":319},{"@type":"BreadcrumbList","@id":"https:\/\/gentedebasquet.com.ar\/sitio\/2016\/04\/16\/para-nada-pacifico\/#breadcrumb","itemListElement":[{"@type":"ListItem","position":1,"name":"Portada","item":"https:\/\/gentedebasquet.com.ar\/sitio\/"},{"@type":"ListItem","position":2,"name":"Para nada Pac\u00edfico"}]},{"@type":"WebSite","@id":"https:\/\/gentedebasquet.com.ar\/sitio\/#website","url":"https:\/\/gentedebasquet.com.ar\/sitio\/","name":"Gente de B\u00e1squet","description":"La revista del basquet de Bah\u00eda Blanca","potentialAction":[{"@type":"SearchAction","target":{"@type":"EntryPoint","urlTemplate":"https:\/\/gentedebasquet.com.ar\/sitio\/?s={search_term_string}"},"query-input":{"@type":"PropertyValueSpecification","valueRequired":true,"valueName":"search_term_string"}}],"inLanguage":"es"},{"@type":"Person","@id":"https:\/\/gentedebasquet.com.ar\/sitio\/#\/schema\/person\/d904c67a20106b85a87a1e7d9ed4af04","name":"Santiago Guerrero","image":{"@type":"ImageObject","inLanguage":"es","@id":"https:\/\/secure.gravatar.com\/avatar\/9749e94c265693326e6778de232cd359016d3c0dabce9d7260c9e96e592bc3a3?s=96&d=mm&r=g","url":"https:\/\/secure.gravatar.com\/avatar\/9749e94c265693326e6778de232cd359016d3c0dabce9d7260c9e96e592bc3a3?s=96&d=mm&r=g","contentUrl":"https:\/\/secure.gravatar.com\/avatar\/9749e94c265693326e6778de232cd359016d3c0dabce9d7260c9e96e592bc3a3?s=96&d=mm&r=g","caption":"Santiago Guerrero"},"url":"https:\/\/gentedebasquet.com.ar\/sitio\/author\/santiago-guerrero\/"}]}},"_links":{"self":[{"href":"https:\/\/gentedebasquet.com.ar\/sitio\/wp-json\/wp\/v2\/posts\/58539","targetHints":{"allow":["GET"]}}],"collection":[{"href":"https:\/\/gentedebasquet.com.ar\/sitio\/wp-json\/wp\/v2\/posts"}],"about":[{"href":"https:\/\/gentedebasquet.com.ar\/sitio\/wp-json\/wp\/v2\/types\/post"}],"author":[{"embeddable":true,"href":"https:\/\/gentedebasquet.com.ar\/sitio\/wp-json\/wp\/v2\/users\/44"}],"replies":[{"embeddable":true,"href":"https:\/\/gentedebasquet.com.ar\/sitio\/wp-json\/wp\/v2\/comments?post=58539"}],"version-history":[{"count":0,"href":"https:\/\/gentedebasquet.com.ar\/sitio\/wp-json\/wp\/v2\/posts\/58539\/revisions"}],"wp:featuredmedia":[{"embeddable":true,"href":"https:\/\/gentedebasquet.com.ar\/sitio\/wp-json\/wp\/v2\/media\/58546"}],"wp:attachment":[{"href":"https:\/\/gentedebasquet.com.ar\/sitio\/wp-json\/wp\/v2\/media?parent=58539"}],"wp:term":[{"taxonomy":"category","embeddable":true,"href":"https:\/\/gentedebasquet.com.ar\/sitio\/wp-json\/wp\/v2\/categories?post=58539"},{"taxonomy":"post_tag","embeddable":true,"href":"https:\/\/gentedebasquet.com.ar\/sitio\/wp-json\/wp\/v2\/tags?post=58539"}],"curies":[{"name":"wp","href":"https:\/\/api.w.org\/{rel}","templated":true}]}}