{"id":58704,"date":"2016-04-19T23:45:37","date_gmt":"2016-04-20T02:45:37","guid":{"rendered":"http:\/\/www.gentedebasquet.com.ar\/?p=58704"},"modified":"2016-04-19T23:45:37","modified_gmt":"2016-04-20T02:45:37","slug":"zona-resistente","status":"publish","type":"post","link":"https:\/\/gentedebasquet.com.ar\/sitio\/2016\/04\/19\/zona-resistente\/","title":{"rendered":"Zona resistente"},"content":{"rendered":"<p><strong>Velocidad y Resistencia maniat\u00f3 a 9 de Julio con una defensa zonal a lo largo de tres cuartos, y se llev\u00f3 un triunfazo del Damiani por 56 a 54. Velo le cort\u00f3 una racha de 4 victorias seguidas a nueve y le imposibilit\u00f3 seguir siendo puntero virtual con Barracas. Sebasti\u00e1n Subielles con 19 puntos lider\u00f3 a su equipo en la ofensiva, pero adem\u00e1s hubo una gran tarea de Franco Mastrandrea (13 tantos y 6 rebotes). En el local, que domin\u00f3 el primer cuarto con el tiro externo, hubo 10 unidades y tableros de Hern\u00e1n Rava.<\/strong><\/p>\n<p>Casi sin pensarlo pero queriendo, Velocidad le gan\u00f3 un partidazo a 9 de Julio. Mediante 30 minutos intensos de defensa zonal, la visita sec\u00f3 al due\u00f1o de casa (7\/24 en T3 \u2013 4\/8 en el 1C) y pese a no ser prolijo en ataque fue m\u00e1s agresivo a la hora de atacar el aro y revirti\u00f3 el resultado a 5m52s para el final. El inicio del juego fue todo del local, a pura bomba (4\/5) se alej\u00f3 15-5 y desde el poste bajo cerr\u00f3 9 unidades arriba el primer parcial. Desde la l\u00ednea consigui\u00f3 la m\u00e1xima de la noche (22-11) y parec\u00eda que la noche se encaminaba bien para el patriota.<\/p>\n<p>Sin embargo, Vago mand\u00f3 a defender 2-3 (luego cambiar\u00eda a 3-2) a los suyos y la zona fue una telara\u00f1a para los de Iannamico que perdieron efectividad desde 6,75m (0\/6 T3) y no encontraban caminos al aro. Aunque un buen ingreso de Pordomingo puso pa\u00f1os fr\u00edos para cerrar 8 arriba el primer tiempo. Pero en la vuelta al parquet, la defensa zonal del visitante sigui\u00f3 da\u00f1ando el ataque local. Sumado al mal manejo del bal\u00f3n de nueve (7 p\u00e9rdidas), Velo aprovech\u00f3 para comenzar a limar la diferencia y Mastrandrea (7) fue el abanderado de su equipo en ese pasaje.<\/p>\n<p>Doble de Grill y libres del ex Pac\u00edfico pusieron las cosas iguales en 46 a 7m52s. No obstante, Pena cort\u00f3 la sequ\u00eda de su equipo desde larga distancia (6\/20 t3) y le devolvi\u00f3 la ventaja a Nueve. A partir de ese momento el partido entr\u00f3 en un frenes\u00ed. P\u00e9rdidas por bando (13 entre ambos), poca efectividad y faltas se adue\u00f1aron del juego. Sin embargo, Susbielles se hizo cargo de las ofensivas, Sacrist\u00e1n acompa\u00f1\u00f3 corriendo la cancha. Ayala pudo devolverle la ventaja a su equipo pero tir\u00f3 0\/2 en la l\u00ednea. Encima Susbielles anot\u00f3 en penetraci\u00f3n y despu\u00e9s acert\u00f3 1\/2 \u00a0TL a menos de un minuto.<\/p>\n<blockquote><p>Metimos un punto que no es que no lo esper\u00e1bamos pero sabemos que 9 de Julio es uno de los candidatos al ascenso. Ven\u00edamos de perder con un rival directo (Comercial), as\u00ed que este punto lo valoramos much\u00edsimo. Los jugadores de a poco van entendiendo que tenemos que ser consciente de que si no defendemos nos va a costar mucho adelante. Por suerte (9 de Julio) no le encontr\u00f3 la vuelta a la zona y nosotros nos sentimos c\u00f3modos defendiendo as\u00ed (Mauricio Vago)<\/p><\/blockquote>\n<p>Lucchetti le puso suspenso a la noche, acertando su primer triple luego de 5 intentos a 20s, dejando las cosas 54-55 para la visita. Susbielles volvi\u00f3 a acertar 1\/2 \u00a0en la l\u00ednea de los suspiros, y en la \u00faltima bola Lucchetti no se tuvo fe en primera instancia, jug\u00f3 para Bl\u00e1zquez, que rompi\u00f3 y descarg\u00f3 y el ex Argentino y Olimpo no pudo tomar un lanzamiento c\u00f3modo. Gustavo Cruz se abraz\u00f3 la pelota y todo Velocidad se abrazo al triunfo.<\/p>\n<p>[youtube]https:\/\/youtu.be\/Eio5CGx9-1U[\/youtube]<\/p>\n<p><strong>S\u00edntesis |<\/strong> Segunda Divisi\u00f3n \u2013 Fecha #7<\/p>\n<p><strong>9 de Julio 54:<\/strong> Agust\u00edn Pena 6, Hern\u00e1n Rava10, Fernando Pe\u00f1alver 6 (X), Guillermo Mallemaci 5, Mart\u00edn Ayala 5 (FI) Mauro Blazquez 5, Dario Partemi 2, Lucas Lucchetti 9, Francisco Bonaguro 2, Juli\u00e1n Turcato 9, Ezequiel Pordomingo 4, Facundo Damiani 0. DT: Andr\u00e9s Iannamico<\/p>\n<p><strong>Velocidad y Resistencia<\/strong> 56: Sebasti\u00e1n Susbielles 19, Manuel Sacrist\u00e1n 9, Alan Grill 3, Gustavo Cruz 0, Cristian Bisterfeld 7 (FI) Sim\u00f3n Delucchi 1, Franco Mastrandrea 13, Esteban Ricchotti 0, Cristian Garcia 1. DT: Mauricio Vago.<\/p>\n<p><strong>Parciales:<\/strong> 20-11, 35-27 (15-16), 46-42 (11-15), 54-56 (8-14).<\/p>\n<p><strong>\u00c1rbitros:<\/strong> Alejandro Go\u00f1i \u2013 Luis Blanco.<\/p>\n<p><strong>Estadio:<\/strong> N\u00e9stor Damiani (9 de Julio).<\/p>\n<p><a href=\"https:\/\/docs.google.com\/spreadsheets\/d\/1FJE9GMwMdyfU5jgEfL2wk0Q5hUsoSKCtW0scV6VzzNc\/pubhtml\" target=\"_blank\" rel=\"noopener\">Ver planilla<\/a><\/p>\n","protected":false},"excerpt":{"rendered":"<p>Velocidad maniat\u00f3 a 9 de Julio con una defensa 3-2 y lo venci\u00f3 por 56 a 54<\/p>\n","protected":false},"author":1,"featured_media":58709,"comment_status":"closed","ping_status":"open","sticky":false,"template":"","format":"standard","meta":{"jnews-multi-image_gallery":[],"jnews_single_post":[],"jnews_primary_category":[],"footnotes":""},"categories":[25,101],"tags":[2,1259,324,588,21],"class_list":["post-58704","post","type-post","status-publish","format-standard","has-post-thumbnail","hentry","category-segunda","category-slide","tag-9dejulio","tag-franco-mastrandrea","tag-hernan-rava","tag-sebastian-susbielles","tag-velocidad"],"yoast_head":"<!-- This site is optimized with the Yoast SEO plugin v27.4 - https:\/\/yoast.com\/product\/yoast-seo-wordpress\/ -->\n<title>Zona resistente - Gente de B\u00e1squet<\/title>\n<meta name=\"robots\" content=\"index, follow, max-snippet:-1, max-image-preview:large, max-video-preview:-1\" \/>\n<link rel=\"canonical\" href=\"https:\/\/gentedebasquet.com.ar\/sitio\/2016\/04\/19\/zona-resistente\/\" \/>\n<meta property=\"og:locale\" content=\"es_ES\" \/>\n<meta property=\"og:type\" content=\"article\" \/>\n<meta property=\"og:title\" content=\"Zona resistente - Gente de B\u00e1squet\" \/>\n<meta property=\"og:description\" content=\"Velocidad maniat\u00f3 a 9 de Julio con una defensa 3-2 y lo venci\u00f3 por 56 a 54\" \/>\n<meta property=\"og:url\" content=\"https:\/\/gentedebasquet.com.ar\/sitio\/2016\/04\/19\/zona-resistente\/\" \/>\n<meta property=\"og:site_name\" content=\"Gente de B\u00e1squet\" \/>\n<meta property=\"article:published_time\" content=\"2016-04-20T02:45:37+00:00\" \/>\n<meta property=\"og:image\" content=\"https:\/\/gentedebasquet.com.ar\/sitio\/wp-content\/uploads\/2016\/04\/velowin.jpg\" \/>\n\t<meta property=\"og:image:width\" content=\"690\" \/>\n\t<meta property=\"og:image:height\" content=\"319\" \/>\n\t<meta property=\"og:image:type\" content=\"image\/jpeg\" \/>\n<meta name=\"author\" content=\"Gente de B\u00e1squet\" \/>\n<meta name=\"twitter:card\" content=\"summary_large_image\" \/>\n<meta name=\"twitter:label1\" content=\"Escrito por\" \/>\n\t<meta name=\"twitter:data1\" content=\"Gente de B\u00e1squet\" \/>\n\t<meta name=\"twitter:label2\" content=\"Tiempo de lectura\" \/>\n\t<meta name=\"twitter:data2\" content=\"3 minutos\" \/>\n<script type=\"application\/ld+json\" class=\"yoast-schema-graph\">{\"@context\":\"https:\\\/\\\/schema.org\",\"@graph\":[{\"@type\":\"Article\",\"@id\":\"https:\\\/\\\/gentedebasquet.com.ar\\\/sitio\\\/2016\\\/04\\\/19\\\/zona-resistente\\\/#article\",\"isPartOf\":{\"@id\":\"https:\\\/\\\/gentedebasquet.com.ar\\\/sitio\\\/2016\\\/04\\\/19\\\/zona-resistente\\\/\"},\"author\":{\"name\":\"Gente de B\u00e1squet\",\"@id\":\"https:\\\/\\\/gentedebasquet.com.ar\\\/sitio\\\/#\\\/schema\\\/person\\\/ca0b63bbb977369988a7bbbdc519943a\"},\"headline\":\"Zona resistente\",\"datePublished\":\"2016-04-20T02:45:37+00:00\",\"mainEntityOfPage\":{\"@id\":\"https:\\\/\\\/gentedebasquet.com.ar\\\/sitio\\\/2016\\\/04\\\/19\\\/zona-resistente\\\/\"},\"wordCount\":681,\"image\":{\"@id\":\"https:\\\/\\\/gentedebasquet.com.ar\\\/sitio\\\/2016\\\/04\\\/19\\\/zona-resistente\\\/#primaryimage\"},\"thumbnailUrl\":\"https:\\\/\\\/gentedebasquet.com.ar\\\/sitio\\\/wp-content\\\/uploads\\\/2016\\\/04\\\/velowin.jpg\",\"keywords\":[\"9 de Julio\",\"Franco Mastrandrea\",\"Hern\u00e1n Rava\",\"Sebasti\u00e1n Susbielles\",\"Velocidad\"],\"articleSection\":[\"Segunda\",\"Slide\"],\"inLanguage\":\"es\"},{\"@type\":\"WebPage\",\"@id\":\"https:\\\/\\\/gentedebasquet.com.ar\\\/sitio\\\/2016\\\/04\\\/19\\\/zona-resistente\\\/\",\"url\":\"https:\\\/\\\/gentedebasquet.com.ar\\\/sitio\\\/2016\\\/04\\\/19\\\/zona-resistente\\\/\",\"name\":\"Zona resistente - Gente de B\u00e1squet\",\"isPartOf\":{\"@id\":\"https:\\\/\\\/gentedebasquet.com.ar\\\/sitio\\\/#website\"},\"primaryImageOfPage\":{\"@id\":\"https:\\\/\\\/gentedebasquet.com.ar\\\/sitio\\\/2016\\\/04\\\/19\\\/zona-resistente\\\/#primaryimage\"},\"image\":{\"@id\":\"https:\\\/\\\/gentedebasquet.com.ar\\\/sitio\\\/2016\\\/04\\\/19\\\/zona-resistente\\\/#primaryimage\"},\"thumbnailUrl\":\"https:\\\/\\\/gentedebasquet.com.ar\\\/sitio\\\/wp-content\\\/uploads\\\/2016\\\/04\\\/velowin.jpg\",\"datePublished\":\"2016-04-20T02:45:37+00:00\",\"author\":{\"@id\":\"https:\\\/\\\/gentedebasquet.com.ar\\\/sitio\\\/#\\\/schema\\\/person\\\/ca0b63bbb977369988a7bbbdc519943a\"},\"breadcrumb\":{\"@id\":\"https:\\\/\\\/gentedebasquet.com.ar\\\/sitio\\\/2016\\\/04\\\/19\\\/zona-resistente\\\/#breadcrumb\"},\"inLanguage\":\"es\",\"potentialAction\":[{\"@type\":\"ReadAction\",\"target\":[\"https:\\\/\\\/gentedebasquet.com.ar\\\/sitio\\\/2016\\\/04\\\/19\\\/zona-resistente\\\/\"]}]},{\"@type\":\"ImageObject\",\"inLanguage\":\"es\",\"@id\":\"https:\\\/\\\/gentedebasquet.com.ar\\\/sitio\\\/2016\\\/04\\\/19\\\/zona-resistente\\\/#primaryimage\",\"url\":\"https:\\\/\\\/gentedebasquet.com.ar\\\/sitio\\\/wp-content\\\/uploads\\\/2016\\\/04\\\/velowin.jpg\",\"contentUrl\":\"https:\\\/\\\/gentedebasquet.com.ar\\\/sitio\\\/wp-content\\\/uploads\\\/2016\\\/04\\\/velowin.jpg\",\"width\":690,\"height\":319},{\"@type\":\"BreadcrumbList\",\"@id\":\"https:\\\/\\\/gentedebasquet.com.ar\\\/sitio\\\/2016\\\/04\\\/19\\\/zona-resistente\\\/#breadcrumb\",\"itemListElement\":[{\"@type\":\"ListItem\",\"position\":1,\"name\":\"Portada\",\"item\":\"https:\\\/\\\/gentedebasquet.com.ar\\\/sitio\\\/\"},{\"@type\":\"ListItem\",\"position\":2,\"name\":\"Zona resistente\"}]},{\"@type\":\"WebSite\",\"@id\":\"https:\\\/\\\/gentedebasquet.com.ar\\\/sitio\\\/#website\",\"url\":\"https:\\\/\\\/gentedebasquet.com.ar\\\/sitio\\\/\",\"name\":\"Gente de B\u00e1squet\",\"description\":\"La revista del basquet de Bah\u00eda Blanca\",\"potentialAction\":[{\"@type\":\"SearchAction\",\"target\":{\"@type\":\"EntryPoint\",\"urlTemplate\":\"https:\\\/\\\/gentedebasquet.com.ar\\\/sitio\\\/?s={search_term_string}\"},\"query-input\":{\"@type\":\"PropertyValueSpecification\",\"valueRequired\":true,\"valueName\":\"search_term_string\"}}],\"inLanguage\":\"es\"},{\"@type\":\"Person\",\"@id\":\"https:\\\/\\\/gentedebasquet.com.ar\\\/sitio\\\/#\\\/schema\\\/person\\\/ca0b63bbb977369988a7bbbdc519943a\",\"name\":\"Gente de B\u00e1squet\",\"image\":{\"@type\":\"ImageObject\",\"inLanguage\":\"es\",\"@id\":\"https:\\\/\\\/secure.gravatar.com\\\/avatar\\\/7f2c48bdc33b30088f941fb6082e555f2874c98e20cb159d7b92b50eadfce793?s=96&d=mm&r=g\",\"url\":\"https:\\\/\\\/secure.gravatar.com\\\/avatar\\\/7f2c48bdc33b30088f941fb6082e555f2874c98e20cb159d7b92b50eadfce793?s=96&d=mm&r=g\",\"contentUrl\":\"https:\\\/\\\/secure.gravatar.com\\\/avatar\\\/7f2c48bdc33b30088f941fb6082e555f2874c98e20cb159d7b92b50eadfce793?s=96&d=mm&r=g\",\"caption\":\"Gente de B\u00e1squet\"},\"sameAs\":[\"http:\\\/\\\/gentedebasquet.com.ar\\\/sitio\"],\"url\":\"https:\\\/\\\/gentedebasquet.com.ar\\\/sitio\\\/author\\\/ulises\\\/\"}]}<\/script>\n<!-- \/ Yoast SEO plugin. -->","yoast_head_json":{"title":"Zona resistente - Gente de B\u00e1squet","robots":{"index":"index","follow":"follow","max-snippet":"max-snippet:-1","max-image-preview":"max-image-preview:large","max-video-preview":"max-video-preview:-1"},"canonical":"https:\/\/gentedebasquet.com.ar\/sitio\/2016\/04\/19\/zona-resistente\/","og_locale":"es_ES","og_type":"article","og_title":"Zona resistente - Gente de B\u00e1squet","og_description":"Velocidad maniat\u00f3 a 9 de Julio con una defensa 3-2 y lo venci\u00f3 por 56 a 54","og_url":"https:\/\/gentedebasquet.com.ar\/sitio\/2016\/04\/19\/zona-resistente\/","og_site_name":"Gente de B\u00e1squet","article_published_time":"2016-04-20T02:45:37+00:00","og_image":[{"width":690,"height":319,"url":"https:\/\/gentedebasquet.com.ar\/sitio\/wp-content\/uploads\/2016\/04\/velowin.jpg","type":"image\/jpeg"}],"author":"Gente de B\u00e1squet","twitter_card":"summary_large_image","twitter_misc":{"Escrito por":"Gente de B\u00e1squet","Tiempo de lectura":"3 minutos"},"schema":{"@context":"https:\/\/schema.org","@graph":[{"@type":"Article","@id":"https:\/\/gentedebasquet.com.ar\/sitio\/2016\/04\/19\/zona-resistente\/#article","isPartOf":{"@id":"https:\/\/gentedebasquet.com.ar\/sitio\/2016\/04\/19\/zona-resistente\/"},"author":{"name":"Gente de B\u00e1squet","@id":"https:\/\/gentedebasquet.com.ar\/sitio\/#\/schema\/person\/ca0b63bbb977369988a7bbbdc519943a"},"headline":"Zona resistente","datePublished":"2016-04-20T02:45:37+00:00","mainEntityOfPage":{"@id":"https:\/\/gentedebasquet.com.ar\/sitio\/2016\/04\/19\/zona-resistente\/"},"wordCount":681,"image":{"@id":"https:\/\/gentedebasquet.com.ar\/sitio\/2016\/04\/19\/zona-resistente\/#primaryimage"},"thumbnailUrl":"https:\/\/gentedebasquet.com.ar\/sitio\/wp-content\/uploads\/2016\/04\/velowin.jpg","keywords":["9 de Julio","Franco Mastrandrea","Hern\u00e1n Rava","Sebasti\u00e1n Susbielles","Velocidad"],"articleSection":["Segunda","Slide"],"inLanguage":"es"},{"@type":"WebPage","@id":"https:\/\/gentedebasquet.com.ar\/sitio\/2016\/04\/19\/zona-resistente\/","url":"https:\/\/gentedebasquet.com.ar\/sitio\/2016\/04\/19\/zona-resistente\/","name":"Zona resistente - Gente de B\u00e1squet","isPartOf":{"@id":"https:\/\/gentedebasquet.com.ar\/sitio\/#website"},"primaryImageOfPage":{"@id":"https:\/\/gentedebasquet.com.ar\/sitio\/2016\/04\/19\/zona-resistente\/#primaryimage"},"image":{"@id":"https:\/\/gentedebasquet.com.ar\/sitio\/2016\/04\/19\/zona-resistente\/#primaryimage"},"thumbnailUrl":"https:\/\/gentedebasquet.com.ar\/sitio\/wp-content\/uploads\/2016\/04\/velowin.jpg","datePublished":"2016-04-20T02:45:37+00:00","author":{"@id":"https:\/\/gentedebasquet.com.ar\/sitio\/#\/schema\/person\/ca0b63bbb977369988a7bbbdc519943a"},"breadcrumb":{"@id":"https:\/\/gentedebasquet.com.ar\/sitio\/2016\/04\/19\/zona-resistente\/#breadcrumb"},"inLanguage":"es","potentialAction":[{"@type":"ReadAction","target":["https:\/\/gentedebasquet.com.ar\/sitio\/2016\/04\/19\/zona-resistente\/"]}]},{"@type":"ImageObject","inLanguage":"es","@id":"https:\/\/gentedebasquet.com.ar\/sitio\/2016\/04\/19\/zona-resistente\/#primaryimage","url":"https:\/\/gentedebasquet.com.ar\/sitio\/wp-content\/uploads\/2016\/04\/velowin.jpg","contentUrl":"https:\/\/gentedebasquet.com.ar\/sitio\/wp-content\/uploads\/2016\/04\/velowin.jpg","width":690,"height":319},{"@type":"BreadcrumbList","@id":"https:\/\/gentedebasquet.com.ar\/sitio\/2016\/04\/19\/zona-resistente\/#breadcrumb","itemListElement":[{"@type":"ListItem","position":1,"name":"Portada","item":"https:\/\/gentedebasquet.com.ar\/sitio\/"},{"@type":"ListItem","position":2,"name":"Zona resistente"}]},{"@type":"WebSite","@id":"https:\/\/gentedebasquet.com.ar\/sitio\/#website","url":"https:\/\/gentedebasquet.com.ar\/sitio\/","name":"Gente de B\u00e1squet","description":"La revista del basquet de Bah\u00eda Blanca","potentialAction":[{"@type":"SearchAction","target":{"@type":"EntryPoint","urlTemplate":"https:\/\/gentedebasquet.com.ar\/sitio\/?s={search_term_string}"},"query-input":{"@type":"PropertyValueSpecification","valueRequired":true,"valueName":"search_term_string"}}],"inLanguage":"es"},{"@type":"Person","@id":"https:\/\/gentedebasquet.com.ar\/sitio\/#\/schema\/person\/ca0b63bbb977369988a7bbbdc519943a","name":"Gente de B\u00e1squet","image":{"@type":"ImageObject","inLanguage":"es","@id":"https:\/\/secure.gravatar.com\/avatar\/7f2c48bdc33b30088f941fb6082e555f2874c98e20cb159d7b92b50eadfce793?s=96&d=mm&r=g","url":"https:\/\/secure.gravatar.com\/avatar\/7f2c48bdc33b30088f941fb6082e555f2874c98e20cb159d7b92b50eadfce793?s=96&d=mm&r=g","contentUrl":"https:\/\/secure.gravatar.com\/avatar\/7f2c48bdc33b30088f941fb6082e555f2874c98e20cb159d7b92b50eadfce793?s=96&d=mm&r=g","caption":"Gente de B\u00e1squet"},"sameAs":["http:\/\/gentedebasquet.com.ar\/sitio"],"url":"https:\/\/gentedebasquet.com.ar\/sitio\/author\/ulises\/"}]}},"_links":{"self":[{"href":"https:\/\/gentedebasquet.com.ar\/sitio\/wp-json\/wp\/v2\/posts\/58704","targetHints":{"allow":["GET"]}}],"collection":[{"href":"https:\/\/gentedebasquet.com.ar\/sitio\/wp-json\/wp\/v2\/posts"}],"about":[{"href":"https:\/\/gentedebasquet.com.ar\/sitio\/wp-json\/wp\/v2\/types\/post"}],"author":[{"embeddable":true,"href":"https:\/\/gentedebasquet.com.ar\/sitio\/wp-json\/wp\/v2\/users\/1"}],"replies":[{"embeddable":true,"href":"https:\/\/gentedebasquet.com.ar\/sitio\/wp-json\/wp\/v2\/comments?post=58704"}],"version-history":[{"count":0,"href":"https:\/\/gentedebasquet.com.ar\/sitio\/wp-json\/wp\/v2\/posts\/58704\/revisions"}],"wp:featuredmedia":[{"embeddable":true,"href":"https:\/\/gentedebasquet.com.ar\/sitio\/wp-json\/wp\/v2\/media\/58709"}],"wp:attachment":[{"href":"https:\/\/gentedebasquet.com.ar\/sitio\/wp-json\/wp\/v2\/media?parent=58704"}],"wp:term":[{"taxonomy":"category","embeddable":true,"href":"https:\/\/gentedebasquet.com.ar\/sitio\/wp-json\/wp\/v2\/categories?post=58704"},{"taxonomy":"post_tag","embeddable":true,"href":"https:\/\/gentedebasquet.com.ar\/sitio\/wp-json\/wp\/v2\/tags?post=58704"}],"curies":[{"name":"wp","href":"https:\/\/api.w.org\/{rel}","templated":true}]}}