{"id":59043,"date":"2016-04-26T23:30:30","date_gmt":"2016-04-27T02:30:30","guid":{"rendered":"http:\/\/www.gentedebasquet.com.ar\/?p=59043"},"modified":"2016-04-26T23:30:30","modified_gmt":"2016-04-27T02:30:30","slug":"para-salir-del-fondo","status":"publish","type":"post","link":"https:\/\/gentedebasquet.com.ar\/sitio\/2016\/04\/26\/para-salir-del-fondo\/","title":{"rendered":"Para salir del fondo"},"content":{"rendered":"<p><strong>Independiente sufri\u00f3 en el final y volvi\u00f3 al triunfo luego de dos derrotas en fila al vencer en el Eladio Santos a Sportivo Bahiense por 73 a 63, y subi\u00f3 algunos escalones en la tabla. El viola, que supo tener 12 de ventaja en el amanecer del 3C, sufri\u00f3 cuando Branciforte no estuvo en cancha (acumulaci\u00f3n de faltas) y debi\u00f3 estar atento en el cierre (66-63 a 14s2\/10) para no ceder, pero lo cerr\u00f3 bien desde la l\u00ednea. En la visita hubo buenas actuaciones de Ignacio Ercoli (18 puntos), Sebasti\u00e1n Tacchetti (12), Mariano Guillen (12) y Juan Garc\u00eda (11 y 8 recobres). El goleador del juego fue Emiliano Velasco con 19 tantos (9\/10 t2).<\/strong><\/p>\n<p>Pese a ser un partido parejo por momentos, reci\u00e9n en los minutos finales le pusieron calor a la noche. Mientras tanto fue un partido friccionado, lento, con muchos errores\u00a0 (32 p\u00e9rdidas en total) y algunos destellos de b\u00e1squet. Esos destellos le permitieron al Viola adelantarse 9-3 en el inicio y luego a Sportivo pasar al frente 16-12 con una gran tarea de Asnaghi, Mart\u00ednez y Velasco. En el segundo cuarto el que hizo mejor las cosas fue Independiente. Arranc\u00f3 intenso y busc\u00f3 hacer llegar la bola al poste bajo para sacar 11 de ventaja (34-23) a 2m05s para el descanso largo.<\/p>\n<p>Alvarez plante\u00f3 una defensa zonal (3-2) en la vuelta al parquet, pero en dos ataques consecutivos fue vulnerada f\u00e1cilmente y regres\u00f3 a la marca personal. El viola estir\u00f3 su ventaja a 12 y cuando todo indicaba que pod\u00eda despegar, se sec\u00f3, quiz\u00e1s la salida de Branciforte (4FP) influy\u00f3 en la fluidez del juego. Velasco (3\/3 t2) que estaba con la mano caliente sigui\u00f3 arrimando de media distancia y Sportivo fue sumando confianza. Sin embargo un buen cierre de Ercoli le permiti\u00f3 llegar mejor al \u00faltimo cuarto al visitante.<\/p>\n<blockquote><p>Sab\u00edamos que ellos eran un rival muy duro, con muchos j\u00f3venes, que corren mucho, defienden y son intensos y m\u00e1s que nunca quer\u00edamos quedarnos con este triunfo, ven\u00edamos de 2 ca\u00eddas y volver a ganar era important\u00edsimo. Estamos entrenando dur\u00edsimo, queremos revertir esta situaci\u00f3n y por suerte ganamos un partido muy importante. La clave de hoy fue la defensa, le tenemos que sumar correr m\u00e1s que es lo que queremos este a\u00f1o. (Igancio Ercoli).<\/p><\/blockquote>\n<p>Velasco continu\u00f3 acertando el aro, Mart\u00ednez se sum\u00f3 cargando el ofensivo y en un abrir y cerra de ojos Sportivo Bahiense acort\u00f3 la brecha a 2 (52-54). Pero una falta sobre Tacchetti del propio Nicol\u00e1s le dieron 3 libres al ex Alem, que no fall\u00f3. El juego se volvi\u00f3 muy t\u00e1ctico y pese a haber p\u00e9rdidas y recuperos, ninguno concret\u00f3 los contraataques. Hasta que luego de convertir 1\/3 en la l\u00ednea, Ercoli consigui\u00f3 el doble m\u00e1s el libre bonus y dej\u00f3 a su equipo 66-60 a 16s. Ambos cortaron con falta y fue el viola el que mejor capitaliz\u00f3 las idas a la l\u00ednea y cerr\u00f3 el juego a su favor.<\/p>\n<p>[youtube]https:\/\/youtu.be\/WLp5o9ytxoA[\/youtube]<\/p>\n<p>&nbsp;<\/p>\n<p><strong>S\u00edntesis |<\/strong> Segunda Divisi\u00f3n \u2013 Fecha #9<\/p>\n<p><strong>Sportivo Bahiense 63:<\/strong> Lucas Iriarte 4, Nahuel Melida 3, Yoel Asnaghi 10, Nicol\u00e1s Mart\u00ednez 13 (X), Emiliano Velasco 19 (FI) Juan Manuel Ponce 8, Lucas Casali 1, Juli\u00e1n Gutt 5. DT: Fenando \u00c1lvarez.<\/p>\n<p><strong>Independiente 73:<\/strong> Sebasti\u00e1n Branciforte 9 (X), Agust\u00edn Almir\u00f3n 0, Ignacio Ercoli 18, Sebasti\u00e1n Tacchetti 12, Uriel Mart\u00ednez 4 (FI) Santiago Mirando 3, Nicol\u00e1s Caputo 4, Mariano Guillen 12, Juan Jesus Garc\u00eda 11, Gustavo Banchero 0. DT: Javier Musumeci.<\/p>\n<p><strong>Parciales:<\/strong> 18-16, 27-34 (9-18), 43-51 (16-17), 63-73 (20-22).<\/p>\n<p><strong>\u00c1rbitros:<\/strong> Luis De Marchi \u2013 Marjorie Stuardo.<\/p>\n<p><strong>Estadio:<\/strong> Eladio Santos (Sportivo Bahiense).<\/p>\n<p><a href=\"https:\/\/docs.google.com\/spreadsheets\/d\/1rresvLpIqoTxl7aiy5yFCZ1OyMUmo-Dii-jcOIIs-cs\/pubhtml\" target=\"_blank\" rel=\"noopener\">Ver planilla\u00a0<\/a><\/p>\n","protected":false},"excerpt":{"rendered":"<p>El viola venci\u00f3 a Sportivo por 73 a 63 y se alej\u00f3 de la zona baja de la tabla<\/p>\n","protected":false},"author":1,"featured_media":59044,"comment_status":"closed","ping_status":"open","sticky":false,"template":"","format":"standard","meta":{"jnews-multi-image_gallery":[],"jnews_single_post":[],"jnews_primary_category":[],"footnotes":""},"categories":[25,101],"tags":[1177,659,12,204,20],"class_list":["post-59043","post","type-post","status-publish","format-standard","has-post-thumbnail","hentry","category-segunda","category-slide","tag-emiliano-velasco","tag-ignacio-ercoli","tag-independiente","tag-sebastian-tacchetti","tag-sportivo-bahiense"],"yoast_head":"<!-- This site is optimized with the Yoast SEO plugin v27.4 - https:\/\/yoast.com\/product\/yoast-seo-wordpress\/ -->\n<title>Para salir del fondo - Gente de B\u00e1squet<\/title>\n<meta name=\"robots\" content=\"index, follow, max-snippet:-1, max-image-preview:large, max-video-preview:-1\" \/>\n<link rel=\"canonical\" href=\"https:\/\/gentedebasquet.com.ar\/sitio\/2016\/04\/26\/para-salir-del-fondo\/\" \/>\n<meta property=\"og:locale\" content=\"es_ES\" \/>\n<meta property=\"og:type\" content=\"article\" \/>\n<meta property=\"og:title\" content=\"Para salir del fondo - Gente de B\u00e1squet\" \/>\n<meta property=\"og:description\" content=\"El viola venci\u00f3 a Sportivo por 73 a 63 y se alej\u00f3 de la zona baja de la tabla\" \/>\n<meta property=\"og:url\" content=\"https:\/\/gentedebasquet.com.ar\/sitio\/2016\/04\/26\/para-salir-del-fondo\/\" \/>\n<meta property=\"og:site_name\" content=\"Gente de B\u00e1squet\" \/>\n<meta property=\"article:published_time\" content=\"2016-04-27T02:30:30+00:00\" \/>\n<meta property=\"og:image\" content=\"https:\/\/gentedebasquet.com.ar\/sitio\/wp-content\/uploads\/2016\/04\/Violawin.jpg\" \/>\n\t<meta property=\"og:image:width\" content=\"690\" \/>\n\t<meta property=\"og:image:height\" content=\"319\" \/>\n\t<meta property=\"og:image:type\" content=\"image\/jpeg\" \/>\n<meta name=\"author\" content=\"Gente de B\u00e1squet\" \/>\n<meta name=\"twitter:card\" content=\"summary_large_image\" \/>\n<meta name=\"twitter:label1\" content=\"Escrito por\" \/>\n\t<meta name=\"twitter:data1\" content=\"Gente de B\u00e1squet\" \/>\n\t<meta name=\"twitter:label2\" content=\"Tiempo de lectura\" \/>\n\t<meta name=\"twitter:data2\" content=\"3 minutos\" \/>\n<script type=\"application\/ld+json\" class=\"yoast-schema-graph\">{\"@context\":\"https:\\\/\\\/schema.org\",\"@graph\":[{\"@type\":\"Article\",\"@id\":\"https:\\\/\\\/gentedebasquet.com.ar\\\/sitio\\\/2016\\\/04\\\/26\\\/para-salir-del-fondo\\\/#article\",\"isPartOf\":{\"@id\":\"https:\\\/\\\/gentedebasquet.com.ar\\\/sitio\\\/2016\\\/04\\\/26\\\/para-salir-del-fondo\\\/\"},\"author\":{\"name\":\"Gente de B\u00e1squet\",\"@id\":\"https:\\\/\\\/gentedebasquet.com.ar\\\/sitio\\\/#\\\/schema\\\/person\\\/ca0b63bbb977369988a7bbbdc519943a\"},\"headline\":\"Para salir del fondo\",\"datePublished\":\"2016-04-27T02:30:30+00:00\",\"mainEntityOfPage\":{\"@id\":\"https:\\\/\\\/gentedebasquet.com.ar\\\/sitio\\\/2016\\\/04\\\/26\\\/para-salir-del-fondo\\\/\"},\"wordCount\":601,\"image\":{\"@id\":\"https:\\\/\\\/gentedebasquet.com.ar\\\/sitio\\\/2016\\\/04\\\/26\\\/para-salir-del-fondo\\\/#primaryimage\"},\"thumbnailUrl\":\"https:\\\/\\\/gentedebasquet.com.ar\\\/sitio\\\/wp-content\\\/uploads\\\/2016\\\/04\\\/Violawin.jpg\",\"keywords\":[\"Emiliano Velasco\",\"Ignacio Ercoli\",\"independiente\",\"Sebasti\u00e1n Tacchetti\",\"Sportivo Bahiense\"],\"articleSection\":[\"Segunda\",\"Slide\"],\"inLanguage\":\"es\"},{\"@type\":\"WebPage\",\"@id\":\"https:\\\/\\\/gentedebasquet.com.ar\\\/sitio\\\/2016\\\/04\\\/26\\\/para-salir-del-fondo\\\/\",\"url\":\"https:\\\/\\\/gentedebasquet.com.ar\\\/sitio\\\/2016\\\/04\\\/26\\\/para-salir-del-fondo\\\/\",\"name\":\"Para salir del fondo - Gente de B\u00e1squet\",\"isPartOf\":{\"@id\":\"https:\\\/\\\/gentedebasquet.com.ar\\\/sitio\\\/#website\"},\"primaryImageOfPage\":{\"@id\":\"https:\\\/\\\/gentedebasquet.com.ar\\\/sitio\\\/2016\\\/04\\\/26\\\/para-salir-del-fondo\\\/#primaryimage\"},\"image\":{\"@id\":\"https:\\\/\\\/gentedebasquet.com.ar\\\/sitio\\\/2016\\\/04\\\/26\\\/para-salir-del-fondo\\\/#primaryimage\"},\"thumbnailUrl\":\"https:\\\/\\\/gentedebasquet.com.ar\\\/sitio\\\/wp-content\\\/uploads\\\/2016\\\/04\\\/Violawin.jpg\",\"datePublished\":\"2016-04-27T02:30:30+00:00\",\"author\":{\"@id\":\"https:\\\/\\\/gentedebasquet.com.ar\\\/sitio\\\/#\\\/schema\\\/person\\\/ca0b63bbb977369988a7bbbdc519943a\"},\"breadcrumb\":{\"@id\":\"https:\\\/\\\/gentedebasquet.com.ar\\\/sitio\\\/2016\\\/04\\\/26\\\/para-salir-del-fondo\\\/#breadcrumb\"},\"inLanguage\":\"es\",\"potentialAction\":[{\"@type\":\"ReadAction\",\"target\":[\"https:\\\/\\\/gentedebasquet.com.ar\\\/sitio\\\/2016\\\/04\\\/26\\\/para-salir-del-fondo\\\/\"]}]},{\"@type\":\"ImageObject\",\"inLanguage\":\"es\",\"@id\":\"https:\\\/\\\/gentedebasquet.com.ar\\\/sitio\\\/2016\\\/04\\\/26\\\/para-salir-del-fondo\\\/#primaryimage\",\"url\":\"https:\\\/\\\/gentedebasquet.com.ar\\\/sitio\\\/wp-content\\\/uploads\\\/2016\\\/04\\\/Violawin.jpg\",\"contentUrl\":\"https:\\\/\\\/gentedebasquet.com.ar\\\/sitio\\\/wp-content\\\/uploads\\\/2016\\\/04\\\/Violawin.jpg\",\"width\":690,\"height\":319},{\"@type\":\"BreadcrumbList\",\"@id\":\"https:\\\/\\\/gentedebasquet.com.ar\\\/sitio\\\/2016\\\/04\\\/26\\\/para-salir-del-fondo\\\/#breadcrumb\",\"itemListElement\":[{\"@type\":\"ListItem\",\"position\":1,\"name\":\"Portada\",\"item\":\"https:\\\/\\\/gentedebasquet.com.ar\\\/sitio\\\/\"},{\"@type\":\"ListItem\",\"position\":2,\"name\":\"Para salir del fondo\"}]},{\"@type\":\"WebSite\",\"@id\":\"https:\\\/\\\/gentedebasquet.com.ar\\\/sitio\\\/#website\",\"url\":\"https:\\\/\\\/gentedebasquet.com.ar\\\/sitio\\\/\",\"name\":\"Gente de B\u00e1squet\",\"description\":\"La revista del basquet de Bah\u00eda Blanca\",\"potentialAction\":[{\"@type\":\"SearchAction\",\"target\":{\"@type\":\"EntryPoint\",\"urlTemplate\":\"https:\\\/\\\/gentedebasquet.com.ar\\\/sitio\\\/?s={search_term_string}\"},\"query-input\":{\"@type\":\"PropertyValueSpecification\",\"valueRequired\":true,\"valueName\":\"search_term_string\"}}],\"inLanguage\":\"es\"},{\"@type\":\"Person\",\"@id\":\"https:\\\/\\\/gentedebasquet.com.ar\\\/sitio\\\/#\\\/schema\\\/person\\\/ca0b63bbb977369988a7bbbdc519943a\",\"name\":\"Gente de B\u00e1squet\",\"image\":{\"@type\":\"ImageObject\",\"inLanguage\":\"es\",\"@id\":\"https:\\\/\\\/secure.gravatar.com\\\/avatar\\\/7f2c48bdc33b30088f941fb6082e555f2874c98e20cb159d7b92b50eadfce793?s=96&d=mm&r=g\",\"url\":\"https:\\\/\\\/secure.gravatar.com\\\/avatar\\\/7f2c48bdc33b30088f941fb6082e555f2874c98e20cb159d7b92b50eadfce793?s=96&d=mm&r=g\",\"contentUrl\":\"https:\\\/\\\/secure.gravatar.com\\\/avatar\\\/7f2c48bdc33b30088f941fb6082e555f2874c98e20cb159d7b92b50eadfce793?s=96&d=mm&r=g\",\"caption\":\"Gente de B\u00e1squet\"},\"sameAs\":[\"http:\\\/\\\/gentedebasquet.com.ar\\\/sitio\"],\"url\":\"https:\\\/\\\/gentedebasquet.com.ar\\\/sitio\\\/author\\\/ulises\\\/\"}]}<\/script>\n<!-- \/ Yoast SEO plugin. -->","yoast_head_json":{"title":"Para salir del fondo - Gente de B\u00e1squet","robots":{"index":"index","follow":"follow","max-snippet":"max-snippet:-1","max-image-preview":"max-image-preview:large","max-video-preview":"max-video-preview:-1"},"canonical":"https:\/\/gentedebasquet.com.ar\/sitio\/2016\/04\/26\/para-salir-del-fondo\/","og_locale":"es_ES","og_type":"article","og_title":"Para salir del fondo - Gente de B\u00e1squet","og_description":"El viola venci\u00f3 a Sportivo por 73 a 63 y se alej\u00f3 de la zona baja de la tabla","og_url":"https:\/\/gentedebasquet.com.ar\/sitio\/2016\/04\/26\/para-salir-del-fondo\/","og_site_name":"Gente de B\u00e1squet","article_published_time":"2016-04-27T02:30:30+00:00","og_image":[{"width":690,"height":319,"url":"https:\/\/gentedebasquet.com.ar\/sitio\/wp-content\/uploads\/2016\/04\/Violawin.jpg","type":"image\/jpeg"}],"author":"Gente de B\u00e1squet","twitter_card":"summary_large_image","twitter_misc":{"Escrito por":"Gente de B\u00e1squet","Tiempo de lectura":"3 minutos"},"schema":{"@context":"https:\/\/schema.org","@graph":[{"@type":"Article","@id":"https:\/\/gentedebasquet.com.ar\/sitio\/2016\/04\/26\/para-salir-del-fondo\/#article","isPartOf":{"@id":"https:\/\/gentedebasquet.com.ar\/sitio\/2016\/04\/26\/para-salir-del-fondo\/"},"author":{"name":"Gente de B\u00e1squet","@id":"https:\/\/gentedebasquet.com.ar\/sitio\/#\/schema\/person\/ca0b63bbb977369988a7bbbdc519943a"},"headline":"Para salir del fondo","datePublished":"2016-04-27T02:30:30+00:00","mainEntityOfPage":{"@id":"https:\/\/gentedebasquet.com.ar\/sitio\/2016\/04\/26\/para-salir-del-fondo\/"},"wordCount":601,"image":{"@id":"https:\/\/gentedebasquet.com.ar\/sitio\/2016\/04\/26\/para-salir-del-fondo\/#primaryimage"},"thumbnailUrl":"https:\/\/gentedebasquet.com.ar\/sitio\/wp-content\/uploads\/2016\/04\/Violawin.jpg","keywords":["Emiliano Velasco","Ignacio Ercoli","independiente","Sebasti\u00e1n Tacchetti","Sportivo Bahiense"],"articleSection":["Segunda","Slide"],"inLanguage":"es"},{"@type":"WebPage","@id":"https:\/\/gentedebasquet.com.ar\/sitio\/2016\/04\/26\/para-salir-del-fondo\/","url":"https:\/\/gentedebasquet.com.ar\/sitio\/2016\/04\/26\/para-salir-del-fondo\/","name":"Para salir del fondo - Gente de B\u00e1squet","isPartOf":{"@id":"https:\/\/gentedebasquet.com.ar\/sitio\/#website"},"primaryImageOfPage":{"@id":"https:\/\/gentedebasquet.com.ar\/sitio\/2016\/04\/26\/para-salir-del-fondo\/#primaryimage"},"image":{"@id":"https:\/\/gentedebasquet.com.ar\/sitio\/2016\/04\/26\/para-salir-del-fondo\/#primaryimage"},"thumbnailUrl":"https:\/\/gentedebasquet.com.ar\/sitio\/wp-content\/uploads\/2016\/04\/Violawin.jpg","datePublished":"2016-04-27T02:30:30+00:00","author":{"@id":"https:\/\/gentedebasquet.com.ar\/sitio\/#\/schema\/person\/ca0b63bbb977369988a7bbbdc519943a"},"breadcrumb":{"@id":"https:\/\/gentedebasquet.com.ar\/sitio\/2016\/04\/26\/para-salir-del-fondo\/#breadcrumb"},"inLanguage":"es","potentialAction":[{"@type":"ReadAction","target":["https:\/\/gentedebasquet.com.ar\/sitio\/2016\/04\/26\/para-salir-del-fondo\/"]}]},{"@type":"ImageObject","inLanguage":"es","@id":"https:\/\/gentedebasquet.com.ar\/sitio\/2016\/04\/26\/para-salir-del-fondo\/#primaryimage","url":"https:\/\/gentedebasquet.com.ar\/sitio\/wp-content\/uploads\/2016\/04\/Violawin.jpg","contentUrl":"https:\/\/gentedebasquet.com.ar\/sitio\/wp-content\/uploads\/2016\/04\/Violawin.jpg","width":690,"height":319},{"@type":"BreadcrumbList","@id":"https:\/\/gentedebasquet.com.ar\/sitio\/2016\/04\/26\/para-salir-del-fondo\/#breadcrumb","itemListElement":[{"@type":"ListItem","position":1,"name":"Portada","item":"https:\/\/gentedebasquet.com.ar\/sitio\/"},{"@type":"ListItem","position":2,"name":"Para salir del fondo"}]},{"@type":"WebSite","@id":"https:\/\/gentedebasquet.com.ar\/sitio\/#website","url":"https:\/\/gentedebasquet.com.ar\/sitio\/","name":"Gente de B\u00e1squet","description":"La revista del basquet de Bah\u00eda Blanca","potentialAction":[{"@type":"SearchAction","target":{"@type":"EntryPoint","urlTemplate":"https:\/\/gentedebasquet.com.ar\/sitio\/?s={search_term_string}"},"query-input":{"@type":"PropertyValueSpecification","valueRequired":true,"valueName":"search_term_string"}}],"inLanguage":"es"},{"@type":"Person","@id":"https:\/\/gentedebasquet.com.ar\/sitio\/#\/schema\/person\/ca0b63bbb977369988a7bbbdc519943a","name":"Gente de B\u00e1squet","image":{"@type":"ImageObject","inLanguage":"es","@id":"https:\/\/secure.gravatar.com\/avatar\/7f2c48bdc33b30088f941fb6082e555f2874c98e20cb159d7b92b50eadfce793?s=96&d=mm&r=g","url":"https:\/\/secure.gravatar.com\/avatar\/7f2c48bdc33b30088f941fb6082e555f2874c98e20cb159d7b92b50eadfce793?s=96&d=mm&r=g","contentUrl":"https:\/\/secure.gravatar.com\/avatar\/7f2c48bdc33b30088f941fb6082e555f2874c98e20cb159d7b92b50eadfce793?s=96&d=mm&r=g","caption":"Gente de B\u00e1squet"},"sameAs":["http:\/\/gentedebasquet.com.ar\/sitio"],"url":"https:\/\/gentedebasquet.com.ar\/sitio\/author\/ulises\/"}]}},"_links":{"self":[{"href":"https:\/\/gentedebasquet.com.ar\/sitio\/wp-json\/wp\/v2\/posts\/59043","targetHints":{"allow":["GET"]}}],"collection":[{"href":"https:\/\/gentedebasquet.com.ar\/sitio\/wp-json\/wp\/v2\/posts"}],"about":[{"href":"https:\/\/gentedebasquet.com.ar\/sitio\/wp-json\/wp\/v2\/types\/post"}],"author":[{"embeddable":true,"href":"https:\/\/gentedebasquet.com.ar\/sitio\/wp-json\/wp\/v2\/users\/1"}],"replies":[{"embeddable":true,"href":"https:\/\/gentedebasquet.com.ar\/sitio\/wp-json\/wp\/v2\/comments?post=59043"}],"version-history":[{"count":0,"href":"https:\/\/gentedebasquet.com.ar\/sitio\/wp-json\/wp\/v2\/posts\/59043\/revisions"}],"wp:featuredmedia":[{"embeddable":true,"href":"https:\/\/gentedebasquet.com.ar\/sitio\/wp-json\/wp\/v2\/media\/59044"}],"wp:attachment":[{"href":"https:\/\/gentedebasquet.com.ar\/sitio\/wp-json\/wp\/v2\/media?parent=59043"}],"wp:term":[{"taxonomy":"category","embeddable":true,"href":"https:\/\/gentedebasquet.com.ar\/sitio\/wp-json\/wp\/v2\/categories?post=59043"},{"taxonomy":"post_tag","embeddable":true,"href":"https:\/\/gentedebasquet.com.ar\/sitio\/wp-json\/wp\/v2\/tags?post=59043"}],"curies":[{"name":"wp","href":"https:\/\/api.w.org\/{rel}","templated":true}]}}