{"id":59106,"date":"2016-04-28T23:45:22","date_gmt":"2016-04-29T02:45:22","guid":{"rendered":"http:\/\/www.gentedebasquet.com.ar\/?p=59106"},"modified":"2016-04-28T23:45:22","modified_gmt":"2016-04-29T02:45:22","slug":"argentino-mas-inteligente","status":"publish","type":"post","link":"https:\/\/gentedebasquet.com.ar\/sitio\/2016\/04\/28\/argentino-mas-inteligente\/","title":{"rendered":"Argentino, m\u00e1s inteligente"},"content":{"rendered":"<p><strong>En un partido muy rachero y parejo hasta la \u00faltima bola, Argentino tom\u00f3 mejores\u00a0decisiones en el final y se qued\u00f3 con la victoria sobre El Nacional por 77 a 72. La visita cont\u00f3 con el goleador de la noche, Lucas Chaves (22), y carg\u00f3 mucho al tablero ajeno v\u00eda Hoffmann y Garbarino (13 ofensivos entre ambos), pero solo anot\u00f3 un gol de campo en los \u00faltimos 3m, lo pag\u00f3 y contin\u00faa en la \u00faltima posici\u00f3n. El local corri\u00f3 de atr\u00e1s gran parte del ST, reaccion\u00f3 a trav\u00e9s de Capponi y Sacomani (6\/15 en triples entre ambos) y lo liquid\u00f3 con la mano caliente de Lucas Mar\u00edn (14).<\/strong><\/p>\n<p>Pr\u00e1cticamente sin cortes y con un tr\u00e1mite parejo, el 1C se lo llev\u00f3 la visita porque Iraola aprovech\u00f3 una racha de El Nacional para anotar su primer triple (12-15). Reci\u00e9n en el 2C el local se solt\u00f3, Bruni tuvo un buen ingreso y Alan Gonz\u00e1lez fue muy bien asistido para que Argentino pase al frente: 24-22 a 4m58 del ET. No obstante, Hoffmann tuvo su momento (dos jugadas de gol y foul consecutivas) y Chaves clav\u00f3 su \u00fanica bomba (1\/8) para devolverle el liderazgo a la vista.<\/p>\n<p>De regreso, el conjunto de Garc\u00eda sac\u00f3 la m\u00e1xima (33-39), con triple a la antigua de Garbarino. Aunque el due\u00f1o de casa iba a empezar a ametrallar a distancia y v\u00eda Capponi (3) y Sacomani (2) pas\u00f3 al frente promediando el 3C (52-49) y estir\u00f3 a cinco la luz de ventaja de cara al \u00faltimo cuarto (60-55). El local sum\u00f3 28 puntos en el cuarto (tres menos que en todo el PT) y pas\u00f3 de tirar 3\/14 a distancia a un esperanzador 5\/7 en el segmento.<\/p>\n<blockquote><p>Venir a jugar a Argentino para m\u00ed es una alegr\u00eda. El a\u00f1o pasado vine, estaba roto y me quer\u00eda matar; as\u00ed que ahora por suerte estoy un poco mejor, por m\u00e1s que hace como 20 d\u00edas que no entreno. Si sale algo m\u00e1s adelante veremos, pero por ahora estoy ac\u00e1, tengo la cabeza ac\u00e1 y quiero ayudar al club a que nos salvemos, que es el objetivo de todos los a\u00f1os (Lucas Mar\u00edn)<\/p><\/blockquote>\n<p>Con dominio local 63-60, El Nacional estamp\u00f3 un parcial de 9 a 2 que incluy\u00f3 un triple de Hoffmann surgido de un buen movimiento de la bola y una asistencia de Etchepare (65-69 a 3m01). Pero luego se qued\u00f3, el local descont\u00f3 r\u00e1pido v\u00eda Sacomani, Mussini baj\u00f3 un rebote ofensivo que termin\u00f3 con bomba de Mar\u00edn y entre ambos hicieron 3\/4 en la l\u00ednea para darle ventaja de cinco a 16s (74-69). Iraola alcanz\u00f3 a descontar (74-72); pero tras el minuto, El Nacional no pudo cortar y Mar\u00edn la clav\u00f3 de mitad de cancha.<\/p>\n<p>&nbsp;<\/p>\n<p>[vimeo]http:\/\/vimeo.com\/164670229[\/vimeo]<\/p>\n<p>&nbsp;<\/p>\n<p><strong>S\u00edntesis |<\/strong> Primera Divisi\u00f3n &#8211; Fecha #12<\/p>\n<p><strong>Argentino\u00a077:\u00a0<\/strong>Mat\u00edas Oyhamburo 6,\u00a0Lucas Mar\u00edn 14,\u00a0Bruno Sacomani 15,\u00a0Bruno Aceituno 6,\u00a0Bruno Mandrini 0 (Fi);\u00a0Tom\u00e1s Bruni 11, Alan\u00a0Gonz\u00e1lez 7,\u00a0Lorenzo Capponi 12 y\u00a0Luciano Mussini 6.\u00a0DT: Mario Errazu.<\/p>\n<p><strong>El Nacional\u00a072:\u00a0<\/strong>Gonzalo Etchepare 3,\u00a0Lucas Chaves 22,\u00a0Emiliano Iraola 8,\u00a0Francisco Hoffmann 18,\u00a0Pomar Garbarino 10 (Fi);\u00a0St\u00e9fano Barba 11,\u00a0Mariano Blanche 0 y\u00a0Esteban Arteaga 0.\u00a0DT: Juan Andr\u00e9s Garc\u00eda.<\/p>\n<p><strong>Parciales:<\/strong>\u00a012-15, 31-33 (19-18), 59-55 (28-22) y 77-72 (18-17).<\/p>\n<p><strong>\u00c1rbitros:\u00a0<\/strong>Javier S\u00e1nchez &#8211; Diego Kessler.<\/p>\n<p><strong>Estadio:\u00a0<\/strong>Ardubilio Severini (Argentino).<\/p>\n<p><a href=\"https:\/\/docs.google.com\/spreadsheets\/d\/10IWQDp-scF5DN3RkxsePr8NUdZa4zZPF_hr6lW7Qr00\/pubhtml\" target=\"_blank\" rel=\"noopener\">Ver planilla<\/a><\/p>\n","protected":false},"excerpt":{"rendered":"<p>Lo cerr\u00f3 mejor y pudo derrotar a El Nacional en el Ardubilio Severini 77 a 72<\/p>\n","protected":false},"author":1,"featured_media":59120,"comment_status":"closed","ping_status":"open","sticky":false,"template":"","format":"standard","meta":{"jnews-multi-image_gallery":[],"jnews_single_post":[],"jnews_primary_category":[],"footnotes":""},"categories":[23,101],"tags":[4,275,9,79,353],"class_list":["post-59106","post","type-post","status-publish","format-standard","has-post-thumbnail","hentry","category-primera","category-slide","tag-argentino","tag-bruno-sacomani","tag-el-nacional","tag-lucas-chaves","tag-lucas-marin"],"yoast_head":"<!-- This site is optimized with the Yoast SEO plugin v27.5 - https:\/\/yoast.com\/product\/yoast-seo-wordpress\/ -->\n<title>Argentino, m\u00e1s inteligente - Gente de B\u00e1squet<\/title>\n<meta name=\"robots\" content=\"index, follow, max-snippet:-1, max-image-preview:large, max-video-preview:-1\" \/>\n<link rel=\"canonical\" href=\"https:\/\/gentedebasquet.com.ar\/sitio\/2016\/04\/28\/argentino-mas-inteligente\/\" \/>\n<meta property=\"og:locale\" content=\"es_ES\" \/>\n<meta property=\"og:type\" content=\"article\" \/>\n<meta property=\"og:title\" content=\"Argentino, m\u00e1s inteligente - Gente de B\u00e1squet\" \/>\n<meta property=\"og:description\" content=\"Lo cerr\u00f3 mejor y pudo derrotar a El Nacional en el Ardubilio Severini 77 a 72\" \/>\n<meta property=\"og:url\" content=\"https:\/\/gentedebasquet.com.ar\/sitio\/2016\/04\/28\/argentino-mas-inteligente\/\" \/>\n<meta property=\"og:site_name\" content=\"Gente de B\u00e1squet\" \/>\n<meta property=\"article:published_time\" content=\"2016-04-29T02:45:22+00:00\" \/>\n<meta property=\"og:image\" content=\"https:\/\/gentedebasquet.com.ar\/sitio\/wp-content\/uploads\/2016\/04\/Argentino-El-Nacional-Marin.jpg\" \/>\n\t<meta property=\"og:image:width\" content=\"690\" \/>\n\t<meta property=\"og:image:height\" content=\"319\" \/>\n\t<meta property=\"og:image:type\" content=\"image\/jpeg\" \/>\n<meta name=\"author\" content=\"Gente de B\u00e1squet\" \/>\n<meta name=\"twitter:card\" content=\"summary_large_image\" \/>\n<meta name=\"twitter:label1\" content=\"Escrito por\" \/>\n\t<meta name=\"twitter:data1\" content=\"Gente de B\u00e1squet\" \/>\n\t<meta name=\"twitter:label2\" content=\"Tiempo de lectura\" \/>\n\t<meta name=\"twitter:data2\" content=\"3 minutos\" \/>\n<script type=\"application\/ld+json\" class=\"yoast-schema-graph\">{\"@context\":\"https:\\\/\\\/schema.org\",\"@graph\":[{\"@type\":\"Article\",\"@id\":\"https:\\\/\\\/gentedebasquet.com.ar\\\/sitio\\\/2016\\\/04\\\/28\\\/argentino-mas-inteligente\\\/#article\",\"isPartOf\":{\"@id\":\"https:\\\/\\\/gentedebasquet.com.ar\\\/sitio\\\/2016\\\/04\\\/28\\\/argentino-mas-inteligente\\\/\"},\"author\":{\"name\":\"Gente de B\u00e1squet\",\"@id\":\"https:\\\/\\\/gentedebasquet.com.ar\\\/sitio\\\/#\\\/schema\\\/person\\\/ca0b63bbb977369988a7bbbdc519943a\"},\"headline\":\"Argentino, m\u00e1s inteligente\",\"datePublished\":\"2016-04-29T02:45:22+00:00\",\"mainEntityOfPage\":{\"@id\":\"https:\\\/\\\/gentedebasquet.com.ar\\\/sitio\\\/2016\\\/04\\\/28\\\/argentino-mas-inteligente\\\/\"},\"wordCount\":554,\"image\":{\"@id\":\"https:\\\/\\\/gentedebasquet.com.ar\\\/sitio\\\/2016\\\/04\\\/28\\\/argentino-mas-inteligente\\\/#primaryimage\"},\"thumbnailUrl\":\"https:\\\/\\\/gentedebasquet.com.ar\\\/sitio\\\/wp-content\\\/uploads\\\/2016\\\/04\\\/Argentino-El-Nacional-Marin.jpg\",\"keywords\":[\"Argentino\",\"Bruno Sacomani\",\"El Nacional\",\"Lucas Chaves\",\"Lucas Mar\u00edn\"],\"articleSection\":[\"Primera\",\"Slide\"],\"inLanguage\":\"es\"},{\"@type\":\"WebPage\",\"@id\":\"https:\\\/\\\/gentedebasquet.com.ar\\\/sitio\\\/2016\\\/04\\\/28\\\/argentino-mas-inteligente\\\/\",\"url\":\"https:\\\/\\\/gentedebasquet.com.ar\\\/sitio\\\/2016\\\/04\\\/28\\\/argentino-mas-inteligente\\\/\",\"name\":\"Argentino, m\u00e1s inteligente - Gente de B\u00e1squet\",\"isPartOf\":{\"@id\":\"https:\\\/\\\/gentedebasquet.com.ar\\\/sitio\\\/#website\"},\"primaryImageOfPage\":{\"@id\":\"https:\\\/\\\/gentedebasquet.com.ar\\\/sitio\\\/2016\\\/04\\\/28\\\/argentino-mas-inteligente\\\/#primaryimage\"},\"image\":{\"@id\":\"https:\\\/\\\/gentedebasquet.com.ar\\\/sitio\\\/2016\\\/04\\\/28\\\/argentino-mas-inteligente\\\/#primaryimage\"},\"thumbnailUrl\":\"https:\\\/\\\/gentedebasquet.com.ar\\\/sitio\\\/wp-content\\\/uploads\\\/2016\\\/04\\\/Argentino-El-Nacional-Marin.jpg\",\"datePublished\":\"2016-04-29T02:45:22+00:00\",\"author\":{\"@id\":\"https:\\\/\\\/gentedebasquet.com.ar\\\/sitio\\\/#\\\/schema\\\/person\\\/ca0b63bbb977369988a7bbbdc519943a\"},\"breadcrumb\":{\"@id\":\"https:\\\/\\\/gentedebasquet.com.ar\\\/sitio\\\/2016\\\/04\\\/28\\\/argentino-mas-inteligente\\\/#breadcrumb\"},\"inLanguage\":\"es\",\"potentialAction\":[{\"@type\":\"ReadAction\",\"target\":[\"https:\\\/\\\/gentedebasquet.com.ar\\\/sitio\\\/2016\\\/04\\\/28\\\/argentino-mas-inteligente\\\/\"]}]},{\"@type\":\"ImageObject\",\"inLanguage\":\"es\",\"@id\":\"https:\\\/\\\/gentedebasquet.com.ar\\\/sitio\\\/2016\\\/04\\\/28\\\/argentino-mas-inteligente\\\/#primaryimage\",\"url\":\"https:\\\/\\\/gentedebasquet.com.ar\\\/sitio\\\/wp-content\\\/uploads\\\/2016\\\/04\\\/Argentino-El-Nacional-Marin.jpg\",\"contentUrl\":\"https:\\\/\\\/gentedebasquet.com.ar\\\/sitio\\\/wp-content\\\/uploads\\\/2016\\\/04\\\/Argentino-El-Nacional-Marin.jpg\",\"width\":690,\"height\":319},{\"@type\":\"BreadcrumbList\",\"@id\":\"https:\\\/\\\/gentedebasquet.com.ar\\\/sitio\\\/2016\\\/04\\\/28\\\/argentino-mas-inteligente\\\/#breadcrumb\",\"itemListElement\":[{\"@type\":\"ListItem\",\"position\":1,\"name\":\"Portada\",\"item\":\"https:\\\/\\\/gentedebasquet.com.ar\\\/sitio\\\/\"},{\"@type\":\"ListItem\",\"position\":2,\"name\":\"Argentino, m\u00e1s inteligente\"}]},{\"@type\":\"WebSite\",\"@id\":\"https:\\\/\\\/gentedebasquet.com.ar\\\/sitio\\\/#website\",\"url\":\"https:\\\/\\\/gentedebasquet.com.ar\\\/sitio\\\/\",\"name\":\"Gente de B\u00e1squet\",\"description\":\"La revista del basquet de Bah\u00eda Blanca\",\"potentialAction\":[{\"@type\":\"SearchAction\",\"target\":{\"@type\":\"EntryPoint\",\"urlTemplate\":\"https:\\\/\\\/gentedebasquet.com.ar\\\/sitio\\\/?s={search_term_string}\"},\"query-input\":{\"@type\":\"PropertyValueSpecification\",\"valueRequired\":true,\"valueName\":\"search_term_string\"}}],\"inLanguage\":\"es\"},{\"@type\":\"Person\",\"@id\":\"https:\\\/\\\/gentedebasquet.com.ar\\\/sitio\\\/#\\\/schema\\\/person\\\/ca0b63bbb977369988a7bbbdc519943a\",\"name\":\"Gente de B\u00e1squet\",\"image\":{\"@type\":\"ImageObject\",\"inLanguage\":\"es\",\"@id\":\"https:\\\/\\\/secure.gravatar.com\\\/avatar\\\/7f2c48bdc33b30088f941fb6082e555f2874c98e20cb159d7b92b50eadfce793?s=96&d=mm&r=g\",\"url\":\"https:\\\/\\\/secure.gravatar.com\\\/avatar\\\/7f2c48bdc33b30088f941fb6082e555f2874c98e20cb159d7b92b50eadfce793?s=96&d=mm&r=g\",\"contentUrl\":\"https:\\\/\\\/secure.gravatar.com\\\/avatar\\\/7f2c48bdc33b30088f941fb6082e555f2874c98e20cb159d7b92b50eadfce793?s=96&d=mm&r=g\",\"caption\":\"Gente de B\u00e1squet\"},\"sameAs\":[\"http:\\\/\\\/gentedebasquet.com.ar\\\/sitio\"],\"url\":\"https:\\\/\\\/gentedebasquet.com.ar\\\/sitio\\\/author\\\/ulises\\\/\"}]}<\/script>\n<!-- \/ Yoast SEO plugin. -->","yoast_head_json":{"title":"Argentino, m\u00e1s inteligente - Gente de B\u00e1squet","robots":{"index":"index","follow":"follow","max-snippet":"max-snippet:-1","max-image-preview":"max-image-preview:large","max-video-preview":"max-video-preview:-1"},"canonical":"https:\/\/gentedebasquet.com.ar\/sitio\/2016\/04\/28\/argentino-mas-inteligente\/","og_locale":"es_ES","og_type":"article","og_title":"Argentino, m\u00e1s inteligente - Gente de B\u00e1squet","og_description":"Lo cerr\u00f3 mejor y pudo derrotar a El Nacional en el Ardubilio Severini 77 a 72","og_url":"https:\/\/gentedebasquet.com.ar\/sitio\/2016\/04\/28\/argentino-mas-inteligente\/","og_site_name":"Gente de B\u00e1squet","article_published_time":"2016-04-29T02:45:22+00:00","og_image":[{"width":690,"height":319,"url":"https:\/\/gentedebasquet.com.ar\/sitio\/wp-content\/uploads\/2016\/04\/Argentino-El-Nacional-Marin.jpg","type":"image\/jpeg"}],"author":"Gente de B\u00e1squet","twitter_card":"summary_large_image","twitter_misc":{"Escrito por":"Gente de B\u00e1squet","Tiempo de lectura":"3 minutos"},"schema":{"@context":"https:\/\/schema.org","@graph":[{"@type":"Article","@id":"https:\/\/gentedebasquet.com.ar\/sitio\/2016\/04\/28\/argentino-mas-inteligente\/#article","isPartOf":{"@id":"https:\/\/gentedebasquet.com.ar\/sitio\/2016\/04\/28\/argentino-mas-inteligente\/"},"author":{"name":"Gente de B\u00e1squet","@id":"https:\/\/gentedebasquet.com.ar\/sitio\/#\/schema\/person\/ca0b63bbb977369988a7bbbdc519943a"},"headline":"Argentino, m\u00e1s inteligente","datePublished":"2016-04-29T02:45:22+00:00","mainEntityOfPage":{"@id":"https:\/\/gentedebasquet.com.ar\/sitio\/2016\/04\/28\/argentino-mas-inteligente\/"},"wordCount":554,"image":{"@id":"https:\/\/gentedebasquet.com.ar\/sitio\/2016\/04\/28\/argentino-mas-inteligente\/#primaryimage"},"thumbnailUrl":"https:\/\/gentedebasquet.com.ar\/sitio\/wp-content\/uploads\/2016\/04\/Argentino-El-Nacional-Marin.jpg","keywords":["Argentino","Bruno Sacomani","El Nacional","Lucas Chaves","Lucas Mar\u00edn"],"articleSection":["Primera","Slide"],"inLanguage":"es"},{"@type":"WebPage","@id":"https:\/\/gentedebasquet.com.ar\/sitio\/2016\/04\/28\/argentino-mas-inteligente\/","url":"https:\/\/gentedebasquet.com.ar\/sitio\/2016\/04\/28\/argentino-mas-inteligente\/","name":"Argentino, m\u00e1s inteligente - Gente de B\u00e1squet","isPartOf":{"@id":"https:\/\/gentedebasquet.com.ar\/sitio\/#website"},"primaryImageOfPage":{"@id":"https:\/\/gentedebasquet.com.ar\/sitio\/2016\/04\/28\/argentino-mas-inteligente\/#primaryimage"},"image":{"@id":"https:\/\/gentedebasquet.com.ar\/sitio\/2016\/04\/28\/argentino-mas-inteligente\/#primaryimage"},"thumbnailUrl":"https:\/\/gentedebasquet.com.ar\/sitio\/wp-content\/uploads\/2016\/04\/Argentino-El-Nacional-Marin.jpg","datePublished":"2016-04-29T02:45:22+00:00","author":{"@id":"https:\/\/gentedebasquet.com.ar\/sitio\/#\/schema\/person\/ca0b63bbb977369988a7bbbdc519943a"},"breadcrumb":{"@id":"https:\/\/gentedebasquet.com.ar\/sitio\/2016\/04\/28\/argentino-mas-inteligente\/#breadcrumb"},"inLanguage":"es","potentialAction":[{"@type":"ReadAction","target":["https:\/\/gentedebasquet.com.ar\/sitio\/2016\/04\/28\/argentino-mas-inteligente\/"]}]},{"@type":"ImageObject","inLanguage":"es","@id":"https:\/\/gentedebasquet.com.ar\/sitio\/2016\/04\/28\/argentino-mas-inteligente\/#primaryimage","url":"https:\/\/gentedebasquet.com.ar\/sitio\/wp-content\/uploads\/2016\/04\/Argentino-El-Nacional-Marin.jpg","contentUrl":"https:\/\/gentedebasquet.com.ar\/sitio\/wp-content\/uploads\/2016\/04\/Argentino-El-Nacional-Marin.jpg","width":690,"height":319},{"@type":"BreadcrumbList","@id":"https:\/\/gentedebasquet.com.ar\/sitio\/2016\/04\/28\/argentino-mas-inteligente\/#breadcrumb","itemListElement":[{"@type":"ListItem","position":1,"name":"Portada","item":"https:\/\/gentedebasquet.com.ar\/sitio\/"},{"@type":"ListItem","position":2,"name":"Argentino, m\u00e1s inteligente"}]},{"@type":"WebSite","@id":"https:\/\/gentedebasquet.com.ar\/sitio\/#website","url":"https:\/\/gentedebasquet.com.ar\/sitio\/","name":"Gente de B\u00e1squet","description":"La revista del basquet de Bah\u00eda Blanca","potentialAction":[{"@type":"SearchAction","target":{"@type":"EntryPoint","urlTemplate":"https:\/\/gentedebasquet.com.ar\/sitio\/?s={search_term_string}"},"query-input":{"@type":"PropertyValueSpecification","valueRequired":true,"valueName":"search_term_string"}}],"inLanguage":"es"},{"@type":"Person","@id":"https:\/\/gentedebasquet.com.ar\/sitio\/#\/schema\/person\/ca0b63bbb977369988a7bbbdc519943a","name":"Gente de B\u00e1squet","image":{"@type":"ImageObject","inLanguage":"es","@id":"https:\/\/secure.gravatar.com\/avatar\/7f2c48bdc33b30088f941fb6082e555f2874c98e20cb159d7b92b50eadfce793?s=96&d=mm&r=g","url":"https:\/\/secure.gravatar.com\/avatar\/7f2c48bdc33b30088f941fb6082e555f2874c98e20cb159d7b92b50eadfce793?s=96&d=mm&r=g","contentUrl":"https:\/\/secure.gravatar.com\/avatar\/7f2c48bdc33b30088f941fb6082e555f2874c98e20cb159d7b92b50eadfce793?s=96&d=mm&r=g","caption":"Gente de B\u00e1squet"},"sameAs":["http:\/\/gentedebasquet.com.ar\/sitio"],"url":"https:\/\/gentedebasquet.com.ar\/sitio\/author\/ulises\/"}]}},"_links":{"self":[{"href":"https:\/\/gentedebasquet.com.ar\/sitio\/wp-json\/wp\/v2\/posts\/59106","targetHints":{"allow":["GET"]}}],"collection":[{"href":"https:\/\/gentedebasquet.com.ar\/sitio\/wp-json\/wp\/v2\/posts"}],"about":[{"href":"https:\/\/gentedebasquet.com.ar\/sitio\/wp-json\/wp\/v2\/types\/post"}],"author":[{"embeddable":true,"href":"https:\/\/gentedebasquet.com.ar\/sitio\/wp-json\/wp\/v2\/users\/1"}],"replies":[{"embeddable":true,"href":"https:\/\/gentedebasquet.com.ar\/sitio\/wp-json\/wp\/v2\/comments?post=59106"}],"version-history":[{"count":0,"href":"https:\/\/gentedebasquet.com.ar\/sitio\/wp-json\/wp\/v2\/posts\/59106\/revisions"}],"wp:featuredmedia":[{"embeddable":true,"href":"https:\/\/gentedebasquet.com.ar\/sitio\/wp-json\/wp\/v2\/media\/59120"}],"wp:attachment":[{"href":"https:\/\/gentedebasquet.com.ar\/sitio\/wp-json\/wp\/v2\/media?parent=59106"}],"wp:term":[{"taxonomy":"category","embeddable":true,"href":"https:\/\/gentedebasquet.com.ar\/sitio\/wp-json\/wp\/v2\/categories?post=59106"},{"taxonomy":"post_tag","embeddable":true,"href":"https:\/\/gentedebasquet.com.ar\/sitio\/wp-json\/wp\/v2\/tags?post=59106"}],"curies":[{"name":"wp","href":"https:\/\/api.w.org\/{rel}","templated":true}]}}