{"id":59608,"date":"2016-05-09T23:04:13","date_gmt":"2016-05-10T02:04:13","guid":{"rendered":"http:\/\/www.gentedebasquet.com.ar\/?p=59608"},"modified":"2016-05-09T23:04:13","modified_gmt":"2016-05-10T02:04:13","slug":"villa-mitre-se-desperto","status":"publish","type":"post","link":"https:\/\/gentedebasquet.com.ar\/sitio\/2016\/05\/09\/villa-mitre-se-desperto\/","title":{"rendered":"Villa Mitre se despert\u00f3"},"content":{"rendered":"<p><strong>Tras cinco derrotas al hilo, Villa Mitre se recompuso como local ante Argentino y lo venci\u00f3 por 79-71.\u00a0 Con fuerte juego interno, Javier Bollo (17 puntos y 10 rebotes) \u00a0y David Pineda (12) se destacaron en el tricolor.\u00a0 En la visita, no alcanz\u00f3 con la monstruosa tarea de Lucas Mar\u00edn (34 puntos, 8-10 en t3).\u00a0 Gast\u00f3n Diomedi debi\u00f3 ser atendido de urgencia, producto de un fuerte golpe en su cadera.<\/strong><\/p>\n<p>Villa Mitre domin\u00f3 el partido desde el arranque, apoy\u00e1ndose en su superioridad f\u00edsica en el poste bajo.\u00a0 Con una superlativa tarea de Bollo (9 puntos en el 1C) en la pintura, y un buen aporte de Renzi (6,\u00a0 2 robos y 3 rebotes) en ambos costados, el tricolor dio un fuerte golpe de entrada a Argentino (23-9), que no encontr\u00f3 caminos al aro y forz\u00f3 el 1v1 de Lucas Mar\u00edn (3).\u00a0 Poco cambi\u00f3 en el 2C.\u00a0 Villa Mitre tuvo a Barraza ahora como no generador de oportunidades (3 asistencias) y tuvo a Colo Mart\u00ednez castigando tanto dentro como fuera de la medialuna (7).\u00a0 Asi, el local sac\u00f3 20 de ventaja en 17m de juego (41-21).\u00a0 El que si cambi\u00f3 de actitud fue Argentino con el ingreso de Errazu y Bruni (9 entre los dos) y un mejor ataque al aro de Antonelli (5) que le permiti\u00f3 achichar su d\u00e9ficit al entretiempo (45-31).<\/p>\n<p>Aunque Villa Mitre parec\u00eda tener el partido controlado, un balde de agua helada lo esper\u00f3 en la reanudaci\u00f3n del partido.\u00a0 Lucas Mar\u00edn se puso en modo Playstation, y fue una avalancha de triples (6-6, 20 puntos en el 3C) propinando al tricolor un parcial de 21-4 para pasar al frente en 5m (49-52).\u00a0 A 2m32 del cierre del segmento, en una acci\u00f3n desafortunada, Gast\u00f3n Diomedi recibi\u00f3 un desleal y brusco golpe de parte de Bruno Mandrini (que le vali\u00f3 antideportiva) cuando penetraba a la pintura, golpeando su cadera contra uno de los carteles de publicidad del aro de calle Garibaldi.\u00a0 Fuertemente dolorido e incapaz de moverse, Diomedi se qued\u00f3 tendido por m\u00e1s de 20 minutos en el suelo hasta que los servicios de emergencia lo retiraron del Jos\u00e9 Mart\u00ednez.<\/p>\n<blockquote><p>Ya cambiamos la cabeza despu\u00e9s de quedar eliminados del Federal. \u00a0Hoy arrancamos muy bien, despu\u00e9s lo sufrimos a Pela (Mar\u00edn) pero ajustamos en defensa y lo ganamos. \u00a0 Tenemos un partido pendiente con Napost\u00e1 pero sabemos que tenemos que remontar el torneo local. \u00a0Nos benefici\u00f3 que haya Playoffs en el primer tramo, porque tenemos un plantel largo y podemos aprovecharlo en cualquier serie (Nicol\u00e1s Renzi)<\/p><\/blockquote>\n<p>A pesar de la preocupaci\u00f3n, el parate le hizo bien a Villa Mitre, que retom\u00f3 las bases ofensivas del 1C, y con Bollo y Pineda (4 cada uno) volvi\u00f3 a ponerse arriba de cara al ep\u00edlogo (59-57).\u00a0 Y justamente, el juego cercano al aro le dio el triunfo a Villa Mitre, a pesar de que Argentino lo esper\u00f3 en zona 2-3 en el \u00faltimo segmento.\u00a0 Renzi (5) fue el ariete del tricolor hacia el aro, pero pes\u00f3 m\u00e1s lo que el local pudo hacer en su aro, doblando a Mar\u00edn y sec\u00e1ndolo en puntos (6).\u00a0 Arrim\u00e1ndose de nuevo al doble d\u00edgito de ventaja (72-64 a menos de 2m para el cierre), el conjunto de Ugolini volvi\u00f3 a cantar victoria tras cinco ca\u00eddas.<\/p>\n<p>&nbsp;<\/p>\n<p>[youtube]https:\/\/youtu.be\/aYJpAORKC30[\/youtube]<\/p>\n<p>&nbsp;<\/p>\n<p><strong>S\u00edntesis| <\/strong>Primera Divisi\u00f3n \u2013 Ciudad de Bah\u00eda Blanca &#8211; Fecha #15<\/p>\n<p><strong>Villa Mitre 79: <\/strong>Marcelo Berdini 11 (x), Gast\u00f3n Diomedi 4, Nicol\u00e1s Renzi 12, David Pineda 12, Javier Bollo 17 (FI); Jos\u00e9 Luis Mart\u00ednez 9, Germ\u00e1n Andr\u00e9s 6, Fernando Alfonso 2, Federico Barraza 4, Carlos P\u00e9rez 2.\u00a0 D.T: Ariel Ugolini.<\/p>\n<p><strong>Argentino 71: <\/strong>Lucas Mar\u00edn 34, Nicol\u00e1s Antonelli 5, Bruno Sacomani 6, Alan Gonz\u00e1lez 2, Bruno Mandrini 0 (FI); Luciano Mussini 0, Tom\u00e1s Bruni 8, Emanuel L\u00f3pez 0, Bruno Aceituno 11, I\u00f1aki Errazu 5.\u00a0 D.T. Mario Errazu.<\/p>\n<p><strong>Parciales: <\/strong>23-9, 45-31 (22-22), 59-57 (14-26), 79-71 (20-14).<\/p>\n<p><strong>\u00c1rbitros: <\/strong>Sebasti\u00e1n Arcas \u2013 Emanuel S\u00e1nchez.<\/p>\n<p><strong>Estadio: <\/strong>Jos\u00e9 Mart\u00ednez.<\/p>\n<p><a class=\"modalf iframe\" title=\"Planilla\" href=\"https:\/\/docs.google.com\/spreadsheets\/d\/1lHYoVicY2EaxVhgRBcVahG3R3enBXoMroVlezDGHMBQ\/pubhtml\" target=\"_blank\" rel=\"noopener\">Ver Planilla<\/a><\/p>\n<p>&nbsp;<\/p>\n<h6 style=\"text-align: center;\"><del><\/del>PARA PENSAR<\/h6>\n<p>La fea lesi\u00f3n de Gast\u00f3n Diomedi sobre el cierre del 3C, dej\u00f3 un par de situaciones que ameritan, aunque sea, unos segundos de pensamiento. \u00a0El jugador de Villa Mitre, al no poder movilizar su cuerpo desde la cintura hacia las piernas, debi\u00f3 permanecer tendido bajo el aro de calle Garibaldi por m\u00e1s de 20 minutos, hasta que el servicio de emergencias se present\u00f3 en el Jos\u00e9 Mart\u00ednez. \u00a0Ante la situaci\u00f3n, es factible preguntarse si es momento de que en el seno de la ABB, se considere seriamente la posibilidad de poder incorporar un m\u00e9dico en cada partido que se dispute en una fecha, con el motivo de cuidar m\u00e1s a todos las personas que comprenden la actividad del b\u00e1squet de nuestra ciudad. \u00a0Existe un proyecto presentado por el entrenador del club El Nacional, Juan Andr\u00e9s Garc\u00eda, que en uno de los \u00edtems de su articulado estipula \u00ab<strong><em>presencia por parte del equipo local, de un medico en cada partido en car\u00e1cter de obligatorio y sin la presencia del cual, no se dar\u00e1 comienzo al mismo<\/em><\/strong>\u00ab.<\/p>\n<div class=\"_4tdt\"><\/div>\n<div class=\"_4tdt\"><\/div>\n","protected":false},"excerpt":{"rendered":"<p>Derrot\u00f3 a Argentino 79 a 71 y cort\u00f3 una racha de cinco ca\u00eddas consecutivas<\/p>\n","protected":false},"author":1,"featured_media":59609,"comment_status":"closed","ping_status":"open","sticky":false,"template":"","format":"standard","meta":{"jnews-multi-image_gallery":[],"jnews_single_post":[],"jnews_primary_category":[],"footnotes":""},"categories":[23,101],"tags":[4,228,603,353,22],"class_list":["post-59608","post","type-post","status-publish","format-standard","has-post-thumbnail","hentry","category-primera","category-slide","tag-argentino","tag-david-pineda","tag-javier-bollo","tag-lucas-marin","tag-villa-mitre"],"yoast_head":"<!-- This site is optimized with the Yoast SEO plugin v27.5 - https:\/\/yoast.com\/product\/yoast-seo-wordpress\/ -->\n<title>Villa Mitre se despert\u00f3 - Gente de B\u00e1squet<\/title>\n<meta name=\"robots\" content=\"index, follow, max-snippet:-1, max-image-preview:large, max-video-preview:-1\" \/>\n<link rel=\"canonical\" href=\"https:\/\/gentedebasquet.com.ar\/sitio\/2016\/05\/09\/villa-mitre-se-desperto\/\" \/>\n<meta property=\"og:locale\" content=\"es_ES\" \/>\n<meta property=\"og:type\" content=\"article\" \/>\n<meta property=\"og:title\" content=\"Villa Mitre se despert\u00f3 - Gente de B\u00e1squet\" \/>\n<meta property=\"og:description\" content=\"Derrot\u00f3 a Argentino 79 a 71 y cort\u00f3 una racha de cinco ca\u00eddas consecutivas\" \/>\n<meta property=\"og:url\" content=\"https:\/\/gentedebasquet.com.ar\/sitio\/2016\/05\/09\/villa-mitre-se-desperto\/\" \/>\n<meta property=\"og:site_name\" content=\"Gente de B\u00e1squet\" \/>\n<meta property=\"article:published_time\" content=\"2016-05-10T02:04:13+00:00\" \/>\n<meta property=\"og:image\" content=\"https:\/\/gentedebasquet.com.ar\/sitio\/wp-content\/uploads\/2016\/05\/Renzi-v-Argentino.jpg\" \/>\n\t<meta property=\"og:image:width\" content=\"690\" \/>\n\t<meta property=\"og:image:height\" content=\"319\" \/>\n\t<meta property=\"og:image:type\" content=\"image\/jpeg\" \/>\n<meta name=\"author\" content=\"Gente de B\u00e1squet\" \/>\n<meta name=\"twitter:card\" content=\"summary_large_image\" \/>\n<meta name=\"twitter:label1\" content=\"Escrito por\" \/>\n\t<meta name=\"twitter:data1\" content=\"Gente de B\u00e1squet\" \/>\n\t<meta name=\"twitter:label2\" content=\"Tiempo de lectura\" \/>\n\t<meta name=\"twitter:data2\" content=\"4 minutos\" \/>\n<script type=\"application\/ld+json\" class=\"yoast-schema-graph\">{\"@context\":\"https:\\\/\\\/schema.org\",\"@graph\":[{\"@type\":\"Article\",\"@id\":\"https:\\\/\\\/gentedebasquet.com.ar\\\/sitio\\\/2016\\\/05\\\/09\\\/villa-mitre-se-desperto\\\/#article\",\"isPartOf\":{\"@id\":\"https:\\\/\\\/gentedebasquet.com.ar\\\/sitio\\\/2016\\\/05\\\/09\\\/villa-mitre-se-desperto\\\/\"},\"author\":{\"name\":\"Gente de B\u00e1squet\",\"@id\":\"https:\\\/\\\/gentedebasquet.com.ar\\\/sitio\\\/#\\\/schema\\\/person\\\/ca0b63bbb977369988a7bbbdc519943a\"},\"headline\":\"Villa Mitre se despert\u00f3\",\"datePublished\":\"2016-05-10T02:04:13+00:00\",\"mainEntityOfPage\":{\"@id\":\"https:\\\/\\\/gentedebasquet.com.ar\\\/sitio\\\/2016\\\/05\\\/09\\\/villa-mitre-se-desperto\\\/\"},\"wordCount\":843,\"image\":{\"@id\":\"https:\\\/\\\/gentedebasquet.com.ar\\\/sitio\\\/2016\\\/05\\\/09\\\/villa-mitre-se-desperto\\\/#primaryimage\"},\"thumbnailUrl\":\"https:\\\/\\\/gentedebasquet.com.ar\\\/sitio\\\/wp-content\\\/uploads\\\/2016\\\/05\\\/Renzi-v-Argentino.jpg\",\"keywords\":[\"Argentino\",\"David Pineda\",\"Javier Bollo\",\"Lucas Mar\u00edn\",\"Villa Mitre\"],\"articleSection\":[\"Primera\",\"Slide\"],\"inLanguage\":\"es\"},{\"@type\":\"WebPage\",\"@id\":\"https:\\\/\\\/gentedebasquet.com.ar\\\/sitio\\\/2016\\\/05\\\/09\\\/villa-mitre-se-desperto\\\/\",\"url\":\"https:\\\/\\\/gentedebasquet.com.ar\\\/sitio\\\/2016\\\/05\\\/09\\\/villa-mitre-se-desperto\\\/\",\"name\":\"Villa Mitre se despert\u00f3 - Gente de B\u00e1squet\",\"isPartOf\":{\"@id\":\"https:\\\/\\\/gentedebasquet.com.ar\\\/sitio\\\/#website\"},\"primaryImageOfPage\":{\"@id\":\"https:\\\/\\\/gentedebasquet.com.ar\\\/sitio\\\/2016\\\/05\\\/09\\\/villa-mitre-se-desperto\\\/#primaryimage\"},\"image\":{\"@id\":\"https:\\\/\\\/gentedebasquet.com.ar\\\/sitio\\\/2016\\\/05\\\/09\\\/villa-mitre-se-desperto\\\/#primaryimage\"},\"thumbnailUrl\":\"https:\\\/\\\/gentedebasquet.com.ar\\\/sitio\\\/wp-content\\\/uploads\\\/2016\\\/05\\\/Renzi-v-Argentino.jpg\",\"datePublished\":\"2016-05-10T02:04:13+00:00\",\"author\":{\"@id\":\"https:\\\/\\\/gentedebasquet.com.ar\\\/sitio\\\/#\\\/schema\\\/person\\\/ca0b63bbb977369988a7bbbdc519943a\"},\"breadcrumb\":{\"@id\":\"https:\\\/\\\/gentedebasquet.com.ar\\\/sitio\\\/2016\\\/05\\\/09\\\/villa-mitre-se-desperto\\\/#breadcrumb\"},\"inLanguage\":\"es\",\"potentialAction\":[{\"@type\":\"ReadAction\",\"target\":[\"https:\\\/\\\/gentedebasquet.com.ar\\\/sitio\\\/2016\\\/05\\\/09\\\/villa-mitre-se-desperto\\\/\"]}]},{\"@type\":\"ImageObject\",\"inLanguage\":\"es\",\"@id\":\"https:\\\/\\\/gentedebasquet.com.ar\\\/sitio\\\/2016\\\/05\\\/09\\\/villa-mitre-se-desperto\\\/#primaryimage\",\"url\":\"https:\\\/\\\/gentedebasquet.com.ar\\\/sitio\\\/wp-content\\\/uploads\\\/2016\\\/05\\\/Renzi-v-Argentino.jpg\",\"contentUrl\":\"https:\\\/\\\/gentedebasquet.com.ar\\\/sitio\\\/wp-content\\\/uploads\\\/2016\\\/05\\\/Renzi-v-Argentino.jpg\",\"width\":690,\"height\":319},{\"@type\":\"BreadcrumbList\",\"@id\":\"https:\\\/\\\/gentedebasquet.com.ar\\\/sitio\\\/2016\\\/05\\\/09\\\/villa-mitre-se-desperto\\\/#breadcrumb\",\"itemListElement\":[{\"@type\":\"ListItem\",\"position\":1,\"name\":\"Portada\",\"item\":\"https:\\\/\\\/gentedebasquet.com.ar\\\/sitio\\\/\"},{\"@type\":\"ListItem\",\"position\":2,\"name\":\"Villa Mitre se despert\u00f3\"}]},{\"@type\":\"WebSite\",\"@id\":\"https:\\\/\\\/gentedebasquet.com.ar\\\/sitio\\\/#website\",\"url\":\"https:\\\/\\\/gentedebasquet.com.ar\\\/sitio\\\/\",\"name\":\"Gente de B\u00e1squet\",\"description\":\"La revista del basquet de Bah\u00eda Blanca\",\"potentialAction\":[{\"@type\":\"SearchAction\",\"target\":{\"@type\":\"EntryPoint\",\"urlTemplate\":\"https:\\\/\\\/gentedebasquet.com.ar\\\/sitio\\\/?s={search_term_string}\"},\"query-input\":{\"@type\":\"PropertyValueSpecification\",\"valueRequired\":true,\"valueName\":\"search_term_string\"}}],\"inLanguage\":\"es\"},{\"@type\":\"Person\",\"@id\":\"https:\\\/\\\/gentedebasquet.com.ar\\\/sitio\\\/#\\\/schema\\\/person\\\/ca0b63bbb977369988a7bbbdc519943a\",\"name\":\"Gente de B\u00e1squet\",\"image\":{\"@type\":\"ImageObject\",\"inLanguage\":\"es\",\"@id\":\"https:\\\/\\\/secure.gravatar.com\\\/avatar\\\/7f2c48bdc33b30088f941fb6082e555f2874c98e20cb159d7b92b50eadfce793?s=96&d=mm&r=g\",\"url\":\"https:\\\/\\\/secure.gravatar.com\\\/avatar\\\/7f2c48bdc33b30088f941fb6082e555f2874c98e20cb159d7b92b50eadfce793?s=96&d=mm&r=g\",\"contentUrl\":\"https:\\\/\\\/secure.gravatar.com\\\/avatar\\\/7f2c48bdc33b30088f941fb6082e555f2874c98e20cb159d7b92b50eadfce793?s=96&d=mm&r=g\",\"caption\":\"Gente de B\u00e1squet\"},\"sameAs\":[\"http:\\\/\\\/gentedebasquet.com.ar\\\/sitio\"],\"url\":\"https:\\\/\\\/gentedebasquet.com.ar\\\/sitio\\\/author\\\/ulises\\\/\"}]}<\/script>\n<!-- \/ Yoast SEO plugin. -->","yoast_head_json":{"title":"Villa Mitre se despert\u00f3 - Gente de B\u00e1squet","robots":{"index":"index","follow":"follow","max-snippet":"max-snippet:-1","max-image-preview":"max-image-preview:large","max-video-preview":"max-video-preview:-1"},"canonical":"https:\/\/gentedebasquet.com.ar\/sitio\/2016\/05\/09\/villa-mitre-se-desperto\/","og_locale":"es_ES","og_type":"article","og_title":"Villa Mitre se despert\u00f3 - Gente de B\u00e1squet","og_description":"Derrot\u00f3 a Argentino 79 a 71 y cort\u00f3 una racha de cinco ca\u00eddas consecutivas","og_url":"https:\/\/gentedebasquet.com.ar\/sitio\/2016\/05\/09\/villa-mitre-se-desperto\/","og_site_name":"Gente de B\u00e1squet","article_published_time":"2016-05-10T02:04:13+00:00","og_image":[{"width":690,"height":319,"url":"https:\/\/gentedebasquet.com.ar\/sitio\/wp-content\/uploads\/2016\/05\/Renzi-v-Argentino.jpg","type":"image\/jpeg"}],"author":"Gente de B\u00e1squet","twitter_card":"summary_large_image","twitter_misc":{"Escrito por":"Gente de B\u00e1squet","Tiempo de lectura":"4 minutos"},"schema":{"@context":"https:\/\/schema.org","@graph":[{"@type":"Article","@id":"https:\/\/gentedebasquet.com.ar\/sitio\/2016\/05\/09\/villa-mitre-se-desperto\/#article","isPartOf":{"@id":"https:\/\/gentedebasquet.com.ar\/sitio\/2016\/05\/09\/villa-mitre-se-desperto\/"},"author":{"name":"Gente de B\u00e1squet","@id":"https:\/\/gentedebasquet.com.ar\/sitio\/#\/schema\/person\/ca0b63bbb977369988a7bbbdc519943a"},"headline":"Villa Mitre se despert\u00f3","datePublished":"2016-05-10T02:04:13+00:00","mainEntityOfPage":{"@id":"https:\/\/gentedebasquet.com.ar\/sitio\/2016\/05\/09\/villa-mitre-se-desperto\/"},"wordCount":843,"image":{"@id":"https:\/\/gentedebasquet.com.ar\/sitio\/2016\/05\/09\/villa-mitre-se-desperto\/#primaryimage"},"thumbnailUrl":"https:\/\/gentedebasquet.com.ar\/sitio\/wp-content\/uploads\/2016\/05\/Renzi-v-Argentino.jpg","keywords":["Argentino","David Pineda","Javier Bollo","Lucas Mar\u00edn","Villa Mitre"],"articleSection":["Primera","Slide"],"inLanguage":"es"},{"@type":"WebPage","@id":"https:\/\/gentedebasquet.com.ar\/sitio\/2016\/05\/09\/villa-mitre-se-desperto\/","url":"https:\/\/gentedebasquet.com.ar\/sitio\/2016\/05\/09\/villa-mitre-se-desperto\/","name":"Villa Mitre se despert\u00f3 - Gente de B\u00e1squet","isPartOf":{"@id":"https:\/\/gentedebasquet.com.ar\/sitio\/#website"},"primaryImageOfPage":{"@id":"https:\/\/gentedebasquet.com.ar\/sitio\/2016\/05\/09\/villa-mitre-se-desperto\/#primaryimage"},"image":{"@id":"https:\/\/gentedebasquet.com.ar\/sitio\/2016\/05\/09\/villa-mitre-se-desperto\/#primaryimage"},"thumbnailUrl":"https:\/\/gentedebasquet.com.ar\/sitio\/wp-content\/uploads\/2016\/05\/Renzi-v-Argentino.jpg","datePublished":"2016-05-10T02:04:13+00:00","author":{"@id":"https:\/\/gentedebasquet.com.ar\/sitio\/#\/schema\/person\/ca0b63bbb977369988a7bbbdc519943a"},"breadcrumb":{"@id":"https:\/\/gentedebasquet.com.ar\/sitio\/2016\/05\/09\/villa-mitre-se-desperto\/#breadcrumb"},"inLanguage":"es","potentialAction":[{"@type":"ReadAction","target":["https:\/\/gentedebasquet.com.ar\/sitio\/2016\/05\/09\/villa-mitre-se-desperto\/"]}]},{"@type":"ImageObject","inLanguage":"es","@id":"https:\/\/gentedebasquet.com.ar\/sitio\/2016\/05\/09\/villa-mitre-se-desperto\/#primaryimage","url":"https:\/\/gentedebasquet.com.ar\/sitio\/wp-content\/uploads\/2016\/05\/Renzi-v-Argentino.jpg","contentUrl":"https:\/\/gentedebasquet.com.ar\/sitio\/wp-content\/uploads\/2016\/05\/Renzi-v-Argentino.jpg","width":690,"height":319},{"@type":"BreadcrumbList","@id":"https:\/\/gentedebasquet.com.ar\/sitio\/2016\/05\/09\/villa-mitre-se-desperto\/#breadcrumb","itemListElement":[{"@type":"ListItem","position":1,"name":"Portada","item":"https:\/\/gentedebasquet.com.ar\/sitio\/"},{"@type":"ListItem","position":2,"name":"Villa Mitre se despert\u00f3"}]},{"@type":"WebSite","@id":"https:\/\/gentedebasquet.com.ar\/sitio\/#website","url":"https:\/\/gentedebasquet.com.ar\/sitio\/","name":"Gente de B\u00e1squet","description":"La revista del basquet de Bah\u00eda Blanca","potentialAction":[{"@type":"SearchAction","target":{"@type":"EntryPoint","urlTemplate":"https:\/\/gentedebasquet.com.ar\/sitio\/?s={search_term_string}"},"query-input":{"@type":"PropertyValueSpecification","valueRequired":true,"valueName":"search_term_string"}}],"inLanguage":"es"},{"@type":"Person","@id":"https:\/\/gentedebasquet.com.ar\/sitio\/#\/schema\/person\/ca0b63bbb977369988a7bbbdc519943a","name":"Gente de B\u00e1squet","image":{"@type":"ImageObject","inLanguage":"es","@id":"https:\/\/secure.gravatar.com\/avatar\/7f2c48bdc33b30088f941fb6082e555f2874c98e20cb159d7b92b50eadfce793?s=96&d=mm&r=g","url":"https:\/\/secure.gravatar.com\/avatar\/7f2c48bdc33b30088f941fb6082e555f2874c98e20cb159d7b92b50eadfce793?s=96&d=mm&r=g","contentUrl":"https:\/\/secure.gravatar.com\/avatar\/7f2c48bdc33b30088f941fb6082e555f2874c98e20cb159d7b92b50eadfce793?s=96&d=mm&r=g","caption":"Gente de B\u00e1squet"},"sameAs":["http:\/\/gentedebasquet.com.ar\/sitio"],"url":"https:\/\/gentedebasquet.com.ar\/sitio\/author\/ulises\/"}]}},"_links":{"self":[{"href":"https:\/\/gentedebasquet.com.ar\/sitio\/wp-json\/wp\/v2\/posts\/59608","targetHints":{"allow":["GET"]}}],"collection":[{"href":"https:\/\/gentedebasquet.com.ar\/sitio\/wp-json\/wp\/v2\/posts"}],"about":[{"href":"https:\/\/gentedebasquet.com.ar\/sitio\/wp-json\/wp\/v2\/types\/post"}],"author":[{"embeddable":true,"href":"https:\/\/gentedebasquet.com.ar\/sitio\/wp-json\/wp\/v2\/users\/1"}],"replies":[{"embeddable":true,"href":"https:\/\/gentedebasquet.com.ar\/sitio\/wp-json\/wp\/v2\/comments?post=59608"}],"version-history":[{"count":0,"href":"https:\/\/gentedebasquet.com.ar\/sitio\/wp-json\/wp\/v2\/posts\/59608\/revisions"}],"wp:featuredmedia":[{"embeddable":true,"href":"https:\/\/gentedebasquet.com.ar\/sitio\/wp-json\/wp\/v2\/media\/59609"}],"wp:attachment":[{"href":"https:\/\/gentedebasquet.com.ar\/sitio\/wp-json\/wp\/v2\/media?parent=59608"}],"wp:term":[{"taxonomy":"category","embeddable":true,"href":"https:\/\/gentedebasquet.com.ar\/sitio\/wp-json\/wp\/v2\/categories?post=59608"},{"taxonomy":"post_tag","embeddable":true,"href":"https:\/\/gentedebasquet.com.ar\/sitio\/wp-json\/wp\/v2\/tags?post=59608"}],"curies":[{"name":"wp","href":"https:\/\/api.w.org\/{rel}","templated":true}]}}