{"id":59776,"date":"2016-05-13T12:27:34","date_gmt":"2016-05-13T15:27:34","guid":{"rendered":"http:\/\/www.gentedebasquet.com.ar\/?p=59776"},"modified":"2016-05-13T12:27:34","modified_gmt":"2016-05-13T15:27:34","slug":"redivo-a-la-seleccion","status":"publish","type":"post","link":"https:\/\/gentedebasquet.com.ar\/sitio\/2016\/05\/13\/redivo-a-la-seleccion\/","title":{"rendered":"Redivo, a la Selecci\u00f3n"},"content":{"rendered":"<p><strong>El entrenador Nicol\u00e1s Casal\u00e1nguida design\u00f3 23 jugadores para formar parte de la Preselecci\u00f3n Argentina que disputar\u00e1 desde el 26 de junio de junio al 2 de julio en Caracas. La preparaci\u00f3n comenzar\u00e1 el jueves 9, en sede a designar. Entre los citados aparecen los bahienses Nicol\u00e1s De los Santos, Lucio Redivo y Nicol\u00e1s Richotti; mientras que tambi\u00e9n est\u00e1 convocado Juan Pablo Vaulet (Bah\u00eda Basket).<\/strong><\/p>\n<p>Se acerca el Sudamericano de Caracas, primer desaf\u00edo oficial para la Selecci\u00f3n Argentina Masculina, y el entrenador designado para dirigir el certamen, Nicol\u00e1s Casal\u00e1nguida, oficializ\u00f3 su convocatoria con 23 jugadores. El equipo comenzar\u00e1 a entrenar el d\u00eda 9 de junio en sede a designar y se est\u00e1n programando amistosos para que el plantel llegue con el suficiente rodaje al certamen continental.<\/p>\n<p>Vale aclarar que, conforme al acuerdo alcanzado entre la Confederaci\u00f3n Argentina de B\u00e1squet y Asociaci\u00f3n de Clubes, los jugadores participantes de la final no ser\u00e1n parte de la preparaci\u00f3n (y obviamente, tampoco del torneo) y la competencia liguera finalizar\u00e1 antes del inicio de la preparaci\u00f3n ol\u00edmpica (1 de julio).<\/p>\n<p>La CABB agradece sobremanera la predisposici\u00f3n y buena voluntad de la AdC para adecuar su calendario, luego del extempor\u00e1neo anuncio de ABASU acerca de la fecha de realizaci\u00f3n del campeonato (26 de junio al 2 de julio).<\/p>\n<p><iframe loading=\"lazy\" src=\"https:\/\/www.youtube.com\/embed\/QErmHhTgEyw\" width=\"560\" height=\"315\" frameborder=\"0\" allowfullscreen=\"allowfullscreen\"><\/iframe><\/p>\n<p>En sus \u00faltimas tres presentaciones en el Sudamericano, la Selecci\u00f3n Argentina concluy\u00f3: segunda en 2014 (en Isla Margarita, Venezuela), primera en 2012 (en Chaco, Argentina) y segunda en 2010 (Neiva, Colombia). En esta ocasi\u00f3n, conformar\u00e1 el Grupo B, junto con Per\u00fa, Colombia, Uruguay y Chile.<\/p>\n<p>En el Sudamericano, Argentina enfrentar\u00e1 a Uruguay (lunes 27 de junio), Per\u00fa (martes 28), Chile (mi\u00e9rcoles 29) y Colombia (jueves 30) en la primera fase.<\/p>\n<p>&nbsp;<\/p>\n<h5>PRESELECCI\u00d3N ARGENTINA DE MAYORES<\/h5>\n<p><strong>Nicol\u00e1s De los Santos<\/strong><\/p>\n<p><em>Posici\u00f3n:<\/em> base<\/p>\n<p><em>Nacimiento<\/em>: 15\/4\/1988<\/p>\n<p><em>Club<\/em>: Gimnasia (CR)<\/p>\n<p>&nbsp;<\/p>\n<p>Luca Vildoza<\/p>\n<p><em>Posici\u00f3n<\/em>: base<\/p>\n<p><em>Nacimiento<\/em>: 11\/8\/1995<\/p>\n<p><em>Club<\/em>: Quilmes de Mar del Plata<\/p>\n<p>&nbsp;<\/p>\n<p>Franco Balbi<\/p>\n<p><em>Posici\u00f3n<\/em>: base<\/p>\n<p><em>Nacimiento<\/em>: 21\/8\/1989<\/p>\n<p><em>Club<\/em>: Argentino de Jun\u00edn<\/p>\n<p>&nbsp;<\/p>\n<p>Jos\u00e9 Vildoza<\/p>\n<p><em>Posici\u00f3n<\/em>: base<\/p>\n<p><em>Nacimiento<\/em>: 15\/1\/1996<\/p>\n<p><em>Club<\/em>: Libertad de Sunchales<\/p>\n<p>&nbsp;<\/p>\n<p>Juan Brussino<\/p>\n<p><em>Posici\u00f3n<\/em>: base<\/p>\n<p><em>Nacimiento<\/em>: 14\/3\/1991<\/p>\n<p><em>Club<\/em>: Libertad de Sunchaes<\/p>\n<p>&nbsp;<\/p>\n<p>Leonel Schattmann<\/p>\n<p><em>Posici\u00f3n<\/em>: escolta<\/p>\n<p><em>Nacimiento<\/em>: 14\/5\/1987<\/p>\n<p><em>Club<\/em>: Gimnasia (CR)<\/p>\n<p>&nbsp;<\/p>\n<p><strong>Lucio Redivo<\/strong><\/p>\n<p><em>Posici\u00f3n<\/em>: escolta<\/p>\n<p><em>Nacimiento<\/em>: 14\/2\/1994<\/p>\n<p><em>Club<\/em>: Bah\u00eda Basket<\/p>\n<p>&nbsp;<\/p>\n<p>Selem Safar<\/p>\n<p><em>Posici\u00f3n<\/em>: escolta<\/p>\n<p><em>Nacimiento<\/em>: 6\/5\/1987<\/p>\n<p><em>Club<\/em>: Obras Sanitarias<\/p>\n<p>&nbsp;<\/p>\n<p><strong>Nicol\u00e1s Richotti<\/strong><\/p>\n<p><em>Posici\u00f3n<\/em>: escolta<\/p>\n<p><em>Nacimiento<\/em>: 17\/10\/1986<\/p>\n<p><em>Club<\/em>: Iberostar Tenerife (Espa\u00f1a)<\/p>\n<p>&nbsp;<\/p>\n<p>Nicol\u00e1s Brussino<\/p>\n<p><em>Posici\u00f3n<\/em>: escolta<\/p>\n<p><em>Nacimiento<\/em>: 2\/3\/1993<\/p>\n<p><em>Club<\/em>: Pe\u00f1arol de Mar del Plata<\/p>\n<p>&nbsp;<\/p>\n<p>Patricio Garino<\/p>\n<p><em>Posici\u00f3n<\/em>: escolta<\/p>\n<p><em>Nacimiento<\/em>: 17\/5\/1993<\/p>\n<p><em>Club<\/em>: George Washington (NCAA)<\/p>\n<p>&nbsp;<\/p>\n<p>Gabriel Deck<\/p>\n<p><em>Posici\u00f3n<\/em>: alero<\/p>\n<p><em>Nacimiento<\/em>: 8\/2\/1995<\/p>\n<p><em>Club<\/em>: Quimsa de Santiago del Estero<\/p>\n<p>&nbsp;<\/p>\n<p><strong>Juan Pablo Vaulet<\/strong><\/p>\n<p><em>Posici\u00f3n<\/em>: alero<\/p>\n<p><em>Nacimiento<\/em>: 22\/3\/1996<\/p>\n<p><em>Club<\/em>: Bah\u00eda Basket<\/p>\n<p>&nbsp;<\/p>\n<p>Federico Aguerre<\/p>\n<p><em>Posici\u00f3n<\/em>: alero<\/p>\n<p><em>Nacimiento<\/em>: 27\/10\/1988<\/p>\n<p><em>Club<\/em>: Gimnasia (CR)<\/p>\n<p>&nbsp;<\/p>\n<p>Leonardo Mainoldi<\/p>\n<p><em>Posici\u00f3n<\/em>: ala pivote<\/p>\n<p><em>Nacimiento<\/em>: 4\/3\/1985<\/p>\n<p><em>Club<\/em>: Gimnasia (CR)<\/p>\n<p>&nbsp;<\/p>\n<p>Nicol\u00e1s Romano<\/p>\n<p><em>Posici\u00f3n<\/em>: ala pivote<\/p>\n<p><em>Nacimiento<\/em>: 1\/11\/1987<\/p>\n<p><em>Club<\/em>: Quimsa de Santiago del Estero<\/p>\n<p>&nbsp;<\/p>\n<p>Iv\u00e1n Basualdo<\/p>\n<p><em>Posici\u00f3n<\/em>: ala pivote<\/p>\n<p><em>Nacimiento<\/em>: 16\/1\/1990<\/p>\n<p><em>Club<\/em>: Obras Sanitarias<\/p>\n<p>&nbsp;<\/p>\n<p>Javier Saiz<\/p>\n<p><em>Posici\u00f3n<\/em>: ala pivote<\/p>\n<p><em>Nacimiento<\/em>: 26\/2\/1994<\/p>\n<p><em>Club<\/em>: Regatas (Corrientes)<\/p>\n<p>&nbsp;<\/p>\n<p>Roberto Acu\u00f1a<\/p>\n<p><em>Posici\u00f3n<\/em>: pivote<\/p>\n<p><em>Nacimiento<\/em>: 30\/11\/1980<\/p>\n<p><em>Club<\/em>: Pe\u00f1arol de Mar del Plata<\/p>\n<p>&nbsp;<\/p>\n<p>Marcos Del\u00eda<\/p>\n<p><em>Posici\u00f3n<\/em>: pivote<\/p>\n<p><em>Nacimiento<\/em>: 8\/4\/1992<\/p>\n<p><em>Club<\/em>: Obras Sanitarias<\/p>\n<p>&nbsp;<\/p>\n<p>Tayavek Gallizi<\/p>\n<p><em>Posici\u00f3n<\/em>: pivote<\/p>\n<p><em>Nacimiento<\/em>: 8\/2\/1993<\/p>\n<p><em>Club<\/em>: Quilmes de Mar del Plata<\/p>\n<p>&nbsp;<\/p>\n<p>Mat\u00edas Bortol\u00edn<\/p>\n<p><em>Posici\u00f3n<\/em>: pivote<\/p>\n<p><em>Nacimiento<\/em>: 11\/4\/1993<\/p>\n<p><em>Club<\/em>: San Mart\u00edn de Corrientes<\/p>\n<p>&nbsp;<\/p>\n<p>Kevin Hern\u00e1ndez<\/p>\n<p><em>Posici\u00f3n<\/em>: pivote<\/p>\n<p><em>Nacimiento<\/em>: 28\/3\/1991<\/p>\n<p><em>Club<\/em>: Boca Juniors<\/p>\n<p>&nbsp;<\/p>\n<p>Cuerpo t\u00e9cnico: Nicol\u00e1s Casal\u00e1nguida<\/p>\n<p>Asistente: Ariel Rearte<\/p>\n<p>Asistente: Sebasti\u00e1n Gonz\u00e1lez<\/p>\n<p><strong>Fuente:<\/strong> Germ\u00e1n Beder (Prensa CABB).<\/p>\n<p><strong>Foto:<\/strong> Prensa Bah\u00eda Basket.<\/p>\n","protected":false},"excerpt":{"rendered":"<p>Fue citado a la Pre de cara al Sudamericano junto a Richotti, Vaulet y De los Santos<\/p>\n","protected":false},"author":1,"featured_media":59777,"comment_status":"closed","ping_status":"open","sticky":false,"template":"","format":"standard","meta":{"jnews-multi-image_gallery":[],"jnews_single_post":[],"jnews_primary_category":[],"footnotes":""},"categories":[61,101],"tags":[58,1292,383,155,1084,198,814],"class_list":["post-59776","post","type-post","status-publish","format-standard","has-post-thumbnail","hentry","category-selecciones-nacionales","category-slide","tag-bahiabasket","tag-caracas-2016","tag-juan-pablo-vaulet","tag-lucio-redivo","tag-nicolas-de-los-santos","tag-nicolas-richotti","tag-sudamericano"],"yoast_head":"<!-- This site is optimized with the Yoast SEO plugin v27.5 - https:\/\/yoast.com\/product\/yoast-seo-wordpress\/ -->\n<title>Redivo, a la Selecci\u00f3n - Gente de B\u00e1squet<\/title>\n<meta name=\"robots\" content=\"index, follow, max-snippet:-1, max-image-preview:large, max-video-preview:-1\" \/>\n<link rel=\"canonical\" href=\"https:\/\/gentedebasquet.com.ar\/sitio\/2016\/05\/13\/redivo-a-la-seleccion\/\" \/>\n<meta property=\"og:locale\" content=\"es_ES\" \/>\n<meta property=\"og:type\" content=\"article\" \/>\n<meta property=\"og:title\" content=\"Redivo, a la Selecci\u00f3n - Gente de B\u00e1squet\" \/>\n<meta property=\"og:description\" content=\"Fue citado a la Pre de cara al Sudamericano junto a Richotti, Vaulet y De los Santos\" \/>\n<meta property=\"og:url\" content=\"https:\/\/gentedebasquet.com.ar\/sitio\/2016\/05\/13\/redivo-a-la-seleccion\/\" \/>\n<meta property=\"og:site_name\" content=\"Gente de B\u00e1squet\" \/>\n<meta property=\"article:published_time\" content=\"2016-05-13T15:27:34+00:00\" \/>\n<meta property=\"og:image\" content=\"https:\/\/gentedebasquet.com.ar\/sitio\/wp-content\/uploads\/2016\/05\/Lucio-Redivo.jpg\" \/>\n\t<meta property=\"og:image:width\" content=\"690\" \/>\n\t<meta property=\"og:image:height\" content=\"319\" \/>\n\t<meta property=\"og:image:type\" content=\"image\/jpeg\" \/>\n<meta name=\"author\" content=\"Gente de B\u00e1squet\" \/>\n<meta name=\"twitter:card\" content=\"summary_large_image\" \/>\n<meta name=\"twitter:label1\" content=\"Escrito por\" \/>\n\t<meta name=\"twitter:data1\" content=\"Gente de B\u00e1squet\" \/>\n\t<meta name=\"twitter:label2\" content=\"Tiempo de lectura\" \/>\n\t<meta name=\"twitter:data2\" content=\"3 minutos\" \/>\n<script type=\"application\/ld+json\" class=\"yoast-schema-graph\">{\"@context\":\"https:\\\/\\\/schema.org\",\"@graph\":[{\"@type\":\"Article\",\"@id\":\"https:\\\/\\\/gentedebasquet.com.ar\\\/sitio\\\/2016\\\/05\\\/13\\\/redivo-a-la-seleccion\\\/#article\",\"isPartOf\":{\"@id\":\"https:\\\/\\\/gentedebasquet.com.ar\\\/sitio\\\/2016\\\/05\\\/13\\\/redivo-a-la-seleccion\\\/\"},\"author\":{\"name\":\"Gente de B\u00e1squet\",\"@id\":\"https:\\\/\\\/gentedebasquet.com.ar\\\/sitio\\\/#\\\/schema\\\/person\\\/ca0b63bbb977369988a7bbbdc519943a\"},\"headline\":\"Redivo, a la Selecci\u00f3n\",\"datePublished\":\"2016-05-13T15:27:34+00:00\",\"mainEntityOfPage\":{\"@id\":\"https:\\\/\\\/gentedebasquet.com.ar\\\/sitio\\\/2016\\\/05\\\/13\\\/redivo-a-la-seleccion\\\/\"},\"wordCount\":608,\"image\":{\"@id\":\"https:\\\/\\\/gentedebasquet.com.ar\\\/sitio\\\/2016\\\/05\\\/13\\\/redivo-a-la-seleccion\\\/#primaryimage\"},\"thumbnailUrl\":\"https:\\\/\\\/gentedebasquet.com.ar\\\/sitio\\\/wp-content\\\/uploads\\\/2016\\\/05\\\/Lucio-Redivo.jpg\",\"keywords\":[\"Bah\u00eda Basket\",\"Caracas 2016\",\"Juan Pablo Vaulet\",\"Lucio Redivo\",\"Nicol\u00e1s de los Santos\",\"Nicol\u00e1s Richotti\",\"Sudamericano\"],\"articleSection\":[\"Selecciones Nacionales\",\"Slide\"],\"inLanguage\":\"es\"},{\"@type\":\"WebPage\",\"@id\":\"https:\\\/\\\/gentedebasquet.com.ar\\\/sitio\\\/2016\\\/05\\\/13\\\/redivo-a-la-seleccion\\\/\",\"url\":\"https:\\\/\\\/gentedebasquet.com.ar\\\/sitio\\\/2016\\\/05\\\/13\\\/redivo-a-la-seleccion\\\/\",\"name\":\"Redivo, a la Selecci\u00f3n - Gente de B\u00e1squet\",\"isPartOf\":{\"@id\":\"https:\\\/\\\/gentedebasquet.com.ar\\\/sitio\\\/#website\"},\"primaryImageOfPage\":{\"@id\":\"https:\\\/\\\/gentedebasquet.com.ar\\\/sitio\\\/2016\\\/05\\\/13\\\/redivo-a-la-seleccion\\\/#primaryimage\"},\"image\":{\"@id\":\"https:\\\/\\\/gentedebasquet.com.ar\\\/sitio\\\/2016\\\/05\\\/13\\\/redivo-a-la-seleccion\\\/#primaryimage\"},\"thumbnailUrl\":\"https:\\\/\\\/gentedebasquet.com.ar\\\/sitio\\\/wp-content\\\/uploads\\\/2016\\\/05\\\/Lucio-Redivo.jpg\",\"datePublished\":\"2016-05-13T15:27:34+00:00\",\"author\":{\"@id\":\"https:\\\/\\\/gentedebasquet.com.ar\\\/sitio\\\/#\\\/schema\\\/person\\\/ca0b63bbb977369988a7bbbdc519943a\"},\"breadcrumb\":{\"@id\":\"https:\\\/\\\/gentedebasquet.com.ar\\\/sitio\\\/2016\\\/05\\\/13\\\/redivo-a-la-seleccion\\\/#breadcrumb\"},\"inLanguage\":\"es\",\"potentialAction\":[{\"@type\":\"ReadAction\",\"target\":[\"https:\\\/\\\/gentedebasquet.com.ar\\\/sitio\\\/2016\\\/05\\\/13\\\/redivo-a-la-seleccion\\\/\"]}]},{\"@type\":\"ImageObject\",\"inLanguage\":\"es\",\"@id\":\"https:\\\/\\\/gentedebasquet.com.ar\\\/sitio\\\/2016\\\/05\\\/13\\\/redivo-a-la-seleccion\\\/#primaryimage\",\"url\":\"https:\\\/\\\/gentedebasquet.com.ar\\\/sitio\\\/wp-content\\\/uploads\\\/2016\\\/05\\\/Lucio-Redivo.jpg\",\"contentUrl\":\"https:\\\/\\\/gentedebasquet.com.ar\\\/sitio\\\/wp-content\\\/uploads\\\/2016\\\/05\\\/Lucio-Redivo.jpg\",\"width\":690,\"height\":319},{\"@type\":\"BreadcrumbList\",\"@id\":\"https:\\\/\\\/gentedebasquet.com.ar\\\/sitio\\\/2016\\\/05\\\/13\\\/redivo-a-la-seleccion\\\/#breadcrumb\",\"itemListElement\":[{\"@type\":\"ListItem\",\"position\":1,\"name\":\"Portada\",\"item\":\"https:\\\/\\\/gentedebasquet.com.ar\\\/sitio\\\/\"},{\"@type\":\"ListItem\",\"position\":2,\"name\":\"Redivo, a la Selecci\u00f3n\"}]},{\"@type\":\"WebSite\",\"@id\":\"https:\\\/\\\/gentedebasquet.com.ar\\\/sitio\\\/#website\",\"url\":\"https:\\\/\\\/gentedebasquet.com.ar\\\/sitio\\\/\",\"name\":\"Gente de B\u00e1squet\",\"description\":\"La revista del basquet de Bah\u00eda Blanca\",\"potentialAction\":[{\"@type\":\"SearchAction\",\"target\":{\"@type\":\"EntryPoint\",\"urlTemplate\":\"https:\\\/\\\/gentedebasquet.com.ar\\\/sitio\\\/?s={search_term_string}\"},\"query-input\":{\"@type\":\"PropertyValueSpecification\",\"valueRequired\":true,\"valueName\":\"search_term_string\"}}],\"inLanguage\":\"es\"},{\"@type\":\"Person\",\"@id\":\"https:\\\/\\\/gentedebasquet.com.ar\\\/sitio\\\/#\\\/schema\\\/person\\\/ca0b63bbb977369988a7bbbdc519943a\",\"name\":\"Gente de B\u00e1squet\",\"image\":{\"@type\":\"ImageObject\",\"inLanguage\":\"es\",\"@id\":\"https:\\\/\\\/secure.gravatar.com\\\/avatar\\\/7f2c48bdc33b30088f941fb6082e555f2874c98e20cb159d7b92b50eadfce793?s=96&d=mm&r=g\",\"url\":\"https:\\\/\\\/secure.gravatar.com\\\/avatar\\\/7f2c48bdc33b30088f941fb6082e555f2874c98e20cb159d7b92b50eadfce793?s=96&d=mm&r=g\",\"contentUrl\":\"https:\\\/\\\/secure.gravatar.com\\\/avatar\\\/7f2c48bdc33b30088f941fb6082e555f2874c98e20cb159d7b92b50eadfce793?s=96&d=mm&r=g\",\"caption\":\"Gente de B\u00e1squet\"},\"sameAs\":[\"http:\\\/\\\/gentedebasquet.com.ar\\\/sitio\"],\"url\":\"https:\\\/\\\/gentedebasquet.com.ar\\\/sitio\\\/author\\\/ulises\\\/\"}]}<\/script>\n<!-- \/ Yoast SEO plugin. -->","yoast_head_json":{"title":"Redivo, a la Selecci\u00f3n - Gente de B\u00e1squet","robots":{"index":"index","follow":"follow","max-snippet":"max-snippet:-1","max-image-preview":"max-image-preview:large","max-video-preview":"max-video-preview:-1"},"canonical":"https:\/\/gentedebasquet.com.ar\/sitio\/2016\/05\/13\/redivo-a-la-seleccion\/","og_locale":"es_ES","og_type":"article","og_title":"Redivo, a la Selecci\u00f3n - Gente de B\u00e1squet","og_description":"Fue citado a la Pre de cara al Sudamericano junto a Richotti, Vaulet y De los Santos","og_url":"https:\/\/gentedebasquet.com.ar\/sitio\/2016\/05\/13\/redivo-a-la-seleccion\/","og_site_name":"Gente de B\u00e1squet","article_published_time":"2016-05-13T15:27:34+00:00","og_image":[{"width":690,"height":319,"url":"https:\/\/gentedebasquet.com.ar\/sitio\/wp-content\/uploads\/2016\/05\/Lucio-Redivo.jpg","type":"image\/jpeg"}],"author":"Gente de B\u00e1squet","twitter_card":"summary_large_image","twitter_misc":{"Escrito por":"Gente de B\u00e1squet","Tiempo de lectura":"3 minutos"},"schema":{"@context":"https:\/\/schema.org","@graph":[{"@type":"Article","@id":"https:\/\/gentedebasquet.com.ar\/sitio\/2016\/05\/13\/redivo-a-la-seleccion\/#article","isPartOf":{"@id":"https:\/\/gentedebasquet.com.ar\/sitio\/2016\/05\/13\/redivo-a-la-seleccion\/"},"author":{"name":"Gente de B\u00e1squet","@id":"https:\/\/gentedebasquet.com.ar\/sitio\/#\/schema\/person\/ca0b63bbb977369988a7bbbdc519943a"},"headline":"Redivo, a la Selecci\u00f3n","datePublished":"2016-05-13T15:27:34+00:00","mainEntityOfPage":{"@id":"https:\/\/gentedebasquet.com.ar\/sitio\/2016\/05\/13\/redivo-a-la-seleccion\/"},"wordCount":608,"image":{"@id":"https:\/\/gentedebasquet.com.ar\/sitio\/2016\/05\/13\/redivo-a-la-seleccion\/#primaryimage"},"thumbnailUrl":"https:\/\/gentedebasquet.com.ar\/sitio\/wp-content\/uploads\/2016\/05\/Lucio-Redivo.jpg","keywords":["Bah\u00eda Basket","Caracas 2016","Juan Pablo Vaulet","Lucio Redivo","Nicol\u00e1s de los Santos","Nicol\u00e1s Richotti","Sudamericano"],"articleSection":["Selecciones Nacionales","Slide"],"inLanguage":"es"},{"@type":"WebPage","@id":"https:\/\/gentedebasquet.com.ar\/sitio\/2016\/05\/13\/redivo-a-la-seleccion\/","url":"https:\/\/gentedebasquet.com.ar\/sitio\/2016\/05\/13\/redivo-a-la-seleccion\/","name":"Redivo, a la Selecci\u00f3n - Gente de B\u00e1squet","isPartOf":{"@id":"https:\/\/gentedebasquet.com.ar\/sitio\/#website"},"primaryImageOfPage":{"@id":"https:\/\/gentedebasquet.com.ar\/sitio\/2016\/05\/13\/redivo-a-la-seleccion\/#primaryimage"},"image":{"@id":"https:\/\/gentedebasquet.com.ar\/sitio\/2016\/05\/13\/redivo-a-la-seleccion\/#primaryimage"},"thumbnailUrl":"https:\/\/gentedebasquet.com.ar\/sitio\/wp-content\/uploads\/2016\/05\/Lucio-Redivo.jpg","datePublished":"2016-05-13T15:27:34+00:00","author":{"@id":"https:\/\/gentedebasquet.com.ar\/sitio\/#\/schema\/person\/ca0b63bbb977369988a7bbbdc519943a"},"breadcrumb":{"@id":"https:\/\/gentedebasquet.com.ar\/sitio\/2016\/05\/13\/redivo-a-la-seleccion\/#breadcrumb"},"inLanguage":"es","potentialAction":[{"@type":"ReadAction","target":["https:\/\/gentedebasquet.com.ar\/sitio\/2016\/05\/13\/redivo-a-la-seleccion\/"]}]},{"@type":"ImageObject","inLanguage":"es","@id":"https:\/\/gentedebasquet.com.ar\/sitio\/2016\/05\/13\/redivo-a-la-seleccion\/#primaryimage","url":"https:\/\/gentedebasquet.com.ar\/sitio\/wp-content\/uploads\/2016\/05\/Lucio-Redivo.jpg","contentUrl":"https:\/\/gentedebasquet.com.ar\/sitio\/wp-content\/uploads\/2016\/05\/Lucio-Redivo.jpg","width":690,"height":319},{"@type":"BreadcrumbList","@id":"https:\/\/gentedebasquet.com.ar\/sitio\/2016\/05\/13\/redivo-a-la-seleccion\/#breadcrumb","itemListElement":[{"@type":"ListItem","position":1,"name":"Portada","item":"https:\/\/gentedebasquet.com.ar\/sitio\/"},{"@type":"ListItem","position":2,"name":"Redivo, a la Selecci\u00f3n"}]},{"@type":"WebSite","@id":"https:\/\/gentedebasquet.com.ar\/sitio\/#website","url":"https:\/\/gentedebasquet.com.ar\/sitio\/","name":"Gente de B\u00e1squet","description":"La revista del basquet de Bah\u00eda Blanca","potentialAction":[{"@type":"SearchAction","target":{"@type":"EntryPoint","urlTemplate":"https:\/\/gentedebasquet.com.ar\/sitio\/?s={search_term_string}"},"query-input":{"@type":"PropertyValueSpecification","valueRequired":true,"valueName":"search_term_string"}}],"inLanguage":"es"},{"@type":"Person","@id":"https:\/\/gentedebasquet.com.ar\/sitio\/#\/schema\/person\/ca0b63bbb977369988a7bbbdc519943a","name":"Gente de B\u00e1squet","image":{"@type":"ImageObject","inLanguage":"es","@id":"https:\/\/secure.gravatar.com\/avatar\/7f2c48bdc33b30088f941fb6082e555f2874c98e20cb159d7b92b50eadfce793?s=96&d=mm&r=g","url":"https:\/\/secure.gravatar.com\/avatar\/7f2c48bdc33b30088f941fb6082e555f2874c98e20cb159d7b92b50eadfce793?s=96&d=mm&r=g","contentUrl":"https:\/\/secure.gravatar.com\/avatar\/7f2c48bdc33b30088f941fb6082e555f2874c98e20cb159d7b92b50eadfce793?s=96&d=mm&r=g","caption":"Gente de B\u00e1squet"},"sameAs":["http:\/\/gentedebasquet.com.ar\/sitio"],"url":"https:\/\/gentedebasquet.com.ar\/sitio\/author\/ulises\/"}]}},"_links":{"self":[{"href":"https:\/\/gentedebasquet.com.ar\/sitio\/wp-json\/wp\/v2\/posts\/59776","targetHints":{"allow":["GET"]}}],"collection":[{"href":"https:\/\/gentedebasquet.com.ar\/sitio\/wp-json\/wp\/v2\/posts"}],"about":[{"href":"https:\/\/gentedebasquet.com.ar\/sitio\/wp-json\/wp\/v2\/types\/post"}],"author":[{"embeddable":true,"href":"https:\/\/gentedebasquet.com.ar\/sitio\/wp-json\/wp\/v2\/users\/1"}],"replies":[{"embeddable":true,"href":"https:\/\/gentedebasquet.com.ar\/sitio\/wp-json\/wp\/v2\/comments?post=59776"}],"version-history":[{"count":0,"href":"https:\/\/gentedebasquet.com.ar\/sitio\/wp-json\/wp\/v2\/posts\/59776\/revisions"}],"wp:featuredmedia":[{"embeddable":true,"href":"https:\/\/gentedebasquet.com.ar\/sitio\/wp-json\/wp\/v2\/media\/59777"}],"wp:attachment":[{"href":"https:\/\/gentedebasquet.com.ar\/sitio\/wp-json\/wp\/v2\/media?parent=59776"}],"wp:term":[{"taxonomy":"category","embeddable":true,"href":"https:\/\/gentedebasquet.com.ar\/sitio\/wp-json\/wp\/v2\/categories?post=59776"},{"taxonomy":"post_tag","embeddable":true,"href":"https:\/\/gentedebasquet.com.ar\/sitio\/wp-json\/wp\/v2\/tags?post=59776"}],"curies":[{"name":"wp","href":"https:\/\/api.w.org\/{rel}","templated":true}]}}