{"id":60063,"date":"2016-05-20T23:50:09","date_gmt":"2016-05-21T02:50:09","guid":{"rendered":"http:\/\/www.gentedebasquet.com.ar\/?p=60063"},"modified":"2016-05-20T23:50:09","modified_gmt":"2016-05-21T02:50:09","slug":"bahia-se-hizo-cargo","status":"publish","type":"post","link":"https:\/\/gentedebasquet.com.ar\/sitio\/2016\/05\/20\/bahia-se-hizo-cargo\/","title":{"rendered":"Bah\u00eda se hizo cargo"},"content":{"rendered":"<p><strong>Bah\u00eda Basket tuvo un enorme partido en Mar del Plata, venci\u00f3 a Pe\u00f1arol 90 a 82 y se adelant\u00f3 1-0 en la semifinal de la Conferencia Sur. Lucio Redivo (24, con 5\/7 en dobles y 11\/11 TL), Juan Pablo Vaulet (17, 9 rebotes y 2 tapas), Santiago Vaulet (13, con 2\/2 en triples) y Facundo Corval\u00e1n (9, con 3\/4 a distancia) dejaron mudo el Polideportivo. El bahiense Fabi\u00e1n Sahdi (13) y el for\u00e1neo Winston (17) fueron los m\u00e1s destacados en el conjunto de Sergio Hern\u00e1ndez. Este domingo a las 20 y nuevamente con transmisi\u00f3n de <em>FM Universal 95.5<\/em>, ir\u00e1 el segundo juego.<\/strong><\/p>\n<p>Fue un partido casi perfecto. Bah\u00eda Basket tuvo un bache en el 2C -profundo- que le borr\u00f3 de un plumazo todo lo bueno que hab\u00eda realizado en el inicio del partido. Tal vez entonado por las energ\u00eda que debi\u00f3 sostener en la serie contra Argentino, contra los 20 d\u00edas que tuvo Pe\u00f1arol de descanso, tras la finalizaci\u00f3n de la fase regular. Lo cierto es que el conjunto de Sebasti\u00e1n Gin\u00f3bili pis\u00f3 fuerte de entrada, arranc\u00f3 8 a 2 con puntos de sus perimetrales, y mand\u00f3 un mensaje.<\/p>\n<p>Una gran defensa de Johnson le permiti\u00f3 a Santiago Vaulet correr la cancha y darle 13 de luz a Bah\u00eda (13-26) en el amanecer del 2C.\u00a0Las siete perdidas del local y el flojo porcentaje de cancha oblig\u00f3 a Oveja Hern\u00e1ndez a buscar soluciones en el banco. Massarelli, Brussino y Acu\u00f1a entraron derechos y as\u00ed el due\u00f1o de casa\u00a0se puso a cuatro (24-28) a 6m del entre tiempo. Un excesivo juego de pases le sac\u00f3 confianza a la visita, encima profundiz\u00f3 su mal porcentaje en TL\u00a0y Pe\u00f1arol carg\u00f3 muy bien el tablero ajeno. Conclusi\u00f3n: parcial de 27-8 a favor del local.<\/p>\n<blockquote><p>Estoy muy contento por el rendimiento de los chicos, porque a pesar de estar en inferioridad de condiciones por momentos, dieron la cara que es lo que buscamos desde principio de la temporada. Dimos un paso adelante en car\u00e1cter; no es f\u00e1cil jugar con Pe\u00f1arol, de visitante y en playoffs. Hubo un mont\u00f3n de cosas que me dejan contento. \u00a0El sentimiento de los chicos para con el equipo es inmenso. Nosotros lo \u00fanico que tratamos de hacer es jugar bien al b\u00e1squet y competir con el que venga (Sebasti\u00e1n Gin\u00f3bili)<\/p><\/blockquote>\n<p>La bola inicial del ST termin\u00f3 con doble de Leo Guti\u00e9rrez: fue su primer lanzamiento al aro en la noche. Aunque con una bomba, Redivo encamin\u00f3 un parcial de 8-0 bahiense que igual\u00f3 el juego (42-42). A partir de all\u00ed el partido se equilibr\u00f3, aunque se jug\u00f3 al ritmo de Bah\u00eda Basket y entre Johnson, Fjellerup y JP Vaulet comenzaron a ver quien la volcaba con m\u00e1s determinaci\u00f3n. Encima, la salida obligada de Whelan, por faltas, le dio la oportunidad a Facundo Corval\u00e1n y el juninense mostr\u00f3 personalidad.<\/p>\n<p>Su tercer triple le dio una ventaja de 7 unidades (62-69) a 8m08 del cierre. Pese a la buena tarea de Winston, Bah\u00eda fue creciendo en defensa a medida que el 4C tomaba calor. Un par de robos terminaron con puntos\u00a0de JP Vaulet. La ventaja de 9 (73-82) a 3m54 la achic\u00f3 Sahdi con 6\/6 TL que incluyeron una antideportiva de Whelan. No obstante, Redivo mostr\u00f3 sus cualidades en el ep\u00edlogo, anotando y asistiendo m\u00e1s tarde a JP Vaulet para que cierre el partido con la sexta volcada bahiense.<\/p>\n<p><iframe loading=\"lazy\" width=\"560\" height=\"315\" src=\"https:\/\/www.youtube.com\/embed\/YaNB579XPAo\" frameborder=\"0\" allowfullscreen><\/iframe><\/p>\n<p>&nbsp;<\/p>\n<p><strong>S\u00edntesis |<\/strong> Liga Nacional &#8211; Conferencia Sur &#8211; Semifinales &#8211; Juego #1<\/p>\n<p><strong>Pe\u00f1arol (Mar del Plata) 82:<\/strong> Fabi\u00e1n Sahdi 13, Kennedy Winston 17, Franco Giorgetti 0, Leonardo Guti\u00e9rrez 7, Chris Moss 7 (FI); Luciano Massarelli 10, Roberto Acu\u00f1a 9, Alejandro Diez 8, Juan Pablo Figueroa 3 y Nicol\u00e1s Brussino 8 (x). DT: Sergio Hern\u00e1ndez.<\/p>\n<p><strong>Bah\u00eda Basket 90:<\/strong> Gast\u00f3n Whelan 5 (x), Lucio Redivo 24, Juan Pablo Vaulet 17, Jamaal Levy 6, Anthony Johnson 6 (FI); M\u00e1ximo Fjellerup 7, Hern\u00e1n Jasen 3, Santiago Vaulet 13, Facundo Corval\u00e1n 9, Mart\u00edn Fern\u00e1ndez 0 y Francisco Filippa 0. DT: Sebasti\u00e1n Gin\u00f3bili.<\/p>\n<p><strong>Parciales:<\/strong> 13-24, 40-34 (27-10), 60-59 (20-25) y 82-90 (22-31).<\/p>\n<p><strong>\u00c1rbitros:<\/strong> Alejandro Chiti &#8211; Sergio Tarife\u00f1o &#8211; Julio Dinamarca.<\/p>\n<p><strong>Estadio:<\/strong> Polideportivo (Mar del Plata).<\/p>\n<p><a href=\"http:\/\/www.fibalivestats.com\/u\/ADC\/294509\/\" target=\"_blank\" rel=\"noopener\">ESTAD\u00cdSTICAS OFICIALES<\/a><\/p>\n<p><strong>Serie:<\/strong> Bah\u00eda Basket, 1-0.<\/p>\n<p><strong>Foto:<\/strong>\u00a0Mart\u00edn G\u00e1lvez.<\/p>\n","protected":false},"excerpt":{"rendered":"<p>Los chicos dieron la cara y Bah\u00eda Basket venci\u00f3 a Pe\u00f1arol en MDP 90 a 82<\/p>\n","protected":false},"author":1,"featured_media":60145,"comment_status":"closed","ping_status":"open","sticky":false,"template":"","format":"standard","meta":{"jnews-multi-image_gallery":[],"jnews_single_post":[],"jnews_primary_category":[],"footnotes":""},"categories":[57,43,39,101],"tags":[58,764,492,383,78,155,636,160,765,183],"class_list":["post-60063","post","type-post","status-publish","format-standard","has-post-thumbnail","hentry","category-bahia-basket","category-la-liga","category-nacional","category-slide","tag-bahiabasket","tag-facundo-corvalan","tag-hernan-jasen","tag-juan-pablo-vaulet","tag-lnb","tag-lucio-redivo","tag-mar-del-plata","tag-penarol","tag-santiago-vaulet","tag-sebastian-ginobili"],"yoast_head":"<!-- This site is optimized with the Yoast SEO plugin v27.5 - https:\/\/yoast.com\/product\/yoast-seo-wordpress\/ -->\n<title>Bah\u00eda se hizo cargo - Gente de B\u00e1squet<\/title>\n<meta name=\"robots\" content=\"index, follow, max-snippet:-1, max-image-preview:large, max-video-preview:-1\" \/>\n<link rel=\"canonical\" href=\"http:\/\/gentedebasquet.com.ar\/sitio\/2016\/05\/20\/bahia-se-hizo-cargo\/\" \/>\n<meta property=\"og:locale\" content=\"es_ES\" \/>\n<meta property=\"og:type\" content=\"article\" \/>\n<meta property=\"og:title\" content=\"Bah\u00eda se hizo cargo - Gente de B\u00e1squet\" \/>\n<meta property=\"og:description\" content=\"Los chicos dieron la cara y Bah\u00eda Basket venci\u00f3 a Pe\u00f1arol en MDP 90 a 82\" \/>\n<meta property=\"og:url\" content=\"http:\/\/gentedebasquet.com.ar\/sitio\/2016\/05\/20\/bahia-se-hizo-cargo\/\" \/>\n<meta property=\"og:site_name\" content=\"Gente de B\u00e1squet\" \/>\n<meta property=\"article:published_time\" content=\"2016-05-21T02:50:09+00:00\" \/>\n<meta property=\"og:image\" content=\"http:\/\/gentedebasquet.com.ar\/sitio\/wp-content\/uploads\/2016\/05\/Bahia-Basket.jpg\" \/>\n\t<meta property=\"og:image:width\" content=\"690\" \/>\n\t<meta property=\"og:image:height\" content=\"319\" \/>\n\t<meta property=\"og:image:type\" content=\"image\/jpeg\" \/>\n<meta name=\"author\" content=\"Gente de B\u00e1squet\" \/>\n<meta name=\"twitter:card\" content=\"summary_large_image\" \/>\n<meta name=\"twitter:label1\" content=\"Escrito por\" \/>\n\t<meta name=\"twitter:data1\" content=\"Gente de B\u00e1squet\" \/>\n\t<meta name=\"twitter:label2\" content=\"Tiempo de lectura\" \/>\n\t<meta name=\"twitter:data2\" content=\"4 minutos\" \/>\n<script type=\"application\/ld+json\" class=\"yoast-schema-graph\">{\"@context\":\"https:\\\/\\\/schema.org\",\"@graph\":[{\"@type\":\"Article\",\"@id\":\"http:\\\/\\\/gentedebasquet.com.ar\\\/sitio\\\/2016\\\/05\\\/20\\\/bahia-se-hizo-cargo\\\/#article\",\"isPartOf\":{\"@id\":\"http:\\\/\\\/gentedebasquet.com.ar\\\/sitio\\\/2016\\\/05\\\/20\\\/bahia-se-hizo-cargo\\\/\"},\"author\":{\"name\":\"Gente de B\u00e1squet\",\"@id\":\"https:\\\/\\\/gentedebasquet.com.ar\\\/sitio\\\/#\\\/schema\\\/person\\\/ca0b63bbb977369988a7bbbdc519943a\"},\"headline\":\"Bah\u00eda se hizo cargo\",\"datePublished\":\"2016-05-21T02:50:09+00:00\",\"mainEntityOfPage\":{\"@id\":\"http:\\\/\\\/gentedebasquet.com.ar\\\/sitio\\\/2016\\\/05\\\/20\\\/bahia-se-hizo-cargo\\\/\"},\"wordCount\":705,\"image\":{\"@id\":\"http:\\\/\\\/gentedebasquet.com.ar\\\/sitio\\\/2016\\\/05\\\/20\\\/bahia-se-hizo-cargo\\\/#primaryimage\"},\"thumbnailUrl\":\"https:\\\/\\\/gentedebasquet.com.ar\\\/sitio\\\/wp-content\\\/uploads\\\/2016\\\/05\\\/Bahia-Basket.jpg\",\"keywords\":[\"Bah\u00eda Basket\",\"Facundo Corval\u00e1n\",\"Hern\u00e1n Jasen\",\"Juan Pablo Vaulet\",\"LNB\",\"Lucio Redivo\",\"Mar del Plata\",\"Pe\u00f1arol\",\"Santiago Vaulet\",\"Sebasti\u00e1n Gin\u00f3bili\"],\"articleSection\":[\"Bah\u00eda Basket\",\"Liga Nacional\",\"Nacional\",\"Slide\"],\"inLanguage\":\"es\"},{\"@type\":\"WebPage\",\"@id\":\"http:\\\/\\\/gentedebasquet.com.ar\\\/sitio\\\/2016\\\/05\\\/20\\\/bahia-se-hizo-cargo\\\/\",\"url\":\"http:\\\/\\\/gentedebasquet.com.ar\\\/sitio\\\/2016\\\/05\\\/20\\\/bahia-se-hizo-cargo\\\/\",\"name\":\"Bah\u00eda se hizo cargo - Gente de B\u00e1squet\",\"isPartOf\":{\"@id\":\"https:\\\/\\\/gentedebasquet.com.ar\\\/sitio\\\/#website\"},\"primaryImageOfPage\":{\"@id\":\"http:\\\/\\\/gentedebasquet.com.ar\\\/sitio\\\/2016\\\/05\\\/20\\\/bahia-se-hizo-cargo\\\/#primaryimage\"},\"image\":{\"@id\":\"http:\\\/\\\/gentedebasquet.com.ar\\\/sitio\\\/2016\\\/05\\\/20\\\/bahia-se-hizo-cargo\\\/#primaryimage\"},\"thumbnailUrl\":\"https:\\\/\\\/gentedebasquet.com.ar\\\/sitio\\\/wp-content\\\/uploads\\\/2016\\\/05\\\/Bahia-Basket.jpg\",\"datePublished\":\"2016-05-21T02:50:09+00:00\",\"author\":{\"@id\":\"https:\\\/\\\/gentedebasquet.com.ar\\\/sitio\\\/#\\\/schema\\\/person\\\/ca0b63bbb977369988a7bbbdc519943a\"},\"breadcrumb\":{\"@id\":\"http:\\\/\\\/gentedebasquet.com.ar\\\/sitio\\\/2016\\\/05\\\/20\\\/bahia-se-hizo-cargo\\\/#breadcrumb\"},\"inLanguage\":\"es\",\"potentialAction\":[{\"@type\":\"ReadAction\",\"target\":[\"http:\\\/\\\/gentedebasquet.com.ar\\\/sitio\\\/2016\\\/05\\\/20\\\/bahia-se-hizo-cargo\\\/\"]}]},{\"@type\":\"ImageObject\",\"inLanguage\":\"es\",\"@id\":\"http:\\\/\\\/gentedebasquet.com.ar\\\/sitio\\\/2016\\\/05\\\/20\\\/bahia-se-hizo-cargo\\\/#primaryimage\",\"url\":\"https:\\\/\\\/gentedebasquet.com.ar\\\/sitio\\\/wp-content\\\/uploads\\\/2016\\\/05\\\/Bahia-Basket.jpg\",\"contentUrl\":\"https:\\\/\\\/gentedebasquet.com.ar\\\/sitio\\\/wp-content\\\/uploads\\\/2016\\\/05\\\/Bahia-Basket.jpg\",\"width\":690,\"height\":319},{\"@type\":\"BreadcrumbList\",\"@id\":\"http:\\\/\\\/gentedebasquet.com.ar\\\/sitio\\\/2016\\\/05\\\/20\\\/bahia-se-hizo-cargo\\\/#breadcrumb\",\"itemListElement\":[{\"@type\":\"ListItem\",\"position\":1,\"name\":\"Portada\",\"item\":\"https:\\\/\\\/gentedebasquet.com.ar\\\/sitio\\\/\"},{\"@type\":\"ListItem\",\"position\":2,\"name\":\"Bah\u00eda se hizo cargo\"}]},{\"@type\":\"WebSite\",\"@id\":\"https:\\\/\\\/gentedebasquet.com.ar\\\/sitio\\\/#website\",\"url\":\"https:\\\/\\\/gentedebasquet.com.ar\\\/sitio\\\/\",\"name\":\"Gente de B\u00e1squet\",\"description\":\"La revista del basquet de Bah\u00eda Blanca\",\"potentialAction\":[{\"@type\":\"SearchAction\",\"target\":{\"@type\":\"EntryPoint\",\"urlTemplate\":\"https:\\\/\\\/gentedebasquet.com.ar\\\/sitio\\\/?s={search_term_string}\"},\"query-input\":{\"@type\":\"PropertyValueSpecification\",\"valueRequired\":true,\"valueName\":\"search_term_string\"}}],\"inLanguage\":\"es\"},{\"@type\":\"Person\",\"@id\":\"https:\\\/\\\/gentedebasquet.com.ar\\\/sitio\\\/#\\\/schema\\\/person\\\/ca0b63bbb977369988a7bbbdc519943a\",\"name\":\"Gente de B\u00e1squet\",\"image\":{\"@type\":\"ImageObject\",\"inLanguage\":\"es\",\"@id\":\"https:\\\/\\\/secure.gravatar.com\\\/avatar\\\/7f2c48bdc33b30088f941fb6082e555f2874c98e20cb159d7b92b50eadfce793?s=96&d=mm&r=g\",\"url\":\"https:\\\/\\\/secure.gravatar.com\\\/avatar\\\/7f2c48bdc33b30088f941fb6082e555f2874c98e20cb159d7b92b50eadfce793?s=96&d=mm&r=g\",\"contentUrl\":\"https:\\\/\\\/secure.gravatar.com\\\/avatar\\\/7f2c48bdc33b30088f941fb6082e555f2874c98e20cb159d7b92b50eadfce793?s=96&d=mm&r=g\",\"caption\":\"Gente de B\u00e1squet\"},\"sameAs\":[\"http:\\\/\\\/gentedebasquet.com.ar\\\/sitio\"],\"url\":\"https:\\\/\\\/gentedebasquet.com.ar\\\/sitio\\\/author\\\/ulises\\\/\"}]}<\/script>\n<!-- \/ Yoast SEO plugin. -->","yoast_head_json":{"title":"Bah\u00eda se hizo cargo - Gente de B\u00e1squet","robots":{"index":"index","follow":"follow","max-snippet":"max-snippet:-1","max-image-preview":"max-image-preview:large","max-video-preview":"max-video-preview:-1"},"canonical":"http:\/\/gentedebasquet.com.ar\/sitio\/2016\/05\/20\/bahia-se-hizo-cargo\/","og_locale":"es_ES","og_type":"article","og_title":"Bah\u00eda se hizo cargo - Gente de B\u00e1squet","og_description":"Los chicos dieron la cara y Bah\u00eda Basket venci\u00f3 a Pe\u00f1arol en MDP 90 a 82","og_url":"http:\/\/gentedebasquet.com.ar\/sitio\/2016\/05\/20\/bahia-se-hizo-cargo\/","og_site_name":"Gente de B\u00e1squet","article_published_time":"2016-05-21T02:50:09+00:00","og_image":[{"width":690,"height":319,"url":"http:\/\/gentedebasquet.com.ar\/sitio\/wp-content\/uploads\/2016\/05\/Bahia-Basket.jpg","type":"image\/jpeg"}],"author":"Gente de B\u00e1squet","twitter_card":"summary_large_image","twitter_misc":{"Escrito por":"Gente de B\u00e1squet","Tiempo de lectura":"4 minutos"},"schema":{"@context":"https:\/\/schema.org","@graph":[{"@type":"Article","@id":"http:\/\/gentedebasquet.com.ar\/sitio\/2016\/05\/20\/bahia-se-hizo-cargo\/#article","isPartOf":{"@id":"http:\/\/gentedebasquet.com.ar\/sitio\/2016\/05\/20\/bahia-se-hizo-cargo\/"},"author":{"name":"Gente de B\u00e1squet","@id":"https:\/\/gentedebasquet.com.ar\/sitio\/#\/schema\/person\/ca0b63bbb977369988a7bbbdc519943a"},"headline":"Bah\u00eda se hizo cargo","datePublished":"2016-05-21T02:50:09+00:00","mainEntityOfPage":{"@id":"http:\/\/gentedebasquet.com.ar\/sitio\/2016\/05\/20\/bahia-se-hizo-cargo\/"},"wordCount":705,"image":{"@id":"http:\/\/gentedebasquet.com.ar\/sitio\/2016\/05\/20\/bahia-se-hizo-cargo\/#primaryimage"},"thumbnailUrl":"https:\/\/gentedebasquet.com.ar\/sitio\/wp-content\/uploads\/2016\/05\/Bahia-Basket.jpg","keywords":["Bah\u00eda Basket","Facundo Corval\u00e1n","Hern\u00e1n Jasen","Juan Pablo Vaulet","LNB","Lucio Redivo","Mar del Plata","Pe\u00f1arol","Santiago Vaulet","Sebasti\u00e1n Gin\u00f3bili"],"articleSection":["Bah\u00eda Basket","Liga Nacional","Nacional","Slide"],"inLanguage":"es"},{"@type":"WebPage","@id":"http:\/\/gentedebasquet.com.ar\/sitio\/2016\/05\/20\/bahia-se-hizo-cargo\/","url":"http:\/\/gentedebasquet.com.ar\/sitio\/2016\/05\/20\/bahia-se-hizo-cargo\/","name":"Bah\u00eda se hizo cargo - Gente de B\u00e1squet","isPartOf":{"@id":"https:\/\/gentedebasquet.com.ar\/sitio\/#website"},"primaryImageOfPage":{"@id":"http:\/\/gentedebasquet.com.ar\/sitio\/2016\/05\/20\/bahia-se-hizo-cargo\/#primaryimage"},"image":{"@id":"http:\/\/gentedebasquet.com.ar\/sitio\/2016\/05\/20\/bahia-se-hizo-cargo\/#primaryimage"},"thumbnailUrl":"https:\/\/gentedebasquet.com.ar\/sitio\/wp-content\/uploads\/2016\/05\/Bahia-Basket.jpg","datePublished":"2016-05-21T02:50:09+00:00","author":{"@id":"https:\/\/gentedebasquet.com.ar\/sitio\/#\/schema\/person\/ca0b63bbb977369988a7bbbdc519943a"},"breadcrumb":{"@id":"http:\/\/gentedebasquet.com.ar\/sitio\/2016\/05\/20\/bahia-se-hizo-cargo\/#breadcrumb"},"inLanguage":"es","potentialAction":[{"@type":"ReadAction","target":["http:\/\/gentedebasquet.com.ar\/sitio\/2016\/05\/20\/bahia-se-hizo-cargo\/"]}]},{"@type":"ImageObject","inLanguage":"es","@id":"http:\/\/gentedebasquet.com.ar\/sitio\/2016\/05\/20\/bahia-se-hizo-cargo\/#primaryimage","url":"https:\/\/gentedebasquet.com.ar\/sitio\/wp-content\/uploads\/2016\/05\/Bahia-Basket.jpg","contentUrl":"https:\/\/gentedebasquet.com.ar\/sitio\/wp-content\/uploads\/2016\/05\/Bahia-Basket.jpg","width":690,"height":319},{"@type":"BreadcrumbList","@id":"http:\/\/gentedebasquet.com.ar\/sitio\/2016\/05\/20\/bahia-se-hizo-cargo\/#breadcrumb","itemListElement":[{"@type":"ListItem","position":1,"name":"Portada","item":"https:\/\/gentedebasquet.com.ar\/sitio\/"},{"@type":"ListItem","position":2,"name":"Bah\u00eda se hizo cargo"}]},{"@type":"WebSite","@id":"https:\/\/gentedebasquet.com.ar\/sitio\/#website","url":"https:\/\/gentedebasquet.com.ar\/sitio\/","name":"Gente de B\u00e1squet","description":"La revista del basquet de Bah\u00eda Blanca","potentialAction":[{"@type":"SearchAction","target":{"@type":"EntryPoint","urlTemplate":"https:\/\/gentedebasquet.com.ar\/sitio\/?s={search_term_string}"},"query-input":{"@type":"PropertyValueSpecification","valueRequired":true,"valueName":"search_term_string"}}],"inLanguage":"es"},{"@type":"Person","@id":"https:\/\/gentedebasquet.com.ar\/sitio\/#\/schema\/person\/ca0b63bbb977369988a7bbbdc519943a","name":"Gente de B\u00e1squet","image":{"@type":"ImageObject","inLanguage":"es","@id":"https:\/\/secure.gravatar.com\/avatar\/7f2c48bdc33b30088f941fb6082e555f2874c98e20cb159d7b92b50eadfce793?s=96&d=mm&r=g","url":"https:\/\/secure.gravatar.com\/avatar\/7f2c48bdc33b30088f941fb6082e555f2874c98e20cb159d7b92b50eadfce793?s=96&d=mm&r=g","contentUrl":"https:\/\/secure.gravatar.com\/avatar\/7f2c48bdc33b30088f941fb6082e555f2874c98e20cb159d7b92b50eadfce793?s=96&d=mm&r=g","caption":"Gente de B\u00e1squet"},"sameAs":["http:\/\/gentedebasquet.com.ar\/sitio"],"url":"https:\/\/gentedebasquet.com.ar\/sitio\/author\/ulises\/"}]}},"_links":{"self":[{"href":"https:\/\/gentedebasquet.com.ar\/sitio\/wp-json\/wp\/v2\/posts\/60063","targetHints":{"allow":["GET"]}}],"collection":[{"href":"https:\/\/gentedebasquet.com.ar\/sitio\/wp-json\/wp\/v2\/posts"}],"about":[{"href":"https:\/\/gentedebasquet.com.ar\/sitio\/wp-json\/wp\/v2\/types\/post"}],"author":[{"embeddable":true,"href":"https:\/\/gentedebasquet.com.ar\/sitio\/wp-json\/wp\/v2\/users\/1"}],"replies":[{"embeddable":true,"href":"https:\/\/gentedebasquet.com.ar\/sitio\/wp-json\/wp\/v2\/comments?post=60063"}],"version-history":[{"count":0,"href":"https:\/\/gentedebasquet.com.ar\/sitio\/wp-json\/wp\/v2\/posts\/60063\/revisions"}],"wp:featuredmedia":[{"embeddable":true,"href":"https:\/\/gentedebasquet.com.ar\/sitio\/wp-json\/wp\/v2\/media\/60145"}],"wp:attachment":[{"href":"https:\/\/gentedebasquet.com.ar\/sitio\/wp-json\/wp\/v2\/media?parent=60063"}],"wp:term":[{"taxonomy":"category","embeddable":true,"href":"https:\/\/gentedebasquet.com.ar\/sitio\/wp-json\/wp\/v2\/categories?post=60063"},{"taxonomy":"post_tag","embeddable":true,"href":"https:\/\/gentedebasquet.com.ar\/sitio\/wp-json\/wp\/v2\/tags?post=60063"}],"curies":[{"name":"wp","href":"https:\/\/api.w.org\/{rel}","templated":true}]}}