{"id":6010,"date":"2012-08-11T04:12:37","date_gmt":"2012-08-11T04:12:37","guid":{"rendered":"http:\/\/www.gentedebasquet.com.ar\/?p=6010"},"modified":"2012-08-11T04:12:37","modified_gmt":"2012-08-11T04:12:37","slug":"en-el-final-festejo-independiente","status":"publish","type":"post","link":"https:\/\/gentedebasquet.com.ar\/sitio\/2012\/08\/11\/en-el-final-festejo-independiente\/","title":{"rendered":"En el final festej\u00f3 Independiente"},"content":{"rendered":"<p><strong><em><a href=\"http:\/\/www.gentedebasquet.com.ar\/wp-content\/uploads\/2012\/08\/IMG00260-20120810-2126.jpg\"><img decoding=\"async\" class=\"alignnone size-full wp-image-6011\" src=\"http:\/\/www.gentedebasquet.com.ar\/wp-content\/uploads\/2012\/08\/IMG00260-20120810-2126.jpg\" alt=\"\" width=\"448\" height=\"336\" \/><\/a>En un partido muy cambiante, Independiente venci\u00f3 en condici\u00f3n de visitante a Comercial por 70 a 68 en el inicio del Torneo Oficial de Segunda. El Viola lo domin\u00f3 durante todo el partido pero Comercial lleg\u00f3 a ganarlo por 2 a falta de 45 segundos pero fall\u00f3 en la \u00faltima pelota y le entreg\u00f3 el partido a su rival. El goleador fue Javier Musumeci con 20 puntos y 6 rebotes seguido por Ignacio Caspe con 19 y 12 recobres.<\/em><\/strong><\/p>\n<p><!--more--><\/p>\n<p>El primer cuarto comenz\u00f3 con Independiente muy preciso a la hora de atacar y con Comercial desorientado en la cancha. Javier Musumeci empezaba a ser figura y contabilizaba junto a St\u00e9fano Barba, 6 puntos. De esta manera el Viola cerraba un parcial de 17 a 7 que le costar\u00eda la posibilidad de recuperarse en el marcador al conjunto local.<\/p>\n<p>El segundo per\u00edodo empez\u00f3 con un triple r\u00e1pido de Caspe, una de las figuras del encuentro. Independiente fallaba y le daba la posibilidad a Comercial de colocar un parcial de 9 a 3 que le permit\u00eda so\u00f1ar. Sin embargo, la visita se recuper\u00f3, ajust\u00f3 la punter\u00eda y sac\u00f3 ventaja de 6 puntos. Ercoli descont\u00f3 con un triple pero Musumeci hizo lo propio y la diferencia no se achicaba. Massa y Donato completaron con un doble cada uno para que El Viola tenga un parcial de 7 a 0. De esta manera, el primer tiempo se cerraba con la visita en ventaja por 38 a 30.<\/p>\n<p>En el segundo tiempo Independiente volvi\u00f3 a sobrepasar la defensa de Comercial y aplic\u00f3 un parcial de 9 a 3 que lo dejaba en ventaja por 47 a 33 y as\u00ed sacaba la m\u00e1xima diferencia en el partido. Los locales se recuperaron y establecieron un parcial id\u00e9ntico al de su rival para volver a estar cerca y de esa forma cerrar el per\u00edodo 56 a 49 en favor de la visita.<\/p>\n<p>El \u00faltimo cuarto tuvo como gran protagonista a Comercial que volvi\u00f3 a establecer un parcial de 9 a 3 y a falta de 6 minutos para el cierre y con un triple de Godoy se colocaba un punto por debajo. Massa respondi\u00f3 con un triple y Musumeci ampli\u00f3 la diferencia luego de que cuando se retiraba Maidana por 5ta falta, S\u00e1nchez le bajara la t\u00e9cnica y el base fuera a la l\u00ednea, sin cometer errores. Caspe hizo lo propio en dos oportunidades y Martinez primero desde los libres y luego con un doble, dictamin\u00f3 la ventaja del local, 66-64. Sagripandi meti\u00f3 los libres pero Schmidt respondi\u00f3 con un doble, aunque Sacomani encest\u00f3 un triple a falta de 25 segundos. El marcador indicaba 68 para Comercial, 69 para Independiente. La perdi\u00f3 El Viola, fall\u00f3 el triple Mart\u00ednez y Caspe mand\u00f3 a la l\u00ednea a Musumeci que convirti\u00f3 el primero y fall\u00f3 el segundo decretando el resultado final con la victoria para la visita por 70 a 68.<\/p>\n<p><span style=\"text-decoration: underline;\">S\u00edntesis<\/span>:<\/p>\n<p><strong>Comercial (68)<\/strong>:<\/p>\n<p>Iniciales: Andreanelli, Am\u00edlcar (9); Mart\u00ednez, Sebasti\u00e1n (14); Caspe, Ignacio (19); Schmidt, Cristian (2); Maidana, Andr\u00e9s (5)<\/p>\n<p>Ingresaron: \u00c9rcoli, Igancio (4) Cruz, Gustavo (8)<\/p>\n<p>DT: Errazu, Mario<\/p>\n<p><strong>Independiente (70)<\/strong>:<\/p>\n<p>Iniciales: Musumeci, Javier (20); Sagripandi, Bruno (8); Barba, St\u00e9fano (13); Montanaro, Mauro (4); Donato, Manuel (5)<\/p>\n<p>Ingresaron: Massa, C\u00e9sar (5); Sacomani, Bruno (15)<\/p>\n<p>DT: Palumbo, Juan Sergio<\/p>\n<p><strong>Parciales<\/strong>: 7-19; 30-38; 49-56<\/p>\n<p><strong>5 Faltas<\/strong>: Cruz, Gustavo y Maidana, Andr\u00e9s<\/p>\n<p><strong>\u00c1rbitros<\/strong>: Sed\u00e1n, Horacio \u2013 S\u00e1nchez, Javier<\/p>\n<p><strong>Estadio:<\/strong> Osvaldo Giorgetti<\/p>\n<p><a class=\"modalf iframe\" title=\"Planilla\" href=\"https:\/\/docs.google.com\/spreadsheet\/pub?key=0AmQ4w9i2HKVQdHhvaUdLcjdVSXN1ZE9rRmZ4RmZiM1E&amp;single=true&amp;gid=0&amp;output=html\">Ver Planilla<\/a><\/p>\n","protected":false},"excerpt":{"rendered":"<p>En un partido muy cambiante, Independiente venci\u00f3 en condici\u00f3n de visitante a Comercial por 70 a 68 en el inicio del Torneo Oficial de Segunda. El Viola lo domin\u00f3 durante todo el partido pero Comercial lleg\u00f3 a ganarlo por 2 a falta de 45 segundos pero fall\u00f3 en la \u00faltima pelota y le entreg\u00f3 el [&hellip;]<\/p>\n","protected":false},"author":10,"featured_media":0,"comment_status":"open","ping_status":"open","sticky":false,"template":"","format":"standard","meta":{"jnews-multi-image_gallery":[],"jnews_single_post":[],"jnews_primary_category":[],"footnotes":""},"categories":[25],"tags":[7,12],"class_list":["post-6010","post","type-post","status-publish","format-standard","hentry","category-segunda","tag-comercial","tag-independiente"],"yoast_head":"<!-- This site is optimized with the Yoast SEO plugin v27.5 - https:\/\/yoast.com\/product\/yoast-seo-wordpress\/ -->\n<title>En el final festej\u00f3 Independiente - Gente de B\u00e1squet<\/title>\n<meta name=\"robots\" content=\"index, follow, max-snippet:-1, max-image-preview:large, max-video-preview:-1\" \/>\n<link rel=\"canonical\" href=\"https:\/\/gentedebasquet.com.ar\/sitio\/2012\/08\/11\/en-el-final-festejo-independiente\/\" \/>\n<meta property=\"og:locale\" content=\"es_ES\" \/>\n<meta property=\"og:type\" content=\"article\" \/>\n<meta property=\"og:title\" content=\"En el final festej\u00f3 Independiente - Gente de B\u00e1squet\" \/>\n<meta property=\"og:description\" content=\"En un partido muy cambiante, Independiente venci\u00f3 en condici\u00f3n de visitante a Comercial por 70 a 68 en el inicio del Torneo Oficial de Segunda. El Viola lo domin\u00f3 durante todo el partido pero Comercial lleg\u00f3 a ganarlo por 2 a falta de 45 segundos pero fall\u00f3 en la \u00faltima pelota y le entreg\u00f3 el [&hellip;]\" \/>\n<meta property=\"og:url\" content=\"https:\/\/gentedebasquet.com.ar\/sitio\/2012\/08\/11\/en-el-final-festejo-independiente\/\" \/>\n<meta property=\"og:site_name\" content=\"Gente de B\u00e1squet\" \/>\n<meta property=\"article:published_time\" content=\"2012-08-11T04:12:37+00:00\" \/>\n<meta property=\"og:image\" content=\"http:\/\/www.gentedebasquet.com.ar\/wp-content\/uploads\/2012\/08\/IMG00260-20120810-2126.jpg\" \/>\n<meta name=\"author\" content=\"Emiliano Roza\" \/>\n<meta name=\"twitter:card\" content=\"summary_large_image\" \/>\n<meta name=\"twitter:label1\" content=\"Escrito por\" \/>\n\t<meta name=\"twitter:data1\" content=\"Emiliano Roza\" \/>\n\t<meta name=\"twitter:label2\" content=\"Tiempo de lectura\" \/>\n\t<meta name=\"twitter:data2\" content=\"3 minutos\" \/>\n<script type=\"application\/ld+json\" class=\"yoast-schema-graph\">{\"@context\":\"https:\\\/\\\/schema.org\",\"@graph\":[{\"@type\":\"Article\",\"@id\":\"https:\\\/\\\/gentedebasquet.com.ar\\\/sitio\\\/2012\\\/08\\\/11\\\/en-el-final-festejo-independiente\\\/#article\",\"isPartOf\":{\"@id\":\"https:\\\/\\\/gentedebasquet.com.ar\\\/sitio\\\/2012\\\/08\\\/11\\\/en-el-final-festejo-independiente\\\/\"},\"author\":{\"name\":\"Emiliano Roza\",\"@id\":\"http:\\\/\\\/gentedebasquet.com.ar\\\/sitio\\\/#\\\/schema\\\/person\\\/745db2a44dc7729cfc1c6faaa16d895b\"},\"headline\":\"En el final festej\u00f3 Independiente\",\"datePublished\":\"2012-08-11T04:12:37+00:00\",\"mainEntityOfPage\":{\"@id\":\"https:\\\/\\\/gentedebasquet.com.ar\\\/sitio\\\/2012\\\/08\\\/11\\\/en-el-final-festejo-independiente\\\/\"},\"wordCount\":541,\"commentCount\":0,\"image\":{\"@id\":\"https:\\\/\\\/gentedebasquet.com.ar\\\/sitio\\\/2012\\\/08\\\/11\\\/en-el-final-festejo-independiente\\\/#primaryimage\"},\"thumbnailUrl\":\"http:\\\/\\\/www.gentedebasquet.com.ar\\\/wp-content\\\/uploads\\\/2012\\\/08\\\/IMG00260-20120810-2126.jpg\",\"keywords\":[\"Comercial\",\"independiente\"],\"articleSection\":[\"Segunda\"],\"inLanguage\":\"es\",\"potentialAction\":[{\"@type\":\"CommentAction\",\"name\":\"Comment\",\"target\":[\"https:\\\/\\\/gentedebasquet.com.ar\\\/sitio\\\/2012\\\/08\\\/11\\\/en-el-final-festejo-independiente\\\/#respond\"]}]},{\"@type\":\"WebPage\",\"@id\":\"https:\\\/\\\/gentedebasquet.com.ar\\\/sitio\\\/2012\\\/08\\\/11\\\/en-el-final-festejo-independiente\\\/\",\"url\":\"https:\\\/\\\/gentedebasquet.com.ar\\\/sitio\\\/2012\\\/08\\\/11\\\/en-el-final-festejo-independiente\\\/\",\"name\":\"En el final festej\u00f3 Independiente - Gente de B\u00e1squet\",\"isPartOf\":{\"@id\":\"http:\\\/\\\/gentedebasquet.com.ar\\\/sitio\\\/#website\"},\"primaryImageOfPage\":{\"@id\":\"https:\\\/\\\/gentedebasquet.com.ar\\\/sitio\\\/2012\\\/08\\\/11\\\/en-el-final-festejo-independiente\\\/#primaryimage\"},\"image\":{\"@id\":\"https:\\\/\\\/gentedebasquet.com.ar\\\/sitio\\\/2012\\\/08\\\/11\\\/en-el-final-festejo-independiente\\\/#primaryimage\"},\"thumbnailUrl\":\"http:\\\/\\\/www.gentedebasquet.com.ar\\\/wp-content\\\/uploads\\\/2012\\\/08\\\/IMG00260-20120810-2126.jpg\",\"datePublished\":\"2012-08-11T04:12:37+00:00\",\"author\":{\"@id\":\"http:\\\/\\\/gentedebasquet.com.ar\\\/sitio\\\/#\\\/schema\\\/person\\\/745db2a44dc7729cfc1c6faaa16d895b\"},\"breadcrumb\":{\"@id\":\"https:\\\/\\\/gentedebasquet.com.ar\\\/sitio\\\/2012\\\/08\\\/11\\\/en-el-final-festejo-independiente\\\/#breadcrumb\"},\"inLanguage\":\"es\",\"potentialAction\":[{\"@type\":\"ReadAction\",\"target\":[\"https:\\\/\\\/gentedebasquet.com.ar\\\/sitio\\\/2012\\\/08\\\/11\\\/en-el-final-festejo-independiente\\\/\"]}]},{\"@type\":\"ImageObject\",\"inLanguage\":\"es\",\"@id\":\"https:\\\/\\\/gentedebasquet.com.ar\\\/sitio\\\/2012\\\/08\\\/11\\\/en-el-final-festejo-independiente\\\/#primaryimage\",\"url\":\"http:\\\/\\\/www.gentedebasquet.com.ar\\\/wp-content\\\/uploads\\\/2012\\\/08\\\/IMG00260-20120810-2126.jpg\",\"contentUrl\":\"http:\\\/\\\/www.gentedebasquet.com.ar\\\/wp-content\\\/uploads\\\/2012\\\/08\\\/IMG00260-20120810-2126.jpg\"},{\"@type\":\"BreadcrumbList\",\"@id\":\"https:\\\/\\\/gentedebasquet.com.ar\\\/sitio\\\/2012\\\/08\\\/11\\\/en-el-final-festejo-independiente\\\/#breadcrumb\",\"itemListElement\":[{\"@type\":\"ListItem\",\"position\":1,\"name\":\"Portada\",\"item\":\"http:\\\/\\\/gentedebasquet.com.ar\\\/sitio\\\/\"},{\"@type\":\"ListItem\",\"position\":2,\"name\":\"En el final festej\u00f3 Independiente\"}]},{\"@type\":\"WebSite\",\"@id\":\"http:\\\/\\\/gentedebasquet.com.ar\\\/sitio\\\/#website\",\"url\":\"http:\\\/\\\/gentedebasquet.com.ar\\\/sitio\\\/\",\"name\":\"Gente de B\u00e1squet\",\"description\":\"La revista del basquet de Bah\u00eda Blanca\",\"potentialAction\":[{\"@type\":\"SearchAction\",\"target\":{\"@type\":\"EntryPoint\",\"urlTemplate\":\"http:\\\/\\\/gentedebasquet.com.ar\\\/sitio\\\/?s={search_term_string}\"},\"query-input\":{\"@type\":\"PropertyValueSpecification\",\"valueRequired\":true,\"valueName\":\"search_term_string\"}}],\"inLanguage\":\"es\"},{\"@type\":\"Person\",\"@id\":\"http:\\\/\\\/gentedebasquet.com.ar\\\/sitio\\\/#\\\/schema\\\/person\\\/745db2a44dc7729cfc1c6faaa16d895b\",\"name\":\"Emiliano Roza\",\"image\":{\"@type\":\"ImageObject\",\"inLanguage\":\"es\",\"@id\":\"https:\\\/\\\/secure.gravatar.com\\\/avatar\\\/04256ceef48211167df8402e69580be023beb74ca857078daaf21e35d6076e03?s=96&d=mm&r=g\",\"url\":\"https:\\\/\\\/secure.gravatar.com\\\/avatar\\\/04256ceef48211167df8402e69580be023beb74ca857078daaf21e35d6076e03?s=96&d=mm&r=g\",\"contentUrl\":\"https:\\\/\\\/secure.gravatar.com\\\/avatar\\\/04256ceef48211167df8402e69580be023beb74ca857078daaf21e35d6076e03?s=96&d=mm&r=g\",\"caption\":\"Emiliano Roza\"},\"url\":\"https:\\\/\\\/gentedebasquet.com.ar\\\/sitio\\\/author\\\/emilianor\\\/\"}]}<\/script>\n<!-- \/ Yoast SEO plugin. -->","yoast_head_json":{"title":"En el final festej\u00f3 Independiente - Gente de B\u00e1squet","robots":{"index":"index","follow":"follow","max-snippet":"max-snippet:-1","max-image-preview":"max-image-preview:large","max-video-preview":"max-video-preview:-1"},"canonical":"https:\/\/gentedebasquet.com.ar\/sitio\/2012\/08\/11\/en-el-final-festejo-independiente\/","og_locale":"es_ES","og_type":"article","og_title":"En el final festej\u00f3 Independiente - Gente de B\u00e1squet","og_description":"En un partido muy cambiante, Independiente venci\u00f3 en condici\u00f3n de visitante a Comercial por 70 a 68 en el inicio del Torneo Oficial de Segunda. El Viola lo domin\u00f3 durante todo el partido pero Comercial lleg\u00f3 a ganarlo por 2 a falta de 45 segundos pero fall\u00f3 en la \u00faltima pelota y le entreg\u00f3 el [&hellip;]","og_url":"https:\/\/gentedebasquet.com.ar\/sitio\/2012\/08\/11\/en-el-final-festejo-independiente\/","og_site_name":"Gente de B\u00e1squet","article_published_time":"2012-08-11T04:12:37+00:00","og_image":[{"url":"http:\/\/www.gentedebasquet.com.ar\/wp-content\/uploads\/2012\/08\/IMG00260-20120810-2126.jpg","type":"","width":"","height":""}],"author":"Emiliano Roza","twitter_card":"summary_large_image","twitter_misc":{"Escrito por":"Emiliano Roza","Tiempo de lectura":"3 minutos"},"schema":{"@context":"https:\/\/schema.org","@graph":[{"@type":"Article","@id":"https:\/\/gentedebasquet.com.ar\/sitio\/2012\/08\/11\/en-el-final-festejo-independiente\/#article","isPartOf":{"@id":"https:\/\/gentedebasquet.com.ar\/sitio\/2012\/08\/11\/en-el-final-festejo-independiente\/"},"author":{"name":"Emiliano Roza","@id":"http:\/\/gentedebasquet.com.ar\/sitio\/#\/schema\/person\/745db2a44dc7729cfc1c6faaa16d895b"},"headline":"En el final festej\u00f3 Independiente","datePublished":"2012-08-11T04:12:37+00:00","mainEntityOfPage":{"@id":"https:\/\/gentedebasquet.com.ar\/sitio\/2012\/08\/11\/en-el-final-festejo-independiente\/"},"wordCount":541,"commentCount":0,"image":{"@id":"https:\/\/gentedebasquet.com.ar\/sitio\/2012\/08\/11\/en-el-final-festejo-independiente\/#primaryimage"},"thumbnailUrl":"http:\/\/www.gentedebasquet.com.ar\/wp-content\/uploads\/2012\/08\/IMG00260-20120810-2126.jpg","keywords":["Comercial","independiente"],"articleSection":["Segunda"],"inLanguage":"es","potentialAction":[{"@type":"CommentAction","name":"Comment","target":["https:\/\/gentedebasquet.com.ar\/sitio\/2012\/08\/11\/en-el-final-festejo-independiente\/#respond"]}]},{"@type":"WebPage","@id":"https:\/\/gentedebasquet.com.ar\/sitio\/2012\/08\/11\/en-el-final-festejo-independiente\/","url":"https:\/\/gentedebasquet.com.ar\/sitio\/2012\/08\/11\/en-el-final-festejo-independiente\/","name":"En el final festej\u00f3 Independiente - Gente de B\u00e1squet","isPartOf":{"@id":"http:\/\/gentedebasquet.com.ar\/sitio\/#website"},"primaryImageOfPage":{"@id":"https:\/\/gentedebasquet.com.ar\/sitio\/2012\/08\/11\/en-el-final-festejo-independiente\/#primaryimage"},"image":{"@id":"https:\/\/gentedebasquet.com.ar\/sitio\/2012\/08\/11\/en-el-final-festejo-independiente\/#primaryimage"},"thumbnailUrl":"http:\/\/www.gentedebasquet.com.ar\/wp-content\/uploads\/2012\/08\/IMG00260-20120810-2126.jpg","datePublished":"2012-08-11T04:12:37+00:00","author":{"@id":"http:\/\/gentedebasquet.com.ar\/sitio\/#\/schema\/person\/745db2a44dc7729cfc1c6faaa16d895b"},"breadcrumb":{"@id":"https:\/\/gentedebasquet.com.ar\/sitio\/2012\/08\/11\/en-el-final-festejo-independiente\/#breadcrumb"},"inLanguage":"es","potentialAction":[{"@type":"ReadAction","target":["https:\/\/gentedebasquet.com.ar\/sitio\/2012\/08\/11\/en-el-final-festejo-independiente\/"]}]},{"@type":"ImageObject","inLanguage":"es","@id":"https:\/\/gentedebasquet.com.ar\/sitio\/2012\/08\/11\/en-el-final-festejo-independiente\/#primaryimage","url":"http:\/\/www.gentedebasquet.com.ar\/wp-content\/uploads\/2012\/08\/IMG00260-20120810-2126.jpg","contentUrl":"http:\/\/www.gentedebasquet.com.ar\/wp-content\/uploads\/2012\/08\/IMG00260-20120810-2126.jpg"},{"@type":"BreadcrumbList","@id":"https:\/\/gentedebasquet.com.ar\/sitio\/2012\/08\/11\/en-el-final-festejo-independiente\/#breadcrumb","itemListElement":[{"@type":"ListItem","position":1,"name":"Portada","item":"http:\/\/gentedebasquet.com.ar\/sitio\/"},{"@type":"ListItem","position":2,"name":"En el final festej\u00f3 Independiente"}]},{"@type":"WebSite","@id":"http:\/\/gentedebasquet.com.ar\/sitio\/#website","url":"http:\/\/gentedebasquet.com.ar\/sitio\/","name":"Gente de B\u00e1squet","description":"La revista del basquet de Bah\u00eda Blanca","potentialAction":[{"@type":"SearchAction","target":{"@type":"EntryPoint","urlTemplate":"http:\/\/gentedebasquet.com.ar\/sitio\/?s={search_term_string}"},"query-input":{"@type":"PropertyValueSpecification","valueRequired":true,"valueName":"search_term_string"}}],"inLanguage":"es"},{"@type":"Person","@id":"http:\/\/gentedebasquet.com.ar\/sitio\/#\/schema\/person\/745db2a44dc7729cfc1c6faaa16d895b","name":"Emiliano Roza","image":{"@type":"ImageObject","inLanguage":"es","@id":"https:\/\/secure.gravatar.com\/avatar\/04256ceef48211167df8402e69580be023beb74ca857078daaf21e35d6076e03?s=96&d=mm&r=g","url":"https:\/\/secure.gravatar.com\/avatar\/04256ceef48211167df8402e69580be023beb74ca857078daaf21e35d6076e03?s=96&d=mm&r=g","contentUrl":"https:\/\/secure.gravatar.com\/avatar\/04256ceef48211167df8402e69580be023beb74ca857078daaf21e35d6076e03?s=96&d=mm&r=g","caption":"Emiliano Roza"},"url":"https:\/\/gentedebasquet.com.ar\/sitio\/author\/emilianor\/"}]}},"_links":{"self":[{"href":"https:\/\/gentedebasquet.com.ar\/sitio\/wp-json\/wp\/v2\/posts\/6010","targetHints":{"allow":["GET"]}}],"collection":[{"href":"https:\/\/gentedebasquet.com.ar\/sitio\/wp-json\/wp\/v2\/posts"}],"about":[{"href":"https:\/\/gentedebasquet.com.ar\/sitio\/wp-json\/wp\/v2\/types\/post"}],"author":[{"embeddable":true,"href":"https:\/\/gentedebasquet.com.ar\/sitio\/wp-json\/wp\/v2\/users\/10"}],"replies":[{"embeddable":true,"href":"https:\/\/gentedebasquet.com.ar\/sitio\/wp-json\/wp\/v2\/comments?post=6010"}],"version-history":[{"count":0,"href":"https:\/\/gentedebasquet.com.ar\/sitio\/wp-json\/wp\/v2\/posts\/6010\/revisions"}],"wp:attachment":[{"href":"https:\/\/gentedebasquet.com.ar\/sitio\/wp-json\/wp\/v2\/media?parent=6010"}],"wp:term":[{"taxonomy":"category","embeddable":true,"href":"https:\/\/gentedebasquet.com.ar\/sitio\/wp-json\/wp\/v2\/categories?post=6010"},{"taxonomy":"post_tag","embeddable":true,"href":"https:\/\/gentedebasquet.com.ar\/sitio\/wp-json\/wp\/v2\/tags?post=6010"}],"curies":[{"name":"wp","href":"https:\/\/api.w.org\/{rel}","templated":true}]}}