{"id":60163,"date":"2016-05-22T15:11:57","date_gmt":"2016-05-22T18:11:57","guid":{"rendered":"http:\/\/www.gentedebasquet.com.ar\/?p=60163"},"modified":"2016-05-22T15:11:57","modified_gmt":"2016-05-22T18:11:57","slug":"lo-pesco-en-el-final","status":"publish","type":"post","link":"https:\/\/gentedebasquet.com.ar\/sitio\/2016\/05\/22\/lo-pesco-en-el-final\/","title":{"rendered":"Lo pesc\u00f3 en el final"},"content":{"rendered":"<p><strong>En Sub 21, Comercial venci\u00f3 a Velocidad y Resistencia por 83 a 75, en el estadio Pedro S\u00e1nchez y logr\u00f3 su primera victoria del a\u00f1o. En un encuentro entrecortado (48 faltas) y con vaivenes en el resultado, fue la visita quien se llev\u00f3 el juego\u00a0en suplementario con una gran actuaci\u00f3n de Nicol\u00e1s Riviere (8 de los 15 de su equipo en el TS). En el ganador se destac\u00f3 -adem\u00e1s- Nicol\u00e1s Vallejos, con 26 puntos (6\/9 t3, 2\/5 t2,4\/8 tl); mientras que en el local sobresali\u00f3 Franco Mastrandrea, con 23 y 12 rebotes.<\/strong><\/p>\n<p>Las perdidas del visitante (8) provocadas por la presi\u00f3n alta de Velocidad y la suma de foules le permitieron al rival dominar el primer cuarto, con 10 puntos de Mastrandrea. Por su parte, el conjunto del puerto no tuvo ideas en ofensiva, concretando 14 puntos en el cuarto (Maurizi 6) y cerrando el segmento 9 unidades abajo: 23-14.<\/p>\n<p>En el segundo cuarto lleg\u00f3 la reacci\u00f3n de Comercial. Con un gran parcial de Vallejos (9 puntos con 3\/3 t3), sumado a una defensa combinada que plante\u00f3 Ramiro Riviere, logr\u00f3 pasar al frente (27-31). Aunque, el local mejor\u00f3 la circulaci\u00f3n de la bola y alcanz\u00f3 a cerrar el cuarto adelante (38-34).<\/p>\n<p>En el inicio del segundo tiempo, con dos bombas de Burgener, Velocidad logr\u00f3 la m\u00e1xima del encuentro: 53-39. Sin embargo, con una gran presi\u00f3n al portador del bal\u00f3n -logrando as\u00ed varios robos-, Comercial se recuper\u00f3 en el marcador (Vallejos, 7 puntos) terminando a tan solo cinco unidades (55-50) el 3C.<\/p>\n<p>M\u00e1s a\u00fan, con un gran pasaje de la visita de 11 a 0, logr\u00f3 pasar al frente (57-61). A partir de all\u00ed, el partido se mantuvo palo a palo hasta el final, con varios viajes a la l\u00ednea, haciendo as\u00ed al cotejo muy\u00a0entrecortado.\u00a0Llegando al \u00faltimo minuto, con una ventaja de 3 para Comercial, Burgener concret\u00f3 un gran triple que empat\u00f3 el partido y lo llev\u00f3 a suplementario (68-68).<\/p>\n<p>A falta de 1m20 (75-77) para terminar el tiempo extra, dos bombas de Nicol\u00e1s Riviere y una de Hern\u00e1n Fern\u00e1ndez sentenciaron el encuentro a favor de Comercial, logrando su primera victoria en el campeonato por 83 a 75.<\/p>\n<p>&nbsp;<\/p>\n<p><b>S\u00edntesis<\/b><strong>\u00a0| <\/strong>U21 &#8211; Zona Clasificatoria 1 &#8211; Fecha<strong>\u00a0<\/strong>#8<\/p>\n<p><strong>Velocidad y Resistencia 75:<\/strong> Juan Pablo Cruz 4, Rodrigo Burgener 11, Franco Mastraenda 23, Francisco Caputo 14, Esteban Richotti 13 (x) (FI); Cristi\u00e1n Garcia 3, Lautaro Schaab 4 y Federico Suldrup 3. DT: Ignacio Fris\u00f3n.<\/p>\n<p><strong>Comercial 83:<\/strong> Nicol\u00e1s Riviere 8, Nicol\u00e1s Vallejos 26, Juan Pedro Maurizi 12, Nicol\u00e1s Fern\u00e1ndez 8 (D), Maximiliano Husman 0 (FI); Lautaro Pizzorno 5, Hern\u00e1n Fern\u00e1ndez 11, Jano Duca 11 y Maximiliano De La Torre 2. DT: Ramiro Riviere.<\/p>\n<p><strong>Parciales:\u00a0<\/strong>23-14, 38-34(15-10), 55-50(12-16) y 68-68(13-18).<\/p>\n<p><strong>Suplementario:\u00a0<\/strong>75-83 (7-15).<\/p>\n<p><strong>\u00c1rbitros:\u00a0<\/strong>Sergio Herrera- Lisandro Pardo.<\/p>\n<p><strong>Estadio:<\/strong> Pedro S\u00e1nchez (Velocidad y Resistencia).<\/p>\n<p><strong>Colaboraci\u00f3n:\u00a0<\/strong>Franco Crivellini.<\/p>\n<p><a href=\"https:\/\/docs.google.com\/spreadsheets\/d\/1VwCuZsNhNUkykFeUDxoQWBIIxiR3igRKq7mEULnbIsU\/pubhtml\" target=\"_blank\" rel=\"noopener\">Ver planilla<\/a><\/p>\n<h5 style=\"text-align: center;\">VELOCIDAD U21<\/h5>\n<p><img decoding=\"async\" class=\"aligncenter size-full wp-image-60171\" src=\"http:\/\/www.gentedebasquet.com.ar\/wp-content\/uploads\/2016\/05\/Velocidad-U21.jpg\" alt=\"Velocidad U21\" width=\"640\" height=\"440\" srcset=\"https:\/\/gentedebasquet.com.ar\/sitio\/wp-content\/uploads\/2016\/05\/Velocidad-U21.jpg 640w, https:\/\/gentedebasquet.com.ar\/sitio\/wp-content\/uploads\/2016\/05\/Velocidad-U21-300x206.jpg 300w\" sizes=\"(max-width: 640px) 100vw, 640px\" \/><\/p>\n<h5 style=\"text-align: center;\">COMERCIAL U21<\/h5>\n<p><img decoding=\"async\" class=\"aligncenter size-full wp-image-60172\" src=\"http:\/\/www.gentedebasquet.com.ar\/wp-content\/uploads\/2016\/05\/Comercial-U21.jpg\" alt=\"Comercial U21\" width=\"640\" height=\"440\" srcset=\"https:\/\/gentedebasquet.com.ar\/sitio\/wp-content\/uploads\/2016\/05\/Comercial-U21.jpg 640w, https:\/\/gentedebasquet.com.ar\/sitio\/wp-content\/uploads\/2016\/05\/Comercial-U21-300x206.jpg 300w\" sizes=\"(max-width: 640px) 100vw, 640px\" \/><\/p>\n","protected":false},"excerpt":{"rendered":"<p>En suplementario, Comercial venci\u00f3 a Velocidad por 83 a 75 en U21<\/p>\n","protected":false},"author":44,"featured_media":60170,"comment_status":"closed","ping_status":"open","sticky":false,"template":"","format":"standard","meta":{"jnews-multi-image_gallery":[],"jnews_single_post":[],"jnews_primary_category":[],"footnotes":""},"categories":[101,42],"tags":[7,589],"class_list":["post-60163","post","type-post","status-publish","format-standard","has-post-thumbnail","hentry","category-slide","category-u21","tag-comercial","tag-velocidad-y-resistencia"],"yoast_head":"<!-- This site is optimized with the Yoast SEO plugin v27.5 - https:\/\/yoast.com\/product\/yoast-seo-wordpress\/ -->\n<title>Lo pesc\u00f3 en el final - Gente de B\u00e1squet<\/title>\n<meta name=\"robots\" content=\"index, follow, max-snippet:-1, max-image-preview:large, max-video-preview:-1\" \/>\n<link rel=\"canonical\" href=\"http:\/\/gentedebasquet.com.ar\/sitio\/2016\/05\/22\/lo-pesco-en-el-final\/\" \/>\n<meta property=\"og:locale\" content=\"es_ES\" \/>\n<meta property=\"og:type\" content=\"article\" \/>\n<meta property=\"og:title\" content=\"Lo pesc\u00f3 en el final - Gente de B\u00e1squet\" \/>\n<meta property=\"og:description\" content=\"En suplementario, Comercial venci\u00f3 a Velocidad por 83 a 75 en U21\" \/>\n<meta property=\"og:url\" content=\"http:\/\/gentedebasquet.com.ar\/sitio\/2016\/05\/22\/lo-pesco-en-el-final\/\" \/>\n<meta property=\"og:site_name\" content=\"Gente de B\u00e1squet\" \/>\n<meta property=\"article:published_time\" content=\"2016-05-22T18:11:57+00:00\" \/>\n<meta property=\"og:image\" content=\"http:\/\/gentedebasquet.com.ar\/sitio\/wp-content\/uploads\/2016\/05\/Velocidad-Comercial-U21.jpg\" \/>\n\t<meta property=\"og:image:width\" content=\"690\" \/>\n\t<meta property=\"og:image:height\" content=\"319\" \/>\n\t<meta property=\"og:image:type\" content=\"image\/jpeg\" \/>\n<meta name=\"author\" content=\"Santiago Guerrero\" \/>\n<meta name=\"twitter:card\" content=\"summary_large_image\" \/>\n<meta name=\"twitter:label1\" content=\"Escrito por\" \/>\n\t<meta name=\"twitter:data1\" content=\"Santiago Guerrero\" \/>\n\t<meta name=\"twitter:label2\" content=\"Tiempo de lectura\" \/>\n\t<meta name=\"twitter:data2\" content=\"2 minutos\" \/>\n<script type=\"application\/ld+json\" class=\"yoast-schema-graph\">{\"@context\":\"https:\\\/\\\/schema.org\",\"@graph\":[{\"@type\":\"Article\",\"@id\":\"http:\\\/\\\/gentedebasquet.com.ar\\\/sitio\\\/2016\\\/05\\\/22\\\/lo-pesco-en-el-final\\\/#article\",\"isPartOf\":{\"@id\":\"http:\\\/\\\/gentedebasquet.com.ar\\\/sitio\\\/2016\\\/05\\\/22\\\/lo-pesco-en-el-final\\\/\"},\"author\":{\"name\":\"Santiago Guerrero\",\"@id\":\"https:\\\/\\\/gentedebasquet.com.ar\\\/sitio\\\/#\\\/schema\\\/person\\\/d904c67a20106b85a87a1e7d9ed4af04\"},\"headline\":\"Lo pesc\u00f3 en el final\",\"datePublished\":\"2016-05-22T18:11:57+00:00\",\"mainEntityOfPage\":{\"@id\":\"http:\\\/\\\/gentedebasquet.com.ar\\\/sitio\\\/2016\\\/05\\\/22\\\/lo-pesco-en-el-final\\\/\"},\"wordCount\":464,\"image\":{\"@id\":\"http:\\\/\\\/gentedebasquet.com.ar\\\/sitio\\\/2016\\\/05\\\/22\\\/lo-pesco-en-el-final\\\/#primaryimage\"},\"thumbnailUrl\":\"https:\\\/\\\/gentedebasquet.com.ar\\\/sitio\\\/wp-content\\\/uploads\\\/2016\\\/05\\\/Velocidad-Comercial-U21.jpg\",\"keywords\":[\"Comercial\",\"Velocidad y Resistencia\"],\"articleSection\":[\"Slide\",\"U21\"],\"inLanguage\":\"es\"},{\"@type\":\"WebPage\",\"@id\":\"http:\\\/\\\/gentedebasquet.com.ar\\\/sitio\\\/2016\\\/05\\\/22\\\/lo-pesco-en-el-final\\\/\",\"url\":\"http:\\\/\\\/gentedebasquet.com.ar\\\/sitio\\\/2016\\\/05\\\/22\\\/lo-pesco-en-el-final\\\/\",\"name\":\"Lo pesc\u00f3 en el final - Gente de B\u00e1squet\",\"isPartOf\":{\"@id\":\"https:\\\/\\\/gentedebasquet.com.ar\\\/sitio\\\/#website\"},\"primaryImageOfPage\":{\"@id\":\"http:\\\/\\\/gentedebasquet.com.ar\\\/sitio\\\/2016\\\/05\\\/22\\\/lo-pesco-en-el-final\\\/#primaryimage\"},\"image\":{\"@id\":\"http:\\\/\\\/gentedebasquet.com.ar\\\/sitio\\\/2016\\\/05\\\/22\\\/lo-pesco-en-el-final\\\/#primaryimage\"},\"thumbnailUrl\":\"https:\\\/\\\/gentedebasquet.com.ar\\\/sitio\\\/wp-content\\\/uploads\\\/2016\\\/05\\\/Velocidad-Comercial-U21.jpg\",\"datePublished\":\"2016-05-22T18:11:57+00:00\",\"author\":{\"@id\":\"https:\\\/\\\/gentedebasquet.com.ar\\\/sitio\\\/#\\\/schema\\\/person\\\/d904c67a20106b85a87a1e7d9ed4af04\"},\"breadcrumb\":{\"@id\":\"http:\\\/\\\/gentedebasquet.com.ar\\\/sitio\\\/2016\\\/05\\\/22\\\/lo-pesco-en-el-final\\\/#breadcrumb\"},\"inLanguage\":\"es\",\"potentialAction\":[{\"@type\":\"ReadAction\",\"target\":[\"http:\\\/\\\/gentedebasquet.com.ar\\\/sitio\\\/2016\\\/05\\\/22\\\/lo-pesco-en-el-final\\\/\"]}]},{\"@type\":\"ImageObject\",\"inLanguage\":\"es\",\"@id\":\"http:\\\/\\\/gentedebasquet.com.ar\\\/sitio\\\/2016\\\/05\\\/22\\\/lo-pesco-en-el-final\\\/#primaryimage\",\"url\":\"https:\\\/\\\/gentedebasquet.com.ar\\\/sitio\\\/wp-content\\\/uploads\\\/2016\\\/05\\\/Velocidad-Comercial-U21.jpg\",\"contentUrl\":\"https:\\\/\\\/gentedebasquet.com.ar\\\/sitio\\\/wp-content\\\/uploads\\\/2016\\\/05\\\/Velocidad-Comercial-U21.jpg\",\"width\":690,\"height\":319},{\"@type\":\"BreadcrumbList\",\"@id\":\"http:\\\/\\\/gentedebasquet.com.ar\\\/sitio\\\/2016\\\/05\\\/22\\\/lo-pesco-en-el-final\\\/#breadcrumb\",\"itemListElement\":[{\"@type\":\"ListItem\",\"position\":1,\"name\":\"Portada\",\"item\":\"https:\\\/\\\/gentedebasquet.com.ar\\\/sitio\\\/\"},{\"@type\":\"ListItem\",\"position\":2,\"name\":\"Lo pesc\u00f3 en el final\"}]},{\"@type\":\"WebSite\",\"@id\":\"https:\\\/\\\/gentedebasquet.com.ar\\\/sitio\\\/#website\",\"url\":\"https:\\\/\\\/gentedebasquet.com.ar\\\/sitio\\\/\",\"name\":\"Gente de B\u00e1squet\",\"description\":\"La revista del basquet de Bah\u00eda Blanca\",\"potentialAction\":[{\"@type\":\"SearchAction\",\"target\":{\"@type\":\"EntryPoint\",\"urlTemplate\":\"https:\\\/\\\/gentedebasquet.com.ar\\\/sitio\\\/?s={search_term_string}\"},\"query-input\":{\"@type\":\"PropertyValueSpecification\",\"valueRequired\":true,\"valueName\":\"search_term_string\"}}],\"inLanguage\":\"es\"},{\"@type\":\"Person\",\"@id\":\"https:\\\/\\\/gentedebasquet.com.ar\\\/sitio\\\/#\\\/schema\\\/person\\\/d904c67a20106b85a87a1e7d9ed4af04\",\"name\":\"Santiago Guerrero\",\"image\":{\"@type\":\"ImageObject\",\"inLanguage\":\"es\",\"@id\":\"https:\\\/\\\/secure.gravatar.com\\\/avatar\\\/9749e94c265693326e6778de232cd359016d3c0dabce9d7260c9e96e592bc3a3?s=96&d=mm&r=g\",\"url\":\"https:\\\/\\\/secure.gravatar.com\\\/avatar\\\/9749e94c265693326e6778de232cd359016d3c0dabce9d7260c9e96e592bc3a3?s=96&d=mm&r=g\",\"contentUrl\":\"https:\\\/\\\/secure.gravatar.com\\\/avatar\\\/9749e94c265693326e6778de232cd359016d3c0dabce9d7260c9e96e592bc3a3?s=96&d=mm&r=g\",\"caption\":\"Santiago Guerrero\"},\"url\":\"https:\\\/\\\/gentedebasquet.com.ar\\\/sitio\\\/author\\\/santiago-guerrero\\\/\"}]}<\/script>\n<!-- \/ Yoast SEO plugin. -->","yoast_head_json":{"title":"Lo pesc\u00f3 en el final - Gente de B\u00e1squet","robots":{"index":"index","follow":"follow","max-snippet":"max-snippet:-1","max-image-preview":"max-image-preview:large","max-video-preview":"max-video-preview:-1"},"canonical":"http:\/\/gentedebasquet.com.ar\/sitio\/2016\/05\/22\/lo-pesco-en-el-final\/","og_locale":"es_ES","og_type":"article","og_title":"Lo pesc\u00f3 en el final - Gente de B\u00e1squet","og_description":"En suplementario, Comercial venci\u00f3 a Velocidad por 83 a 75 en U21","og_url":"http:\/\/gentedebasquet.com.ar\/sitio\/2016\/05\/22\/lo-pesco-en-el-final\/","og_site_name":"Gente de B\u00e1squet","article_published_time":"2016-05-22T18:11:57+00:00","og_image":[{"width":690,"height":319,"url":"http:\/\/gentedebasquet.com.ar\/sitio\/wp-content\/uploads\/2016\/05\/Velocidad-Comercial-U21.jpg","type":"image\/jpeg"}],"author":"Santiago Guerrero","twitter_card":"summary_large_image","twitter_misc":{"Escrito por":"Santiago Guerrero","Tiempo de lectura":"2 minutos"},"schema":{"@context":"https:\/\/schema.org","@graph":[{"@type":"Article","@id":"http:\/\/gentedebasquet.com.ar\/sitio\/2016\/05\/22\/lo-pesco-en-el-final\/#article","isPartOf":{"@id":"http:\/\/gentedebasquet.com.ar\/sitio\/2016\/05\/22\/lo-pesco-en-el-final\/"},"author":{"name":"Santiago Guerrero","@id":"https:\/\/gentedebasquet.com.ar\/sitio\/#\/schema\/person\/d904c67a20106b85a87a1e7d9ed4af04"},"headline":"Lo pesc\u00f3 en el final","datePublished":"2016-05-22T18:11:57+00:00","mainEntityOfPage":{"@id":"http:\/\/gentedebasquet.com.ar\/sitio\/2016\/05\/22\/lo-pesco-en-el-final\/"},"wordCount":464,"image":{"@id":"http:\/\/gentedebasquet.com.ar\/sitio\/2016\/05\/22\/lo-pesco-en-el-final\/#primaryimage"},"thumbnailUrl":"https:\/\/gentedebasquet.com.ar\/sitio\/wp-content\/uploads\/2016\/05\/Velocidad-Comercial-U21.jpg","keywords":["Comercial","Velocidad y Resistencia"],"articleSection":["Slide","U21"],"inLanguage":"es"},{"@type":"WebPage","@id":"http:\/\/gentedebasquet.com.ar\/sitio\/2016\/05\/22\/lo-pesco-en-el-final\/","url":"http:\/\/gentedebasquet.com.ar\/sitio\/2016\/05\/22\/lo-pesco-en-el-final\/","name":"Lo pesc\u00f3 en el final - Gente de B\u00e1squet","isPartOf":{"@id":"https:\/\/gentedebasquet.com.ar\/sitio\/#website"},"primaryImageOfPage":{"@id":"http:\/\/gentedebasquet.com.ar\/sitio\/2016\/05\/22\/lo-pesco-en-el-final\/#primaryimage"},"image":{"@id":"http:\/\/gentedebasquet.com.ar\/sitio\/2016\/05\/22\/lo-pesco-en-el-final\/#primaryimage"},"thumbnailUrl":"https:\/\/gentedebasquet.com.ar\/sitio\/wp-content\/uploads\/2016\/05\/Velocidad-Comercial-U21.jpg","datePublished":"2016-05-22T18:11:57+00:00","author":{"@id":"https:\/\/gentedebasquet.com.ar\/sitio\/#\/schema\/person\/d904c67a20106b85a87a1e7d9ed4af04"},"breadcrumb":{"@id":"http:\/\/gentedebasquet.com.ar\/sitio\/2016\/05\/22\/lo-pesco-en-el-final\/#breadcrumb"},"inLanguage":"es","potentialAction":[{"@type":"ReadAction","target":["http:\/\/gentedebasquet.com.ar\/sitio\/2016\/05\/22\/lo-pesco-en-el-final\/"]}]},{"@type":"ImageObject","inLanguage":"es","@id":"http:\/\/gentedebasquet.com.ar\/sitio\/2016\/05\/22\/lo-pesco-en-el-final\/#primaryimage","url":"https:\/\/gentedebasquet.com.ar\/sitio\/wp-content\/uploads\/2016\/05\/Velocidad-Comercial-U21.jpg","contentUrl":"https:\/\/gentedebasquet.com.ar\/sitio\/wp-content\/uploads\/2016\/05\/Velocidad-Comercial-U21.jpg","width":690,"height":319},{"@type":"BreadcrumbList","@id":"http:\/\/gentedebasquet.com.ar\/sitio\/2016\/05\/22\/lo-pesco-en-el-final\/#breadcrumb","itemListElement":[{"@type":"ListItem","position":1,"name":"Portada","item":"https:\/\/gentedebasquet.com.ar\/sitio\/"},{"@type":"ListItem","position":2,"name":"Lo pesc\u00f3 en el final"}]},{"@type":"WebSite","@id":"https:\/\/gentedebasquet.com.ar\/sitio\/#website","url":"https:\/\/gentedebasquet.com.ar\/sitio\/","name":"Gente de B\u00e1squet","description":"La revista del basquet de Bah\u00eda Blanca","potentialAction":[{"@type":"SearchAction","target":{"@type":"EntryPoint","urlTemplate":"https:\/\/gentedebasquet.com.ar\/sitio\/?s={search_term_string}"},"query-input":{"@type":"PropertyValueSpecification","valueRequired":true,"valueName":"search_term_string"}}],"inLanguage":"es"},{"@type":"Person","@id":"https:\/\/gentedebasquet.com.ar\/sitio\/#\/schema\/person\/d904c67a20106b85a87a1e7d9ed4af04","name":"Santiago Guerrero","image":{"@type":"ImageObject","inLanguage":"es","@id":"https:\/\/secure.gravatar.com\/avatar\/9749e94c265693326e6778de232cd359016d3c0dabce9d7260c9e96e592bc3a3?s=96&d=mm&r=g","url":"https:\/\/secure.gravatar.com\/avatar\/9749e94c265693326e6778de232cd359016d3c0dabce9d7260c9e96e592bc3a3?s=96&d=mm&r=g","contentUrl":"https:\/\/secure.gravatar.com\/avatar\/9749e94c265693326e6778de232cd359016d3c0dabce9d7260c9e96e592bc3a3?s=96&d=mm&r=g","caption":"Santiago Guerrero"},"url":"https:\/\/gentedebasquet.com.ar\/sitio\/author\/santiago-guerrero\/"}]}},"_links":{"self":[{"href":"https:\/\/gentedebasquet.com.ar\/sitio\/wp-json\/wp\/v2\/posts\/60163","targetHints":{"allow":["GET"]}}],"collection":[{"href":"https:\/\/gentedebasquet.com.ar\/sitio\/wp-json\/wp\/v2\/posts"}],"about":[{"href":"https:\/\/gentedebasquet.com.ar\/sitio\/wp-json\/wp\/v2\/types\/post"}],"author":[{"embeddable":true,"href":"https:\/\/gentedebasquet.com.ar\/sitio\/wp-json\/wp\/v2\/users\/44"}],"replies":[{"embeddable":true,"href":"https:\/\/gentedebasquet.com.ar\/sitio\/wp-json\/wp\/v2\/comments?post=60163"}],"version-history":[{"count":0,"href":"https:\/\/gentedebasquet.com.ar\/sitio\/wp-json\/wp\/v2\/posts\/60163\/revisions"}],"wp:featuredmedia":[{"embeddable":true,"href":"https:\/\/gentedebasquet.com.ar\/sitio\/wp-json\/wp\/v2\/media\/60170"}],"wp:attachment":[{"href":"https:\/\/gentedebasquet.com.ar\/sitio\/wp-json\/wp\/v2\/media?parent=60163"}],"wp:term":[{"taxonomy":"category","embeddable":true,"href":"https:\/\/gentedebasquet.com.ar\/sitio\/wp-json\/wp\/v2\/categories?post=60163"},{"taxonomy":"post_tag","embeddable":true,"href":"https:\/\/gentedebasquet.com.ar\/sitio\/wp-json\/wp\/v2\/tags?post=60163"}],"curies":[{"name":"wp","href":"https:\/\/api.w.org\/{rel}","templated":true}]}}