{"id":60353,"date":"2016-05-26T23:55:39","date_gmt":"2016-05-27T02:55:39","guid":{"rendered":"http:\/\/www.gentedebasquet.com.ar\/?p=60353"},"modified":"2016-05-26T23:55:39","modified_gmt":"2016-05-27T02:55:39","slug":"es-tuya-juan-2","status":"publish","type":"post","link":"https:\/\/gentedebasquet.com.ar\/sitio\/2016\/05\/26\/es-tuya-juan-2\/","title":{"rendered":"Es tuya Juan"},"content":{"rendered":"<p><strong>Con un segundo tiempo estelar de Rotta (18 de sus 25), Alem derrot\u00f3 como local a Napost\u00e1 por 79 a 70. El due\u00f1o de casa la pas\u00f3 mal, perdi\u00f3 a Banegas (11) en el 2C por dos t\u00e9cnicas y lleg\u00f3 a caer por 9 en el 3C (38-47), pero reaccion\u00f3 r\u00e1pidamente y mostr\u00f3 frialdad en un final palo a palo: cerr\u00f3 8-0 los 56.5s finales. Juan Pablo fue determinante (3\/8 T3, 7\/13 T2, 9 rebotes) en un equipo que tuvo el goleo de Starc (16) y Torre (13, sali\u00f3 lesionado a 1.33m) y un gran ingreso de Diomedi (10, todos en el ST). Por el visitante, el goleador fue Campa\u00f1a (19, 2\/2 T3, 17 en el PT).<\/strong><\/p>\n<p>En un inicio din\u00e1mico, fue el local qui\u00e9n se hizo cargo de manejar el ritmo del partido, con Torre (7) agresivo a la hora de atacar el cesto m\u00e1s un Banegas (8) determinante cada vez que recibi\u00f3 en la pintura y una bomba de Starc (5) que cort\u00f3 la mala racha de larga distancia (0\/4 T3), Alem destrab\u00f3 el resultado y lleg\u00f3 a sacar 8 (22-14) a 54.6s. Napost\u00e1 careci\u00f3 de un abanderado ofensivo (los iniciales lanzaron 4\/12 TC), pero el ingreso de Campa\u00f1a solucion\u00f3 todos los problemas visitantes, porque Mauro (3\/6 TC, 3\/4) anot\u00f3 los \u00faltimos 10 puntos de su equipo, tomando las riendas en ataque y dejando la diferencia a favor del due\u00f1o de casa en un triple: 22-19.<\/p>\n<p>El tremendo pasaje de Campa\u00f1a (5) \u2013incluyendo un triple de media vuelta con el reloj de 24 por expirar-continu\u00f3 en el arranque del segundo cuarto para que \u2018Napo\u2019 pase al frente y acent\u00fae su mejor\u00eda (27-24 a 7.32). Las complicaciones para Alem se iban a suceder: A sus errores con el bal\u00f3n en la mano (5 p\u00e9rdidas) y a la falta de punter\u00eda (1\/5 T3) se le sum\u00f3 la salida de Banegas por doble falta t\u00e9cnica \u2013a 2.02- dejando un elenco que sufri\u00f3 sus ofensivas y solo tom\u00f3 aire con un pasaje de Rotta (5). Napost\u00e1 fue inteligente, sigui\u00f3 haciendo su juego y m\u00e1s all\u00e1 de no ser efectivo, las segundas chances (7 rebotes en el tablero ajeno) y los buenos ingresos de Tajan (4) y Meneses (4) le dieron puntos dejando al visitante arriba 40 a 34 camino a los vestuarios.<\/p>\n<blockquote><p>Estoy muy contento por c\u00f3mo est\u00e1 respondiendo el equipo frente a las adversidades. Que tengamos a Gigena sin jugar sumado a que en el partido perdimos al Flaco (Banegas) y a Santi (Torre) en el cierre no es poco, son bajas muy importantes. (Juan Pablo Rotta)<\/p><\/blockquote>\n<p>El regreso de Quiroga a la cancha m\u00e1s un triple de Harina le dieron al visitante la m\u00e1xima de 9 (47-38), pero Alem reaccion\u00f3 r\u00e1pidamente, Rotta (5) castig\u00f3 de media y larga distancia y se combin\u00f3 con Torre para comandar un parcial de 11-2 que igual\u00f3 el partido (49-49) a 4.25. Con Aguirre como conductor, Napost\u00e1 encontr\u00f3 algunas acciones positivas en una ofensiva estancada, mientras que el positivo ingreso de Diomedi (4 + 4 reb) otorgando segundas chances m\u00e1s los aciertos de Rotta (termin\u00f3 con 9) y un gran cierre de Starc (7) mantuvieron vivo al due\u00f1o de casa que lleg\u00f3 a los 10 minutos finales ganando 58 a 56.<\/p>\n<p>Con Rotta (5) apareciendo en momentos claves sumado a la versatilidad de Diomedi (4) Alem se mantuvo al frente pese a seguir perdiendo jugadores (Torre sufri\u00f3 un golpe en el tobillo izquierdo a falta de 1.33) en un tr\u00e1mite intenso y cortado por momentos. Napost\u00e1 esta vez tuvo soluciones en sus iniciales, porque Aguirre (6) apareci\u00f3 con dos bombas oportunas y Quiroga (6) sum\u00f3 v\u00eda tiros libres y con una buena canasta dej\u00f3 a su equipo a 1 (71-70), con 56.5s por jugar. All\u00ed el due\u00f1o de casa jug\u00f3 un aclarado para Rotta que anot\u00f3 un doble largo que le dio 3 de luz (73-70) con 34.4s en el reloj. Con la chance de descontar o empatar, una p\u00e9rdida de Amore decidi\u00f3 la historia del partido, porque Alem no fall\u00f3 desde la l\u00ednea (6\/6 T1) y se llev\u00f3 un trabajado triunfo.<\/p>\n<p>&nbsp;<\/p>\n<p>[vimeo]http:\/\/vimeo.com\/168296738[\/vimeo]<\/p>\n<p>&nbsp;<\/p>\n<p><strong>S\u00edntesis<\/strong> | Primera Divisi\u00f3n \u2013 Ciudad de Bah\u00eda Blanca &#8211; Fecha #19<\/p>\n<p><strong>Leandro N. Alem 79:<\/strong>\u00a0Santiago Torre 13, Juan Pablo Rotta 25, Dami\u00e1n Foulkes 2, Fabricio Starc 16, Herman Banegas 11 (x) (FI); Augusto Priore 2, Genaro Priore 0, Juan Ignacio Diomedi 10.\u00a0 DT: Alejandro \u00c1lvarez.<\/p>\n<p><strong>Napost\u00e1 70: <\/strong>Ramiro Aguirre 12, Bruno Pallotti 7, Federico Harina 7, Agust\u00edn Amore 3, Nicol\u00e1s Quiroga 10 (FI); Gustavo Gentili 0, Tom\u00e1s Tajan 6, Mauro Campa\u00f1a 19, Augusto Meneses 6. DT: Walter Romerniszyn.<\/p>\n<p><strong>Parciales:<\/strong> 22-19, 34-40 (12-21), 58-56 (24-16), 79-70 (21-14).<\/p>\n<p><strong>\u00c1rbitros:<\/strong> Jorge Scheffer \u2013 Alejandro Vizca\u00edno.<\/p>\n<p><strong>Estadio:<\/strong> Daniel Lacunza (Alem).<\/p>\n<p><a class=\"modalf iframe\" title=\"Planilla\" href=\"https:\/\/docs.google.com\/spreadsheets\/d\/1dVTLDBLWXFORCHIBq5SD8xCboOUdjGWy1W6vDPlfMgg\/pubhtml?gid=2054884604&amp;single=true\" target=\"_blank\" rel=\"noopener\">Ver Planilla<\/a><\/p>\n","protected":false},"excerpt":{"rendered":"<p>Un gran cierre de Rotta (25) comand\u00f3 el triunfo de Alem frente a Napost\u00e1: 79-70<\/p>\n","protected":false},"author":1,"featured_media":60357,"comment_status":"closed","ping_status":"open","sticky":false,"template":"","format":"standard","meta":{"jnews-multi-image_gallery":[],"jnews_single_post":[],"jnews_primary_category":[],"footnotes":""},"categories":[23,101],"tags":[242,230,761,48,612,239,15,604],"class_list":["post-60353","post","type-post","status-publish","format-standard","has-post-thumbnail","hentry","category-primera","category-slide","tag-fabricio-starc","tag-herman-banegas","tag-juan-ignacio-diomedi","tag-juan-pablo-rotta","tag-leandro-n-alem","tag-mauro-campana","tag-naposta","tag-santiago-torre"],"yoast_head":"<!-- This site is optimized with the Yoast SEO plugin v27.4 - https:\/\/yoast.com\/product\/yoast-seo-wordpress\/ -->\n<title>Es tuya Juan - Gente de B\u00e1squet<\/title>\n<meta name=\"robots\" content=\"index, follow, max-snippet:-1, max-image-preview:large, max-video-preview:-1\" \/>\n<link rel=\"canonical\" href=\"https:\/\/gentedebasquet.com.ar\/sitio\/2016\/05\/26\/es-tuya-juan-2\/\" \/>\n<meta property=\"og:locale\" content=\"es_ES\" \/>\n<meta property=\"og:type\" content=\"article\" \/>\n<meta property=\"og:title\" content=\"Es tuya Juan - Gente de B\u00e1squet\" \/>\n<meta property=\"og:description\" content=\"Un gran cierre de Rotta (25) comand\u00f3 el triunfo de Alem frente a Napost\u00e1: 79-70\" \/>\n<meta property=\"og:url\" content=\"https:\/\/gentedebasquet.com.ar\/sitio\/2016\/05\/26\/es-tuya-juan-2\/\" \/>\n<meta property=\"og:site_name\" content=\"Gente de B\u00e1squet\" \/>\n<meta property=\"article:published_time\" content=\"2016-05-27T02:55:39+00:00\" \/>\n<meta property=\"og:image\" content=\"https:\/\/gentedebasquet.com.ar\/sitio\/wp-content\/uploads\/2016\/05\/Alem-Naposta.jpg\" \/>\n\t<meta property=\"og:image:width\" content=\"690\" \/>\n\t<meta property=\"og:image:height\" content=\"319\" \/>\n\t<meta property=\"og:image:type\" content=\"image\/jpeg\" \/>\n<meta name=\"author\" content=\"Gente de B\u00e1squet\" \/>\n<meta name=\"twitter:card\" content=\"summary_large_image\" \/>\n<meta name=\"twitter:label1\" content=\"Escrito por\" \/>\n\t<meta name=\"twitter:data1\" content=\"Gente de B\u00e1squet\" \/>\n\t<meta name=\"twitter:label2\" content=\"Tiempo de lectura\" \/>\n\t<meta name=\"twitter:data2\" content=\"4 minutos\" \/>\n<script type=\"application\/ld+json\" class=\"yoast-schema-graph\">{\"@context\":\"https:\\\/\\\/schema.org\",\"@graph\":[{\"@type\":\"Article\",\"@id\":\"https:\\\/\\\/gentedebasquet.com.ar\\\/sitio\\\/2016\\\/05\\\/26\\\/es-tuya-juan-2\\\/#article\",\"isPartOf\":{\"@id\":\"https:\\\/\\\/gentedebasquet.com.ar\\\/sitio\\\/2016\\\/05\\\/26\\\/es-tuya-juan-2\\\/\"},\"author\":{\"name\":\"Gente de B\u00e1squet\",\"@id\":\"http:\\\/\\\/gentedebasquet.com.ar\\\/sitio\\\/#\\\/schema\\\/person\\\/ca0b63bbb977369988a7bbbdc519943a\"},\"headline\":\"Es tuya Juan\",\"datePublished\":\"2016-05-27T02:55:39+00:00\",\"mainEntityOfPage\":{\"@id\":\"https:\\\/\\\/gentedebasquet.com.ar\\\/sitio\\\/2016\\\/05\\\/26\\\/es-tuya-juan-2\\\/\"},\"wordCount\":747,\"image\":{\"@id\":\"https:\\\/\\\/gentedebasquet.com.ar\\\/sitio\\\/2016\\\/05\\\/26\\\/es-tuya-juan-2\\\/#primaryimage\"},\"thumbnailUrl\":\"https:\\\/\\\/gentedebasquet.com.ar\\\/sitio\\\/wp-content\\\/uploads\\\/2016\\\/05\\\/Alem-Naposta.jpg\",\"keywords\":[\"Fabricio Starc\",\"Herman Banegas\",\"Juan Ignacio Diomedi\",\"Juan Pablo Rotta\",\"Leandro N. Alem\",\"Mauro Campa\u00f1a\",\"Naposta\",\"Santiago Torre\"],\"articleSection\":[\"Primera\",\"Slide\"],\"inLanguage\":\"es\"},{\"@type\":\"WebPage\",\"@id\":\"https:\\\/\\\/gentedebasquet.com.ar\\\/sitio\\\/2016\\\/05\\\/26\\\/es-tuya-juan-2\\\/\",\"url\":\"https:\\\/\\\/gentedebasquet.com.ar\\\/sitio\\\/2016\\\/05\\\/26\\\/es-tuya-juan-2\\\/\",\"name\":\"Es tuya Juan - Gente de B\u00e1squet\",\"isPartOf\":{\"@id\":\"http:\\\/\\\/gentedebasquet.com.ar\\\/sitio\\\/#website\"},\"primaryImageOfPage\":{\"@id\":\"https:\\\/\\\/gentedebasquet.com.ar\\\/sitio\\\/2016\\\/05\\\/26\\\/es-tuya-juan-2\\\/#primaryimage\"},\"image\":{\"@id\":\"https:\\\/\\\/gentedebasquet.com.ar\\\/sitio\\\/2016\\\/05\\\/26\\\/es-tuya-juan-2\\\/#primaryimage\"},\"thumbnailUrl\":\"https:\\\/\\\/gentedebasquet.com.ar\\\/sitio\\\/wp-content\\\/uploads\\\/2016\\\/05\\\/Alem-Naposta.jpg\",\"datePublished\":\"2016-05-27T02:55:39+00:00\",\"author\":{\"@id\":\"http:\\\/\\\/gentedebasquet.com.ar\\\/sitio\\\/#\\\/schema\\\/person\\\/ca0b63bbb977369988a7bbbdc519943a\"},\"breadcrumb\":{\"@id\":\"https:\\\/\\\/gentedebasquet.com.ar\\\/sitio\\\/2016\\\/05\\\/26\\\/es-tuya-juan-2\\\/#breadcrumb\"},\"inLanguage\":\"es\",\"potentialAction\":[{\"@type\":\"ReadAction\",\"target\":[\"https:\\\/\\\/gentedebasquet.com.ar\\\/sitio\\\/2016\\\/05\\\/26\\\/es-tuya-juan-2\\\/\"]}]},{\"@type\":\"ImageObject\",\"inLanguage\":\"es\",\"@id\":\"https:\\\/\\\/gentedebasquet.com.ar\\\/sitio\\\/2016\\\/05\\\/26\\\/es-tuya-juan-2\\\/#primaryimage\",\"url\":\"https:\\\/\\\/gentedebasquet.com.ar\\\/sitio\\\/wp-content\\\/uploads\\\/2016\\\/05\\\/Alem-Naposta.jpg\",\"contentUrl\":\"https:\\\/\\\/gentedebasquet.com.ar\\\/sitio\\\/wp-content\\\/uploads\\\/2016\\\/05\\\/Alem-Naposta.jpg\",\"width\":690,\"height\":319},{\"@type\":\"BreadcrumbList\",\"@id\":\"https:\\\/\\\/gentedebasquet.com.ar\\\/sitio\\\/2016\\\/05\\\/26\\\/es-tuya-juan-2\\\/#breadcrumb\",\"itemListElement\":[{\"@type\":\"ListItem\",\"position\":1,\"name\":\"Portada\",\"item\":\"http:\\\/\\\/gentedebasquet.com.ar\\\/sitio\\\/\"},{\"@type\":\"ListItem\",\"position\":2,\"name\":\"Es tuya Juan\"}]},{\"@type\":\"WebSite\",\"@id\":\"http:\\\/\\\/gentedebasquet.com.ar\\\/sitio\\\/#website\",\"url\":\"http:\\\/\\\/gentedebasquet.com.ar\\\/sitio\\\/\",\"name\":\"Gente de B\u00e1squet\",\"description\":\"La revista del basquet de Bah\u00eda Blanca\",\"potentialAction\":[{\"@type\":\"SearchAction\",\"target\":{\"@type\":\"EntryPoint\",\"urlTemplate\":\"http:\\\/\\\/gentedebasquet.com.ar\\\/sitio\\\/?s={search_term_string}\"},\"query-input\":{\"@type\":\"PropertyValueSpecification\",\"valueRequired\":true,\"valueName\":\"search_term_string\"}}],\"inLanguage\":\"es\"},{\"@type\":\"Person\",\"@id\":\"http:\\\/\\\/gentedebasquet.com.ar\\\/sitio\\\/#\\\/schema\\\/person\\\/ca0b63bbb977369988a7bbbdc519943a\",\"name\":\"Gente de B\u00e1squet\",\"image\":{\"@type\":\"ImageObject\",\"inLanguage\":\"es\",\"@id\":\"https:\\\/\\\/secure.gravatar.com\\\/avatar\\\/7f2c48bdc33b30088f941fb6082e555f2874c98e20cb159d7b92b50eadfce793?s=96&d=mm&r=g\",\"url\":\"https:\\\/\\\/secure.gravatar.com\\\/avatar\\\/7f2c48bdc33b30088f941fb6082e555f2874c98e20cb159d7b92b50eadfce793?s=96&d=mm&r=g\",\"contentUrl\":\"https:\\\/\\\/secure.gravatar.com\\\/avatar\\\/7f2c48bdc33b30088f941fb6082e555f2874c98e20cb159d7b92b50eadfce793?s=96&d=mm&r=g\",\"caption\":\"Gente de B\u00e1squet\"},\"sameAs\":[\"http:\\\/\\\/gentedebasquet.com.ar\\\/sitio\"],\"url\":\"https:\\\/\\\/gentedebasquet.com.ar\\\/sitio\\\/author\\\/ulises\\\/\"}]}<\/script>\n<!-- \/ Yoast SEO plugin. -->","yoast_head_json":{"title":"Es tuya Juan - Gente de B\u00e1squet","robots":{"index":"index","follow":"follow","max-snippet":"max-snippet:-1","max-image-preview":"max-image-preview:large","max-video-preview":"max-video-preview:-1"},"canonical":"https:\/\/gentedebasquet.com.ar\/sitio\/2016\/05\/26\/es-tuya-juan-2\/","og_locale":"es_ES","og_type":"article","og_title":"Es tuya Juan - Gente de B\u00e1squet","og_description":"Un gran cierre de Rotta (25) comand\u00f3 el triunfo de Alem frente a Napost\u00e1: 79-70","og_url":"https:\/\/gentedebasquet.com.ar\/sitio\/2016\/05\/26\/es-tuya-juan-2\/","og_site_name":"Gente de B\u00e1squet","article_published_time":"2016-05-27T02:55:39+00:00","og_image":[{"width":690,"height":319,"url":"https:\/\/gentedebasquet.com.ar\/sitio\/wp-content\/uploads\/2016\/05\/Alem-Naposta.jpg","type":"image\/jpeg"}],"author":"Gente de B\u00e1squet","twitter_card":"summary_large_image","twitter_misc":{"Escrito por":"Gente de B\u00e1squet","Tiempo de lectura":"4 minutos"},"schema":{"@context":"https:\/\/schema.org","@graph":[{"@type":"Article","@id":"https:\/\/gentedebasquet.com.ar\/sitio\/2016\/05\/26\/es-tuya-juan-2\/#article","isPartOf":{"@id":"https:\/\/gentedebasquet.com.ar\/sitio\/2016\/05\/26\/es-tuya-juan-2\/"},"author":{"name":"Gente de B\u00e1squet","@id":"http:\/\/gentedebasquet.com.ar\/sitio\/#\/schema\/person\/ca0b63bbb977369988a7bbbdc519943a"},"headline":"Es tuya Juan","datePublished":"2016-05-27T02:55:39+00:00","mainEntityOfPage":{"@id":"https:\/\/gentedebasquet.com.ar\/sitio\/2016\/05\/26\/es-tuya-juan-2\/"},"wordCount":747,"image":{"@id":"https:\/\/gentedebasquet.com.ar\/sitio\/2016\/05\/26\/es-tuya-juan-2\/#primaryimage"},"thumbnailUrl":"https:\/\/gentedebasquet.com.ar\/sitio\/wp-content\/uploads\/2016\/05\/Alem-Naposta.jpg","keywords":["Fabricio Starc","Herman Banegas","Juan Ignacio Diomedi","Juan Pablo Rotta","Leandro N. Alem","Mauro Campa\u00f1a","Naposta","Santiago Torre"],"articleSection":["Primera","Slide"],"inLanguage":"es"},{"@type":"WebPage","@id":"https:\/\/gentedebasquet.com.ar\/sitio\/2016\/05\/26\/es-tuya-juan-2\/","url":"https:\/\/gentedebasquet.com.ar\/sitio\/2016\/05\/26\/es-tuya-juan-2\/","name":"Es tuya Juan - Gente de B\u00e1squet","isPartOf":{"@id":"http:\/\/gentedebasquet.com.ar\/sitio\/#website"},"primaryImageOfPage":{"@id":"https:\/\/gentedebasquet.com.ar\/sitio\/2016\/05\/26\/es-tuya-juan-2\/#primaryimage"},"image":{"@id":"https:\/\/gentedebasquet.com.ar\/sitio\/2016\/05\/26\/es-tuya-juan-2\/#primaryimage"},"thumbnailUrl":"https:\/\/gentedebasquet.com.ar\/sitio\/wp-content\/uploads\/2016\/05\/Alem-Naposta.jpg","datePublished":"2016-05-27T02:55:39+00:00","author":{"@id":"http:\/\/gentedebasquet.com.ar\/sitio\/#\/schema\/person\/ca0b63bbb977369988a7bbbdc519943a"},"breadcrumb":{"@id":"https:\/\/gentedebasquet.com.ar\/sitio\/2016\/05\/26\/es-tuya-juan-2\/#breadcrumb"},"inLanguage":"es","potentialAction":[{"@type":"ReadAction","target":["https:\/\/gentedebasquet.com.ar\/sitio\/2016\/05\/26\/es-tuya-juan-2\/"]}]},{"@type":"ImageObject","inLanguage":"es","@id":"https:\/\/gentedebasquet.com.ar\/sitio\/2016\/05\/26\/es-tuya-juan-2\/#primaryimage","url":"https:\/\/gentedebasquet.com.ar\/sitio\/wp-content\/uploads\/2016\/05\/Alem-Naposta.jpg","contentUrl":"https:\/\/gentedebasquet.com.ar\/sitio\/wp-content\/uploads\/2016\/05\/Alem-Naposta.jpg","width":690,"height":319},{"@type":"BreadcrumbList","@id":"https:\/\/gentedebasquet.com.ar\/sitio\/2016\/05\/26\/es-tuya-juan-2\/#breadcrumb","itemListElement":[{"@type":"ListItem","position":1,"name":"Portada","item":"http:\/\/gentedebasquet.com.ar\/sitio\/"},{"@type":"ListItem","position":2,"name":"Es tuya Juan"}]},{"@type":"WebSite","@id":"http:\/\/gentedebasquet.com.ar\/sitio\/#website","url":"http:\/\/gentedebasquet.com.ar\/sitio\/","name":"Gente de B\u00e1squet","description":"La revista del basquet de Bah\u00eda Blanca","potentialAction":[{"@type":"SearchAction","target":{"@type":"EntryPoint","urlTemplate":"http:\/\/gentedebasquet.com.ar\/sitio\/?s={search_term_string}"},"query-input":{"@type":"PropertyValueSpecification","valueRequired":true,"valueName":"search_term_string"}}],"inLanguage":"es"},{"@type":"Person","@id":"http:\/\/gentedebasquet.com.ar\/sitio\/#\/schema\/person\/ca0b63bbb977369988a7bbbdc519943a","name":"Gente de B\u00e1squet","image":{"@type":"ImageObject","inLanguage":"es","@id":"https:\/\/secure.gravatar.com\/avatar\/7f2c48bdc33b30088f941fb6082e555f2874c98e20cb159d7b92b50eadfce793?s=96&d=mm&r=g","url":"https:\/\/secure.gravatar.com\/avatar\/7f2c48bdc33b30088f941fb6082e555f2874c98e20cb159d7b92b50eadfce793?s=96&d=mm&r=g","contentUrl":"https:\/\/secure.gravatar.com\/avatar\/7f2c48bdc33b30088f941fb6082e555f2874c98e20cb159d7b92b50eadfce793?s=96&d=mm&r=g","caption":"Gente de B\u00e1squet"},"sameAs":["http:\/\/gentedebasquet.com.ar\/sitio"],"url":"https:\/\/gentedebasquet.com.ar\/sitio\/author\/ulises\/"}]}},"_links":{"self":[{"href":"https:\/\/gentedebasquet.com.ar\/sitio\/wp-json\/wp\/v2\/posts\/60353","targetHints":{"allow":["GET"]}}],"collection":[{"href":"https:\/\/gentedebasquet.com.ar\/sitio\/wp-json\/wp\/v2\/posts"}],"about":[{"href":"https:\/\/gentedebasquet.com.ar\/sitio\/wp-json\/wp\/v2\/types\/post"}],"author":[{"embeddable":true,"href":"https:\/\/gentedebasquet.com.ar\/sitio\/wp-json\/wp\/v2\/users\/1"}],"replies":[{"embeddable":true,"href":"https:\/\/gentedebasquet.com.ar\/sitio\/wp-json\/wp\/v2\/comments?post=60353"}],"version-history":[{"count":0,"href":"https:\/\/gentedebasquet.com.ar\/sitio\/wp-json\/wp\/v2\/posts\/60353\/revisions"}],"wp:featuredmedia":[{"embeddable":true,"href":"https:\/\/gentedebasquet.com.ar\/sitio\/wp-json\/wp\/v2\/media\/60357"}],"wp:attachment":[{"href":"https:\/\/gentedebasquet.com.ar\/sitio\/wp-json\/wp\/v2\/media?parent=60353"}],"wp:term":[{"taxonomy":"category","embeddable":true,"href":"https:\/\/gentedebasquet.com.ar\/sitio\/wp-json\/wp\/v2\/categories?post=60353"},{"taxonomy":"post_tag","embeddable":true,"href":"https:\/\/gentedebasquet.com.ar\/sitio\/wp-json\/wp\/v2\/tags?post=60353"}],"curies":[{"name":"wp","href":"https:\/\/api.w.org\/{rel}","templated":true}]}}