{"id":60686,"date":"2016-06-06T20:15:52","date_gmt":"2016-06-06T23:15:52","guid":{"rendered":"http:\/\/www.gentedebasquet.com.ar\/?p=60686"},"modified":"2016-06-06T20:15:52","modified_gmt":"2016-06-06T23:15:52","slug":"las-u18-parten-a-francia","status":"publish","type":"post","link":"https:\/\/gentedebasquet.com.ar\/sitio\/2016\/06\/06\/las-u18-parten-a-francia\/","title":{"rendered":"Las U18 parten a Francia"},"content":{"rendered":"<p><strong>En b\u00fasqueda de seguir mejorando el nivel de nuestro b\u00e1squet femenino, es que la Confederaci\u00f3n Argentina de B\u00e1squetbol volvi\u00f3 a apostar a futuro. Este lunes por la noche (21.40), la selecci\u00f3n nacional U18 partir\u00e1 desde Ezeiza, para afrontar dos semanas de competencia exigente en el viejo continente. El plantel est\u00e1 integrado por dos bahienses: la entrenadora Laura Cors y la base Josefina Torruella.<\/strong><\/p>\n<p>La plantilla tiene una media de estatura de 179,6 cm, algo que no ocurr\u00eda hace mucho tiempo. A esto se le agrega el federalismo, dado que siete de las 13 que se subir\u00e1n al avi\u00f3n, nacieron y se formaron (y algunas a\u00fan lo hacen) en el interior del pa\u00eds:<\/p>\n<p><strong>Luc\u00eda Operto<\/strong> (Rafaela, pivot, 187.7 su altura),\u00a0<strong>Giselle Botta<\/strong> (C\u00f3rdoba, base, 182.5),\u00a0<strong>Josefina Torruella<\/strong> (Bah\u00eda Blanca, base, 169.1), <strong>Agustina Curioni<\/strong> (Chivilcoy, alera, 173.2), <strong>Nerea De La Cruz<\/strong> (Gualeguaych\u00fa, alera, 182.6), <strong>Carolina Zeitune<\/strong>(Mendoza, pivot, 191.1) y <strong>Catalina Giovanolli<\/strong> (Puerto Madryn, ala pivot, 187.4).<\/p>\n<p>A ellas se les suman para cerrar la n\u00f3mina <strong>Florencia Chagas<\/strong> (Berazategui, base, 177.4), <strong>Valentina Silva<\/strong> (Uni\u00f3n Florida, escolta, 177.5), <strong>Tamara Pinto<\/strong> (V\u00e9lez, ala pivot, 183), <strong>Malena Velasco Sosa<\/strong> (Los Indios, escolta, 171), <strong>Juana Gaspar<\/strong>(Temperley, escolta, 173.1) y <strong>Florencia Mauro<\/strong> (Temperley, alera, 174.2).<\/p>\n<p>La entrenadora de esta gira ser\u00e1 <strong>Laura Cors<\/strong>, siendo secundada por <strong>Mariano Junco<\/strong>; al tiempo que <strong>Hern\u00e1n Amaya<\/strong> estar\u00e1 presente en su car\u00e1cter de coordinador de las divisiones menores femeninas. Tambi\u00e9n formar\u00e1 parte de la delegaci\u00f3n el kinesi\u00f3logo <strong>Andr\u00e9s Spinelli<\/strong>.<\/p>\n<p>Si bien son m\u00e1s las chicas que forman parte de este proceso que lejos est\u00e1 de acabar una vez finalizada esta serie de amistosos, lo que se busca con este grupo espec\u00edficamente es plantear el desaf\u00edo de moverlas de posici\u00f3n, intentando con esto que sumen mayor experiencia en puestos donde habitualmente no se desempe\u00f1an, pero s\u00ed dan con el biotipo en el plano internacional.<\/p>\n<p>La primera parada ser\u00e1 la ciudad francesa de Rez\u00e9, vecina de Nantes, sede del Repechaje Ol\u00edmpico Femenino. All\u00ed, el mi\u00e9rcoles la celeste y blanca disputar\u00e1 un fogueo ante el elenco anfitri\u00f3n, para luego, del viernes 10 al domingo 12 disputar la 28\u00b0 edici\u00f3n del prestigioso Rez\u00e9 Basket International, llevado adelante para esta ocasi\u00f3n en el gimnasio Dugast.<\/p>\n<p>En el primer d\u00eda de actividad jugar\u00e1n ante la Rep\u00fablica Checa (a las 13 de argentina), para medirse el s\u00e1bado ante Irlanda (13), y el domingo hacer lo propio con las due\u00f1as de casa (12).<\/p>\n<p>Una vez concluido este certamen, la delegaci\u00f3n partir\u00e1 a Espa\u00f1a, donde participar\u00e1 en un cuadrangular que tendr\u00e1 como epicentro Zaragoza. El viernes 17 nuestras chicas cruzar\u00e1n con las locales; al d\u00eda siguiente enfrentar\u00e1n a Italia, y el domingo 18 chocar\u00e1n con Canad\u00e1.<\/p>\n<p>Continuando con esta l\u00ednea de trabajo, la CABB se encuentra en tratativas para que este grupo siga teniendo fogueos de calidad en la segunda parte del a\u00f1o, teniendo en claro los objetivos trazados a mediano y largo plazo.<\/p>\n<p><strong>Fuente:<\/strong> Emanuel Niel (Prensa CABB).<\/p>\n<p><strong>Foto:<\/strong> gentileza Laura Cors.<\/p>\n","protected":false},"excerpt":{"rendered":"<p>La Selecci\u00f3n est\u00e1 integrada por las bahienses Josefina Torruella y Laura Cors<\/p>\n","protected":false},"author":1,"featured_media":60685,"comment_status":"closed","ping_status":"open","sticky":false,"template":"","format":"standard","meta":{"jnews-multi-image_gallery":[],"jnews_single_post":[],"jnews_primary_category":[],"footnotes":""},"categories":[61,101],"tags":[708,365,1199,434,1122,1291,402],"class_list":["post-60686","post","type-post","status-publish","format-standard","has-post-thumbnail","hentry","category-selecciones-nacionales","category-slide","tag-argentina-u18","tag-espana","tag-francia","tag-josefina-torruella","tag-laura-cors","tag-reze-basket-international","tag-seleccion-argentina"],"yoast_head":"<!-- This site is optimized with the Yoast SEO plugin v27.5 - https:\/\/yoast.com\/product\/yoast-seo-wordpress\/ -->\n<title>Las U18 parten a Francia - Gente de B\u00e1squet<\/title>\n<meta name=\"robots\" content=\"index, follow, max-snippet:-1, max-image-preview:large, max-video-preview:-1\" \/>\n<link rel=\"canonical\" href=\"https:\/\/gentedebasquet.com.ar\/sitio\/2016\/06\/06\/las-u18-parten-a-francia\/\" \/>\n<meta property=\"og:locale\" content=\"es_ES\" \/>\n<meta property=\"og:type\" content=\"article\" \/>\n<meta property=\"og:title\" content=\"Las U18 parten a Francia - Gente de B\u00e1squet\" \/>\n<meta property=\"og:description\" content=\"La Selecci\u00f3n est\u00e1 integrada por las bahienses Josefina Torruella y Laura Cors\" \/>\n<meta property=\"og:url\" content=\"https:\/\/gentedebasquet.com.ar\/sitio\/2016\/06\/06\/las-u18-parten-a-francia\/\" \/>\n<meta property=\"og:site_name\" content=\"Gente de B\u00e1squet\" \/>\n<meta property=\"article:published_time\" content=\"2016-06-06T23:15:52+00:00\" \/>\n<meta property=\"og:image\" content=\"https:\/\/gentedebasquet.com.ar\/sitio\/wp-content\/uploads\/2016\/06\/Argentina-U18-Torruella.jpg\" \/>\n\t<meta property=\"og:image:width\" content=\"690\" \/>\n\t<meta property=\"og:image:height\" content=\"319\" \/>\n\t<meta property=\"og:image:type\" content=\"image\/jpeg\" \/>\n<meta name=\"author\" content=\"Gente de B\u00e1squet\" \/>\n<meta name=\"twitter:card\" content=\"summary_large_image\" \/>\n<meta name=\"twitter:label1\" content=\"Escrito por\" \/>\n\t<meta name=\"twitter:data1\" content=\"Gente de B\u00e1squet\" \/>\n\t<meta name=\"twitter:label2\" content=\"Tiempo de lectura\" \/>\n\t<meta name=\"twitter:data2\" content=\"3 minutos\" \/>\n<script type=\"application\/ld+json\" class=\"yoast-schema-graph\">{\"@context\":\"https:\\\/\\\/schema.org\",\"@graph\":[{\"@type\":\"Article\",\"@id\":\"https:\\\/\\\/gentedebasquet.com.ar\\\/sitio\\\/2016\\\/06\\\/06\\\/las-u18-parten-a-francia\\\/#article\",\"isPartOf\":{\"@id\":\"https:\\\/\\\/gentedebasquet.com.ar\\\/sitio\\\/2016\\\/06\\\/06\\\/las-u18-parten-a-francia\\\/\"},\"author\":{\"name\":\"Gente de B\u00e1squet\",\"@id\":\"https:\\\/\\\/gentedebasquet.com.ar\\\/sitio\\\/#\\\/schema\\\/person\\\/ca0b63bbb977369988a7bbbdc519943a\"},\"headline\":\"Las U18 parten a Francia\",\"datePublished\":\"2016-06-06T23:15:52+00:00\",\"mainEntityOfPage\":{\"@id\":\"https:\\\/\\\/gentedebasquet.com.ar\\\/sitio\\\/2016\\\/06\\\/06\\\/las-u18-parten-a-francia\\\/\"},\"wordCount\":510,\"image\":{\"@id\":\"https:\\\/\\\/gentedebasquet.com.ar\\\/sitio\\\/2016\\\/06\\\/06\\\/las-u18-parten-a-francia\\\/#primaryimage\"},\"thumbnailUrl\":\"https:\\\/\\\/gentedebasquet.com.ar\\\/sitio\\\/wp-content\\\/uploads\\\/2016\\\/06\\\/Argentina-U18-Torruella.jpg\",\"keywords\":[\"Argentina U18\",\"Espa\u00f1a\",\"Francia\",\"Josefina Torruella\",\"Laura Cors\",\"Rez\u00e9 Basket International\",\"Selecci\u00f3n Argentina\"],\"articleSection\":[\"Selecciones Nacionales\",\"Slide\"],\"inLanguage\":\"es\"},{\"@type\":\"WebPage\",\"@id\":\"https:\\\/\\\/gentedebasquet.com.ar\\\/sitio\\\/2016\\\/06\\\/06\\\/las-u18-parten-a-francia\\\/\",\"url\":\"https:\\\/\\\/gentedebasquet.com.ar\\\/sitio\\\/2016\\\/06\\\/06\\\/las-u18-parten-a-francia\\\/\",\"name\":\"Las U18 parten a Francia - Gente de B\u00e1squet\",\"isPartOf\":{\"@id\":\"https:\\\/\\\/gentedebasquet.com.ar\\\/sitio\\\/#website\"},\"primaryImageOfPage\":{\"@id\":\"https:\\\/\\\/gentedebasquet.com.ar\\\/sitio\\\/2016\\\/06\\\/06\\\/las-u18-parten-a-francia\\\/#primaryimage\"},\"image\":{\"@id\":\"https:\\\/\\\/gentedebasquet.com.ar\\\/sitio\\\/2016\\\/06\\\/06\\\/las-u18-parten-a-francia\\\/#primaryimage\"},\"thumbnailUrl\":\"https:\\\/\\\/gentedebasquet.com.ar\\\/sitio\\\/wp-content\\\/uploads\\\/2016\\\/06\\\/Argentina-U18-Torruella.jpg\",\"datePublished\":\"2016-06-06T23:15:52+00:00\",\"author\":{\"@id\":\"https:\\\/\\\/gentedebasquet.com.ar\\\/sitio\\\/#\\\/schema\\\/person\\\/ca0b63bbb977369988a7bbbdc519943a\"},\"breadcrumb\":{\"@id\":\"https:\\\/\\\/gentedebasquet.com.ar\\\/sitio\\\/2016\\\/06\\\/06\\\/las-u18-parten-a-francia\\\/#breadcrumb\"},\"inLanguage\":\"es\",\"potentialAction\":[{\"@type\":\"ReadAction\",\"target\":[\"https:\\\/\\\/gentedebasquet.com.ar\\\/sitio\\\/2016\\\/06\\\/06\\\/las-u18-parten-a-francia\\\/\"]}]},{\"@type\":\"ImageObject\",\"inLanguage\":\"es\",\"@id\":\"https:\\\/\\\/gentedebasquet.com.ar\\\/sitio\\\/2016\\\/06\\\/06\\\/las-u18-parten-a-francia\\\/#primaryimage\",\"url\":\"https:\\\/\\\/gentedebasquet.com.ar\\\/sitio\\\/wp-content\\\/uploads\\\/2016\\\/06\\\/Argentina-U18-Torruella.jpg\",\"contentUrl\":\"https:\\\/\\\/gentedebasquet.com.ar\\\/sitio\\\/wp-content\\\/uploads\\\/2016\\\/06\\\/Argentina-U18-Torruella.jpg\",\"width\":690,\"height\":319},{\"@type\":\"BreadcrumbList\",\"@id\":\"https:\\\/\\\/gentedebasquet.com.ar\\\/sitio\\\/2016\\\/06\\\/06\\\/las-u18-parten-a-francia\\\/#breadcrumb\",\"itemListElement\":[{\"@type\":\"ListItem\",\"position\":1,\"name\":\"Portada\",\"item\":\"https:\\\/\\\/gentedebasquet.com.ar\\\/sitio\\\/\"},{\"@type\":\"ListItem\",\"position\":2,\"name\":\"Las U18 parten a Francia\"}]},{\"@type\":\"WebSite\",\"@id\":\"https:\\\/\\\/gentedebasquet.com.ar\\\/sitio\\\/#website\",\"url\":\"https:\\\/\\\/gentedebasquet.com.ar\\\/sitio\\\/\",\"name\":\"Gente de B\u00e1squet\",\"description\":\"La revista del basquet de Bah\u00eda Blanca\",\"potentialAction\":[{\"@type\":\"SearchAction\",\"target\":{\"@type\":\"EntryPoint\",\"urlTemplate\":\"https:\\\/\\\/gentedebasquet.com.ar\\\/sitio\\\/?s={search_term_string}\"},\"query-input\":{\"@type\":\"PropertyValueSpecification\",\"valueRequired\":true,\"valueName\":\"search_term_string\"}}],\"inLanguage\":\"es\"},{\"@type\":\"Person\",\"@id\":\"https:\\\/\\\/gentedebasquet.com.ar\\\/sitio\\\/#\\\/schema\\\/person\\\/ca0b63bbb977369988a7bbbdc519943a\",\"name\":\"Gente de B\u00e1squet\",\"image\":{\"@type\":\"ImageObject\",\"inLanguage\":\"es\",\"@id\":\"https:\\\/\\\/secure.gravatar.com\\\/avatar\\\/7f2c48bdc33b30088f941fb6082e555f2874c98e20cb159d7b92b50eadfce793?s=96&d=mm&r=g\",\"url\":\"https:\\\/\\\/secure.gravatar.com\\\/avatar\\\/7f2c48bdc33b30088f941fb6082e555f2874c98e20cb159d7b92b50eadfce793?s=96&d=mm&r=g\",\"contentUrl\":\"https:\\\/\\\/secure.gravatar.com\\\/avatar\\\/7f2c48bdc33b30088f941fb6082e555f2874c98e20cb159d7b92b50eadfce793?s=96&d=mm&r=g\",\"caption\":\"Gente de B\u00e1squet\"},\"sameAs\":[\"http:\\\/\\\/gentedebasquet.com.ar\\\/sitio\"],\"url\":\"https:\\\/\\\/gentedebasquet.com.ar\\\/sitio\\\/author\\\/ulises\\\/\"}]}<\/script>\n<!-- \/ Yoast SEO plugin. -->","yoast_head_json":{"title":"Las U18 parten a Francia - Gente de B\u00e1squet","robots":{"index":"index","follow":"follow","max-snippet":"max-snippet:-1","max-image-preview":"max-image-preview:large","max-video-preview":"max-video-preview:-1"},"canonical":"https:\/\/gentedebasquet.com.ar\/sitio\/2016\/06\/06\/las-u18-parten-a-francia\/","og_locale":"es_ES","og_type":"article","og_title":"Las U18 parten a Francia - Gente de B\u00e1squet","og_description":"La Selecci\u00f3n est\u00e1 integrada por las bahienses Josefina Torruella y Laura Cors","og_url":"https:\/\/gentedebasquet.com.ar\/sitio\/2016\/06\/06\/las-u18-parten-a-francia\/","og_site_name":"Gente de B\u00e1squet","article_published_time":"2016-06-06T23:15:52+00:00","og_image":[{"width":690,"height":319,"url":"https:\/\/gentedebasquet.com.ar\/sitio\/wp-content\/uploads\/2016\/06\/Argentina-U18-Torruella.jpg","type":"image\/jpeg"}],"author":"Gente de B\u00e1squet","twitter_card":"summary_large_image","twitter_misc":{"Escrito por":"Gente de B\u00e1squet","Tiempo de lectura":"3 minutos"},"schema":{"@context":"https:\/\/schema.org","@graph":[{"@type":"Article","@id":"https:\/\/gentedebasquet.com.ar\/sitio\/2016\/06\/06\/las-u18-parten-a-francia\/#article","isPartOf":{"@id":"https:\/\/gentedebasquet.com.ar\/sitio\/2016\/06\/06\/las-u18-parten-a-francia\/"},"author":{"name":"Gente de B\u00e1squet","@id":"https:\/\/gentedebasquet.com.ar\/sitio\/#\/schema\/person\/ca0b63bbb977369988a7bbbdc519943a"},"headline":"Las U18 parten a Francia","datePublished":"2016-06-06T23:15:52+00:00","mainEntityOfPage":{"@id":"https:\/\/gentedebasquet.com.ar\/sitio\/2016\/06\/06\/las-u18-parten-a-francia\/"},"wordCount":510,"image":{"@id":"https:\/\/gentedebasquet.com.ar\/sitio\/2016\/06\/06\/las-u18-parten-a-francia\/#primaryimage"},"thumbnailUrl":"https:\/\/gentedebasquet.com.ar\/sitio\/wp-content\/uploads\/2016\/06\/Argentina-U18-Torruella.jpg","keywords":["Argentina U18","Espa\u00f1a","Francia","Josefina Torruella","Laura Cors","Rez\u00e9 Basket International","Selecci\u00f3n Argentina"],"articleSection":["Selecciones Nacionales","Slide"],"inLanguage":"es"},{"@type":"WebPage","@id":"https:\/\/gentedebasquet.com.ar\/sitio\/2016\/06\/06\/las-u18-parten-a-francia\/","url":"https:\/\/gentedebasquet.com.ar\/sitio\/2016\/06\/06\/las-u18-parten-a-francia\/","name":"Las U18 parten a Francia - Gente de B\u00e1squet","isPartOf":{"@id":"https:\/\/gentedebasquet.com.ar\/sitio\/#website"},"primaryImageOfPage":{"@id":"https:\/\/gentedebasquet.com.ar\/sitio\/2016\/06\/06\/las-u18-parten-a-francia\/#primaryimage"},"image":{"@id":"https:\/\/gentedebasquet.com.ar\/sitio\/2016\/06\/06\/las-u18-parten-a-francia\/#primaryimage"},"thumbnailUrl":"https:\/\/gentedebasquet.com.ar\/sitio\/wp-content\/uploads\/2016\/06\/Argentina-U18-Torruella.jpg","datePublished":"2016-06-06T23:15:52+00:00","author":{"@id":"https:\/\/gentedebasquet.com.ar\/sitio\/#\/schema\/person\/ca0b63bbb977369988a7bbbdc519943a"},"breadcrumb":{"@id":"https:\/\/gentedebasquet.com.ar\/sitio\/2016\/06\/06\/las-u18-parten-a-francia\/#breadcrumb"},"inLanguage":"es","potentialAction":[{"@type":"ReadAction","target":["https:\/\/gentedebasquet.com.ar\/sitio\/2016\/06\/06\/las-u18-parten-a-francia\/"]}]},{"@type":"ImageObject","inLanguage":"es","@id":"https:\/\/gentedebasquet.com.ar\/sitio\/2016\/06\/06\/las-u18-parten-a-francia\/#primaryimage","url":"https:\/\/gentedebasquet.com.ar\/sitio\/wp-content\/uploads\/2016\/06\/Argentina-U18-Torruella.jpg","contentUrl":"https:\/\/gentedebasquet.com.ar\/sitio\/wp-content\/uploads\/2016\/06\/Argentina-U18-Torruella.jpg","width":690,"height":319},{"@type":"BreadcrumbList","@id":"https:\/\/gentedebasquet.com.ar\/sitio\/2016\/06\/06\/las-u18-parten-a-francia\/#breadcrumb","itemListElement":[{"@type":"ListItem","position":1,"name":"Portada","item":"https:\/\/gentedebasquet.com.ar\/sitio\/"},{"@type":"ListItem","position":2,"name":"Las U18 parten a Francia"}]},{"@type":"WebSite","@id":"https:\/\/gentedebasquet.com.ar\/sitio\/#website","url":"https:\/\/gentedebasquet.com.ar\/sitio\/","name":"Gente de B\u00e1squet","description":"La revista del basquet de Bah\u00eda Blanca","potentialAction":[{"@type":"SearchAction","target":{"@type":"EntryPoint","urlTemplate":"https:\/\/gentedebasquet.com.ar\/sitio\/?s={search_term_string}"},"query-input":{"@type":"PropertyValueSpecification","valueRequired":true,"valueName":"search_term_string"}}],"inLanguage":"es"},{"@type":"Person","@id":"https:\/\/gentedebasquet.com.ar\/sitio\/#\/schema\/person\/ca0b63bbb977369988a7bbbdc519943a","name":"Gente de B\u00e1squet","image":{"@type":"ImageObject","inLanguage":"es","@id":"https:\/\/secure.gravatar.com\/avatar\/7f2c48bdc33b30088f941fb6082e555f2874c98e20cb159d7b92b50eadfce793?s=96&d=mm&r=g","url":"https:\/\/secure.gravatar.com\/avatar\/7f2c48bdc33b30088f941fb6082e555f2874c98e20cb159d7b92b50eadfce793?s=96&d=mm&r=g","contentUrl":"https:\/\/secure.gravatar.com\/avatar\/7f2c48bdc33b30088f941fb6082e555f2874c98e20cb159d7b92b50eadfce793?s=96&d=mm&r=g","caption":"Gente de B\u00e1squet"},"sameAs":["http:\/\/gentedebasquet.com.ar\/sitio"],"url":"https:\/\/gentedebasquet.com.ar\/sitio\/author\/ulises\/"}]}},"_links":{"self":[{"href":"https:\/\/gentedebasquet.com.ar\/sitio\/wp-json\/wp\/v2\/posts\/60686","targetHints":{"allow":["GET"]}}],"collection":[{"href":"https:\/\/gentedebasquet.com.ar\/sitio\/wp-json\/wp\/v2\/posts"}],"about":[{"href":"https:\/\/gentedebasquet.com.ar\/sitio\/wp-json\/wp\/v2\/types\/post"}],"author":[{"embeddable":true,"href":"https:\/\/gentedebasquet.com.ar\/sitio\/wp-json\/wp\/v2\/users\/1"}],"replies":[{"embeddable":true,"href":"https:\/\/gentedebasquet.com.ar\/sitio\/wp-json\/wp\/v2\/comments?post=60686"}],"version-history":[{"count":0,"href":"https:\/\/gentedebasquet.com.ar\/sitio\/wp-json\/wp\/v2\/posts\/60686\/revisions"}],"wp:featuredmedia":[{"embeddable":true,"href":"https:\/\/gentedebasquet.com.ar\/sitio\/wp-json\/wp\/v2\/media\/60685"}],"wp:attachment":[{"href":"https:\/\/gentedebasquet.com.ar\/sitio\/wp-json\/wp\/v2\/media?parent=60686"}],"wp:term":[{"taxonomy":"category","embeddable":true,"href":"https:\/\/gentedebasquet.com.ar\/sitio\/wp-json\/wp\/v2\/categories?post=60686"},{"taxonomy":"post_tag","embeddable":true,"href":"https:\/\/gentedebasquet.com.ar\/sitio\/wp-json\/wp\/v2\/tags?post=60686"}],"curies":[{"name":"wp","href":"https:\/\/api.w.org\/{rel}","templated":true}]}}