{"id":60778,"date":"2016-06-12T18:18:32","date_gmt":"2016-06-12T21:18:32","guid":{"rendered":"http:\/\/www.gentedebasquet.com.ar\/?p=60778"},"modified":"2016-06-12T18:18:32","modified_gmt":"2016-06-12T21:18:32","slug":"bahia-no-para-de-festejar","status":"publish","type":"post","link":"https:\/\/gentedebasquet.com.ar\/sitio\/2016\/06\/12\/bahia-no-para-de-festejar\/","title":{"rendered":"Bah\u00eda no para de festejar"},"content":{"rendered":"<p><strong>Bah\u00eda Blanca redonde\u00f3 un fant\u00e1stico fin de semana en Necochea, al coronarse campe\u00f3n provincial femenino en U14 y U17. Las m\u00e1s chicas vencieron a Mar del Plata en dos oportunidades; mientras que las Cadetas superaron a Esteban Echeverr\u00eda y a las locales y se consagraron bicampeonas. Martina Caputo (U14) y Marianella Leal (U17) fueron elegidas MVP. Todos los encuentros se disputaron en el gimnasio del club Rivadavia. En lo que va del a\u00f1o, Bah\u00eda Blanca disput\u00f3 cuatro Provinciales y los gan\u00f3 todos sin perder un solo partido.<\/strong><\/p>\n<p>&nbsp;<\/p>\n<p>&nbsp;<\/p>\n<p><strong>S\u00edntesis | <\/strong>Provincial U14 Femenino &#8211; Fecha #1<\/p>\n<p><strong>Mar del Plata 37:<\/strong> Lagana 2, Arraigada, Juarez 7, Gauna 2, A\u00f1asco 2, Marino, Colantonio 6, Lozano 2,Silberman 5, Weiske 7, Hirsch 4 ,Bardin DT Cordaz<\/p>\n<p><strong>Bah\u00eda Blanca 46:<\/strong> V\u00e1zquez 2, Ibargoyen 0, Ort\u00edz 0, Schabas 0, Garc\u00eda 7, Brossard 10, Caputo 8, Flores 3, Villalba 0, Vecchi 5, Wentland 9 y Facente 2. DT: Albizu.<\/p>\n<p><strong>Parciales<\/strong> 11-14, 23-30 (12-16), 29-39 (6-9) y 37-46 (8-7).<\/p>\n<p><strong>\u00c1rbitros: <\/strong>Flor\u00a0Mirabella (Necochea) &#8211; Emanuel Maiola (Olavarr\u00eda).<\/p>\n<p>&nbsp;<\/p>\n<p><strong>S\u00edntesis |<\/strong> Provincial U14 Femenino &#8211; Fecha #2<\/p>\n<div class=\"_31o4\"><\/div>\n<p><strong>Bah\u00eda Blanca 46:<\/strong> V\u00e1zquez 5, Ibargoyen 1, Ort\u00edz 0, Schabas 0, Garcia 4, Brossard 3, Caputo 18, Flores 0, Villalba 0, Vecchi 2, Wentland 11 y Facente 2. DT: Albizu.<\/p>\n<p><strong>Mar del Plata 38:<\/strong> Lagana 10, Arriagada 0, Ju\u00e1rez 8, \u00a0Gauna 0, A\u00f1asco 4, Marino 3, Colantonio 2, Lozano 0, Silberman 0, Weiske 9, Hirsch 2 y Bardin 0. DT: Corbaz.<\/p>\n<p><strong>Parciales:<\/strong> 5-11, 19-23 (14-12), 32-30 (13-7) y 46-38 (14-8).<\/p>\n<p><strong>\u00c1rbitros:\u00a0<\/strong>Flor Mirabella (Necochea) \u2013 Rodrigo Garc\u00eda (Tres Arroyos).<\/p>\n<p>&nbsp;<\/p>\n<p><img decoding=\"async\" class=\"aligncenter size-full wp-image-60984\" src=\"http:\/\/www.gentedebasquet.com.ar\/wp-content\/uploads\/2016\/07\/Bah\u00eda-U14.jpg\" alt=\"Bah\u00eda U14\" width=\"640\" height=\"440\" \/><\/p>\n<p>&nbsp;<\/p>\n<p><strong>S\u00edntesis |<\/strong> Provincial U17 Femenino &#8211; Fecha #1<\/p>\n<p><strong>Necochea 79:<\/strong> Pittaluga 4, V. D\u00edaz 7, Qui\u00f1ones 19, Donofrio 6, C. D\u00edaz 3, G\u00f3mez 5, Mart\u00ednez 2, Bayugar 12, Perretti 9, Enr\u00edquez 2, Losas 8 y Bereich 2. DT: Pastrello.<\/p>\n<p><strong>Esteban Echeverr\u00eda 24:<\/strong> S\u00e1nchez 0, Medina 0, Tasso 0, Malone 2, Wakuluk 2, Guti\u00e9rrez 0, Reboredo 2, Parra 2, \u00c1valos 14, Puente 0, Palacios 0 y Zayas 2. DT: Zorrilla.<\/p>\n<p><strong>\u00c1rbitros:\u00a0<\/strong>Rodrigo Garc\u00eda (Tres Arroyos) &#8211; Emanuel Maiola (Olavarr\u00eda) &#8211; Luis Varela (Olavarr\u00eda).<\/p>\n<p>&nbsp;<\/p>\n<p><strong>S\u00edntesis |<\/strong> Provincial U17 Femenino &#8211; Fecha #2<\/p>\n<p><strong>Esteban Echeverr\u00eda 30:<\/strong> S\u00e1nchez 0, Medina 0, Masso 0, Malone 0, Wakuluk 7, Guti\u00e9rrez 0, Reboredo 0, Parra 6, \u00c1valos 8, Puentes 0, Palacios 6 y Zayas 0. DT: Zorilla.<\/p>\n<p><strong>Bah\u00eda Blanca 79:<\/strong> Fern\u00e1ndez 1, Bay\u00f3n 2, Maisterrena 4, Maurer 16, Brossard 2, Leal 8, Corval\u00e1n 11, Cabrera 6, Garc\u00eda 8, Larrosa 7, Ort\u00edz 6 y P\u00e9rez 8. DT: Deminicis.<\/p>\n<p><strong>Parciales:<\/strong>\u00a02-33, 27-55 (15-22), 35-70 (8-15) y 30-79 (5-9).<\/p>\n<p><strong>\u00c1rbitros:<\/strong>\u00a0Rodrigo Garc\u00eda (Tres Arroyos) &#8211; Emanuel Maiola (Olavarr\u00eda) &#8211; Luis Varela (Olavarr\u00eda).<\/p>\n<p>&nbsp;<\/p>\n<p><strong>S\u00edntesis |<\/strong> Provincial U17 Femenino &#8211; Fecha #3<\/p>\n<p><strong>Necochea 49:<\/strong> Enr\u00edquez 3, Bereich 15, V. D\u00edaz 6, Qui\u00f1ones 3, Bayugar 4, Pittaluga 7, C. D\u00edaz 7, G\u00f3mez 0, Mart\u00ednez 0, Perretti 3, Losas 3 y Donofrio 0. DT: Pastrello.<\/p>\n<p><strong>Bah\u00eda Blanca 65:<\/strong> Corval\u00e1n 6, Maurer 19, Garc\u00eda 0, Maisterrena 5, Leal 28, P\u00e9rez 2, Ort\u00edz 2, Larrosa 3, Cabrera 0, Brossard 0, Bay\u00f3n 0 y Fern\u00e1ndez 0. DT: Deminicis.<\/p>\n<p><strong>Parciales:<\/strong> 14-11, 25-24 (11-13), \u00a037-42 (12-18) y 49-65 (12-23).<\/p>\n<p><strong>Jueces<\/strong> Rodrigo Garc\u00eda (Tres Arroyos) &#8211; Emanuel Maiola (Olavarr\u00eda) y Luis Varela (Olavarr\u00eda).<\/p>\n<p>&nbsp;<\/p>\n<p><img decoding=\"async\" class=\"aligncenter size-full wp-image-60983\" src=\"http:\/\/www.gentedebasquet.com.ar\/wp-content\/uploads\/2016\/07\/Bah\u00eda-U17.jpg\" alt=\"Bah\u00eda U17\" width=\"640\" height=\"440\" \/><\/p>\n<p><strong>\u00a0<\/strong><\/p>\n<p>&nbsp;<\/p>\n<table border=\"2\" width=\"100%\">\n<tbody>\n<tr>\n<td align=\"center\" bgcolor=\"#ffffff\"><span style=\"color: #000000; font-family: tahoma, verdana, arial, helvetica, sans-serif; font-size: small;\"><strong>PROVINCIAL<\/strong><\/span><\/td>\n<td align=\"center\" bgcolor=\"#ffffff\"><span style=\"color: #000000; font-family: tahoma, verdana, arial, helvetica, sans-serif; font-size: small;\"><strong>U14 FEMENINO<\/strong><\/span><\/td>\n<\/tr>\n<\/tbody>\n<\/table>\n<p>&nbsp;<\/p>\n<table border=\"2\" width=\"100%\">\n<tbody>\n<tr>\n<td align=\"center\" bgcolor=\"#095abf\"><span style=\"color: #ffffff; font-family: tahoma, verdana, arial, helvetica, sans-serif; font-size: small;\"><strong>FECHA 1 &#8211; S\u00e1bado 11\/06\/2016<\/strong><\/span><\/td>\n<\/tr>\n<\/tbody>\n<\/table>\n<table border=\"2\" width=\"100%\">\n<tbody>\n<tr>\n<td align=\"center\" bgcolor=\"#e87006\"><span style=\"color: #000000; font-family: tahoma, verdana, arial, helvetica, sans-serif; font-size: small;\"><strong>HORA \/ SEDE<\/strong><\/span><\/td>\n<td align=\"center\" bgcolor=\"#e87006\"><span style=\"color: #000000; font-family: tahoma, verdana, arial, helvetica, sans-serif; font-size: small;\"><strong>LOCAL<\/strong><\/span><\/td>\n<td align=\"center\" bgcolor=\"#000000\"><span style=\"color: #ffffff; font-family: tahoma, verdana, arial, helvetica, sans-serif; font-size: small;\"><strong>RES<\/strong><\/span><\/td>\n<td align=\"center\" bgcolor=\"#e87006\"><span style=\"color: #000000; font-family: tahoma, verdana, arial, helvetica, sans-serif; font-size: small;\"><strong>VISITANTE<\/strong><\/span><\/td>\n<\/tr>\n<tr>\n<td align=\"center\" bgcolor=\"#dcdcdc\"><span style=\"font-family: tahoma, verdana, arial, helvetica, sans-serif; font-size: small;\">18.00 (Rivadavia)<\/span><\/td>\n<td align=\"center\" bgcolor=\"#dcdcdc\"><span style=\"font-family: tahoma, verdana, arial, helvetica, sans-serif; font-size: small;\">Mar del Plata<\/span><\/td>\n<td align=\"center\" bgcolor=\"#dcdcdc\"><span style=\"font-family: tahoma, verdana, arial, helvetica, sans-serif; font-size: small;\">37-46<\/span><\/td>\n<td align=\"center\" bgcolor=\"#dcdcdc\"><span style=\"font-family: tahoma, verdana, arial, helvetica, sans-serif; font-size: small;\">BAH\u00cdA BLANCA<\/span><\/td>\n<\/tr>\n<tr>\n<td align=\"center\" bgcolor=\"#095abf\"><span style=\"font-family: tahoma, verdana, arial, helvetica, sans-serif; font-size: small;\">****************<\/span><\/td>\n<td align=\"center\" bgcolor=\"#095abf\"><span style=\"font-family: tahoma, verdana, arial, helvetica, sans-serif; font-size: small;\">********************<\/span><\/td>\n<td align=\"center\" bgcolor=\"#095abf\"><span style=\"font-family: tahoma, verdana, arial, helvetica, sans-serif; font-size: small;\">******<\/span><\/td>\n<td align=\"center\" bgcolor=\"#095abf\"><span style=\"font-family: tahoma, verdana, arial, helvetica, sans-serif; font-size: small;\">********************<\/span><\/td>\n<\/tr>\n<\/tbody>\n<\/table>\n<p>&nbsp;<\/p>\n<table border=\"2\" width=\"100%\">\n<tbody>\n<tr>\n<td align=\"center\" bgcolor=\"#095abf\"><span style=\"color: #ffffff; font-family: tahoma, verdana, arial, helvetica, sans-serif; font-size: small;\"><strong>FECHA\u00a02 &#8211; Domingo 12\/06\/2016<\/strong><\/span><\/td>\n<\/tr>\n<\/tbody>\n<\/table>\n<table border=\"2\" width=\"100%\">\n<tbody>\n<tr>\n<td align=\"center\" bgcolor=\"#e87006\"><span style=\"color: #000000; font-family: tahoma, verdana, arial, helvetica, sans-serif; font-size: small;\"><strong>HORA \/ SEDE<\/strong><\/span><\/td>\n<td align=\"center\" bgcolor=\"#e87006\"><span style=\"color: #000000; font-family: tahoma, verdana, arial, helvetica, sans-serif; font-size: small;\"><strong>LOCAL<\/strong><\/span><\/td>\n<td align=\"center\" bgcolor=\"#000000\"><span style=\"color: #ffffff; font-family: tahoma, verdana, arial, helvetica, sans-serif; font-size: small;\"><strong>RES<\/strong><\/span><\/td>\n<td align=\"center\" bgcolor=\"#e87006\"><span style=\"color: #000000; font-family: tahoma, verdana, arial, helvetica, sans-serif; font-size: small;\"><strong>VISITANTE<\/strong><\/span><\/td>\n<\/tr>\n<tr>\n<td align=\"center\" bgcolor=\"#dcdcdc\"><span style=\"font-family: tahoma, verdana, arial, helvetica, sans-serif; font-size: small;\">16.00 (Rivadavia)<\/span><\/td>\n<td align=\"center\" bgcolor=\"#dcdcdc\"><span style=\"font-family: tahoma, verdana, arial, helvetica, sans-serif; font-size: small;\">\u00a0BAH\u00cdA BLANCA<\/span><\/td>\n<td align=\"center\" bgcolor=\"#dcdcdc\"><span style=\"font-family: tahoma, verdana, arial, helvetica, sans-serif; font-size: small;\">46-38<\/span><\/td>\n<td align=\"center\" bgcolor=\"#dcdcdc\"><span style=\"font-family: tahoma, verdana, arial, helvetica, sans-serif; font-size: small;\">Mar del Plata<\/span><\/td>\n<\/tr>\n<tr>\n<td align=\"center\" bgcolor=\"#095abf\"><span style=\"font-family: tahoma, verdana, arial, helvetica, sans-serif; font-size: small;\">****************<\/span><\/td>\n<td align=\"center\" bgcolor=\"#095abf\"><span style=\"font-family: tahoma, verdana, arial, helvetica, sans-serif; font-size: small;\">********************<\/span><\/td>\n<td align=\"center\" bgcolor=\"#095abf\"><span style=\"font-family: tahoma, verdana, arial, helvetica, sans-serif; font-size: small;\">******<\/span><\/td>\n<td align=\"center\" bgcolor=\"#095abf\"><span style=\"font-family: tahoma, verdana, arial, helvetica, sans-serif; font-size: small;\">********************<\/span><\/td>\n<\/tr>\n<\/tbody>\n<\/table>\n<p>&nbsp;<\/p>\n<table border=\"2\" width=\"100%\">\n<tbody>\n<tr>\n<td align=\"center\" bgcolor=\"#ffffff\"><span style=\"color: #000000; font-family: tahoma, verdana, arial, helvetica, sans-serif; font-size: small;\"><strong>PROVINCIAL<\/strong><\/span><\/td>\n<td align=\"center\" bgcolor=\"#ffffff\"><span style=\"color: #000000; font-family: tahoma, verdana, arial, helvetica, sans-serif; font-size: small;\"><strong>U17 FEMENINO<\/strong><\/span><\/td>\n<\/tr>\n<\/tbody>\n<\/table>\n<p>&nbsp;<\/p>\n<table border=\"2\" width=\"100%\">\n<tbody>\n<tr>\n<td align=\"center\" bgcolor=\"#095abf\"><span style=\"color: #ffffff; font-family: tahoma, verdana, arial, helvetica, sans-serif; font-size: small;\"><strong>FECHA 1 &#8211;\u00a0S\u00e1bado 11\/06\/2016<\/strong><\/span><\/td>\n<\/tr>\n<\/tbody>\n<\/table>\n<table border=\"2\" width=\"100%\">\n<tbody>\n<tr>\n<td align=\"center\" bgcolor=\"#e87006\"><span style=\"color: #000000; font-family: tahoma, verdana, arial, helvetica, sans-serif; font-size: small;\"><strong>HORA \/ SEDE<\/strong><\/span><\/td>\n<td align=\"center\" bgcolor=\"#e87006\"><span style=\"color: #000000; font-family: tahoma, verdana, arial, helvetica, sans-serif; font-size: small;\"><strong>LOCAL<\/strong><\/span><\/td>\n<td align=\"center\" bgcolor=\"#000000\"><span style=\"color: #ffffff; font-family: tahoma, verdana, arial, helvetica, sans-serif; font-size: small;\"><strong>RES<\/strong><\/span><\/td>\n<td align=\"center\" bgcolor=\"#e87006\"><span style=\"color: #000000; font-family: tahoma, verdana, arial, helvetica, sans-serif; font-size: small;\"><strong>VISITANTE<\/strong><\/span><\/td>\n<\/tr>\n<tr>\n<td align=\"center\" bgcolor=\"#dcdcdc\"><span style=\"font-family: tahoma, verdana, arial, helvetica, sans-serif; font-size: small;\">20.00 (Rivadavia)<\/span><\/td>\n<td align=\"center\" bgcolor=\"#dcdcdc\"><span style=\"font-family: tahoma, verdana, arial, helvetica, sans-serif; font-size: small;\">\u00a0Necochea<\/span><\/td>\n<td align=\"center\" bgcolor=\"#dcdcdc\"><span style=\"font-family: tahoma, verdana, arial, helvetica, sans-serif; font-size: small;\">79-24<\/span><\/td>\n<td align=\"center\" bgcolor=\"#dcdcdc\"><span style=\"font-family: tahoma, verdana, arial, helvetica, sans-serif; font-size: small;\">E. Echeverr\u00eda<\/span><\/td>\n<\/tr>\n<tr>\n<td align=\"center\" bgcolor=\"#095abf\"><span style=\"font-family: tahoma, verdana, arial, helvetica, sans-serif; font-size: small;\">****************<\/span><\/td>\n<td align=\"center\" bgcolor=\"#095abf\"><span style=\"font-family: tahoma, verdana, arial, helvetica, sans-serif; font-size: small;\">********************<\/span><\/td>\n<td align=\"center\" bgcolor=\"#095abf\"><span style=\"font-family: tahoma, verdana, arial, helvetica, sans-serif; font-size: small;\">******<\/span><\/td>\n<td align=\"center\" bgcolor=\"#095abf\"><span style=\"font-family: tahoma, verdana, arial, helvetica, sans-serif; font-size: small;\">********************<\/span><\/td>\n<\/tr>\n<\/tbody>\n<\/table>\n<p>&nbsp;<\/p>\n<table border=\"2\" width=\"100%\">\n<tbody>\n<tr>\n<td align=\"center\" bgcolor=\"#095abf\"><span style=\"color: #ffffff; font-family: tahoma, verdana, arial, helvetica, sans-serif; font-size: small;\"><strong>FECHA 2\u00a0&#8211;\u00a0Domingo 12\/06\/2016<\/strong><\/span><\/td>\n<\/tr>\n<\/tbody>\n<\/table>\n<table border=\"2\" width=\"100%\">\n<tbody>\n<tr>\n<td align=\"center\" bgcolor=\"#e87006\"><span style=\"color: #000000; font-family: tahoma, verdana, arial, helvetica, sans-serif; font-size: small;\"><strong>HORA \/ SEDE<\/strong><\/span><\/td>\n<td align=\"center\" bgcolor=\"#e87006\"><span style=\"color: #000000; font-family: tahoma, verdana, arial, helvetica, sans-serif; font-size: small;\"><strong>LOCAL<\/strong><\/span><\/td>\n<td align=\"center\" bgcolor=\"#000000\"><span style=\"color: #ffffff; font-family: tahoma, verdana, arial, helvetica, sans-serif; font-size: small;\"><strong>RES<\/strong><\/span><\/td>\n<td align=\"center\" bgcolor=\"#e87006\"><span style=\"color: #000000; font-family: tahoma, verdana, arial, helvetica, sans-serif; font-size: small;\"><strong>VISITANTE<\/strong><\/span><\/td>\n<\/tr>\n<tr>\n<td align=\"center\" bgcolor=\"#dcdcdc\"><span style=\"font-family: tahoma, verdana, arial, helvetica, sans-serif; font-size: small;\">10.00 (Rivadavia)<\/span><\/td>\n<td align=\"center\" bgcolor=\"#dcdcdc\"><span style=\"font-family: tahoma, verdana, arial, helvetica, sans-serif; font-size: small;\">E. Echeverr\u00eda<\/span><\/td>\n<td align=\"center\" bgcolor=\"#dcdcdc\"><span style=\"font-family: tahoma, verdana, arial, helvetica, sans-serif; font-size: small;\">30-79<\/span><\/td>\n<td align=\"center\" bgcolor=\"#dcdcdc\"><span style=\"font-family: tahoma, verdana, arial, helvetica, sans-serif; font-size: small;\">BAH\u00cdA BLANCA<\/span><\/td>\n<\/tr>\n<tr>\n<td align=\"center\" bgcolor=\"#095abf\"><span style=\"font-family: tahoma, verdana, arial, helvetica, sans-serif; font-size: small;\">****************<\/span><\/td>\n<td align=\"center\" bgcolor=\"#095abf\"><span style=\"font-family: tahoma, verdana, arial, helvetica, sans-serif; font-size: small;\">********************<\/span><\/td>\n<td align=\"center\" bgcolor=\"#095abf\"><span style=\"font-family: tahoma, verdana, arial, helvetica, sans-serif; font-size: small;\">******<\/span><\/td>\n<td align=\"center\" bgcolor=\"#095abf\"><span style=\"font-family: tahoma, verdana, arial, helvetica, sans-serif; font-size: small;\">********************<\/span><\/td>\n<\/tr>\n<\/tbody>\n<\/table>\n<p>&nbsp;<\/p>\n<table border=\"2\" width=\"100%\">\n<tbody>\n<tr>\n<td align=\"center\" bgcolor=\"#095abf\"><span style=\"color: #ffffff; font-family: tahoma, verdana, arial, helvetica, sans-serif; font-size: small;\"><strong>FECHA 3\u00a0&#8211;\u00a0Domingo 12\/06\/2016<\/strong><\/span><\/td>\n<\/tr>\n<\/tbody>\n<\/table>\n<table border=\"2\" width=\"100%\">\n<tbody>\n<tr>\n<td align=\"center\" bgcolor=\"#e87006\"><span style=\"color: #000000; font-family: tahoma, verdana, arial, helvetica, sans-serif; font-size: small;\"><strong>HORA \/ SEDE<\/strong><\/span><\/td>\n<td align=\"center\" bgcolor=\"#e87006\"><span style=\"color: #000000; font-family: tahoma, verdana, arial, helvetica, sans-serif; font-size: small;\"><strong>LOCAL<\/strong><\/span><\/td>\n<td align=\"center\" bgcolor=\"#000000\"><span style=\"color: #ffffff; font-family: tahoma, verdana, arial, helvetica, sans-serif; font-size: small;\"><strong>RES<\/strong><\/span><\/td>\n<td align=\"center\" bgcolor=\"#e87006\"><span style=\"color: #000000; font-family: tahoma, verdana, arial, helvetica, sans-serif; font-size: small;\"><strong>VISITANTE<\/strong><\/span><\/td>\n<\/tr>\n<tr>\n<td align=\"center\" bgcolor=\"#dcdcdc\"><span style=\"font-family: tahoma, verdana, arial, helvetica, sans-serif; font-size: small;\">18.00 (Rivadavia)<\/span><\/td>\n<td align=\"center\" bgcolor=\"#dcdcdc\"><span style=\"font-family: tahoma, verdana, arial, helvetica, sans-serif; font-size: small;\">Necochea<\/span><\/td>\n<td align=\"center\" bgcolor=\"#dcdcdc\"><span style=\"font-family: tahoma, verdana, arial, helvetica, sans-serif; font-size: small;\">49-65<\/span><\/td>\n<td align=\"center\" bgcolor=\"#dcdcdc\"><span style=\"font-family: tahoma, verdana, arial, helvetica, sans-serif; font-size: small;\"><span style=\"line-height: 19.5px;\">BAH\u00cdA BLANCA<\/span><\/span><\/td>\n<\/tr>\n<tr>\n<td align=\"center\" bgcolor=\"#095abf\"><span style=\"font-family: tahoma, verdana, arial, helvetica, sans-serif; font-size: small;\">****************<\/span><\/td>\n<td align=\"center\" bgcolor=\"#095abf\"><span style=\"font-family: tahoma, verdana, arial, helvetica, sans-serif; font-size: small;\">********************<\/span><\/td>\n<td align=\"center\" bgcolor=\"#095abf\"><span style=\"font-family: tahoma, verdana, arial, helvetica, sans-serif; font-size: small;\">******<\/span><\/td>\n<td align=\"center\" bgcolor=\"#095abf\"><span style=\"font-family: tahoma, verdana, arial, helvetica, sans-serif; font-size: small;\">********************<\/span><\/td>\n<\/tr>\n<\/tbody>\n<\/table>\n<p>&nbsp;<\/p>\n<h6><\/h6>\n<h6><span style=\"font-size: 14px; line-height: 1.5em;\">\u00a0<\/span><\/h6>\n<h4 style=\"text-align: center;\">SELECCI\u00d3N BAH\u00cdA BLANCA U14 FEMENINO<\/h4>\n<table border=\"2\" width=\"100%\">\n<tbody>\n<tr>\n<td align=\"center\" bgcolor=\"#ececec\"><img decoding=\"async\" class=\"aligncenter size-full wp-image-60789\" src=\"http:\/\/www.gentedebasquet.com.ar\/wp-content\/uploads\/2016\/06\/4-V\u00e1zquez.jpg\" alt=\"4 V\u00e1zquez\" width=\"200\" height=\"200\" \/><\/td>\n<td align=\"center\" bgcolor=\"#ececec\"><img decoding=\"async\" class=\"aligncenter size-full wp-image-60790\" src=\"http:\/\/www.gentedebasquet.com.ar\/wp-content\/uploads\/2016\/06\/5-Ibargoyen.jpg\" alt=\"5 Ibargoyen\" width=\"200\" height=\"200\" srcset=\"https:\/\/gentedebasquet.com.ar\/sitio\/wp-content\/uploads\/2016\/06\/5-Ibargoyen.jpg 200w, https:\/\/gentedebasquet.com.ar\/sitio\/wp-content\/uploads\/2016\/06\/5-Ibargoyen-150x150.jpg 150w\" sizes=\"(max-width: 200px) 100vw, 200px\" \/><\/td>\n<td align=\"center\" bgcolor=\"#ececec\"><img decoding=\"async\" class=\"aligncenter size-full wp-image-60791\" src=\"http:\/\/www.gentedebasquet.com.ar\/wp-content\/uploads\/2016\/06\/6-Ortiz.jpg\" alt=\"6 Ortiz\" width=\"200\" height=\"200\" srcset=\"https:\/\/gentedebasquet.com.ar\/sitio\/wp-content\/uploads\/2016\/06\/6-Ortiz.jpg 200w, https:\/\/gentedebasquet.com.ar\/sitio\/wp-content\/uploads\/2016\/06\/6-Ortiz-150x150.jpg 150w\" sizes=\"(max-width: 200px) 100vw, 200px\" \/><\/td>\n<\/tr>\n<tr>\n<td align=\"center\" bgcolor=\"#000000\"><span style=\"color: #ffffff;\">4 &#8211;\u00a0Maitena V\u00c1ZQUEZ<\/span><\/td>\n<td align=\"center\" bgcolor=\"#000000\"><span style=\"color: #ffffff;\">5 &#8211;\u00a0Ainara IBARGOYEN<\/span><\/td>\n<td align=\"center\" bgcolor=\"#000000\"><span style=\"color: #ffffff;\">6 &#8211;\u00a0Luc\u00eda ORT\u00cdZ<\/span><\/td>\n<\/tr>\n<tr>\n<td align=\"center\" bgcolor=\"#ffffff\">Base\u00a0&#8211;\u00a0Barracas<\/td>\n<td align=\"center\" bgcolor=\"#ffffff\">Ala Pivot &#8211; Barracas<\/td>\n<td align=\"center\" bgcolor=\"#ffffff\">Base &#8211; Independiente<\/td>\n<\/tr>\n<tr>\n<td align=\"center\" bgcolor=\"#ffffff\">Bah\u00eda Blanca &#8211;\u00a005\/11\/2003<\/td>\n<td align=\"center\" bgcolor=\"#ffffff\">Bah\u00eda Blanca &#8211;\u00a014\/03\/2003<\/td>\n<td align=\"center\" bgcolor=\"#ffffff\">Bah\u00eda Blanca &#8211;\u00a016\/12\/2003<\/td>\n<\/tr>\n<tr>\n<td align=\"center\" bgcolor=\"#ececec\"><img decoding=\"async\" class=\"aligncenter size-full wp-image-60792\" src=\"http:\/\/www.gentedebasquet.com.ar\/wp-content\/uploads\/2016\/06\/7-Schabas.jpg\" alt=\"7 Schabas\" width=\"200\" height=\"200\" srcset=\"https:\/\/gentedebasquet.com.ar\/sitio\/wp-content\/uploads\/2016\/06\/7-Schabas.jpg 200w, https:\/\/gentedebasquet.com.ar\/sitio\/wp-content\/uploads\/2016\/06\/7-Schabas-150x150.jpg 150w\" sizes=\"(max-width: 200px) 100vw, 200px\" \/><\/td>\n<td align=\"center\" bgcolor=\"#ececec\"><img decoding=\"async\" class=\"aligncenter size-full wp-image-60793\" src=\"http:\/\/www.gentedebasquet.com.ar\/wp-content\/uploads\/2016\/06\/8-Garc\u00eda-Yacomella.jpg\" alt=\"8 Garc\u00eda Yacomella\" width=\"200\" height=\"200\" \/><\/td>\n<td align=\"center\" bgcolor=\"#ececec\"><img decoding=\"async\" class=\"aligncenter size-full wp-image-60794\" src=\"http:\/\/www.gentedebasquet.com.ar\/wp-content\/uploads\/2016\/06\/9-Brossard.jpg\" alt=\"9 Brossard\" width=\"200\" height=\"200\" srcset=\"https:\/\/gentedebasquet.com.ar\/sitio\/wp-content\/uploads\/2016\/06\/9-Brossard.jpg 200w, https:\/\/gentedebasquet.com.ar\/sitio\/wp-content\/uploads\/2016\/06\/9-Brossard-150x150.jpg 150w\" sizes=\"(max-width: 200px) 100vw, 200px\" \/><\/td>\n<\/tr>\n<tr>\n<td align=\"center\" bgcolor=\"#000000\"><span style=\"color: #ffffff;\">7 &#8211;\u00a0Tatiana SCHABAS<\/span><\/td>\n<td align=\"center\" bgcolor=\"#000000\"><span style=\"color: #ffffff;\">8 &#8211;\u00a0Chabela GARC\u00cdA<\/span><\/td>\n<td align=\"center\" bgcolor=\"#000000\"><span style=\"color: #ffffff;\">9 &#8211;\u00a0Josefina BROSSARD<\/span><\/td>\n<\/tr>\n<tr>\n<td align=\"center\" bgcolor=\"#ffffff\">Escolta &#8211; Independiente<\/td>\n<td align=\"center\" bgcolor=\"#ffffff\">Base &#8211; Barracas<\/td>\n<td align=\"center\" bgcolor=\"#ffffff\">Pivot &#8211;\u00a0Independiente<\/td>\n<\/tr>\n<tr>\n<td align=\"center\" bgcolor=\"#ffffff\">Bah\u00eda Blanca &#8211; 28\/08\/2003<\/td>\n<td align=\"center\" bgcolor=\"#ffffff\">Bah\u00eda Blanca &#8211;\u00a013\/11\/2002<\/td>\n<td align=\"center\" bgcolor=\"#ffffff\">Bah\u00eda Blanca &#8211;\u00a002\/10\/2002<\/td>\n<\/tr>\n<tr>\n<td align=\"center\" bgcolor=\"#ececec\"><img decoding=\"async\" class=\"aligncenter size-full wp-image-60795\" src=\"http:\/\/www.gentedebasquet.com.ar\/wp-content\/uploads\/2016\/06\/10-Caputo.jpg\" alt=\"10 Caputo\" width=\"200\" height=\"200\" srcset=\"https:\/\/gentedebasquet.com.ar\/sitio\/wp-content\/uploads\/2016\/06\/10-Caputo.jpg 200w, https:\/\/gentedebasquet.com.ar\/sitio\/wp-content\/uploads\/2016\/06\/10-Caputo-150x150.jpg 150w\" sizes=\"(max-width: 200px) 100vw, 200px\" \/><\/td>\n<td align=\"center\" bgcolor=\"#ececec\"><img decoding=\"async\" class=\"aligncenter size-full wp-image-60796\" src=\"http:\/\/www.gentedebasquet.com.ar\/wp-content\/uploads\/2016\/06\/11-Flores.jpg\" alt=\"11 Flores\" width=\"200\" height=\"200\" srcset=\"https:\/\/gentedebasquet.com.ar\/sitio\/wp-content\/uploads\/2016\/06\/11-Flores.jpg 200w, https:\/\/gentedebasquet.com.ar\/sitio\/wp-content\/uploads\/2016\/06\/11-Flores-150x150.jpg 150w\" sizes=\"(max-width: 200px) 100vw, 200px\" \/><\/td>\n<td align=\"center\" bgcolor=\"#ececec\"><img decoding=\"async\" class=\"aligncenter size-full wp-image-60797\" src=\"http:\/\/www.gentedebasquet.com.ar\/wp-content\/uploads\/2016\/06\/12-Villalba.jpg\" alt=\"12 Villalba\" width=\"200\" height=\"200\" srcset=\"https:\/\/gentedebasquet.com.ar\/sitio\/wp-content\/uploads\/2016\/06\/12-Villalba.jpg 200w, https:\/\/gentedebasquet.com.ar\/sitio\/wp-content\/uploads\/2016\/06\/12-Villalba-150x150.jpg 150w\" sizes=\"(max-width: 200px) 100vw, 200px\" \/><\/td>\n<\/tr>\n<tr>\n<td align=\"center\" bgcolor=\"#000000\"><span style=\"color: #ffffff;\">10 &#8211;\u00a0Martina CAPUTO<\/span><\/td>\n<td align=\"center\" bgcolor=\"#000000\"><span style=\"color: #ffffff;\">11 &#8211; Victoria FLORES<\/span><\/td>\n<td align=\"center\" bgcolor=\"#000000\"><span style=\"color: #ffffff;\">12 &#8211;\u00a0Victoria VILLLALBA<\/span><\/td>\n<\/tr>\n<tr>\n<td align=\"center\" bgcolor=\"#ffffff\">Pivot &#8211; Estudiantes<\/td>\n<td align=\"center\" bgcolor=\"#ffffff\">Ala Pivot &#8211; Barracas<\/td>\n<td align=\"center\" bgcolor=\"#ffffff\">Alera &#8211; Estudiantes<\/td>\n<\/tr>\n<tr>\n<td align=\"center\" bgcolor=\"#ffffff\">Bah\u00eda Blanca &#8211;\u00a025\/04\/2002<\/td>\n<td align=\"center\" bgcolor=\"#ffffff\">Bah\u00eda Blanca &#8211;\u00a023\/10\/2003<\/td>\n<td align=\"center\" bgcolor=\"#ffffff\">Bah\u00eda Blanca &#8211;\u00a010\/06\/2002<\/td>\n<\/tr>\n<tr>\n<td align=\"center\" bgcolor=\"#ececec\"><img decoding=\"async\" class=\"aligncenter size-full wp-image-60798\" src=\"http:\/\/www.gentedebasquet.com.ar\/wp-content\/uploads\/2016\/06\/13-Vecchi.jpg\" alt=\"13 Vecchi\" width=\"200\" height=\"200\" srcset=\"https:\/\/gentedebasquet.com.ar\/sitio\/wp-content\/uploads\/2016\/06\/13-Vecchi.jpg 200w, https:\/\/gentedebasquet.com.ar\/sitio\/wp-content\/uploads\/2016\/06\/13-Vecchi-150x150.jpg 150w\" sizes=\"(max-width: 200px) 100vw, 200px\" \/><\/td>\n<td align=\"center\" bgcolor=\"#ececec\"><img decoding=\"async\" class=\"aligncenter size-full wp-image-60799\" src=\"http:\/\/www.gentedebasquet.com.ar\/wp-content\/uploads\/2016\/06\/14-Wentland.jpg\" alt=\"14 Wentland\" width=\"200\" height=\"200\" srcset=\"https:\/\/gentedebasquet.com.ar\/sitio\/wp-content\/uploads\/2016\/06\/14-Wentland.jpg 200w, https:\/\/gentedebasquet.com.ar\/sitio\/wp-content\/uploads\/2016\/06\/14-Wentland-150x150.jpg 150w\" sizes=\"(max-width: 200px) 100vw, 200px\" \/><\/td>\n<td align=\"center\" bgcolor=\"#ececec\"><img decoding=\"async\" class=\"aligncenter size-full wp-image-60800\" src=\"http:\/\/www.gentedebasquet.com.ar\/wp-content\/uploads\/2016\/06\/15-Facente.jpg\" alt=\"15 Facente\" width=\"200\" height=\"200\" srcset=\"https:\/\/gentedebasquet.com.ar\/sitio\/wp-content\/uploads\/2016\/06\/15-Facente.jpg 200w, https:\/\/gentedebasquet.com.ar\/sitio\/wp-content\/uploads\/2016\/06\/15-Facente-150x150.jpg 150w\" sizes=\"(max-width: 200px) 100vw, 200px\" \/><\/td>\n<\/tr>\n<tr>\n<td align=\"center\" bgcolor=\"#000000\"><span style=\"color: #ffffff;\">13 &#8211;\u00a0Paloma VECCHI<\/span><\/td>\n<td align=\"center\" bgcolor=\"#000000\"><span style=\"color: #ffffff;\">14 &#8211;\u00a0Morena WENTLAND<\/span><\/td>\n<td align=\"center\" bgcolor=\"#000000\"><span style=\"color: #ffffff;\">15 &#8211;\u00a0Catalina FACENTE<\/span><\/td>\n<\/tr>\n<tr>\n<td align=\"center\" bgcolor=\"#ffffff\">Escolta\/Alera\u00a0&#8211; Barracas<\/td>\n<td align=\"center\" bgcolor=\"#ffffff\">Escolta &#8211; Independiente<\/td>\n<td align=\"center\" bgcolor=\"#ffffff\">Pivot &#8211; 9 de Julio<\/td>\n<\/tr>\n<tr>\n<td align=\"center\" bgcolor=\"#ffffff\">Bah\u00eda Blanca\u00a0&#8211;\u00a014\/09\/2003<\/td>\n<td align=\"center\" bgcolor=\"#ffffff\">Bah\u00eda Blanca &#8211; 17\/06\/2003<\/td>\n<td align=\"center\" bgcolor=\"#ffffff\">Bah\u00eda Blanca\u00a0&#8211;\u00a030\/05\/2002<\/td>\n<\/tr>\n<tr>\n<td align=\"center\" bgcolor=\"#ececec\"><img decoding=\"async\" class=\"aligncenter size-full wp-image-60802\" src=\"http:\/\/www.gentedebasquet.com.ar\/wp-content\/uploads\/2016\/06\/DT-Albizu.jpg\" alt=\"DT Albizu\" width=\"200\" height=\"200\" srcset=\"https:\/\/gentedebasquet.com.ar\/sitio\/wp-content\/uploads\/2016\/06\/DT-Albizu.jpg 200w, https:\/\/gentedebasquet.com.ar\/sitio\/wp-content\/uploads\/2016\/06\/DT-Albizu-150x150.jpg 150w\" sizes=\"(max-width: 200px) 100vw, 200px\" \/><\/td>\n<td align=\"center\" bgcolor=\"#ececec\"><img decoding=\"async\" class=\"aligncenter size-full wp-image-60801\" src=\"http:\/\/www.gentedebasquet.com.ar\/wp-content\/uploads\/2016\/06\/At-Fornetti.jpg\" alt=\"At Fornetti\" width=\"200\" height=\"200\" srcset=\"https:\/\/gentedebasquet.com.ar\/sitio\/wp-content\/uploads\/2016\/06\/At-Fornetti.jpg 200w, https:\/\/gentedebasquet.com.ar\/sitio\/wp-content\/uploads\/2016\/06\/At-Fornetti-150x150.jpg 150w\" sizes=\"(max-width: 200px) 100vw, 200px\" \/><\/td>\n<td align=\"center\" bgcolor=\"#ececec\"><img decoding=\"async\" class=\"aligncenter size-full wp-image-45826\" src=\"http:\/\/www.gentedebasquet.com.ar\/wp-content\/uploads\/2015\/05\/ABB-Escudo.png\" alt=\"ABB - Escudo\" width=\"200\" height=\"141\" \/><\/td>\n<\/tr>\n<tr>\n<td align=\"center\" bgcolor=\"#000000\"><span style=\"color: #ffffff;\">Viviana ALBIZU<\/span><\/td>\n<td align=\"center\" bgcolor=\"#000000\"><span style=\"color: #ffffff;\">Georgina FORNETTI<\/span><\/td>\n<td align=\"center\" bgcolor=\"#000000\"><\/td>\n<\/tr>\n<tr>\n<td align=\"center\" bgcolor=\"#ffffff\">Entrenadora<\/td>\n<td align=\"center\" bgcolor=\"#ffffff\">Asistente<\/td>\n<td align=\"center\" bgcolor=\"#ffffff\"><\/td>\n<\/tr>\n<tr>\n<td align=\"center\" bgcolor=\"#ffffff\">Bah\u00eda Blanca &#8211;\u00a009\/12\/1968<\/td>\n<td align=\"center\" bgcolor=\"#ffffff\">Bah\u00eda Blanca &#8211;\u00a017\/04\/1990<\/td>\n<td align=\"center\" bgcolor=\"#ffffff\"><\/td>\n<\/tr>\n<\/tbody>\n<\/table>\n<h6><\/h6>\n<h6><span style=\"font-size: 14px; line-height: 1.5em;\">\u00a0<\/span><\/h6>\n<h4 style=\"text-align: center;\">SELECCI\u00d3N BAH\u00cdA BLANCA U17 FEMENINO<\/h4>\n<table border=\"2\" width=\"100%\">\n<tbody>\n<tr>\n<td align=\"center\" bgcolor=\"#ececec\"><img decoding=\"async\" class=\"aligncenter size-full wp-image-60909\" src=\"http:\/\/www.gentedebasquet.com.ar\/wp-content\/uploads\/2016\/06\/4-Fern\u00e1ndez.jpg\" alt=\"4 Fern\u00e1ndez\" width=\"200\" height=\"200\" \/><\/td>\n<td align=\"center\" bgcolor=\"#ececec\"><img decoding=\"async\" class=\"aligncenter size-full wp-image-60910\" src=\"http:\/\/www.gentedebasquet.com.ar\/wp-content\/uploads\/2016\/06\/5-Bay\u00f3n.jpg\" alt=\"5 Bay\u00f3n\" width=\"200\" height=\"200\" \/><\/td>\n<td align=\"center\" bgcolor=\"#ececec\"><img decoding=\"async\" class=\"aligncenter size-full wp-image-60911\" src=\"http:\/\/www.gentedebasquet.com.ar\/wp-content\/uploads\/2016\/06\/6-Maisterrena.jpg\" alt=\"6 Maisterrena\" width=\"200\" height=\"200\" srcset=\"https:\/\/gentedebasquet.com.ar\/sitio\/wp-content\/uploads\/2016\/06\/6-Maisterrena.jpg 200w, https:\/\/gentedebasquet.com.ar\/sitio\/wp-content\/uploads\/2016\/06\/6-Maisterrena-150x150.jpg 150w\" sizes=\"(max-width: 200px) 100vw, 200px\" \/><\/td>\n<\/tr>\n<tr>\n<td align=\"center\" bgcolor=\"#000000\"><span style=\"color: #ffffff;\">4 &#8211;\u00a0Emilia FERN\u00c1NDEZ<\/span><\/td>\n<td align=\"center\" bgcolor=\"#000000\"><span style=\"color: #ffffff;\">5 &#8211;\u00a0Camila BAY\u00d3N<\/span><\/td>\n<td align=\"center\" bgcolor=\"#000000\"><span style=\"color: #ffffff;\">6 &#8211;\u00a0Camila MAISTERRENA<\/span><\/td>\n<\/tr>\n<tr>\n<td align=\"center\" bgcolor=\"#ffffff\">Base\u00a0&#8211;\u00a09 de Julio<\/td>\n<td align=\"center\" bgcolor=\"#ffffff\">Ala Pivot &#8211;\u00a0Estudiantes<\/td>\n<td align=\"center\" bgcolor=\"#ffffff\">Pivot &#8211; Barracas<\/td>\n<\/tr>\n<tr>\n<td align=\"center\" bgcolor=\"#ffffff\">Bah\u00eda Blanca &#8211;\u00a025\/09\/2001<\/td>\n<td align=\"center\" bgcolor=\"#ffffff\">Bah\u00eda Blanca &#8211; 05\/07\/1999<\/td>\n<td align=\"center\" bgcolor=\"#ffffff\">Bah\u00eda Blanca &#8211;\u00a029\/08\/2000<\/td>\n<\/tr>\n<tr>\n<td align=\"center\" bgcolor=\"#ececec\"><img decoding=\"async\" class=\"aligncenter size-full wp-image-60912\" src=\"http:\/\/www.gentedebasquet.com.ar\/wp-content\/uploads\/2016\/06\/7-Maurer.jpg\" alt=\"7 Maurer\" width=\"200\" height=\"200\" srcset=\"https:\/\/gentedebasquet.com.ar\/sitio\/wp-content\/uploads\/2016\/06\/7-Maurer.jpg 200w, https:\/\/gentedebasquet.com.ar\/sitio\/wp-content\/uploads\/2016\/06\/7-Maurer-150x150.jpg 150w\" sizes=\"(max-width: 200px) 100vw, 200px\" \/><\/td>\n<td align=\"center\" bgcolor=\"#ececec\"><img decoding=\"async\" class=\"aligncenter size-full wp-image-60913\" src=\"http:\/\/www.gentedebasquet.com.ar\/wp-content\/uploads\/2016\/06\/8-Brossard.jpg\" alt=\"8 Brossard\" width=\"200\" height=\"200\" srcset=\"https:\/\/gentedebasquet.com.ar\/sitio\/wp-content\/uploads\/2016\/06\/8-Brossard.jpg 200w, https:\/\/gentedebasquet.com.ar\/sitio\/wp-content\/uploads\/2016\/06\/8-Brossard-150x150.jpg 150w\" sizes=\"(max-width: 200px) 100vw, 200px\" \/><\/td>\n<td align=\"center\" bgcolor=\"#ececec\"><img decoding=\"async\" class=\"aligncenter size-full wp-image-60914\" src=\"http:\/\/www.gentedebasquet.com.ar\/wp-content\/uploads\/2016\/06\/9-Leal.jpg\" alt=\"9 Leal\" width=\"200\" height=\"200\" srcset=\"https:\/\/gentedebasquet.com.ar\/sitio\/wp-content\/uploads\/2016\/06\/9-Leal.jpg 200w, https:\/\/gentedebasquet.com.ar\/sitio\/wp-content\/uploads\/2016\/06\/9-Leal-150x150.jpg 150w\" sizes=\"(max-width: 200px) 100vw, 200px\" \/><\/td>\n<\/tr>\n<tr>\n<td align=\"center\" bgcolor=\"#000000\"><span style=\"color: #ffffff;\">7 &#8211;\u00a0Royel MAURER<\/span><\/td>\n<td align=\"center\" bgcolor=\"#000000\"><span style=\"color: #ffffff;\">8 &#8211;\u00a0Juliana BROSSARD<\/span><\/td>\n<td align=\"center\" bgcolor=\"#000000\"><span style=\"color: #ffffff;\">9 &#8211; Marianella LEAL<\/span><\/td>\n<\/tr>\n<tr>\n<td align=\"center\" bgcolor=\"#ffffff\">Base &#8211; Estudiantes<\/td>\n<td align=\"center\" bgcolor=\"#ffffff\">Escolta\/Alera &#8211; Independiente<\/td>\n<td align=\"center\" bgcolor=\"#ffffff\">Pivot\u00a0&#8211;\u00a0Independiente<\/td>\n<\/tr>\n<tr>\n<td align=\"center\" bgcolor=\"#ffffff\">Bah\u00eda Blanca &#8211; 21\/04\/1999<\/td>\n<td align=\"center\" bgcolor=\"#ffffff\">Bah\u00eda Blanca &#8211;\u00a012\/12\/1999<\/td>\n<td align=\"center\" bgcolor=\"#ffffff\">Bah\u00eda Blanca &#8211;\u00a005\/02\/1999<\/td>\n<\/tr>\n<tr>\n<td align=\"center\" bgcolor=\"#ececec\"><img decoding=\"async\" class=\"aligncenter size-full wp-image-60918\" src=\"http:\/\/www.gentedebasquet.com.ar\/wp-content\/uploads\/2016\/06\/10-Corval\u00e1n.jpg\" alt=\"10 Corval\u00e1n\" width=\"200\" height=\"200\" \/><\/td>\n<td align=\"center\" bgcolor=\"#ececec\"><img decoding=\"async\" class=\"aligncenter size-full wp-image-60915\" src=\"http:\/\/www.gentedebasquet.com.ar\/wp-content\/uploads\/2016\/06\/11-Cabrera.jpg\" alt=\"11 Cabrera\" width=\"200\" height=\"200\" srcset=\"https:\/\/gentedebasquet.com.ar\/sitio\/wp-content\/uploads\/2016\/06\/11-Cabrera.jpg 200w, https:\/\/gentedebasquet.com.ar\/sitio\/wp-content\/uploads\/2016\/06\/11-Cabrera-150x150.jpg 150w\" sizes=\"(max-width: 200px) 100vw, 200px\" \/><\/td>\n<td align=\"center\" bgcolor=\"#ececec\"><img decoding=\"async\" class=\"aligncenter size-full wp-image-60916\" src=\"http:\/\/www.gentedebasquet.com.ar\/wp-content\/uploads\/2016\/06\/12-Garc\u00eda.jpg\" alt=\"12 Garc\u00eda\" width=\"200\" height=\"200\" \/><\/td>\n<\/tr>\n<tr>\n<td align=\"center\" bgcolor=\"#000000\"><span style=\"color: #ffffff;\">10 &#8211;\u00a0Ileana CORVAL\u00c1N<\/span><\/td>\n<td align=\"center\" bgcolor=\"#000000\"><span style=\"color: #ffffff;\">11 &#8211;\u00a0Camila CABRERA<\/span><\/td>\n<td align=\"center\" bgcolor=\"#000000\"><span style=\"color: #ffffff;\">12 &#8211; Malena GARC\u00cdA<\/span><\/td>\n<\/tr>\n<tr>\n<td align=\"center\" bgcolor=\"#ffffff\">Escolta &#8211;\u00a0Barracas<\/td>\n<td align=\"center\" bgcolor=\"#ffffff\">Escolta\/Alera &#8211; Barracas<\/td>\n<td align=\"center\" bgcolor=\"#ffffff\">Base &#8211; Barracas<\/td>\n<\/tr>\n<tr>\n<td align=\"center\" bgcolor=\"#ffffff\">Bah\u00eda Blanca &#8211;\u00a026\/08\/1999<\/td>\n<td align=\"center\" bgcolor=\"#ffffff\">Bah\u00eda Blanca &#8211;\u00a027\/04\/1999<\/td>\n<td align=\"center\" bgcolor=\"#ffffff\">Bah\u00eda Blanca &#8211;\u00a007\/05\/2000<\/td>\n<\/tr>\n<tr>\n<td align=\"center\" bgcolor=\"#ececec\"><img decoding=\"async\" class=\"aligncenter size-full wp-image-60905\" src=\"http:\/\/www.gentedebasquet.com.ar\/wp-content\/uploads\/2016\/06\/13-Ort\u00edz.jpg\" alt=\"13 Ort\u00edz\" width=\"200\" height=\"200\" \/><\/td>\n<td align=\"center\" bgcolor=\"#ececec\"><img decoding=\"async\" class=\"aligncenter size-full wp-image-60906\" src=\"http:\/\/www.gentedebasquet.com.ar\/wp-content\/uploads\/2016\/06\/14-Larrosa.jpg\" alt=\"14 Larrosa\" width=\"200\" height=\"200\" srcset=\"https:\/\/gentedebasquet.com.ar\/sitio\/wp-content\/uploads\/2016\/06\/14-Larrosa.jpg 200w, https:\/\/gentedebasquet.com.ar\/sitio\/wp-content\/uploads\/2016\/06\/14-Larrosa-150x150.jpg 150w\" sizes=\"(max-width: 200px) 100vw, 200px\" \/><\/td>\n<td align=\"center\" bgcolor=\"#ececec\"><img decoding=\"async\" class=\"aligncenter size-full wp-image-60917\" src=\"http:\/\/www.gentedebasquet.com.ar\/wp-content\/uploads\/2016\/06\/15-P\u00e9rez.jpg\" alt=\"15 P\u00e9rez\" width=\"200\" height=\"200\" \/><\/td>\n<\/tr>\n<tr>\n<td align=\"center\" bgcolor=\"#000000\"><span style=\"color: #ffffff;\">13 &#8211;\u00a0Luciana ORT\u00cdZ<\/span><\/td>\n<td align=\"center\" bgcolor=\"#000000\"><span style=\"color: #ffffff;\">14 &#8211;\u00a0Ail\u00edn LARROSA<\/span><\/td>\n<td align=\"center\" bgcolor=\"#000000\"><span style=\"color: #ffffff;\">15 &#8211; Victoria P\u00c9REZ<\/span><\/td>\n<\/tr>\n<tr>\n<td align=\"center\" bgcolor=\"#ffffff\">Base &#8211; Independiente<\/td>\n<td align=\"center\" bgcolor=\"#ffffff\">Pivot\u00a0&#8211;\u00a0Estudiantes<\/td>\n<td align=\"center\" bgcolor=\"#ffffff\">Ala Pivot &#8211;\u00a0Independiente<\/td>\n<\/tr>\n<tr>\n<td align=\"center\" bgcolor=\"#ffffff\">Bah\u00eda Blanca\u00a0&#8211;\u00a016\/07\/1999<\/td>\n<td align=\"center\" bgcolor=\"#ffffff\">Bah\u00eda Blanca &#8211; 18\/01\/2001<\/td>\n<td align=\"center\" bgcolor=\"#ffffff\">Cnel. Dorrego &#8211; 02\/07\/2001<\/td>\n<\/tr>\n<tr>\n<td align=\"center\" bgcolor=\"#ececec\"><img decoding=\"async\" class=\"aligncenter size-full wp-image-60908\" src=\"http:\/\/www.gentedebasquet.com.ar\/wp-content\/uploads\/2016\/06\/DT-Deminicis.jpg\" alt=\"DT Deminicis\" width=\"200\" height=\"200\" srcset=\"https:\/\/gentedebasquet.com.ar\/sitio\/wp-content\/uploads\/2016\/06\/DT-Deminicis.jpg 200w, https:\/\/gentedebasquet.com.ar\/sitio\/wp-content\/uploads\/2016\/06\/DT-Deminicis-150x150.jpg 150w\" sizes=\"(max-width: 200px) 100vw, 200px\" \/><\/td>\n<td align=\"center\" bgcolor=\"#ececec\"><img decoding=\"async\" class=\"aligncenter size-full wp-image-60907\" src=\"http:\/\/www.gentedebasquet.com.ar\/wp-content\/uploads\/2016\/06\/AT-Tuero.jpg\" alt=\"AT Tuero\" width=\"200\" height=\"200\" srcset=\"https:\/\/gentedebasquet.com.ar\/sitio\/wp-content\/uploads\/2016\/06\/AT-Tuero.jpg 200w, https:\/\/gentedebasquet.com.ar\/sitio\/wp-content\/uploads\/2016\/06\/AT-Tuero-150x150.jpg 150w\" sizes=\"(max-width: 200px) 100vw, 200px\" \/><\/td>\n<td align=\"center\" bgcolor=\"#ececec\"><img decoding=\"async\" class=\"aligncenter size-full wp-image-45826\" src=\"http:\/\/www.gentedebasquet.com.ar\/wp-content\/uploads\/2015\/05\/ABB-Escudo.png\" alt=\"ABB - Escudo\" width=\"200\" height=\"141\" \/><\/td>\n<\/tr>\n<tr>\n<td align=\"center\" bgcolor=\"#000000\"><span style=\"color: #ffffff;\">Luciano DEMINICIS<\/span><\/td>\n<td align=\"center\" bgcolor=\"#000000\"><span style=\"color: #ffffff;\">Joaqu\u00edn TUERO<\/span><\/td>\n<td align=\"center\" bgcolor=\"#000000\"><\/td>\n<\/tr>\n<tr>\n<td align=\"center\" bgcolor=\"#ffffff\">Entrenador<\/td>\n<td align=\"center\" bgcolor=\"#ffffff\">Asistente<\/td>\n<td align=\"center\" bgcolor=\"#ffffff\"><\/td>\n<\/tr>\n<tr>\n<td align=\"center\" bgcolor=\"#ffffff\">Bah\u00eda Blanca &#8211;\u00a015\/02\/1974<\/td>\n<td align=\"center\" bgcolor=\"#ffffff\">Bah\u00eda Blanca &#8211;\u00a019\/07\/1993<\/td>\n<td align=\"center\" bgcolor=\"#ffffff\"><\/td>\n<\/tr>\n<\/tbody>\n<\/table>\n<p><strong>Fotos:<\/strong> <a href=\"https:\/\/twitter.com\/RomiSaldias\" target=\"_blank\" rel=\"noopener\">Romina Sald\u00edas<\/a>,\u00a0Marianella Leal, FBPBA y Neconaranja.<\/p>\n","protected":false},"excerpt":{"rendered":"<p>En Necochea, Bah\u00eda Blanca se coron\u00f3 campe\u00f3n Provincial U14 y U17 Femenino<\/p>\n","protected":false},"author":1,"featured_media":60982,"comment_status":"closed","ping_status":"open","sticky":false,"template":"","format":"standard","meta":{"jnews-multi-image_gallery":[],"jnews_single_post":[],"jnews_primary_category":[],"footnotes":""},"categories":[59,247,428,101],"tags":[70,707,683,110],"class_list":["post-60778","post","type-post","status-publish","format-standard","has-post-thumbnail","hentry","category-bahia-2","category-bahiau15","category-bahiau17","category-slide","tag-bahia-blanca","tag-necochea","tag-provincial-u14","tag-provincial-u17"],"yoast_head":"<!-- This site is optimized with the Yoast SEO plugin v27.5 - https:\/\/yoast.com\/product\/yoast-seo-wordpress\/ -->\n<title>Bah\u00eda no para de festejar - Gente de B\u00e1squet<\/title>\n<meta name=\"robots\" content=\"index, follow, max-snippet:-1, max-image-preview:large, max-video-preview:-1\" \/>\n<link rel=\"canonical\" href=\"https:\/\/gentedebasquet.com.ar\/sitio\/2016\/06\/12\/bahia-no-para-de-festejar\/\" \/>\n<meta property=\"og:locale\" content=\"es_ES\" \/>\n<meta property=\"og:type\" content=\"article\" \/>\n<meta property=\"og:title\" content=\"Bah\u00eda no para de festejar - Gente de B\u00e1squet\" \/>\n<meta property=\"og:description\" content=\"En Necochea, Bah\u00eda Blanca se coron\u00f3 campe\u00f3n Provincial U14 y U17 Femenino\" \/>\n<meta property=\"og:url\" content=\"https:\/\/gentedebasquet.com.ar\/sitio\/2016\/06\/12\/bahia-no-para-de-festejar\/\" \/>\n<meta property=\"og:site_name\" content=\"Gente de B\u00e1squet\" \/>\n<meta property=\"article:published_time\" content=\"2016-06-12T21:18:32+00:00\" \/>\n<meta property=\"og:image\" content=\"https:\/\/gentedebasquet.com.ar\/sitio\/wp-content\/uploads\/2016\/07\/Bahia-U17-Femenino.jpg\" \/>\n\t<meta property=\"og:image:width\" content=\"690\" \/>\n\t<meta property=\"og:image:height\" content=\"319\" \/>\n\t<meta property=\"og:image:type\" content=\"image\/jpeg\" \/>\n<meta name=\"author\" content=\"Gente de B\u00e1squet\" \/>\n<meta name=\"twitter:card\" content=\"summary_large_image\" \/>\n<meta name=\"twitter:label1\" content=\"Escrito por\" \/>\n\t<meta name=\"twitter:data1\" content=\"Gente de B\u00e1squet\" \/>\n\t<meta name=\"twitter:label2\" content=\"Tiempo de lectura\" \/>\n\t<meta name=\"twitter:data2\" content=\"4 minutos\" \/>\n<script type=\"application\/ld+json\" class=\"yoast-schema-graph\">{\"@context\":\"https:\\\/\\\/schema.org\",\"@graph\":[{\"@type\":\"Article\",\"@id\":\"https:\\\/\\\/gentedebasquet.com.ar\\\/sitio\\\/2016\\\/06\\\/12\\\/bahia-no-para-de-festejar\\\/#article\",\"isPartOf\":{\"@id\":\"https:\\\/\\\/gentedebasquet.com.ar\\\/sitio\\\/2016\\\/06\\\/12\\\/bahia-no-para-de-festejar\\\/\"},\"author\":{\"name\":\"Gente de B\u00e1squet\",\"@id\":\"https:\\\/\\\/gentedebasquet.com.ar\\\/sitio\\\/#\\\/schema\\\/person\\\/ca0b63bbb977369988a7bbbdc519943a\"},\"headline\":\"Bah\u00eda no para de festejar\",\"datePublished\":\"2016-06-12T21:18:32+00:00\",\"mainEntityOfPage\":{\"@id\":\"https:\\\/\\\/gentedebasquet.com.ar\\\/sitio\\\/2016\\\/06\\\/12\\\/bahia-no-para-de-festejar\\\/\"},\"wordCount\":863,\"image\":{\"@id\":\"https:\\\/\\\/gentedebasquet.com.ar\\\/sitio\\\/2016\\\/06\\\/12\\\/bahia-no-para-de-festejar\\\/#primaryimage\"},\"thumbnailUrl\":\"https:\\\/\\\/gentedebasquet.com.ar\\\/sitio\\\/wp-content\\\/uploads\\\/2016\\\/07\\\/Bahia-U17-Femenino.jpg\",\"keywords\":[\"Bah\u00eda Blanca\",\"Necochea\",\"Provincial U14\",\"Provincial U17\"],\"articleSection\":[\"#Bah\u00eda\",\"#Bah\u00edaU15\",\"#Bah\u00edaU17\",\"Slide\"],\"inLanguage\":\"es\"},{\"@type\":\"WebPage\",\"@id\":\"https:\\\/\\\/gentedebasquet.com.ar\\\/sitio\\\/2016\\\/06\\\/12\\\/bahia-no-para-de-festejar\\\/\",\"url\":\"https:\\\/\\\/gentedebasquet.com.ar\\\/sitio\\\/2016\\\/06\\\/12\\\/bahia-no-para-de-festejar\\\/\",\"name\":\"Bah\u00eda no para de festejar - Gente de B\u00e1squet\",\"isPartOf\":{\"@id\":\"https:\\\/\\\/gentedebasquet.com.ar\\\/sitio\\\/#website\"},\"primaryImageOfPage\":{\"@id\":\"https:\\\/\\\/gentedebasquet.com.ar\\\/sitio\\\/2016\\\/06\\\/12\\\/bahia-no-para-de-festejar\\\/#primaryimage\"},\"image\":{\"@id\":\"https:\\\/\\\/gentedebasquet.com.ar\\\/sitio\\\/2016\\\/06\\\/12\\\/bahia-no-para-de-festejar\\\/#primaryimage\"},\"thumbnailUrl\":\"https:\\\/\\\/gentedebasquet.com.ar\\\/sitio\\\/wp-content\\\/uploads\\\/2016\\\/07\\\/Bahia-U17-Femenino.jpg\",\"datePublished\":\"2016-06-12T21:18:32+00:00\",\"author\":{\"@id\":\"https:\\\/\\\/gentedebasquet.com.ar\\\/sitio\\\/#\\\/schema\\\/person\\\/ca0b63bbb977369988a7bbbdc519943a\"},\"breadcrumb\":{\"@id\":\"https:\\\/\\\/gentedebasquet.com.ar\\\/sitio\\\/2016\\\/06\\\/12\\\/bahia-no-para-de-festejar\\\/#breadcrumb\"},\"inLanguage\":\"es\",\"potentialAction\":[{\"@type\":\"ReadAction\",\"target\":[\"https:\\\/\\\/gentedebasquet.com.ar\\\/sitio\\\/2016\\\/06\\\/12\\\/bahia-no-para-de-festejar\\\/\"]}]},{\"@type\":\"ImageObject\",\"inLanguage\":\"es\",\"@id\":\"https:\\\/\\\/gentedebasquet.com.ar\\\/sitio\\\/2016\\\/06\\\/12\\\/bahia-no-para-de-festejar\\\/#primaryimage\",\"url\":\"https:\\\/\\\/gentedebasquet.com.ar\\\/sitio\\\/wp-content\\\/uploads\\\/2016\\\/07\\\/Bahia-U17-Femenino.jpg\",\"contentUrl\":\"https:\\\/\\\/gentedebasquet.com.ar\\\/sitio\\\/wp-content\\\/uploads\\\/2016\\\/07\\\/Bahia-U17-Femenino.jpg\",\"width\":690,\"height\":319},{\"@type\":\"BreadcrumbList\",\"@id\":\"https:\\\/\\\/gentedebasquet.com.ar\\\/sitio\\\/2016\\\/06\\\/12\\\/bahia-no-para-de-festejar\\\/#breadcrumb\",\"itemListElement\":[{\"@type\":\"ListItem\",\"position\":1,\"name\":\"Portada\",\"item\":\"https:\\\/\\\/gentedebasquet.com.ar\\\/sitio\\\/\"},{\"@type\":\"ListItem\",\"position\":2,\"name\":\"Bah\u00eda no para de festejar\"}]},{\"@type\":\"WebSite\",\"@id\":\"https:\\\/\\\/gentedebasquet.com.ar\\\/sitio\\\/#website\",\"url\":\"https:\\\/\\\/gentedebasquet.com.ar\\\/sitio\\\/\",\"name\":\"Gente de B\u00e1squet\",\"description\":\"La revista del basquet de Bah\u00eda Blanca\",\"potentialAction\":[{\"@type\":\"SearchAction\",\"target\":{\"@type\":\"EntryPoint\",\"urlTemplate\":\"https:\\\/\\\/gentedebasquet.com.ar\\\/sitio\\\/?s={search_term_string}\"},\"query-input\":{\"@type\":\"PropertyValueSpecification\",\"valueRequired\":true,\"valueName\":\"search_term_string\"}}],\"inLanguage\":\"es\"},{\"@type\":\"Person\",\"@id\":\"https:\\\/\\\/gentedebasquet.com.ar\\\/sitio\\\/#\\\/schema\\\/person\\\/ca0b63bbb977369988a7bbbdc519943a\",\"name\":\"Gente de B\u00e1squet\",\"image\":{\"@type\":\"ImageObject\",\"inLanguage\":\"es\",\"@id\":\"https:\\\/\\\/secure.gravatar.com\\\/avatar\\\/7f2c48bdc33b30088f941fb6082e555f2874c98e20cb159d7b92b50eadfce793?s=96&d=mm&r=g\",\"url\":\"https:\\\/\\\/secure.gravatar.com\\\/avatar\\\/7f2c48bdc33b30088f941fb6082e555f2874c98e20cb159d7b92b50eadfce793?s=96&d=mm&r=g\",\"contentUrl\":\"https:\\\/\\\/secure.gravatar.com\\\/avatar\\\/7f2c48bdc33b30088f941fb6082e555f2874c98e20cb159d7b92b50eadfce793?s=96&d=mm&r=g\",\"caption\":\"Gente de B\u00e1squet\"},\"sameAs\":[\"http:\\\/\\\/gentedebasquet.com.ar\\\/sitio\"],\"url\":\"https:\\\/\\\/gentedebasquet.com.ar\\\/sitio\\\/author\\\/ulises\\\/\"}]}<\/script>\n<!-- \/ Yoast SEO plugin. -->","yoast_head_json":{"title":"Bah\u00eda no para de festejar - Gente de B\u00e1squet","robots":{"index":"index","follow":"follow","max-snippet":"max-snippet:-1","max-image-preview":"max-image-preview:large","max-video-preview":"max-video-preview:-1"},"canonical":"https:\/\/gentedebasquet.com.ar\/sitio\/2016\/06\/12\/bahia-no-para-de-festejar\/","og_locale":"es_ES","og_type":"article","og_title":"Bah\u00eda no para de festejar - Gente de B\u00e1squet","og_description":"En Necochea, Bah\u00eda Blanca se coron\u00f3 campe\u00f3n Provincial U14 y U17 Femenino","og_url":"https:\/\/gentedebasquet.com.ar\/sitio\/2016\/06\/12\/bahia-no-para-de-festejar\/","og_site_name":"Gente de B\u00e1squet","article_published_time":"2016-06-12T21:18:32+00:00","og_image":[{"width":690,"height":319,"url":"https:\/\/gentedebasquet.com.ar\/sitio\/wp-content\/uploads\/2016\/07\/Bahia-U17-Femenino.jpg","type":"image\/jpeg"}],"author":"Gente de B\u00e1squet","twitter_card":"summary_large_image","twitter_misc":{"Escrito por":"Gente de B\u00e1squet","Tiempo de lectura":"4 minutos"},"schema":{"@context":"https:\/\/schema.org","@graph":[{"@type":"Article","@id":"https:\/\/gentedebasquet.com.ar\/sitio\/2016\/06\/12\/bahia-no-para-de-festejar\/#article","isPartOf":{"@id":"https:\/\/gentedebasquet.com.ar\/sitio\/2016\/06\/12\/bahia-no-para-de-festejar\/"},"author":{"name":"Gente de B\u00e1squet","@id":"https:\/\/gentedebasquet.com.ar\/sitio\/#\/schema\/person\/ca0b63bbb977369988a7bbbdc519943a"},"headline":"Bah\u00eda no para de festejar","datePublished":"2016-06-12T21:18:32+00:00","mainEntityOfPage":{"@id":"https:\/\/gentedebasquet.com.ar\/sitio\/2016\/06\/12\/bahia-no-para-de-festejar\/"},"wordCount":863,"image":{"@id":"https:\/\/gentedebasquet.com.ar\/sitio\/2016\/06\/12\/bahia-no-para-de-festejar\/#primaryimage"},"thumbnailUrl":"https:\/\/gentedebasquet.com.ar\/sitio\/wp-content\/uploads\/2016\/07\/Bahia-U17-Femenino.jpg","keywords":["Bah\u00eda Blanca","Necochea","Provincial U14","Provincial U17"],"articleSection":["#Bah\u00eda","#Bah\u00edaU15","#Bah\u00edaU17","Slide"],"inLanguage":"es"},{"@type":"WebPage","@id":"https:\/\/gentedebasquet.com.ar\/sitio\/2016\/06\/12\/bahia-no-para-de-festejar\/","url":"https:\/\/gentedebasquet.com.ar\/sitio\/2016\/06\/12\/bahia-no-para-de-festejar\/","name":"Bah\u00eda no para de festejar - Gente de B\u00e1squet","isPartOf":{"@id":"https:\/\/gentedebasquet.com.ar\/sitio\/#website"},"primaryImageOfPage":{"@id":"https:\/\/gentedebasquet.com.ar\/sitio\/2016\/06\/12\/bahia-no-para-de-festejar\/#primaryimage"},"image":{"@id":"https:\/\/gentedebasquet.com.ar\/sitio\/2016\/06\/12\/bahia-no-para-de-festejar\/#primaryimage"},"thumbnailUrl":"https:\/\/gentedebasquet.com.ar\/sitio\/wp-content\/uploads\/2016\/07\/Bahia-U17-Femenino.jpg","datePublished":"2016-06-12T21:18:32+00:00","author":{"@id":"https:\/\/gentedebasquet.com.ar\/sitio\/#\/schema\/person\/ca0b63bbb977369988a7bbbdc519943a"},"breadcrumb":{"@id":"https:\/\/gentedebasquet.com.ar\/sitio\/2016\/06\/12\/bahia-no-para-de-festejar\/#breadcrumb"},"inLanguage":"es","potentialAction":[{"@type":"ReadAction","target":["https:\/\/gentedebasquet.com.ar\/sitio\/2016\/06\/12\/bahia-no-para-de-festejar\/"]}]},{"@type":"ImageObject","inLanguage":"es","@id":"https:\/\/gentedebasquet.com.ar\/sitio\/2016\/06\/12\/bahia-no-para-de-festejar\/#primaryimage","url":"https:\/\/gentedebasquet.com.ar\/sitio\/wp-content\/uploads\/2016\/07\/Bahia-U17-Femenino.jpg","contentUrl":"https:\/\/gentedebasquet.com.ar\/sitio\/wp-content\/uploads\/2016\/07\/Bahia-U17-Femenino.jpg","width":690,"height":319},{"@type":"BreadcrumbList","@id":"https:\/\/gentedebasquet.com.ar\/sitio\/2016\/06\/12\/bahia-no-para-de-festejar\/#breadcrumb","itemListElement":[{"@type":"ListItem","position":1,"name":"Portada","item":"https:\/\/gentedebasquet.com.ar\/sitio\/"},{"@type":"ListItem","position":2,"name":"Bah\u00eda no para de festejar"}]},{"@type":"WebSite","@id":"https:\/\/gentedebasquet.com.ar\/sitio\/#website","url":"https:\/\/gentedebasquet.com.ar\/sitio\/","name":"Gente de B\u00e1squet","description":"La revista del basquet de Bah\u00eda Blanca","potentialAction":[{"@type":"SearchAction","target":{"@type":"EntryPoint","urlTemplate":"https:\/\/gentedebasquet.com.ar\/sitio\/?s={search_term_string}"},"query-input":{"@type":"PropertyValueSpecification","valueRequired":true,"valueName":"search_term_string"}}],"inLanguage":"es"},{"@type":"Person","@id":"https:\/\/gentedebasquet.com.ar\/sitio\/#\/schema\/person\/ca0b63bbb977369988a7bbbdc519943a","name":"Gente de B\u00e1squet","image":{"@type":"ImageObject","inLanguage":"es","@id":"https:\/\/secure.gravatar.com\/avatar\/7f2c48bdc33b30088f941fb6082e555f2874c98e20cb159d7b92b50eadfce793?s=96&d=mm&r=g","url":"https:\/\/secure.gravatar.com\/avatar\/7f2c48bdc33b30088f941fb6082e555f2874c98e20cb159d7b92b50eadfce793?s=96&d=mm&r=g","contentUrl":"https:\/\/secure.gravatar.com\/avatar\/7f2c48bdc33b30088f941fb6082e555f2874c98e20cb159d7b92b50eadfce793?s=96&d=mm&r=g","caption":"Gente de B\u00e1squet"},"sameAs":["http:\/\/gentedebasquet.com.ar\/sitio"],"url":"https:\/\/gentedebasquet.com.ar\/sitio\/author\/ulises\/"}]}},"_links":{"self":[{"href":"https:\/\/gentedebasquet.com.ar\/sitio\/wp-json\/wp\/v2\/posts\/60778","targetHints":{"allow":["GET"]}}],"collection":[{"href":"https:\/\/gentedebasquet.com.ar\/sitio\/wp-json\/wp\/v2\/posts"}],"about":[{"href":"https:\/\/gentedebasquet.com.ar\/sitio\/wp-json\/wp\/v2\/types\/post"}],"author":[{"embeddable":true,"href":"https:\/\/gentedebasquet.com.ar\/sitio\/wp-json\/wp\/v2\/users\/1"}],"replies":[{"embeddable":true,"href":"https:\/\/gentedebasquet.com.ar\/sitio\/wp-json\/wp\/v2\/comments?post=60778"}],"version-history":[{"count":0,"href":"https:\/\/gentedebasquet.com.ar\/sitio\/wp-json\/wp\/v2\/posts\/60778\/revisions"}],"wp:featuredmedia":[{"embeddable":true,"href":"https:\/\/gentedebasquet.com.ar\/sitio\/wp-json\/wp\/v2\/media\/60982"}],"wp:attachment":[{"href":"https:\/\/gentedebasquet.com.ar\/sitio\/wp-json\/wp\/v2\/media?parent=60778"}],"wp:term":[{"taxonomy":"category","embeddable":true,"href":"https:\/\/gentedebasquet.com.ar\/sitio\/wp-json\/wp\/v2\/categories?post=60778"},{"taxonomy":"post_tag","embeddable":true,"href":"https:\/\/gentedebasquet.com.ar\/sitio\/wp-json\/wp\/v2\/tags?post=60778"}],"curies":[{"name":"wp","href":"https:\/\/api.w.org\/{rel}","templated":true}]}}